{"id":34547,"date":"2019-06-07T23:42:19","date_gmt":"2019-06-08T04:42:19","guid":{"rendered":"http:\/\/www.grieta.org.mx\/?p=34547"},"modified":"2019-06-10T23:50:58","modified_gmt":"2019-06-11T04:50:58","slug":"con-144-asesinatos-22-de-veracruz-mexico-celebra-a-sus-periodistas-este-7-de-junio","status":"publish","type":"post","link":"https:\/\/www.grieta.org.mx\/index.php\/2019\/06\/07\/con-144-asesinatos-22-de-veracruz-mexico-celebra-a-sus-periodistas-este-7-de-junio\/","title":{"rendered":"Con 144 asesinatos, 22 de Veracruz, M\u00e9xico celebra a sus periodistas este 7 de Junio"},"content":{"rendered":"<figure id=\"attachment_34548\" aria-describedby=\"caption-attachment-34548\" style=\"width: 819px\" class=\"wp-caption alignleft\"><img loading=\"lazy\" decoding=\"async\" data-attachment-id=\"34548\" data-permalink=\"https:\/\/www.grieta.org.mx\/index.php\/2019\/06\/07\/con-144-asesinatos-22-de-veracruz-mexico-celebra-a-sus-periodistas-este-7-de-junio\/periodistas-6\/\" data-orig-file=\"https:\/\/www.grieta.org.mx\/wp-content\/uploads\/2019\/06\/periodistas.jpg\" data-orig-size=\"1080,600\" data-comments-opened=\"0\" data-image-meta=\"{&quot;aperture&quot;:&quot;0&quot;,&quot;credit&quot;:&quot;REUTERS&quot;,&quot;camera&quot;:&quot;&quot;,&quot;caption&quot;:&quot;A view of images of murdered journalists during a demonstration against the murder of a journalist Anabel Flores outside the Government of Veracruz building in Mexico City, February 11, 2016. A Mexican journalist was kidnapped in the violent state of Veracruz and found dead on 9 February, 2016, the prosecutors&#039; office in neighboring Puebla state said, the latest victim of a wave of attacks on reporters in the country. Anabel Flores had been violently dragged from her home in Veracruz early on Monday morning by a group of armed men. Her body was found on a highway in Puebla and later identified by her family, Veracruz prosecutors said. REUTERS\/Edgard Garrido&quot;,&quot;created_timestamp&quot;:&quot;0&quot;,&quot;copyright&quot;:&quot;&quot;,&quot;focal_length&quot;:&quot;0&quot;,&quot;iso&quot;:&quot;0&quot;,&quot;shutter_speed&quot;:&quot;0&quot;,&quot;title&quot;:&quot;&quot;,&quot;orientation&quot;:&quot;0&quot;}\" data-image-title=\"periodistas\" data-image-description=\"\" data-image-caption=\"&lt;p&gt;En solo 6 meses de gobierno de AMLO han sido asesinados 8 periodistas\/ Foto de Reuters\/ Edgard Garrido&lt;\/p&gt;\n\" data-medium-file=\"https:\/\/www.grieta.org.mx\/wp-content\/uploads\/2019\/06\/periodistas-300x167.jpg\" data-large-file=\"https:\/\/www.grieta.org.mx\/wp-content\/uploads\/2019\/06\/periodistas-1024x569.jpg\" class=\"wp-image-34548\" src=\"http:\/\/www.grieta.org.mx\/wp-content\/uploads\/2019\/06\/periodistas-1024x569.jpg\" alt=\"\" width=\"819\" height=\"455\" srcset=\"https:\/\/www.grieta.org.mx\/wp-content\/uploads\/2019\/06\/periodistas-1024x569.jpg 1024w, https:\/\/www.grieta.org.mx\/wp-content\/uploads\/2019\/06\/periodistas-300x167.jpg 300w, https:\/\/www.grieta.org.mx\/wp-content\/uploads\/2019\/06\/periodistas-768x427.jpg 768w, https:\/\/www.grieta.org.mx\/wp-content\/uploads\/2019\/06\/periodistas-900x500.jpg 900w, https:\/\/www.grieta.org.mx\/wp-content\/uploads\/2019\/06\/periodistas.jpg 1080w\" sizes=\"auto, (max-width: 819px) 100vw, 819px\" \/><figcaption id=\"caption-attachment-34548\" class=\"wp-caption-text\">En solo 6 meses de gobierno de AMLO han sido asesinados 8 periodistas\/ Foto de Reuters\/ Edgard Garrido<\/figcaption><\/figure>\n<p>Redacci\u00f3n \/ Plumas Libres<\/p>\n<p>Xalapa, Ver.- El 7 de junio de 1951, el entonces presidente Miguel Alem\u00e1n Vald\u00e9s instituy\u00f3 el \u201cD\u00eda de la Libertad de Prensa\u201d, por iniciativa del empresario y militar Jos\u00e9 Garc\u00eda Valseca, quien era due\u00f1o de una de las cadenas de peri\u00f3dicos m\u00e1s importantes del pa\u00eds.<\/p>\n<p>A partir de entonces, a\u00f1o tras a\u00f1o, el presidente en turno se reun\u00eda con los due\u00f1os de diarios y revistas del pa\u00eds para conmemorar el d\u00eda. En 1976, el presidente Luis Echeverr\u00eda \u00c1lvarez aprovech\u00f3 la conmemoraci\u00f3n para entregar el Premio Nacional de Periodismo, en reconocimiento a la labor destacada de los profesionales de los medios de comunicaci\u00f3n.<\/p>\n<p>Estos reconocimientos fueron entregados por el gobierno, desde esa fecha y de manera ininterrumpida hasta el 2001, cuando dej\u00f3 en manos de un Consejo Ciudadano la responsabilidad de reconocer la labor de los periodistas.<\/p>\n<p>Actualmente el periodismo en M\u00e9xico enfrenta una brutal crisis de violencia. Hasta Mayo de este a\u00f1o, de acuerdo a la Comisi\u00f3n Nacional de Derechos Humanos, M\u00e9xico reporta el asesinato de 144 homicidios de comunicadores y periodistas desde el a\u00f1o 2000.<\/p>\n<p>En lo que va del gobierno de Andr\u00e9s Manuel L\u00f3pez Obrador (AMLO), han sido asesinados 8 comunicadores.<\/p>\n<p>El gobierno que presumi\u00f3, ser\u00eda la esperanza de M\u00e9xico, no lo ha sido para los reporteros y fot\u00f3grafos. Por el contrario, desde el m\u00e1ximo poder, se alientan y financian campa\u00f1as de desprestigio contra los comunicadores que se atreven a criticar. La Cuarta Transformaci\u00f3n result\u00f3 muy intolerante, incluso m\u00e1s que los pol\u00edticos del PRI que durante 80 a\u00f1os usufructuaron los presupuestos p\u00fablicos y las riquezas de M\u00e9xico.<\/p>\n<p>Todos, han sido victimados a balazos y los principales orquestadores de estos cr\u00edmenes son integrantes de la delincuencia organizada y funcionarios p\u00fablicos que en complicidad, atentan contra la vida de los periodistas que exhiben sus abusos sobre el mal manejo de recursos p\u00fablicos,  nula detenci\u00f3n de bandas que operan trata de personas, que asesinan a mujeres, que secuestran ni\u00f1os,  pornograf\u00eda, trata de mujeres, prostituci\u00f3n, feminicidios, trafico de drogas, y otros temas que se han convertido en los principales delitos que se est\u00e1n convirtiendo en temas tab\u00fa en medios de comunicaci\u00f3n.<\/p>\n<p>El estado de Veracruz es la entidad m\u00e1s peligrosa del pa\u00eds para el ejercicio period\u00edstico. Hasta la fecha, han sido asesinados 22 comunicadores, 17 fueron asesinados durante el gobierno del ex priista Javier Duarte de Ochoa, preso por corrupci\u00f3n en un penal del centro de M\u00e9xico.<\/p>\n<p>Todos los casos de los periodistas asesinados siguen en la impunidad. Los comunicadores, esperaron que un fiscal ajeno a gobiernos pri\u00edstas hiciera el trabajo que los fiscales del tricolor, se negaron a realizar, pero Jorge Winckler Ortiz es de los fiscales mas holgazanes del pa\u00eds, de acuerdo a organismos de justicia, no resuelve ni el 1% de la denuncias que se presentan en el estado, siendo ya casi 3 a\u00f1os de justicia perdida en la entidad.<\/p>\n<p>Incrustado en el poder gracias al ex gobernador Miguel \u00c1ngel Yunes Linares, Jorge Winckler se ha negado a entregar la fiscal\u00eda. Y desde ah\u00ed, mantiene paralizada la labor de justicia. No investiga nada, ni ordena detenciones de nadie. Todos, absolutamente todos los asesinatos de periodistas y sus investigaciones, est\u00e1n en el archivo. El fiscal las mantiene en la congeladora. No hay un solo responsable preso por el crimen de 22 comunicadores.<\/p>\n<p>Los periodistas en Veracruz siguen siendo car\u00f1e de ca\u00f1\u00f3n de la delincuencia, debido a la nula procuraci\u00f3n y administraci\u00f3n de justicia. Mientras las autoridades responsables de frenar a los asesinos, no cumplen con su trabajo, en Veracruz sigue en peligro la libertad de expresi\u00f3n y este 7 de junio. NO HAY NADA QUE FESTEJAR.<\/p>\n<p><a href=\"https:\/\/plumaslibres.com.mx\/2019\/06\/07\/con-144-asesinatos-22-de-veracruz-mexico-celebra-a-sus-periodistas-este-7-de-junio\/\">https:\/\/plumaslibres.com.mx\/2019\/06\/07\/con-144-asesinatos-22-de-veracruz-mexico-celebra-a-sus-periodistas-este-7-de-junio\/<\/a><\/p>\n","protected":false},"excerpt":{"rendered":"<p>Redacci\u00f3n \/ Plumas Libres Xalapa, Ver.- El 7 de junio de 1951, el entonces presidente Miguel Alem\u00e1n Vald\u00e9s instituy\u00f3 el \u201cD\u00eda de la Libertad de Prensa\u201d, por iniciativa del empresario &hellip; <a href=\"https:\/\/www.grieta.org.mx\/index.php\/2019\/06\/07\/con-144-asesinatos-22-de-veracruz-mexico-celebra-a-sus-periodistas-este-7-de-junio\/\" class=\"more-link\">Leer m\u00e1s<\/a><\/p>\n","protected":false},"author":2,"featured_media":34548,"comment_status":"closed","ping_status":"closed","sticky":false,"template":"","format":"standard","meta":{"ngg_post_thumbnail":0,"_jetpack_newsletter_access":"","_jetpack_dont_email_post_to_subs":false,"_jetpack_newsletter_tier_id":0,"_jetpack_memberships_contains_paywalled_content":false,"_jetpack_memberships_contains_paid_content":false,"footnotes":""},"categories":[80,2,83,35,371,1221],"tags":[1180,120],"class_list":["post-34547","post","type-post","status-publish","format-standard","has-post-thumbnail","hentry","category-cintillo","category-noticias-nacionales","category-temas-nacionales","category-veracruz","category-violencia-contra-periodistas-analisis","category-violencia-contra-periodistas-en-veracruz","tag-asesinato-de-periodistas","tag-violencia-contra-periodistas","entry"],"jetpack_featured_media_url":"https:\/\/www.grieta.org.mx\/wp-content\/uploads\/2019\/06\/periodistas.jpg","jetpack_sharing_enabled":true,"jetpack_shortlink":"https:\/\/wp.me\/p7ZJR4-8Zd","jetpack_likes_enabled":false,"jetpack-related-posts":[{"id":38874,"url":"https:\/\/www.grieta.org.mx\/index.php\/2019\/09\/03\/periodistas-llevan-ocho-meses-denunciando-violencia-en-veracruz\/","url_meta":{"origin":34547,"position":0},"title":"Periodistas llevan ocho meses denunciando violencia en Veracruz","author":"grieta","date":"3 septiembre, 2019","format":false,"excerpt":"Redacci\u00f3n \/ El Heraldo de M\u00e9xico La periodista Luz Mar\u00eda Rivera se\u00f1al\u00f3 que se hab\u00edan realizado denuncias por las constantes extorsiones, secuestros y los llamados \"levantones\" en Coatzacoalcos Luz Mar\u00eda Rivera, directora y columnista de El Mercurio de Veracruz, destac\u00f3 el clima de violencia que vive el Estado y se\u00f1al\u00f3\u2026","rel":"","context":"En &quot;CINTILLO&quot;","block_context":{"text":"CINTILLO","link":"https:\/\/www.grieta.org.mx\/index.php\/category\/cintillo\/"},"img":{"alt_text":"","src":"https:\/\/i0.wp.com\/www.grieta.org.mx\/wp-content\/uploads\/2019\/09\/Screenshot_2019-09-08-Periodistas-llevan-ocho-meses-denunciando-violencia-en-Veracruz.png?resize=350%2C200&ssl=1","width":350,"height":200,"srcset":"https:\/\/i0.wp.com\/www.grieta.org.mx\/wp-content\/uploads\/2019\/09\/Screenshot_2019-09-08-Periodistas-llevan-ocho-meses-denunciando-violencia-en-Veracruz.png?resize=350%2C200&ssl=1 1x, https:\/\/i0.wp.com\/www.grieta.org.mx\/wp-content\/uploads\/2019\/09\/Screenshot_2019-09-08-Periodistas-llevan-ocho-meses-denunciando-violencia-en-Veracruz.png?resize=525%2C300&ssl=1 1.5x, https:\/\/i0.wp.com\/www.grieta.org.mx\/wp-content\/uploads\/2019\/09\/Screenshot_2019-09-08-Periodistas-llevan-ocho-meses-denunciando-violencia-en-Veracruz.png?resize=700%2C400&ssl=1 2x, https:\/\/i0.wp.com\/www.grieta.org.mx\/wp-content\/uploads\/2019\/09\/Screenshot_2019-09-08-Periodistas-llevan-ocho-meses-denunciando-violencia-en-Veracruz.png?resize=1050%2C600&ssl=1 3x"},"classes":[]},{"id":47373,"url":"https:\/\/www.grieta.org.mx\/index.php\/2020\/03\/31\/exigen-un-alto-a-violencia-contra-periodistas-tras-asesinato-en-veracruz-video\/","url_meta":{"origin":34547,"position":1},"title":"Exigen un alto a violencia contra periodistas tras asesinato en Veracruz | Video","author":"Admin","date":"31 marzo, 2020","format":false,"excerpt":"Redacci\u00f3n \/ Aristegui Noticias El periodista \u00c9dgar Escamilla informa que Mar\u00eda Elena Ferral ten\u00eda 30 a\u00f1os informando en los municipios de la zona totonaca, donde se dedic\u00f3 a la cobertura de las manifestaciones y exigencias que se registraban en la zona. Informa desde la protesta por el asesinato de la\u2026","rel":"","context":"En &quot;CINTILLO&quot;","block_context":{"text":"CINTILLO","link":"https:\/\/www.grieta.org.mx\/index.php\/category\/cintillo\/"},"img":{"alt_text":"","src":"https:\/\/i0.wp.com\/www.grieta.org.mx\/wp-content\/uploads\/2020\/04\/Screenshot_2020-04-07-Exigen-un-alto-a-violencia-contra-periodistas-tras-asesinato-en-Veracruz-Video.png?resize=350%2C200&ssl=1","width":350,"height":200,"srcset":"https:\/\/i0.wp.com\/www.grieta.org.mx\/wp-content\/uploads\/2020\/04\/Screenshot_2020-04-07-Exigen-un-alto-a-violencia-contra-periodistas-tras-asesinato-en-Veracruz-Video.png?resize=350%2C200&ssl=1 1x, https:\/\/i0.wp.com\/www.grieta.org.mx\/wp-content\/uploads\/2020\/04\/Screenshot_2020-04-07-Exigen-un-alto-a-violencia-contra-periodistas-tras-asesinato-en-Veracruz-Video.png?resize=525%2C300&ssl=1 1.5x"},"classes":[]},{"id":33143,"url":"https:\/\/www.grieta.org.mx\/index.php\/2019\/05\/03\/se-reportan-29-agresiones-contra-periodistas-en-veracruz-durante-2019\/","url_meta":{"origin":34547,"position":2},"title":"Se reportan 29 agresiones contra periodistas en Veracruz durante 2019","author":"grieta","date":"3 mayo, 2019","format":false,"excerpt":"Redacci\u00f3n \/ El Dictamen En Veracruz, de enero a abril se han reportado al menos 29 casos de agresiones contra periodistas, confirm\u00f3 la presidenta de la Comisi\u00f3n Estatal de Atenci\u00f3n y Protecci\u00f3n a Periodistas (CEAPP), Ana Laura P\u00e9rez Mendoza. En el marco del D\u00eda Mundial de la Liberta de Prensa,\u2026","rel":"","context":"En &quot;CINTILLO&quot;","block_context":{"text":"CINTILLO","link":"https:\/\/www.grieta.org.mx\/index.php\/category\/cintillo\/"},"img":{"alt_text":"","src":"https:\/\/i0.wp.com\/www.grieta.org.mx\/wp-content\/uploads\/2019\/05\/admin_fotos_2018-03-22_General_455626.jpg.jpg?resize=350%2C200&ssl=1","width":350,"height":200,"srcset":"https:\/\/i0.wp.com\/www.grieta.org.mx\/wp-content\/uploads\/2019\/05\/admin_fotos_2018-03-22_General_455626.jpg.jpg?resize=350%2C200&ssl=1 1x, https:\/\/i0.wp.com\/www.grieta.org.mx\/wp-content\/uploads\/2019\/05\/admin_fotos_2018-03-22_General_455626.jpg.jpg?resize=525%2C300&ssl=1 1.5x, https:\/\/i0.wp.com\/www.grieta.org.mx\/wp-content\/uploads\/2019\/05\/admin_fotos_2018-03-22_General_455626.jpg.jpg?resize=700%2C400&ssl=1 2x"},"classes":[]},{"id":8403,"url":"https:\/\/www.grieta.org.mx\/index.php\/2015\/08\/10\/protestan-en-veracruz-por-el-multihomicidio-en-la-colonia-narvarte\/","url_meta":{"origin":34547,"position":3},"title":"Protestan en Veracruz por el multihomicidio en la colonia Narvarte","author":"Admin","date":"10 agosto, 2015","format":false,"excerpt":"10\/08\/15. Con Megamarcha activistas y periodistas exigen justicia para Rub\u00e9n Espinosa, en Xalapa El Dem\u00f3crata 01\/08\/15. Periodistas se manifiestan en Veracruz para exigir justicia en el crimen de Rub\u00e9n Espinosa Plumas Libres","rel":"","context":"En &quot;NOTICIAS NACIONALES&quot;","block_context":{"text":"NOTICIAS NACIONALES","link":"https:\/\/www.grieta.org.mx\/index.php\/category\/noticias-nacionales\/"},"img":{"alt_text":"","src":"https:\/\/i0.wp.com\/www.grieta.org.mx\/wp-content\/uploads\/2018\/03\/14524434_1106112876131411_958039263622046936_o.jpg?resize=350%2C200&ssl=1","width":350,"height":200,"srcset":"https:\/\/i0.wp.com\/www.grieta.org.mx\/wp-content\/uploads\/2018\/03\/14524434_1106112876131411_958039263622046936_o.jpg?resize=350%2C200&ssl=1 1x, https:\/\/i0.wp.com\/www.grieta.org.mx\/wp-content\/uploads\/2018\/03\/14524434_1106112876131411_958039263622046936_o.jpg?resize=525%2C300&ssl=1 1.5x, https:\/\/i0.wp.com\/www.grieta.org.mx\/wp-content\/uploads\/2018\/03\/14524434_1106112876131411_958039263622046936_o.jpg?resize=700%2C400&ssl=1 2x"},"classes":[]},{"id":9586,"url":"https:\/\/www.grieta.org.mx\/index.php\/2016\/06\/26\/violencia-contra-periodistas-en-la-ciudad-de-mexico-2\/","url_meta":{"origin":34547,"position":4},"title":"Violencia contra periodistas en la Ciudad de M\u00e9xico","author":"grieta","date":"26 junio, 2016","format":false,"excerpt":"24\/06\/16. Allanan y roban domicilio de fotoperiodista de Proceso en la Ciudad de M\u00e9xicoArt\u00edculo 19 08\/05\/16. Detiene polic\u00eda a periodista en la Ciudad de M\u00e9xicoSomos Mass 99 20\/03\/16. Incremento de violencia contra la prensa en 2015: Art. 19Somos el medio 11\/02\/16. Periodistas se manifiestan contra gobierno de VeracruzSomos el medio\u2026","rel":"","context":"En &quot;Ciudad de M\u00e9xico&quot;","block_context":{"text":"Ciudad de M\u00e9xico","link":"https:\/\/www.grieta.org.mx\/index.php\/category\/noticias-nacionales\/ciudad-de-mexico\/"},"img":{"alt_text":"","src":"https:\/\/i0.wp.com\/www.grieta.org.mx\/wp-content\/uploads\/2018\/03\/14524434_1106112876131411_958039263622046936_o.jpg?resize=350%2C200&ssl=1","width":350,"height":200,"srcset":"https:\/\/i0.wp.com\/www.grieta.org.mx\/wp-content\/uploads\/2018\/03\/14524434_1106112876131411_958039263622046936_o.jpg?resize=350%2C200&ssl=1 1x, https:\/\/i0.wp.com\/www.grieta.org.mx\/wp-content\/uploads\/2018\/03\/14524434_1106112876131411_958039263622046936_o.jpg?resize=525%2C300&ssl=1 1.5x, https:\/\/i0.wp.com\/www.grieta.org.mx\/wp-content\/uploads\/2018\/03\/14524434_1106112876131411_958039263622046936_o.jpg?resize=700%2C400&ssl=1 2x"},"classes":[]},{"id":37544,"url":"https:\/\/www.grieta.org.mx\/index.php\/2019\/08\/04\/periodistas-se-manifiestan-en-veracruz\/","url_meta":{"origin":34547,"position":5},"title":"Periodistas se manifiestan en Veracruz","author":"grieta","date":"4 agosto, 2019","format":false,"excerpt":"Redacci\u00f3n \/ El Horizonte Periodistas llevaban se pod\u00edan leer mensajes como \"Somos prensa, no disparen\", \"La verdad no se mata matando periodistas\" y \"Ni uno m\u00e1s\" Periodistas de esta ciudad y del municipio de Acayucan protestaron este s\u00e1bado luego del asesinato de Jorge Ruiz V\u00e1zquez, reportero del diario Gr\u00e1fico de\u2026","rel":"","context":"En &quot;CINTILLO&quot;","block_context":{"text":"CINTILLO","link":"https:\/\/www.grieta.org.mx\/index.php\/category\/cintillo\/"},"img":{"alt_text":"","src":"https:\/\/i0.wp.com\/www.grieta.org.mx\/wp-content\/uploads\/2019\/08\/Screenshot_2019-08-07-Periodistas-se-manifiestan-en-Veracruz.png?resize=350%2C200&ssl=1","width":350,"height":200,"srcset":"https:\/\/i0.wp.com\/www.grieta.org.mx\/wp-content\/uploads\/2019\/08\/Screenshot_2019-08-07-Periodistas-se-manifiestan-en-Veracruz.png?resize=350%2C200&ssl=1 1x, https:\/\/i0.wp.com\/www.grieta.org.mx\/wp-content\/uploads\/2019\/08\/Screenshot_2019-08-07-Periodistas-se-manifiestan-en-Veracruz.png?resize=525%2C300&ssl=1 1.5x, https:\/\/i0.wp.com\/www.grieta.org.mx\/wp-content\/uploads\/2019\/08\/Screenshot_2019-08-07-Periodistas-se-manifiestan-en-Veracruz.png?resize=700%2C400&ssl=1 2x"},"classes":[]}],"_links":{"self":[{"href":"https:\/\/www.grieta.org.mx\/index.php\/wp-json\/wp\/v2\/posts\/34547","targetHints":{"allow":["GET"]}}],"collection":[{"href":"https:\/\/www.grieta.org.mx\/index.php\/wp-json\/wp\/v2\/posts"}],"about":[{"href":"https:\/\/www.grieta.org.mx\/index.php\/wp-json\/wp\/v2\/types\/post"}],"author":[{"embeddable":true,"href":"https:\/\/www.grieta.org.mx\/index.php\/wp-json\/wp\/v2\/users\/2"}],"replies":[{"embeddable":true,"href":"https:\/\/www.grieta.org.mx\/index.php\/wp-json\/wp\/v2\/comments?post=34547"}],"version-history":[{"count":1,"href":"https:\/\/www.grieta.org.mx\/index.php\/wp-json\/wp\/v2\/posts\/34547\/revisions"}],"predecessor-version":[{"id":34549,"href":"https:\/\/www.grieta.org.mx\/index.php\/wp-json\/wp\/v2\/posts\/34547\/revisions\/34549"}],"wp:featuredmedia":[{"embeddable":true,"href":"https:\/\/www.grieta.org.mx\/index.php\/wp-json\/wp\/v2\/media\/34548"}],"wp:attachment":[{"href":"https:\/\/www.grieta.org.mx\/index.php\/wp-json\/wp\/v2\/media?parent=34547"}],"wp:term":[{"taxonomy":"category","embeddable":true,"href":"https:\/\/www.grieta.org.mx\/index.php\/wp-json\/wp\/v2\/categories?post=34547"},{"taxonomy":"post_tag","embeddable":true,"href":"https:\/\/www.grieta.org.mx\/index.php\/wp-json\/wp\/v2\/tags?post=34547"}],"curies":[{"name":"wp","href":"https:\/\/api.w.org\/{rel}","templated":true}]}}