{"id":34538,"date":"2019-06-05T23:25:53","date_gmt":"2019-06-06T04:25:53","guid":{"rendered":"http:\/\/www.grieta.org.mx\/?p=34538"},"modified":"2019-06-10T23:32:46","modified_gmt":"2019-06-11T04:32:46","slug":"en-morelos-no-hay-condiciones-para-inhumar-500-cadaveres-activista","status":"publish","type":"post","link":"https:\/\/www.grieta.org.mx\/index.php\/2019\/06\/05\/en-morelos-no-hay-condiciones-para-inhumar-500-cadaveres-activista\/","title":{"rendered":"En Morelos no hay condiciones para inhumar 500 cad\u00e1veres: activista"},"content":{"rendered":"<figure id=\"attachment_34539\" aria-describedby=\"caption-attachment-34539\" style=\"width: 819px\" class=\"wp-caption alignleft\"><img loading=\"lazy\" decoding=\"async\" data-attachment-id=\"34539\" data-permalink=\"https:\/\/www.grieta.org.mx\/index.php\/2019\/06\/05\/en-morelos-no-hay-condiciones-para-inhumar-500-cadaveres-activista\/semefo-morelos-1078x778\/\" data-orig-file=\"https:\/\/www.grieta.org.mx\/wp-content\/uploads\/2019\/06\/semefo-morelos-1078x778.jpg\" data-orig-size=\"1078,778\" data-comments-opened=\"0\" data-image-meta=\"{&quot;aperture&quot;:&quot;0&quot;,&quot;credit&quot;:&quot;&quot;,&quot;camera&quot;:&quot;&quot;,&quot;caption&quot;:&quot;&quot;,&quot;created_timestamp&quot;:&quot;0&quot;,&quot;copyright&quot;:&quot;&quot;,&quot;focal_length&quot;:&quot;0&quot;,&quot;iso&quot;:&quot;0&quot;,&quot;shutter_speed&quot;:&quot;0&quot;,&quot;title&quot;:&quot;&quot;,&quot;orientation&quot;:&quot;0&quot;}\" data-image-title=\"semefo-morelos-1078&amp;#215;778\" data-image-description=\"\" data-image-caption=\"&lt;p&gt;Unidad del Servicio M\u00e9dico Forense de Morelos. Foto: Tomada de \u201cConurbados\u201d&lt;\/p&gt;\n\" data-medium-file=\"https:\/\/www.grieta.org.mx\/wp-content\/uploads\/2019\/06\/semefo-morelos-1078x778-300x217.jpg\" data-large-file=\"https:\/\/www.grieta.org.mx\/wp-content\/uploads\/2019\/06\/semefo-morelos-1078x778-1024x739.jpg\" class=\"wp-image-34539\" src=\"http:\/\/www.grieta.org.mx\/wp-content\/uploads\/2019\/06\/semefo-morelos-1078x778-1024x739.jpg\" alt=\"\" width=\"819\" height=\"591\" srcset=\"https:\/\/www.grieta.org.mx\/wp-content\/uploads\/2019\/06\/semefo-morelos-1078x778-1024x739.jpg 1024w, https:\/\/www.grieta.org.mx\/wp-content\/uploads\/2019\/06\/semefo-morelos-1078x778-300x217.jpg 300w, https:\/\/www.grieta.org.mx\/wp-content\/uploads\/2019\/06\/semefo-morelos-1078x778-768x554.jpg 768w, https:\/\/www.grieta.org.mx\/wp-content\/uploads\/2019\/06\/semefo-morelos-1078x778-693x500.jpg 693w, https:\/\/www.grieta.org.mx\/wp-content\/uploads\/2019\/06\/semefo-morelos-1078x778.jpg 1078w\" sizes=\"auto, (max-width: 819px) 100vw, 819px\" \/><figcaption id=\"caption-attachment-34539\" class=\"wp-caption-text\">Unidad del Servicio M\u00e9dico Forense de Morelos. Foto: Tomada de \u201cConurbados\u201d<\/figcaption><\/figure>\n<p>Jaime Luis Brito \/ Proceso<\/p>\n<p><strong>CUERNAVACA, Mor. (apro).- La Fiscal\u00eda de Morelos est\u00e1 imposibilitada para inhumar de manera legal aproximadamente 500 cad\u00e1veres que se encuentran en las morgues del Servicio M\u00e9dico Forense (Semefo) de la entidad, porque hasta el momento no se ha realizado la aplicaci\u00f3n de protocolos de identificaci\u00f3n.<\/strong><\/p>\n<p>As\u00ed lo se\u00f1al\u00f3 Susana D\u00edaz Pineda, vocera del Centro de Derechos Humanos Digna Ochoa, quien precis\u00f3 que a un n\u00famero significativo de cuerpos no se les ha practicado la necropsia de ley y tampoco se ha aplicado la toma de muestras gen\u00e9ticas que deben ser integradas en las bases de datos para su posible identificaci\u00f3n.<\/p>\n<p>Seg\u00fan la defensora de los derechos humanos, el problema es la falta de personal especializado y de equipo necesario, as\u00ed como de reactivos para elaborar los perfiles gen\u00e9ticos de ADN. Adem\u00e1s, subray\u00f3, es un tema de voluntad, porque tambi\u00e9n est\u00e1n suspendidas las intervenciones en las fosas de Jojutla.<\/p>\n<p>\u201cLo que queremos evitar es que haya cuerpos sin identificar y que las familias dejen de andar buscando a sus desaparecidos o que se queden olvidados en los Semefo\u201d. O lo peor, dijo, que terminen siendo inhumados de forma irregular o clandestina, como ocurri\u00f3 en las fosas de Jojutla o de Tetelcingo en 2014.<\/p>\n<p>D\u00edaz Pineda llam\u00f3 a tomar medidas en torno a ese tema, porque a la fecha no hay una estrategia que detenga los feminicidios ni la violencia, que provoca asesinatos, lo que incrementa el n\u00famero de cuerpos sin identificar.<\/p>\n<p>En octubre pasado la fiscal\u00eda admiti\u00f3 que sumaban m\u00e1s de 200 cuerpos sin identificar. Posteriormente, un diario local en Morelos hizo una solicitud de informaci\u00f3n p\u00fablica, donde se confirm\u00f3 que en febrero pasado eran ya 450 cuerpos. Con base en ello y en un conteo de notas periodistas, se establece que el n\u00famero actual rebasa los 500 cad\u00e1veres.<\/p>\n<p>A principios de a\u00f1o el fiscal Uriel Carmona G\u00e1ndara inform\u00f3 que la dependencia a su cargo pasaba por un momento complicado, dado que no ten\u00eda peritos ni equipo, ya no especializado, ni siquiera veh\u00edculos para poder realizar el levantamiento de los cuerpos. <\/p>\n<p><a href=\"https:\/\/www.proceso.com.mx\/587170\/en-morelos-no-hay-condiciones-para-inhumar-500-cadaveres-activista\">https:\/\/www.proceso.com.mx\/587170\/en-morelos-no-hay-condiciones-para-inhumar-500-cadaveres-activista<\/a><\/p>\n","protected":false},"excerpt":{"rendered":"<p>Jaime Luis Brito \/ Proceso CUERNAVACA, Mor. (apro).- La Fiscal\u00eda de Morelos est\u00e1 imposibilitada para inhumar de manera legal aproximadamente 500 cad\u00e1veres que se encuentran en las morgues del Servicio &hellip; <a href=\"https:\/\/www.grieta.org.mx\/index.php\/2019\/06\/05\/en-morelos-no-hay-condiciones-para-inhumar-500-cadaveres-activista\/\" class=\"more-link\">Leer m\u00e1s<\/a><\/p>\n","protected":false},"author":2,"featured_media":34539,"comment_status":"closed","ping_status":"closed","sticky":false,"template":"","format":"standard","meta":{"ngg_post_thumbnail":0,"_jetpack_newsletter_access":"","_jetpack_dont_email_post_to_subs":false,"_jetpack_newsletter_tier_id":0,"_jetpack_memberships_contains_paywalled_content":false,"_jetpack_memberships_contains_paid_content":false,"footnotes":""},"categories":[80,87,1047,22,2,83],"tags":[1916,856,2485],"class_list":["post-34538","post","type-post","status-publish","format-standard","has-post-thumbnail","hentry","category-cintillo","category-desaparecidos","category-desaparecidos-en-morelos","category-morelos","category-noticias-nacionales","category-temas-nacionales","tag-fosas","tag-fosas-clandestinas","tag-rastreadoras","entry"],"jetpack_featured_media_url":"https:\/\/www.grieta.org.mx\/wp-content\/uploads\/2019\/06\/semefo-morelos-1078x778.jpg","jetpack_sharing_enabled":true,"jetpack_shortlink":"https:\/\/wp.me\/p7ZJR4-8Z4","jetpack_likes_enabled":false,"jetpack-related-posts":[{"id":34541,"url":"https:\/\/www.grieta.org.mx\/index.php\/2019\/06\/07\/un-basurero-las-fosas-de-jojutla-colectivo-de-busqueda-morelos\/","url_meta":{"origin":34538,"position":0},"title":"Un basurero las fosas de Jojutla: Colectivo de B\u00fasqueda (Morelos)","author":"grieta","date":"7 junio, 2019","format":false,"excerpt":"Redacci\u00f3n \/ 24 Morelos Las fosas de Jojutla que se encuentran en la colonia Pedro Amaro, se encuentran \u201chechas un basurero\u201d, pues a dos a\u00f1os de que se cancelaron los trabajos de exhumaci\u00f3n, la Fiscal\u00eda General del Estado (FGE) las dej\u00f3 en el abandon\u00f3. Angelica Rodr\u00edguez Monroy, integrante del Colectivo\u2026","rel":"","context":"En &quot;CINTILLO&quot;","block_context":{"text":"CINTILLO","link":"https:\/\/www.grieta.org.mx\/index.php\/category\/cintillo\/"},"img":{"alt_text":"","src":"https:\/\/i0.wp.com\/www.grieta.org.mx\/wp-content\/uploads\/2019\/06\/direct-8.jpg?resize=350%2C200&ssl=1","width":350,"height":200,"srcset":"https:\/\/i0.wp.com\/www.grieta.org.mx\/wp-content\/uploads\/2019\/06\/direct-8.jpg?resize=350%2C200&ssl=1 1x, https:\/\/i0.wp.com\/www.grieta.org.mx\/wp-content\/uploads\/2019\/06\/direct-8.jpg?resize=525%2C300&ssl=1 1.5x, https:\/\/i0.wp.com\/www.grieta.org.mx\/wp-content\/uploads\/2019\/06\/direct-8.jpg?resize=700%2C400&ssl=1 2x"},"classes":[]},{"id":39815,"url":"https:\/\/www.grieta.org.mx\/index.php\/2019\/09\/26\/rompen-mesa-de-dialogo-con-victimas-de-fosas-morelos\/","url_meta":{"origin":34538,"position":1},"title":"&#8220;Rompen&#8221; mesa de di\u00e1logo con v\u00edctimas de fosas (Morelos)","author":"grieta","date":"26 septiembre, 2019","format":false,"excerpt":"Redacci\u00f3n \/ 24 Morelos Durante la reuni\u00f3n entre el Gobierno de Morelos y familires de v\u00edctimas, para atender la recomendaci\u00f3n sobre la reparaci\u00f3n a los afectados por las fosas de Tetelcingo, un grupo de mam\u00e1s de desaparecidos, decidi\u00f3 \u201cromper\u201d la mesa de trabajo. En el encuentro, se gener\u00f3 una disparidad\u2026","rel":"","context":"En &quot;CINTILLO&quot;","block_context":{"text":"CINTILLO","link":"https:\/\/www.grieta.org.mx\/index.php\/category\/cintillo\/"},"img":{"alt_text":"","src":"https:\/\/i0.wp.com\/www.grieta.org.mx\/wp-content\/uploads\/2019\/10\/fosasWEB-2-780x405.jpg?resize=350%2C200&ssl=1","width":350,"height":200,"srcset":"https:\/\/i0.wp.com\/www.grieta.org.mx\/wp-content\/uploads\/2019\/10\/fosasWEB-2-780x405.jpg?resize=350%2C200&ssl=1 1x, https:\/\/i0.wp.com\/www.grieta.org.mx\/wp-content\/uploads\/2019\/10\/fosasWEB-2-780x405.jpg?resize=525%2C300&ssl=1 1.5x, https:\/\/i0.wp.com\/www.grieta.org.mx\/wp-content\/uploads\/2019\/10\/fosasWEB-2-780x405.jpg?resize=700%2C400&ssl=1 2x"},"classes":[]},{"id":8080,"url":"https:\/\/www.grieta.org.mx\/index.php\/2016\/07\/20\/desaparecidos-en-morelos\/","url_meta":{"origin":34538,"position":2},"title":"Desaparecidos en Morelos","author":"grieta","date":"20 julio, 2016","format":false,"excerpt":"20\/07\/16. Cuando el gobierno hace sus propias fosas clandestinas Lado B 15\/07\/16. 26 personas han desaparecido en menos de dos semanasLa Uni\u00f3n de Morelos 29\/05\/16. Fosas de Tetelcingo: Las historias de las v\u00edctimasProceso 10\/05\/16. Marchan madres de v\u00edctimas, en Cuernavaca; exigen justiciaLa uni\u00f3n de Morelos 12\/04\/16. Morelos, la ruta invisible\u2026","rel":"","context":"En &quot;Desaparecidos&quot;","block_context":{"text":"Desaparecidos","link":"https:\/\/www.grieta.org.mx\/index.php\/category\/temas-nacionales\/desaparecidos\/"},"img":{"alt_text":"","src":"https:\/\/i0.wp.com\/www.grieta.org.mx\/wp-content\/uploads\/2018\/03\/14524434_1106112876131411_958039263622046936_o.jpg?resize=350%2C200&ssl=1","width":350,"height":200,"srcset":"https:\/\/i0.wp.com\/www.grieta.org.mx\/wp-content\/uploads\/2018\/03\/14524434_1106112876131411_958039263622046936_o.jpg?resize=350%2C200&ssl=1 1x, https:\/\/i0.wp.com\/www.grieta.org.mx\/wp-content\/uploads\/2018\/03\/14524434_1106112876131411_958039263622046936_o.jpg?resize=525%2C300&ssl=1 1.5x, https:\/\/i0.wp.com\/www.grieta.org.mx\/wp-content\/uploads\/2018\/03\/14524434_1106112876131411_958039263622046936_o.jpg?resize=700%2C400&ssl=1 2x"},"classes":[]},{"id":45612,"url":"https:\/\/www.grieta.org.mx\/index.php\/2020\/03\/02\/mas-de-37-cuerpos-permanecen-en-calidad-de-no-identificados-en-el-servicio-medico-forense-colima\/","url_meta":{"origin":34538,"position":3},"title":"M\u00e1s de 37 cuerpos permanecen en calidad de no identificados en el Servicio M\u00e9dico Forense (Colima)","author":"grieta","date":"2 marzo, 2020","format":false,"excerpt":"Foto: Diario Avanzada Heidi de Le\u00f3n Gui\u00e9ttez \/ Diario Avanzada Colima, M\u00e9xico, Avanzada (02\/02\/2020).- M\u00e1s de 37 cuerpos permanecen en calidad de no identificados en el Servicio M\u00e9dico Forense de la entidad, por ello, la Red de B\u00fasqueda de Personas Desaparecidos convoc\u00f3 a los familiares de las v\u00edctimas de este\u2026","rel":"","context":"En &quot;CINTILLO&quot;","block_context":{"text":"CINTILLO","link":"https:\/\/www.grieta.org.mx\/index.php\/category\/cintillo\/"},"img":{"alt_text":"","src":"https:\/\/i0.wp.com\/www.grieta.org.mx\/wp-content\/uploads\/2020\/03\/Masacre-de-Santa-Rosa.jpg?resize=350%2C200&ssl=1","width":350,"height":200,"srcset":"https:\/\/i0.wp.com\/www.grieta.org.mx\/wp-content\/uploads\/2020\/03\/Masacre-de-Santa-Rosa.jpg?resize=350%2C200&ssl=1 1x, https:\/\/i0.wp.com\/www.grieta.org.mx\/wp-content\/uploads\/2020\/03\/Masacre-de-Santa-Rosa.jpg?resize=525%2C300&ssl=1 1.5x, https:\/\/i0.wp.com\/www.grieta.org.mx\/wp-content\/uploads\/2020\/03\/Masacre-de-Santa-Rosa.jpg?resize=700%2C400&ssl=1 2x"},"classes":[]},{"id":53465,"url":"https:\/\/www.grieta.org.mx\/index.php\/2020\/08\/31\/familiares-de-personas-desaparecidos-exigen-terminar-con-la-indiferencia-morelos\/","url_meta":{"origin":34538,"position":4},"title":"Familiares de personas desaparecidos exigen terminar con la indiferencia (Morelos)","author":"grieta","date":"31 agosto, 2020","format":false,"excerpt":"Israel Mariano | El Sol de Cuernavaca En el marco del D\u00eda Internacional de las V\u00edctimas de Desaparici\u00f3n Forzada, familiares en Morelos exigieron acabar con la indiferencia oficial que prevalece a lo largo de estos a\u00f1os. Adem\u00e1s de no investigar los casos innumerables de hombres y mujeres que desaparecen no\u2026","rel":"","context":"En &quot;CINTILLO&quot;","block_context":{"text":"CINTILLO","link":"https:\/\/www.grieta.org.mx\/index.php\/category\/cintillo\/"},"img":{"alt_text":"","src":"https:\/\/i0.wp.com\/www.grieta.org.mx\/wp-content\/uploads\/2020\/09\/Screenshot_2020-09-18-Familiares-de-personas-desaparecidos-exigen-terminar-con-la-indiferencia.png?resize=350%2C200&ssl=1","width":350,"height":200,"srcset":"https:\/\/i0.wp.com\/www.grieta.org.mx\/wp-content\/uploads\/2020\/09\/Screenshot_2020-09-18-Familiares-de-personas-desaparecidos-exigen-terminar-con-la-indiferencia.png?resize=350%2C200&ssl=1 1x, https:\/\/i0.wp.com\/www.grieta.org.mx\/wp-content\/uploads\/2020\/09\/Screenshot_2020-09-18-Familiares-de-personas-desaparecidos-exigen-terminar-con-la-indiferencia.png?resize=525%2C300&ssl=1 1.5x, https:\/\/i0.wp.com\/www.grieta.org.mx\/wp-content\/uploads\/2020\/09\/Screenshot_2020-09-18-Familiares-de-personas-desaparecidos-exigen-terminar-con-la-indiferencia.png?resize=700%2C400&ssl=1 2x"},"classes":[]},{"id":40908,"url":"https:\/\/www.grieta.org.mx\/index.php\/2019\/10\/11\/las-mujeres-y-ninas-arrojadas-a-fosas-clandestinas-morelos\/","url_meta":{"origin":34538,"position":5},"title":"Las mujeres y ni\u00f1as arrojadas a fosas clandestinas (Morelos)","author":"grieta","date":"11 octubre, 2019","format":false,"excerpt":"Redacci\u00f3n \/ La Silla Rota Son los expedientes de los colectivos de b\u00fasqueda quienes tienen mayor informaci\u00f3n de los cuerpos y sus pertenencias que fueron encontrados en fosas clandestinas. Las personas dibujan la ropa que encontraron ah\u00ed. \u201cFue hasta que revis\u00e9 El expediente Jojutla y vi la cantidad de brasieres\u2026","rel":"","context":"En &quot;CINTILLO&quot;","block_context":{"text":"CINTILLO","link":"https:\/\/www.grieta.org.mx\/index.php\/category\/cintillo\/"},"img":{"alt_text":"","src":"https:\/\/i0.wp.com\/www.grieta.org.mx\/wp-content\/uploads\/2019\/11\/Screenshot_2019-11-04-Las-mujeres-y-ni%C3%B1as-arrojadas-a-fosas-clandestinas.png?resize=350%2C200&ssl=1","width":350,"height":200,"srcset":"https:\/\/i0.wp.com\/www.grieta.org.mx\/wp-content\/uploads\/2019\/11\/Screenshot_2019-11-04-Las-mujeres-y-ni%C3%B1as-arrojadas-a-fosas-clandestinas.png?resize=350%2C200&ssl=1 1x, https:\/\/i0.wp.com\/www.grieta.org.mx\/wp-content\/uploads\/2019\/11\/Screenshot_2019-11-04-Las-mujeres-y-ni%C3%B1as-arrojadas-a-fosas-clandestinas.png?resize=525%2C300&ssl=1 1.5x, https:\/\/i0.wp.com\/www.grieta.org.mx\/wp-content\/uploads\/2019\/11\/Screenshot_2019-11-04-Las-mujeres-y-ni%C3%B1as-arrojadas-a-fosas-clandestinas.png?resize=700%2C400&ssl=1 2x"},"classes":[]}],"_links":{"self":[{"href":"https:\/\/www.grieta.org.mx\/index.php\/wp-json\/wp\/v2\/posts\/34538","targetHints":{"allow":["GET"]}}],"collection":[{"href":"https:\/\/www.grieta.org.mx\/index.php\/wp-json\/wp\/v2\/posts"}],"about":[{"href":"https:\/\/www.grieta.org.mx\/index.php\/wp-json\/wp\/v2\/types\/post"}],"author":[{"embeddable":true,"href":"https:\/\/www.grieta.org.mx\/index.php\/wp-json\/wp\/v2\/users\/2"}],"replies":[{"embeddable":true,"href":"https:\/\/www.grieta.org.mx\/index.php\/wp-json\/wp\/v2\/comments?post=34538"}],"version-history":[{"count":1,"href":"https:\/\/www.grieta.org.mx\/index.php\/wp-json\/wp\/v2\/posts\/34538\/revisions"}],"predecessor-version":[{"id":34540,"href":"https:\/\/www.grieta.org.mx\/index.php\/wp-json\/wp\/v2\/posts\/34538\/revisions\/34540"}],"wp:featuredmedia":[{"embeddable":true,"href":"https:\/\/www.grieta.org.mx\/index.php\/wp-json\/wp\/v2\/media\/34539"}],"wp:attachment":[{"href":"https:\/\/www.grieta.org.mx\/index.php\/wp-json\/wp\/v2\/media?parent=34538"}],"wp:term":[{"taxonomy":"category","embeddable":true,"href":"https:\/\/www.grieta.org.mx\/index.php\/wp-json\/wp\/v2\/categories?post=34538"},{"taxonomy":"post_tag","embeddable":true,"href":"https:\/\/www.grieta.org.mx\/index.php\/wp-json\/wp\/v2\/tags?post=34538"}],"curies":[{"name":"wp","href":"https:\/\/api.w.org\/{rel}","templated":true}]}}