{"id":34498,"date":"2019-06-05T22:26:17","date_gmt":"2019-06-06T03:26:17","guid":{"rendered":"http:\/\/www.grieta.org.mx\/?p=34498"},"modified":"2019-06-09T23:19:44","modified_gmt":"2019-06-10T04:19:44","slug":"vecinos-de-xoco-exigen-ser-incluidos-en-dialogos-con-mitikah-y-gobierno","status":"publish","type":"post","link":"https:\/\/www.grieta.org.mx\/index.php\/2019\/06\/05\/vecinos-de-xoco-exigen-ser-incluidos-en-dialogos-con-mitikah-y-gobierno\/","title":{"rendered":"Vecinos de Xoco exigen ser incluidos en di\u00e1logos con M\u00edtikah y gobierno"},"content":{"rendered":"<p><img loading=\"lazy\" decoding=\"async\" data-attachment-id=\"34499\" data-permalink=\"https:\/\/www.grieta.org.mx\/index.php\/2019\/06\/05\/vecinos-de-xoco-exigen-ser-incluidos-en-dialogos-con-mitikah-y-gobierno\/pdp_xoco_050619_ac2-1-1140x570\/\" data-orig-file=\"https:\/\/www.grieta.org.mx\/wp-content\/uploads\/2019\/06\/pdp_xoco_050619_ac2-1-1140x570.jpg\" data-orig-size=\"1140,570\" data-comments-opened=\"0\" data-image-meta=\"{&quot;aperture&quot;:&quot;2&quot;,&quot;credit&quot;:&quot;&quot;,&quot;camera&quot;:&quot;XT1635-02&quot;,&quot;caption&quot;:&quot;&quot;,&quot;created_timestamp&quot;:&quot;1559733893&quot;,&quot;copyright&quot;:&quot;&quot;,&quot;focal_length&quot;:&quot;4.68&quot;,&quot;iso&quot;:&quot;64&quot;,&quot;shutter_speed&quot;:&quot;0.00036523009495982&quot;,&quot;title&quot;:&quot;&quot;,&quot;orientation&quot;:&quot;0&quot;}\" data-image-title=\"pdp_xoco_050619_ac2-1-1140&amp;#215;570\" data-image-description=\"\" data-image-caption=\"\" data-medium-file=\"https:\/\/www.grieta.org.mx\/wp-content\/uploads\/2019\/06\/pdp_xoco_050619_ac2-1-1140x570-300x150.jpg\" data-large-file=\"https:\/\/www.grieta.org.mx\/wp-content\/uploads\/2019\/06\/pdp_xoco_050619_ac2-1-1140x570-1024x512.jpg\" src=\"http:\/\/www.grieta.org.mx\/wp-content\/uploads\/2019\/06\/pdp_xoco_050619_ac2-1-1140x570-1024x512.jpg\" alt=\"\" width=\"824\" height=\"312\" class=\"alignleft size-large wp-image-34499\" \/><\/p>\n<p>Texto y fotograf\u00edas: Arturo Contreras Camero\/Pie de P\u00e1gina<\/p>\n<blockquote><p>Por ser los m\u00e1s afectados, vecinos de la Asamblea ciudadana del pueblo de Xoco piden que se les tome en cuenta en las mesas de discusi\u00f3n entre Fibra Uno, los constructores del desarrollo Mitikah, y el gobierno capitalino<\/p><\/blockquote>\n<p>Vecinos del pueblo de Xoco, de la colonia Acacias, Del Valle y General Anaya, amenazan con cerrar avenida Universidad en su totalidad si no son incluidos en las mesas de di\u00e1logo entre el gobierno de la Ciudad de M\u00e9xico y la desarrolladora Fibra Uno, que construye el complejo urbano M\u00edtikah, en las inmediaciones de Coyoac\u00e1n.<\/p>\n<p>Hace un mes, el 4 de mayo, la desarrolladora tal\u00f3 al menos 80 \u00e1rboles en la calle Real de Mayorazgo y al interior de lo que sol\u00edan ser el centro Bancomer, que albergaba las oficinas centrales de ese banco, para construir un paso a desnivel para autom\u00f3viles que unir\u00eda las dos fases del proyecto.<\/p>\n<p>Unos d\u00edas despu\u00e9s, el gobierno anunci\u00f3 una multa y la suspensi\u00f3n de la fase dos del proyecto, sin embargo, el resto de las fases siguen en construcci\u00f3n. El paso a desnivel pretend\u00eda ser una de las obras de mitigaci\u00f3n del proyecto. Estas obras se supone que deben paliar los da\u00f1os hechos a los vecinos de la zona por la construcci\u00f3n, sin embargo, en este caso los constructores pretend\u00edan que fuera un beneficio exclusivo de los futuros inquilinos del desarrollo.<\/p>\n<p>La jefa de gobierno asegur\u00f3 entonces que citar\u00eda a mesas de di\u00e1logo a la desarrolladora para revisar todas las obras de mitigaci\u00f3n que se tienen planeadas. Para lo que convocar\u00eda a los vecinos, pero hasta el momento, la invitaci\u00f3n no ha llegado, seg\u00fan asegura Ren\u00e9 Rivas, secretario t\u00e9cnico de la Asamblea ciudadana del pueblo de Xoco.<\/p>\n<blockquote class=\"twitter-tweet\" data-width=\"550\" data-dnt=\"true\">\n<p lang=\"es\" dir=\"ltr\">2) Las medidas de mitigaci\u00f3n de las fases 0 y 1 est\u00e1n en revisi\u00f3n desde el inicio de la administraci\u00f3n en una mesa de trabajo con los desarrolladores. A esta mesa invitaremos a los vecinos.<\/p>\n<p>&mdash; Claudia Sheinbaum (@Claudiashein) <a href=\"https:\/\/twitter.com\/Claudiashein\/status\/1126538371172487170?ref_src=twsrc%5Etfw\">May 9, 2019<\/a><\/p><\/blockquote>\n<p><script async src=\"https:\/\/platform.twitter.com\/widgets.js\" charset=\"utf-8\"><\/script><\/p>\n<p>\u201cQue se paren las obras de mitigaci\u00f3n si no se dan a conocer a la poblaci\u00f3n\u201d, demanda Ren\u00e9 Rivas en una conferencia de prensa en la calle, de espaldas a las obras de los edificios del complejo a\u00fan en construcci\u00f3n que llenan el ambiente de ruido pesado. \u201cClaudia Sheinbaum no nos ve, o no nos incluye. Ella dijo que iban a invitar a los vecinos a estas mesas de inclusi\u00f3n ciudadana\u201d.<\/p>\n<p>Seg\u00fan asegura Ren\u00e9 Rivas, la pr\u00f3xima mesa de di\u00e1logo entre la desarrolladora y el gobierno de la ciudad se llevar\u00e1 a cabo el pr\u00f3ximo 16 de junio. Si a esa mesa no son convocados, asegura que el d\u00eda siguiente, lunes 17, bloquear\u00e1n todos los carriles de Avenida Universidad a la altura de Plaza Coyoac\u00e1n, hasta que las autoridades de la delegaci\u00f3n Benito Ju\u00e1rez y de la Ciudad de M\u00e9xico los tomen en cuenta.<\/p>\n<p>El pasado 9 de mayo, los vecinos bloquearon dos carriles de dicha avenida de siete a diez de la ma\u00f1ana para conseguir que el gobierno los citara a una reuni\u00f3n que nunca lleg\u00f3.<\/p>\n<p>Los vecinos, adem\u00e1s, demandan una auditor\u00eda a todas las obras de mitigaci\u00f3n que incluye el proyecto, pues acusan que as\u00ed como el paso subterr\u00e1neo, el resto de las obras de mitigaci\u00f3n s\u00f3lo benefician al propio desarrollo y no al barrio.<\/p>\n<p><img loading=\"lazy\" decoding=\"async\" data-attachment-id=\"34500\" data-permalink=\"https:\/\/www.grieta.org.mx\/index.php\/2019\/06\/05\/vecinos-de-xoco-exigen-ser-incluidos-en-dialogos-con-mitikah-y-gobierno\/pdp_xoco_050619_ac1-1200x900\/\" data-orig-file=\"https:\/\/www.grieta.org.mx\/wp-content\/uploads\/2019\/06\/pdp_xoco_050619_ac1-1200x900.jpg\" data-orig-size=\"1200,900\" data-comments-opened=\"0\" data-image-meta=\"{&quot;aperture&quot;:&quot;2&quot;,&quot;credit&quot;:&quot;&quot;,&quot;camera&quot;:&quot;XT1635-02&quot;,&quot;caption&quot;:&quot;&quot;,&quot;created_timestamp&quot;:&quot;1559730529&quot;,&quot;copyright&quot;:&quot;&quot;,&quot;focal_length&quot;:&quot;4.68&quot;,&quot;iso&quot;:&quot;80&quot;,&quot;shutter_speed&quot;:&quot;0.016666666666667&quot;,&quot;title&quot;:&quot;&quot;,&quot;orientation&quot;:&quot;0&quot;}\" data-image-title=\"pdp_xoco_050619_ac1-1200&amp;#215;900\" data-image-description=\"\" data-image-caption=\"\" data-medium-file=\"https:\/\/www.grieta.org.mx\/wp-content\/uploads\/2019\/06\/pdp_xoco_050619_ac1-1200x900-300x225.jpg\" data-large-file=\"https:\/\/www.grieta.org.mx\/wp-content\/uploads\/2019\/06\/pdp_xoco_050619_ac1-1200x900-1024x768.jpg\" src=\"http:\/\/www.grieta.org.mx\/wp-content\/uploads\/2019\/06\/pdp_xoco_050619_ac1-1200x900-1024x768.jpg\" alt=\"\" width=\"824\" height=\"568\" class=\"alignleft size-large wp-image-34500\" \/><\/p>\n<p>M\u00e1s \u00e1rboles de los que se cre\u00eda<br \/>\nHasta hace poco m\u00e1s de un mes pasar por la calle Real de Mayorazgo, la que lleva del metro Coyoac\u00e1n a la Cineteca Nacional sol\u00eda ser un paseo fresco a la sombra de decenas de \u00e1rboles que proteg\u00edan del sol. Hoy, caminar por ah\u00ed es caminar bajo rayo pleno, rodeado por nada m\u00e1s que cemento y asfalto.<\/p>\n<p>La tala del pasado 4 de mayo la dej\u00f3 as\u00ed. Al principio, se pens\u00f3 que eran m\u00e1s de 40 \u00e1rboles talados. D\u00edas despu\u00e9s, el gobierno dijo que eran m\u00e1s de 56 e impuso una multa de 25 millones de pesos. El viernes 31 de mayo, la Secretar\u00eda de Medio Ambiente se\u00f1al\u00f3, en un comunicado, que eran 80 \u00e1rboles y aument\u00f3 la multa a 40 millones 800 mil pesos. Sin embargo, los vecinos aseguran que son muchos m\u00e1s.<\/p>\n<p>La cifra de \u00e1rboles derribados se duplic\u00f3 despu\u00e9s de que esa dependencia diera a conocer que a partir de un recorrido al interior del centro Bancomer descubrieron que la tala abarcaba m\u00e1s de lo que se pens\u00f3 en un inicio.<\/p>\n<p>La mayor\u00eda de los \u00e1rboles visibles se encontraban en el camell\u00f3n que divide la circulaci\u00f3n de la calle, sin embargo, una barda y una malla cicl\u00f3nica esconden el resto de los \u00e1rboles derrumbados. A partir de ese anuncio, los vecinos volaron un dron y ratificaron lo que el gobierno hab\u00eda anunciado la semana pasada y otras sorpresas.<\/p>\n<p>\u201cAl interior de esta barda, talaron otros m\u00e1s. Pusimos un dron y encontramos lo siguiente: aqu\u00ed hay vestigios arqueol\u00f3gicos que se descubrieron en noviembre del a\u00f1o pasado. Todo esto son basamentos piramidales\u201d, explica Rivas.<\/p>\n<p><img loading=\"lazy\" decoding=\"async\" data-attachment-id=\"34501\" data-permalink=\"https:\/\/www.grieta.org.mx\/index.php\/2019\/06\/05\/vecinos-de-xoco-exigen-ser-incluidos-en-dialogos-con-mitikah-y-gobierno\/pdp_xoco-mitikah_05062019_sedema-1200x699\/\" data-orig-file=\"https:\/\/www.grieta.org.mx\/wp-content\/uploads\/2019\/06\/pdp_xoco-mitikah_05062019_sedema-1200x699.png\" data-orig-size=\"1200,699\" data-comments-opened=\"0\" data-image-meta=\"{&quot;aperture&quot;:&quot;0&quot;,&quot;credit&quot;:&quot;&quot;,&quot;camera&quot;:&quot;&quot;,&quot;caption&quot;:&quot;&quot;,&quot;created_timestamp&quot;:&quot;0&quot;,&quot;copyright&quot;:&quot;&quot;,&quot;focal_length&quot;:&quot;0&quot;,&quot;iso&quot;:&quot;0&quot;,&quot;shutter_speed&quot;:&quot;0&quot;,&quot;title&quot;:&quot;&quot;,&quot;orientation&quot;:&quot;0&quot;}\" data-image-title=\"pdp_xoco-mitikah_05062019_sedema-1200&amp;#215;699\" data-image-description=\"\" data-image-caption=\"\" data-medium-file=\"https:\/\/www.grieta.org.mx\/wp-content\/uploads\/2019\/06\/pdp_xoco-mitikah_05062019_sedema-1200x699-300x175.png\" data-large-file=\"https:\/\/www.grieta.org.mx\/wp-content\/uploads\/2019\/06\/pdp_xoco-mitikah_05062019_sedema-1200x699-1024x596.png\" src=\"http:\/\/www.grieta.org.mx\/wp-content\/uploads\/2019\/06\/pdp_xoco-mitikah_05062019_sedema-1200x699-1024x596.png\" alt=\"\" width=\"824\" height=\"496\" class=\"alignleft size-large wp-image-34501\" \/><\/p>\n<p>Adem\u00e1s de estos \u00e1rboles, que se encontraban en el costado sur de centro Bancomer, los vecinos aseguran que en el costado Norte, al otro lado de la construcci\u00f3n hay muchos derribos m\u00e1s.<\/p>\n<p>\u201cSabemos que tanto en el costado sur, como en el norte, se talaron \u00e1rboles. No tenemos acceso al predio, por lo que ya presentamos una denuncia ante la PAOT (Procuradur\u00eda de Ambiente y Ordenamiento Territorial). Estamos esperando las investigaciones\u201d, a\u00f1ade Ren\u00e9 Rivas.<\/p>\n<p>Un pueblo engullido por la ciudad<br \/>\n\u201cEsto se est\u00e1 comiendo al pueblo de Xoco. Lo est\u00e1 encapsulando\u201d, lamenta Lidia Su\u00e1rez, una se\u00f1ora de 72 a\u00f1os que toda su vida ha residido en estas tierras. Aparenta menos a\u00f1os, tal vez es el cabello te\u00f1ido, que tapa las canas, pero ella se lo atribuye a su alimentaci\u00f3n de la infancia.<\/p>\n<p>Cuando ella era ni\u00f1a, las casas y los monstruosos desarrollos residenciales que se alzan en grises torres en esta colonia no exist\u00edan. S\u00f3lo hab\u00eda descampado y una hacienda enorme que pertenec\u00eda al candidato presidencial de 1940, el general Juan Andreu Almaz\u00e1n. El pap\u00e1 de Lidia era el encargado de la hacienda y su granja, por lo que siempre ten\u00eda comida fresca. Muy fresca.<\/p>\n<p>\u201cTodos me piden la receta para ser tragaa\u00f1os. Yo creo que es por todos los d\u00edas que viv\u00ed en la granja, que com\u00eda todo fresco. Tengo siete hermanas y todas estamos igual. No representamos nuestra edad. Mi mam\u00e1 nos preguntaba qu\u00e9 quer\u00edamos comer. Ella iba y lo cortaba\u201d.<\/p>\n<p>En esos tiempos la colonia ni se asomaban los fraccionamientos que cierran sus calles con rejas y guardias privados. Ni calles hab\u00eda. S\u00f3lo unas cuantas casas de adobe. De esas hoy quedan muy pocas, entre ellas la de Lidia. Por el agua no se preocupaban. Ten\u00edan un pozo en su casa, y hab\u00eda una toma comunitaria de donde la acarreaban para cocinar.<\/p>\n<p>\u201cCuando sal\u00edamos de la escuela nos \u00edbamos a jugar al r\u00edo\u201d. Lidia se refiere al r\u00edo Churubusco, que entonces no era una avenida. \u201cNos quit\u00e1bamos los zapatos y nos met\u00edamos a lavar los pies en el r\u00edo. Hac\u00edamos barcos de papel con las hojas de los cuadernos y los mir\u00e1bamos irse. Nunca me imagin\u00e9 que nos fuera a faltar el agua\u201d, dice.<\/p>\n<p>Desde hace unos a\u00f1os, empez\u00f3 a faltar el agua. Fue el mismo tiempo cuando empezaron a aparecer grandes complejos de vivienda de lujo, como los City Towers. Esos grandes bloques de concreto que traen de todo, desde cine a cancha de tenis y sal\u00f3n de eventos. En la colonia ahora hay, por lo menos, cinco de esos.<\/p>\n<p>\u201cA las once de la ma\u00f1ana o a las dos de la tarde ya no hay ni una gota. A veces cae en la madrugada, pero en veces da la una de la ma\u00f1ana y no llega\u201d, dice la se\u00f1ora Lidia.<\/p>\n<p>De acuerdo con Ren\u00e9 Rivas, de la asamblea vecinal, esta zona va a ser inhabitable en 10 a\u00f1os por la gran demanda de agua que tienen esos departamentos. Asegura que ha tenido pl\u00e1ticas con el Sistema de Aguas de la Ciudad de M\u00e9xico, y en ellas le dicen que no pueden garantizar el suministro de agua en la zona.<\/p>\n<p>Adem\u00e1s de la preocupaci\u00f3n por el agua, ahora la se\u00f1ora Lidia vive preocupada por el pago del predial, que pas\u00f3 de 10 mil pesos a 32 mil en unos pocos a\u00f1os, y por los desarrolladores que insisten en que les venda su casa para construir m\u00e1s departamentos.<\/p>\n<p>\u201cSe acab\u00f3 todo. La gente que est\u00e1 quedando es muy pobre, no es de dinero. Por el alza de precios ya no les queda m\u00e1s que vender, porque dicen mejor nos vamos, vendemos ahorita que nos pagan m\u00e1s o menos y nos vamos\u201d. asegura.<\/p>\n<p><a href=\"https:\/\/piedepagina.mx\/vecinos-de-xoco-exigen-ser-incluidos-en-dialogos-con-mitikah-y-gobierno\/\">https:\/\/piedepagina.mx\/vecinos-de-xoco-exigen-ser-incluidos-en-dialogos-con-mitikah-y-gobierno\/<\/a><\/p>\n","protected":false},"excerpt":{"rendered":"<p>Texto y fotograf\u00edas: Arturo Contreras Camero\/Pie de P\u00e1gina Por ser los m\u00e1s afectados, vecinos de la Asamblea ciudadana del pueblo de Xoco piden que se les tome en cuenta en &hellip; <a href=\"https:\/\/www.grieta.org.mx\/index.php\/2019\/06\/05\/vecinos-de-xoco-exigen-ser-incluidos-en-dialogos-con-mitikah-y-gobierno\/\" class=\"more-link\">Leer m\u00e1s<\/a><\/p>\n","protected":false},"author":2,"featured_media":34499,"comment_status":"closed","ping_status":"closed","sticky":false,"template":"","format":"standard","meta":{"ngg_post_thumbnail":0,"_jetpack_newsletter_access":"","_jetpack_dont_email_post_to_subs":false,"_jetpack_newsletter_tier_id":0,"_jetpack_memberships_contains_paywalled_content":false,"_jetpack_memberships_contains_paid_content":false,"footnotes":""},"categories":[80,14,1044,1119,2,2219],"tags":[2568,1586],"class_list":["post-34498","post","type-post","status-publish","format-standard","has-post-thumbnail","hentry","category-cintillo","category-ciudad-de-mexico","category-desarrollos-inmobiliarios-en-la-ciudad-de-mexico","category-conflictos-por-falta-de-agua-en-la-ciudad-de-mexico","category-noticias-nacionales","category-resistencias-en-la-ciudad-de-mexico","tag-mitikah","tag-pueblo-de-xoco","entry"],"jetpack_featured_media_url":"https:\/\/www.grieta.org.mx\/wp-content\/uploads\/2019\/06\/pdp_xoco_050619_ac2-1-1140x570.jpg","jetpack_sharing_enabled":true,"jetpack_shortlink":"https:\/\/wp.me\/p7ZJR4-8Yq","jetpack_likes_enabled":false,"jetpack-related-posts":[{"id":61095,"url":"https:\/\/www.grieta.org.mx\/index.php\/2021\/08\/14\/bajo-aviso-no-hay-delito-vecinos-de-xoco-remueven-tapiales-de-la-constructora-mitikah-ciudad-de-mexico\/","url_meta":{"origin":34498,"position":0},"title":"Bajo aviso no hay delito: vecinos de Xoco remueven tapiales de la constructora Mitikah (Ciudad de M\u00e9xico)","author":"grieta","date":"14 agosto, 2021","format":false,"excerpt":"Desde febrero pasado, la Asamblea del Pueblo de Xoco solicit\u00f3 al gobierno de la Ciudad de M\u00e9xico la remoci\u00f3n de los tapiales que la constructora Fibra UNO, responsable del complejo de torres Mitikah, pues obstaculizan el paso de la calle. Ante la falta de respuesta, pusieron manos a la obra.\u2026","rel":"","context":"En &quot;CINTILLO&quot;","block_context":{"text":"CINTILLO","link":"https:\/\/www.grieta.org.mx\/index.php\/category\/cintillo\/"},"img":{"alt_text":"","src":"https:\/\/i0.wp.com\/www.grieta.org.mx\/wp-content\/uploads\/2021\/08\/pdp_mitikah_arturocontreras02.jpg?resize=350%2C200&ssl=1","width":350,"height":200,"srcset":"https:\/\/i0.wp.com\/www.grieta.org.mx\/wp-content\/uploads\/2021\/08\/pdp_mitikah_arturocontreras02.jpg?resize=350%2C200&ssl=1 1x, https:\/\/i0.wp.com\/www.grieta.org.mx\/wp-content\/uploads\/2021\/08\/pdp_mitikah_arturocontreras02.jpg?resize=525%2C300&ssl=1 1.5x, https:\/\/i0.wp.com\/www.grieta.org.mx\/wp-content\/uploads\/2021\/08\/pdp_mitikah_arturocontreras02.jpg?resize=700%2C400&ssl=1 2x, https:\/\/i0.wp.com\/www.grieta.org.mx\/wp-content\/uploads\/2021\/08\/pdp_mitikah_arturocontreras02.jpg?resize=1050%2C600&ssl=1 3x"},"classes":[]},{"id":60897,"url":"https:\/\/www.grieta.org.mx\/index.php\/2021\/07\/30\/por-protestar-contra-mitikah-detienen-a-activista-de-xoco-ciudad-de-mexico\/","url_meta":{"origin":34498,"position":1},"title":"Por protestar contra M\u00edtikah, detienen a activista de Xoco (Ciudad de M\u00e9xico)","author":"grieta","date":"30 julio, 2021","format":false,"excerpt":"Texto: Arturo Contreras Camero Fotos : Especial Pie de P\u00e1gina \u00c1lvaro Antonio Rosales Gaddar coordinador de la Asamblea del Pueblo Originario de Xoco fue detenido despu\u00e9s de tres d\u00edas de protestas en contra de las obras que se desarrollan en esa colonia para la construcci\u00f3n del megaproyecto urbano conocido como\u2026","rel":"","context":"En &quot;Abuso policiaco y tortura en la Ciudad de M\u00e9xico&quot;","block_context":{"text":"Abuso policiaco y tortura en la Ciudad de M\u00e9xico","link":"https:\/\/www.grieta.org.mx\/index.php\/category\/noticias-nacionales\/ciudad-de-mexico\/abuso-policiaco-y-tortura-en-la-ciudad-de-mexico\/"},"img":{"alt_text":"","src":"https:\/\/i0.wp.com\/www.grieta.org.mx\/wp-content\/uploads\/2021\/08\/Por-protestar-contra-Mitikah-detienen-a-activista-de-Xoco-cdmx-ago.jpg?resize=350%2C200&ssl=1","width":350,"height":200,"srcset":"https:\/\/i0.wp.com\/www.grieta.org.mx\/wp-content\/uploads\/2021\/08\/Por-protestar-contra-Mitikah-detienen-a-activista-de-Xoco-cdmx-ago.jpg?resize=350%2C200&ssl=1 1x, https:\/\/i0.wp.com\/www.grieta.org.mx\/wp-content\/uploads\/2021\/08\/Por-protestar-contra-Mitikah-detienen-a-activista-de-Xoco-cdmx-ago.jpg?resize=525%2C300&ssl=1 1.5x, https:\/\/i0.wp.com\/www.grieta.org.mx\/wp-content\/uploads\/2021\/08\/Por-protestar-contra-Mitikah-detienen-a-activista-de-Xoco-cdmx-ago.jpg?resize=700%2C400&ssl=1 2x"},"classes":[]},{"id":41934,"url":"https:\/\/www.grieta.org.mx\/index.php\/2019\/12\/03\/plan-de-mitikah-requiere-talar-60-arboles-mas-denuncian-ciudad-de-mexico\/","url_meta":{"origin":34498,"position":2},"title":"Plan de M\u00edtikah requiere talar 60 \u00e1rboles m\u00e1s, denuncian (Ciudad de M\u00e9xico)","author":"grieta","date":"3 diciembre, 2019","format":false,"excerpt":"La Silla Rota De acuerdo con un proyecto presentado por la Secretar\u00eda de Medio Ambiente a los habitantes de Xoco, el pozo se construir\u00eda en el \u00e1rea donde se ubicaba el Centro La posible construcci\u00f3n de un pozo de agua, como parte de las obras de mitigaci\u00f3n por el desarrollo\u2026","rel":"","context":"En &quot;CINTILLO&quot;","block_context":{"text":"CINTILLO","link":"https:\/\/www.grieta.org.mx\/index.php\/category\/cintillo\/"},"img":{"alt_text":"","src":"https:\/\/i0.wp.com\/www.grieta.org.mx\/wp-content\/uploads\/2019\/12\/Plan-de-M%C3%ADtikah-requiere-talar-60-cdmx-dic.jpg?resize=350%2C200","width":350,"height":200},"classes":[]},{"id":34156,"url":"https:\/\/www.grieta.org.mx\/index.php\/2019\/05\/19\/xoco-el-pueblo-desplazado-por-la-torre-mitikah-ciudad-de-mexico\/","url_meta":{"origin":34498,"position":3},"title":"Xoco, el pueblo desplazado por la Torre M\u00edtikah (Ciudad de M\u00e9xico)","author":"grieta","date":"19 mayo, 2019","format":false,"excerpt":"Cecilia Nava\/El sol de M\u00e9xico M\u00edtikah promete a sus inquilinos tener la torre residencial m\u00e1s grande de la Ciudad de M\u00e9xico M\u00edtikah, torre residencial en construcci\u00f3n -proyectada para ser el rascacielos m\u00e1s alto de la ciudad con 276.3 metros de altura y 67 pisos-, por ahora se encuentra parada por\u2026","rel":"","context":"En &quot;CINTILLO&quot;","block_context":{"text":"CINTILLO","link":"https:\/\/www.grieta.org.mx\/index.php\/category\/cintillo\/"},"img":{"alt_text":"","src":"https:\/\/i0.wp.com\/www.grieta.org.mx\/wp-content\/uploads\/2019\/06\/desplazados-1.jpg?resize=350%2C200&ssl=1","width":350,"height":200,"srcset":"https:\/\/i0.wp.com\/www.grieta.org.mx\/wp-content\/uploads\/2019\/06\/desplazados-1.jpg?resize=350%2C200&ssl=1 1x, https:\/\/i0.wp.com\/www.grieta.org.mx\/wp-content\/uploads\/2019\/06\/desplazados-1.jpg?resize=525%2C300&ssl=1 1.5x, https:\/\/i0.wp.com\/www.grieta.org.mx\/wp-content\/uploads\/2019\/06\/desplazados-1.jpg?resize=700%2C400&ssl=1 2x"},"classes":[]},{"id":63889,"url":"https:\/\/www.grieta.org.mx\/index.php\/2022\/04\/02\/construiran-pozo-de-agua-en-pueblo-de-xoco-mientras-vecinos-denuncian-mas-agresiones-ciudad-de-mexico\/","url_meta":{"origin":34498,"position":4},"title":"Construir\u00e1n pozo de agua en Pueblo de Xoco, mientras vecinos denuncian m\u00e1s agresiones (Ciudad de M\u00e9xico)","author":"grieta","date":"2 abril, 2022","format":false,"excerpt":"Alberto Cuenca \/ Capital CDMX En el pueblo de Xoco, donde habitantes de la zona mantienen una f\u00e9rrea oposici\u00f3n al desarrollo inmobiliario de M\u00edtikah, autoridades capitalinas construir\u00e1n un nuevo pozo de agua. A decir de la jefa de gobierno Claudia Sheinbaum, la construcci\u00f3n de ese y otros pozos en la\u2026","rel":"","context":"En &quot;CINTILLO&quot;","block_context":{"text":"CINTILLO","link":"https:\/\/www.grieta.org.mx\/index.php\/category\/cintillo\/"},"img":{"alt_text":"","src":"https:\/\/i0.wp.com\/www.grieta.org.mx\/wp-content\/uploads\/2018\/03\/14524434_1106112876131411_958039263622046936_o.jpg?resize=350%2C200&ssl=1","width":350,"height":200,"srcset":"https:\/\/i0.wp.com\/www.grieta.org.mx\/wp-content\/uploads\/2018\/03\/14524434_1106112876131411_958039263622046936_o.jpg?resize=350%2C200&ssl=1 1x, https:\/\/i0.wp.com\/www.grieta.org.mx\/wp-content\/uploads\/2018\/03\/14524434_1106112876131411_958039263622046936_o.jpg?resize=525%2C300&ssl=1 1.5x, https:\/\/i0.wp.com\/www.grieta.org.mx\/wp-content\/uploads\/2018\/03\/14524434_1106112876131411_958039263622046936_o.jpg?resize=700%2C400&ssl=1 2x"},"classes":[]},{"id":63271,"url":"https:\/\/www.grieta.org.mx\/index.php\/2022\/02\/02\/mitikah-muestra-musculo-contra-vecinos-ciudad-de-mexico\/","url_meta":{"origin":34498,"position":5},"title":"M\u00edtikah muestra m\u00fasculo contra vecinos (Ciudad de M\u00e9xico)","author":"grieta","date":"2 febrero, 2022","format":false,"excerpt":"Texto y foto: Arturo Contreras Camero \/ Pie de P\u00e1gina Durante una protesta pac\u00edfica en contra de las obras del complejo urbano M\u00edtikah, al sitio de trabajo llegaron cientos de personas que, vestidas como obreros, resguardaron las obras que se llevan sobre la calle Real de Mayorazgo CIUDAD DE M\u00c9XICO.-\u2026","rel":"","context":"En &quot;CINTILLO&quot;","block_context":{"text":"CINTILLO","link":"https:\/\/www.grieta.org.mx\/index.php\/category\/cintillo\/"},"img":{"alt_text":"","src":"https:\/\/i0.wp.com\/www.grieta.org.mx\/wp-content\/uploads\/2022\/02\/Mitikah-muestra-musculo-contra-vecinos-cdmx-feb.jpg?resize=350%2C200&ssl=1","width":350,"height":200,"srcset":"https:\/\/i0.wp.com\/www.grieta.org.mx\/wp-content\/uploads\/2022\/02\/Mitikah-muestra-musculo-contra-vecinos-cdmx-feb.jpg?resize=350%2C200&ssl=1 1x, https:\/\/i0.wp.com\/www.grieta.org.mx\/wp-content\/uploads\/2022\/02\/Mitikah-muestra-musculo-contra-vecinos-cdmx-feb.jpg?resize=525%2C300&ssl=1 1.5x, https:\/\/i0.wp.com\/www.grieta.org.mx\/wp-content\/uploads\/2022\/02\/Mitikah-muestra-musculo-contra-vecinos-cdmx-feb.jpg?resize=700%2C400&ssl=1 2x"},"classes":[]}],"_links":{"self":[{"href":"https:\/\/www.grieta.org.mx\/index.php\/wp-json\/wp\/v2\/posts\/34498","targetHints":{"allow":["GET"]}}],"collection":[{"href":"https:\/\/www.grieta.org.mx\/index.php\/wp-json\/wp\/v2\/posts"}],"about":[{"href":"https:\/\/www.grieta.org.mx\/index.php\/wp-json\/wp\/v2\/types\/post"}],"author":[{"embeddable":true,"href":"https:\/\/www.grieta.org.mx\/index.php\/wp-json\/wp\/v2\/users\/2"}],"replies":[{"embeddable":true,"href":"https:\/\/www.grieta.org.mx\/index.php\/wp-json\/wp\/v2\/comments?post=34498"}],"version-history":[{"count":1,"href":"https:\/\/www.grieta.org.mx\/index.php\/wp-json\/wp\/v2\/posts\/34498\/revisions"}],"predecessor-version":[{"id":34502,"href":"https:\/\/www.grieta.org.mx\/index.php\/wp-json\/wp\/v2\/posts\/34498\/revisions\/34502"}],"wp:featuredmedia":[{"embeddable":true,"href":"https:\/\/www.grieta.org.mx\/index.php\/wp-json\/wp\/v2\/media\/34499"}],"wp:attachment":[{"href":"https:\/\/www.grieta.org.mx\/index.php\/wp-json\/wp\/v2\/media?parent=34498"}],"wp:term":[{"taxonomy":"category","embeddable":true,"href":"https:\/\/www.grieta.org.mx\/index.php\/wp-json\/wp\/v2\/categories?post=34498"},{"taxonomy":"post_tag","embeddable":true,"href":"https:\/\/www.grieta.org.mx\/index.php\/wp-json\/wp\/v2\/tags?post=34498"}],"curies":[{"name":"wp","href":"https:\/\/api.w.org\/{rel}","templated":true}]}}