{"id":34458,"date":"2019-06-06T23:14:04","date_gmt":"2019-06-07T04:14:04","guid":{"rendered":"http:\/\/www.grieta.org.mx\/?p=34458"},"modified":"2019-06-07T23:17:49","modified_gmt":"2019-06-08T04:17:49","slug":"infancia-mutilada-3-ninas-asesinadas-en-oaxaca","status":"publish","type":"post","link":"https:\/\/www.grieta.org.mx\/index.php\/2019\/06\/06\/infancia-mutilada-3-ninas-asesinadas-en-oaxaca\/","title":{"rendered":"Infancia mutilada: 3 ni\u00f1as asesinadas en Oaxaca"},"content":{"rendered":"<p>Noticias.<\/p>\n<p>Citlalli Luciana,<\/p>\n<p><img loading=\"lazy\" decoding=\"async\" data-attachment-id=\"34459\" data-permalink=\"https:\/\/www.grieta.org.mx\/index.php\/2019\/06\/06\/infancia-mutilada-3-ninas-asesinadas-en-oaxaca\/image_16_465\/\" data-orig-file=\"https:\/\/www.grieta.org.mx\/wp-content\/uploads\/2019\/06\/image_16_465.jpg\" data-orig-size=\"1144,645\" data-comments-opened=\"0\" data-image-meta=\"{&quot;aperture&quot;:&quot;0&quot;,&quot;credit&quot;:&quot;&quot;,&quot;camera&quot;:&quot;&quot;,&quot;caption&quot;:&quot;&quot;,&quot;created_timestamp&quot;:&quot;0&quot;,&quot;copyright&quot;:&quot;&quot;,&quot;focal_length&quot;:&quot;0&quot;,&quot;iso&quot;:&quot;0&quot;,&quot;shutter_speed&quot;:&quot;0&quot;,&quot;title&quot;:&quot;&quot;,&quot;orientation&quot;:&quot;0&quot;}\" data-image-title=\"image_16_465\" data-image-description=\"\" data-image-caption=\"\" data-medium-file=\"https:\/\/www.grieta.org.mx\/wp-content\/uploads\/2019\/06\/image_16_465-300x169.jpg\" data-large-file=\"https:\/\/www.grieta.org.mx\/wp-content\/uploads\/2019\/06\/image_16_465-1024x577.jpg\" src=\"http:\/\/www.grieta.org.mx\/wp-content\/uploads\/2019\/06\/image_16_465-1024x577.jpg\" alt=\"\" width=\"1024\" height=\"577\" class=\"alignleft size-large wp-image-34459\" srcset=\"https:\/\/www.grieta.org.mx\/wp-content\/uploads\/2019\/06\/image_16_465-1024x577.jpg 1024w, https:\/\/www.grieta.org.mx\/wp-content\/uploads\/2019\/06\/image_16_465-300x169.jpg 300w, https:\/\/www.grieta.org.mx\/wp-content\/uploads\/2019\/06\/image_16_465-768x433.jpg 768w, https:\/\/www.grieta.org.mx\/wp-content\/uploads\/2019\/06\/image_16_465-887x500.jpg 887w, https:\/\/www.grieta.org.mx\/wp-content\/uploads\/2019\/06\/image_16_465.jpg 1144w\" sizes=\"auto, (max-width: 1024px) 100vw, 1024px\" \/><\/p>\n<p>Vivian Michelle de 7 a\u00f1os, Jazm\u00edn de 12, y Mar\u00eda Cristina de 3 a\u00f1os, tuvieron en com\u00fan la infancia y ser v\u00edctimas de la indefensi\u00f3n en la que vive la ciudadan\u00eda en la entidad oaxaque\u00f1a. Las tres fueron asesinadas en lo que va de este a\u00f1o. Su infancia fue mutilada de tajo.<\/p>\n<p>El hecho se enmarca en la tendencia al alza de cr\u00edmenes en contra de ni\u00f1as, ni\u00f1os y adolescentes en el pa\u00eds, en donde, de acuerdo con un reporte del Fondo de las Naciones Unidas para la Infancia (UNICEF) en tan s\u00f3lo siete a\u00f1os, 10 mil 547 menores de edad fueron asesinados.<\/p>\n<p>En la cadena de violencia que rodea a la entidad y al pa\u00eds, es la poblaci\u00f3n infantil la m\u00e1s vulnerable. \u201cLa ni\u00f1ez y la juventud en el estado de Oaxaca viven en la total indefensi\u00f3n. La violencia estructural est\u00e1 cobrando la vida de la poblaci\u00f3n en general, pero m\u00e1xime en estos casos lamentables en donde no vemos justicia\u201d, se\u00f1al\u00f3 Ana Mar\u00eda Hern\u00e1ndez C\u00e1rdenas, integrante de Consorcio para el Di\u00e1logo Parlamentario y la Equidad.<\/p>\n<p>Adem\u00e1s del nivel de inseguridad -a\u00f1adi\u00f3- tambi\u00e9n alarma el nivel de sa\u00f1a, de falta de respeto por la vida de personas inocentes, el f\u00e1cil acceso a armas de fuego y la naturalizaci\u00f3n y tolerancia social ante estos hechos.<\/p>\n<p>\u201cEs lamentable que como sociedad ya no nos cimbra, porque la indefensi\u00f3n aprendida es un problema social; hay desesperanza en que esto pude ser distinto. La naturalizaci\u00f3n de la violencia es la derrota m\u00e1s grande a nivel simb\u00f3lico\u201d, expuso.<\/p>\n<p>Parafraseando a la periodista Soledad Jarqu\u00edn Edgar durante el mitin a un a\u00f1o del asesinato de su hija Mar\u00eda del Sol Cruz Jarqu\u00edn, la activista feminista se\u00f1al\u00f3 que resulta una justificante decir que las mujeres fueron asesinadas por estar en lugares y momento equivocados. \u201cLas personas no est\u00e1n en lugares equivocados, tenemos un estado que ha equivocado su funci\u00f3n y omitido su responsabilidad de proteger a la poblaci\u00f3n\u201d, subray\u00f3.<\/p>\n<p>En enero de 2019, Vivian Michelle de 7 a\u00f1os result\u00f3 herida con arma de fuego por una bala lanzada al aire de manera irresponsable en Santa Mar\u00eda Petapa. La ni\u00f1a falleci\u00f3 d\u00edas despu\u00e9s en el hospital.<\/p>\n<p>Apenas el 3 de mayo de 2019 fue asesinada Jazm\u00edn, de 12 a\u00f1os, junto con su madre en su domicilio en San Sebasti\u00e1n Tutla. Madre e hija fueron apu\u00f1aladas en distintas ocasiones.<\/p>\n<p>Finalmente, este 5 de junio fue acribillada durante una emboscada, Mar\u00eda Cristina de tres a\u00f1os de edad quien iba con su padre. La agresi\u00f3n con armas de fuego ocurri\u00f3 en el municipio de San Pedro Ixcatl\u00e1n, en la regi\u00f3n de la Cuenca del Papaloapan.<\/p>\n<p><a href=\"https:\/\/www.nvinoticias.com\/nota\/117876\/infancia-mutilada-3-ninas-asesinadas-en-oaxaca\" rel=\"noopener noreferrer\" target=\"_blank\">https:\/\/www.nvinoticias.com\/nota\/117876\/infancia-mutilada-3-ninas-asesinadas-en-oaxaca<\/a><\/p>\n","protected":false},"excerpt":{"rendered":"<p>Noticias. Citlalli Luciana, Vivian Michelle de 7 a\u00f1os, Jazm\u00edn de 12, y Mar\u00eda Cristina de 3 a\u00f1os, tuvieron en com\u00fan la infancia y ser v\u00edctimas de la indefensi\u00f3n en la &hellip; <a href=\"https:\/\/www.grieta.org.mx\/index.php\/2019\/06\/06\/infancia-mutilada-3-ninas-asesinadas-en-oaxaca\/\" class=\"more-link\">Leer m\u00e1s<\/a><\/p>\n","protected":false},"author":2,"featured_media":34459,"comment_status":"closed","ping_status":"closed","sticky":false,"template":"","format":"standard","meta":{"ngg_post_thumbnail":0,"_jetpack_newsletter_access":"","_jetpack_dont_email_post_to_subs":false,"_jetpack_newsletter_tier_id":0,"_jetpack_memberships_contains_paywalled_content":false,"_jetpack_memberships_contains_paid_content":false,"footnotes":""},"categories":[80,1477,2,25],"tags":[],"class_list":["post-34458","post","type-post","status-publish","format-standard","has-post-thumbnail","hentry","category-cintillo","category-la-ninez-en-la-tormenta-en-oaxaca","category-noticias-nacionales","category-oaxaca","entry"],"jetpack_featured_media_url":"https:\/\/www.grieta.org.mx\/wp-content\/uploads\/2019\/06\/image_16_465.jpg","jetpack_sharing_enabled":true,"jetpack_shortlink":"https:\/\/wp.me\/p7ZJR4-8XM","jetpack_likes_enabled":false,"jetpack-related-posts":[{"id":48446,"url":"https:\/\/www.grieta.org.mx\/index.php\/2020\/04\/30\/en-oaxaca-las-ninas-comienzan-a-ser-victimas-de-violencia-desde-antes-del-ano-de-edad\/","url_meta":{"origin":34458,"position":0},"title":"En Oaxaca, las ni\u00f1as comienzan a ser v\u00edctimas de violencia desde antes del a\u00f1o de edad","author":"grieta","date":"30 abril, 2020","format":false,"excerpt":"Proceso \/ Pedro Mat\u00edas. Ni\u00f1os chinantecos en Oaxaca. Foto: Hugo Cruz. OAXACA, Oax. (apro).- Oaxaca ha registrado, en lo que va del a\u00f1o, la desaparici\u00f3n de 43 menores, el asesinato de siete y el abuso sexual de otros seis, seg\u00fan Consorcio para el Di\u00e1logo Parlamentario y Equidad. \u201cCifras que dif\u00edcilmente\u2026","rel":"","context":"En &quot;CINTILLO&quot;","block_context":{"text":"CINTILLO","link":"https:\/\/www.grieta.org.mx\/index.php\/category\/cintillo\/"},"img":{"alt_text":"","src":"https:\/\/i0.wp.com\/www.grieta.org.mx\/wp-content\/uploads\/2018\/03\/14524434_1106112876131411_958039263622046936_o.jpg?resize=350%2C200&ssl=1","width":350,"height":200,"srcset":"https:\/\/i0.wp.com\/www.grieta.org.mx\/wp-content\/uploads\/2018\/03\/14524434_1106112876131411_958039263622046936_o.jpg?resize=350%2C200&ssl=1 1x, https:\/\/i0.wp.com\/www.grieta.org.mx\/wp-content\/uploads\/2018\/03\/14524434_1106112876131411_958039263622046936_o.jpg?resize=525%2C300&ssl=1 1.5x, https:\/\/i0.wp.com\/www.grieta.org.mx\/wp-content\/uploads\/2018\/03\/14524434_1106112876131411_958039263622046936_o.jpg?resize=700%2C400&ssl=1 2x"},"classes":[]},{"id":34461,"url":"https:\/\/www.grieta.org.mx\/index.php\/2019\/06\/06\/expulsa-oaxaca-a-3-ninos-hacia-estados-unidos-al-dia\/","url_meta":{"origin":34458,"position":1},"title":"Expulsa Oaxaca a 3 ni\u00f1os hacia Estados Unidos al d\u00eda","author":"grieta","date":"6 junio, 2019","format":false,"excerpt":"Noticias. Citlalli Luciana, En Oaxaca, una parte de la ni\u00f1ez que habita en zonas de pobreza y marginaci\u00f3n, busca huir de la entidad. De enero a marzo de 2019, en promedio 3.6 ni\u00f1as, ni\u00f1os y adolescentes intentaron diariamente cruzar hacia Estados Unidos, sin \u00e9xito. A pesar de los riesgos a\u2026","rel":"","context":"En &quot;CINTILLO&quot;","block_context":{"text":"CINTILLO","link":"https:\/\/www.grieta.org.mx\/index.php\/category\/cintillo\/"},"img":{"alt_text":"","src":"https:\/\/i0.wp.com\/www.grieta.org.mx\/wp-content\/uploads\/2019\/06\/image_19_99_0.jpg?resize=350%2C200&ssl=1","width":350,"height":200,"srcset":"https:\/\/i0.wp.com\/www.grieta.org.mx\/wp-content\/uploads\/2019\/06\/image_19_99_0.jpg?resize=350%2C200&ssl=1 1x, https:\/\/i0.wp.com\/www.grieta.org.mx\/wp-content\/uploads\/2019\/06\/image_19_99_0.jpg?resize=525%2C300&ssl=1 1.5x, https:\/\/i0.wp.com\/www.grieta.org.mx\/wp-content\/uploads\/2019\/06\/image_19_99_0.jpg?resize=700%2C400&ssl=1 2x, https:\/\/i0.wp.com\/www.grieta.org.mx\/wp-content\/uploads\/2019\/06\/image_19_99_0.jpg?resize=1050%2C600&ssl=1 3x"},"classes":[]},{"id":51988,"url":"https:\/\/www.grieta.org.mx\/index.php\/2020\/07\/21\/234-mujeres-asesinadas-en-oaxaca-a-dos-anos-de-la-alerta-de-violencia-de-genero\/","url_meta":{"origin":34458,"position":2},"title":"234 mujeres asesinadas en Oaxaca, a dos a\u00f1os de la Alerta de Violencia de G\u00e9nero","author":"grieta","date":"21 julio, 2020","format":false,"excerpt":"Noticias \/ Citlalli Luciana. *AVGM fue emitida en 40 municipios de Oaxaca A casi dos a\u00f1os de que se emitiera la Alerta de Violencia de G\u00e9nero contra las Mujeres en 40 municipios de Oaxaca, los \u00edndices de violencia feminicida evidencian la falta de impacto para salvaguardar su vida. En ese\u2026","rel":"","context":"En &quot;CINTILLO&quot;","block_context":{"text":"CINTILLO","link":"https:\/\/www.grieta.org.mx\/index.php\/category\/cintillo\/"},"img":{"alt_text":"","src":"https:\/\/i0.wp.com\/www.grieta.org.mx\/wp-content\/uploads\/2018\/03\/14524434_1106112876131411_958039263622046936_o.jpg?resize=350%2C200&ssl=1","width":350,"height":200,"srcset":"https:\/\/i0.wp.com\/www.grieta.org.mx\/wp-content\/uploads\/2018\/03\/14524434_1106112876131411_958039263622046936_o.jpg?resize=350%2C200&ssl=1 1x, https:\/\/i0.wp.com\/www.grieta.org.mx\/wp-content\/uploads\/2018\/03\/14524434_1106112876131411_958039263622046936_o.jpg?resize=525%2C300&ssl=1 1.5x, https:\/\/i0.wp.com\/www.grieta.org.mx\/wp-content\/uploads\/2018\/03\/14524434_1106112876131411_958039263622046936_o.jpg?resize=700%2C400&ssl=1 2x"},"classes":[]},{"id":43624,"url":"https:\/\/www.grieta.org.mx\/index.php\/2020\/01\/27\/en-gobierno-de-alejandro-murat-han-sido-asesinadas-397-mujeres-en-oaxaca-denuncia-ong\/","url_meta":{"origin":34458,"position":3},"title":"En gobierno de Alejandro Murat han sido asesinadas 397 mujeres en Oaxaca, denuncia ONG","author":"grieta","date":"27 enero, 2020","format":false,"excerpt":"Proceso \/ Pedro Mat\u00edas. OAXACA, Oax. (apro). \u2013 Ante la omisi\u00f3n gubernamental, han sido asesinadas 397 mujeres en el gobierno de Alejandro Murat Hinojosa, de las cuales 179 se dieron desde la declaratoria de Alerta de G\u00e9nero por Violencia y 15 tan s\u00f3lo en lo que va del mes de\u2026","rel":"","context":"En &quot;CINTILLO&quot;","block_context":{"text":"CINTILLO","link":"https:\/\/www.grieta.org.mx\/index.php\/category\/cintillo\/"},"img":{"alt_text":"","src":"https:\/\/i0.wp.com\/www.grieta.org.mx\/wp-content\/uploads\/2020\/01\/Estados1.jpg?resize=350%2C200&ssl=1","width":350,"height":200,"srcset":"https:\/\/i0.wp.com\/www.grieta.org.mx\/wp-content\/uploads\/2020\/01\/Estados1.jpg?resize=350%2C200&ssl=1 1x, https:\/\/i0.wp.com\/www.grieta.org.mx\/wp-content\/uploads\/2020\/01\/Estados1.jpg?resize=525%2C300&ssl=1 1.5x, https:\/\/i0.wp.com\/www.grieta.org.mx\/wp-content\/uploads\/2020\/01\/Estados1.jpg?resize=700%2C400&ssl=1 2x"},"classes":[]},{"id":71549,"url":"https:\/\/www.grieta.org.mx\/index.php\/2025\/04\/06\/nombrar-los-abusos-sexuales-y-la-orfandad-en-comunidades-indigenas-es-tambien-defensa-del-territorio-senala-activista-ayuuk-oaxaca\/","url_meta":{"origin":34458,"position":4},"title":"Nombrar los abusos sexuales y la orfandad en comunidades ind\u00edgenas es tambi\u00e9n defensa del territorio se\u00f1ala Activista Ayuuk (Oaxaca)","author":"grieta","date":"6 abril, 2025","format":false,"excerpt":"Imagen: Istmo Press Diana Mnaz \/ Istmo Press Oaxaca, Oax.- Para el activista Ayuuk, Filadelfo Desiderio Aldaz, nombrar y visibilizar los abusos sexuales y la orfandad en comunidades ind\u00edgenas es tambi\u00e9n defensa del territorio. Originario de la comunidad Ayuuk de Estancia de Morelos e del municipio de Santiago Atitl\u00e1n, Oaxaca\u2026","rel":"","context":"En &quot;CINTILLO&quot;","block_context":{"text":"CINTILLO","link":"https:\/\/www.grieta.org.mx\/index.php\/category\/cintillo\/"},"img":{"alt_text":"","src":"https:\/\/i0.wp.com\/www.grieta.org.mx\/wp-content\/uploads\/2025\/04\/254e8cb3-6bfe-40a9-9cee-3e0c3774db2e-800x445-1.jpeg?resize=350%2C200&ssl=1","width":350,"height":200,"srcset":"https:\/\/i0.wp.com\/www.grieta.org.mx\/wp-content\/uploads\/2025\/04\/254e8cb3-6bfe-40a9-9cee-3e0c3774db2e-800x445-1.jpeg?resize=350%2C200&ssl=1 1x, https:\/\/i0.wp.com\/www.grieta.org.mx\/wp-content\/uploads\/2025\/04\/254e8cb3-6bfe-40a9-9cee-3e0c3774db2e-800x445-1.jpeg?resize=525%2C300&ssl=1 1.5x, https:\/\/i0.wp.com\/www.grieta.org.mx\/wp-content\/uploads\/2025\/04\/254e8cb3-6bfe-40a9-9cee-3e0c3774db2e-800x445-1.jpeg?resize=700%2C400&ssl=1 2x"},"classes":[]},{"id":45626,"url":"https:\/\/www.grieta.org.mx\/index.php\/2020\/03\/02\/dos-mujeres-asesinadas-asi-inicia-la-semana-en-oaxaca\/","url_meta":{"origin":34458,"position":5},"title":"Dos mujeres asesinadas, as\u00ed inicia la semana en Oaxaca","author":"grieta","date":"2 marzo, 2020","format":false,"excerpt":"Noticias \/ Por Milenio. La Fiscal\u00eda General del Estado (FGE) de Oaxaca report\u00f3 que dos mujeres fueron asesinadas en diferentes puntos de la entidad. Explic\u00f3 que alrededor de las 9:00 horas un grupo de hombres armados, que viajaba a bordo de una camioneta, dispar\u00f3 a una mujer que sal\u00eda de\u2026","rel":"","context":"En &quot;CINTILLO&quot;","block_context":{"text":"CINTILLO","link":"https:\/\/www.grieta.org.mx\/index.php\/category\/cintillo\/"},"img":{"alt_text":"","src":"https:\/\/i0.wp.com\/www.grieta.org.mx\/wp-content\/uploads\/2020\/03\/2.jpg?resize=350%2C200&ssl=1","width":350,"height":200,"srcset":"https:\/\/i0.wp.com\/www.grieta.org.mx\/wp-content\/uploads\/2020\/03\/2.jpg?resize=350%2C200&ssl=1 1x, https:\/\/i0.wp.com\/www.grieta.org.mx\/wp-content\/uploads\/2020\/03\/2.jpg?resize=525%2C300&ssl=1 1.5x, https:\/\/i0.wp.com\/www.grieta.org.mx\/wp-content\/uploads\/2020\/03\/2.jpg?resize=700%2C400&ssl=1 2x, https:\/\/i0.wp.com\/www.grieta.org.mx\/wp-content\/uploads\/2020\/03\/2.jpg?resize=1050%2C600&ssl=1 3x"},"classes":[]}],"_links":{"self":[{"href":"https:\/\/www.grieta.org.mx\/index.php\/wp-json\/wp\/v2\/posts\/34458","targetHints":{"allow":["GET"]}}],"collection":[{"href":"https:\/\/www.grieta.org.mx\/index.php\/wp-json\/wp\/v2\/posts"}],"about":[{"href":"https:\/\/www.grieta.org.mx\/index.php\/wp-json\/wp\/v2\/types\/post"}],"author":[{"embeddable":true,"href":"https:\/\/www.grieta.org.mx\/index.php\/wp-json\/wp\/v2\/users\/2"}],"replies":[{"embeddable":true,"href":"https:\/\/www.grieta.org.mx\/index.php\/wp-json\/wp\/v2\/comments?post=34458"}],"version-history":[{"count":1,"href":"https:\/\/www.grieta.org.mx\/index.php\/wp-json\/wp\/v2\/posts\/34458\/revisions"}],"predecessor-version":[{"id":34460,"href":"https:\/\/www.grieta.org.mx\/index.php\/wp-json\/wp\/v2\/posts\/34458\/revisions\/34460"}],"wp:featuredmedia":[{"embeddable":true,"href":"https:\/\/www.grieta.org.mx\/index.php\/wp-json\/wp\/v2\/media\/34459"}],"wp:attachment":[{"href":"https:\/\/www.grieta.org.mx\/index.php\/wp-json\/wp\/v2\/media?parent=34458"}],"wp:term":[{"taxonomy":"category","embeddable":true,"href":"https:\/\/www.grieta.org.mx\/index.php\/wp-json\/wp\/v2\/categories?post=34458"},{"taxonomy":"post_tag","embeddable":true,"href":"https:\/\/www.grieta.org.mx\/index.php\/wp-json\/wp\/v2\/tags?post=34458"}],"curies":[{"name":"wp","href":"https:\/\/api.w.org\/{rel}","templated":true}]}}