{"id":34454,"date":"2019-06-02T22:49:09","date_gmt":"2019-06-03T03:49:09","guid":{"rendered":"http:\/\/www.grieta.org.mx\/?p=34454"},"modified":"2019-06-08T12:02:50","modified_gmt":"2019-06-08T17:02:50","slug":"grupo-vida-realiza-hallazgo-de-fragmentos-oseos-coahuila","status":"publish","type":"post","link":"https:\/\/www.grieta.org.mx\/index.php\/2019\/06\/02\/grupo-vida-realiza-hallazgo-de-fragmentos-oseos-coahuila\/","title":{"rendered":"Grupo Vida realiza hallazgo de fragmentos \u00f3seos (Coahuila)"},"content":{"rendered":"<p>Mary V\u00e1zquez\/ EL SIGLO DE TORRE\u00d3N<\/p>\n<blockquote><p>El Grupo Vida localiz\u00f3 8 kilogramos de restos humanos, en el ejido el Venado, de San Pedro, que a decir por la vocera del colectivo, Silvia Ort\u00edz hac\u00eda mucho tiempo que no se ten\u00eda un hallazgo as\u00ed de importante.<\/p><\/blockquote>\n<p>Incluso dijo que la \u00faltima ocasi\u00f3n donde tuvieron una recuperaci\u00f3n de indicios que ayuden a la identificaci\u00f3n de personas v\u00edctimas de desaparici\u00f3n forzada, pues en el ejido San Antonio en Matamoros, pero ah\u00ed la recuperaci\u00f3n se hizo, s\u00f3lo de un pozo que se localiz\u00f3, en tanto que en el ejido en Venado los fragmentos ser recuperaron en varios puntos y podr\u00eda tratarse de al menos 3 personas.<\/p>\n<p>\u201cTrabajamos mi\u00e9rcoles, jueves y viernes y el d\u00eda de ayer (antier), fue muy extenuante, porque sal\u00eda y sal\u00eda y nos dieron las 6:30 de la tarde. Llegamos desde las nueve m\u00e1s o menos y eran demasiados fragmentos\u201d, recalc\u00f3.<\/p>\n<p>Silvia Ortiz agreg\u00f3 que han cambiado un poco la mec\u00e1nica de trabajo para la recuperaci\u00f3n de indicios y ahora trabajan durante 10 d\u00edas en cada punto y recalc\u00f3 que la jornada que tuvieron en ese ejido de San Pedro fue muy fruct\u00edfera y eso ayudar\u00e1 a \u201cregresar a esas personitas a casa\u201d y probablemente logren recuperar m\u00e1s pues solamente han trabajo 4 d\u00edas en ese punto.<\/p>\n<p>\u201cSalieron piezas incre\u00edblemente buenas para identificar, no estaban tan quemadas y a parte algunas de las piezas ten\u00edan tejido y eso ayudar\u00e1 mucho para poder hacer la identificaci\u00f3n\u201d.<\/p>\n<p>Una vez que se extraen las pruebas, el especialista en Medicina Forense, que incluso ya tiene un espacio permanente de trabajo en Torre\u00f3n analiza cada uno de los fragmentos, los clasifica y aquellos que puedan ayudar a la identificaci\u00f3n son enviados a un laboratorio de Saltillo, para realizar las pruebas cient\u00edficas que ayuden a la identificaci\u00f3n de personas.<\/p>\n<p>Finalmente la vocera del Grupo Vida exhort\u00f3 a la ciudadan\u00eda a que siga colaborando con ellos indic\u00e1ndoles lugares en donde puedan realizar b\u00fasquedas, ya que cualquier dato se maneja muy confidencialmente.<\/p>\n<p>\u201cSeguimos trabajando, pero lo que m\u00e1s necesitamos es que nos hablen y nos ayuden, para que nos indiquen en donde podemos ir para recuperar indicios que ayuden a regresar a casa a esas personitas\u201d.<\/p>\n<p><a href=\"https:\/\/www.elsiglodetorreon.com.mx\/noticia\/1582446.grupo-vida-realiza-hallazgo-de-fragmentos-oseos.html\" rel=\"noopener noreferrer\" target=\"_blank\">https:\/\/www.elsiglodetorreon.com.mx\/noticia\/1582446.grupo-vida-realiza-hallazgo-de-fragmentos-oseos.html<\/a><\/p>\n","protected":false},"excerpt":{"rendered":"<p>Mary V\u00e1zquez\/ EL SIGLO DE TORRE\u00d3N El Grupo Vida localiz\u00f3 8 kilogramos de restos humanos, en el ejido el Venado, de San Pedro, que a decir por la vocera del &hellip; <a href=\"https:\/\/www.grieta.org.mx\/index.php\/2019\/06\/02\/grupo-vida-realiza-hallazgo-de-fragmentos-oseos-coahuila\/\" class=\"more-link\">Leer m\u00e1s<\/a><\/p>\n","protected":false},"author":2,"featured_media":21928,"comment_status":"closed","ping_status":"closed","sticky":false,"template":"","format":"standard","meta":{"ngg_post_thumbnail":0,"_jetpack_newsletter_access":"","_jetpack_dont_email_post_to_subs":false,"_jetpack_newsletter_tier_id":0,"_jetpack_memberships_contains_paywalled_content":false,"_jetpack_memberships_contains_paid_content":false,"footnotes":""},"categories":[80,419,87,1038,2,83],"tags":[2220,121,1668,1635],"class_list":["post-34454","post","type-post","status-publish","format-standard","has-post-thumbnail","hentry","category-cintillo","category-coahuila","category-desaparecidos","category-desaparecidos-en-coahuila","category-noticias-nacionales","category-temas-nacionales","tag-colectivos-rastreadores-de-desaparecidos","tag-desaparecidos","tag-familiares-de-desaparecidos","tag-rastreadoras-de-desaparecidos","entry"],"jetpack_featured_media_url":"https:\/\/www.grieta.org.mx\/wp-content\/uploads\/2018\/03\/14524434_1106112876131411_958039263622046936_o.jpg","jetpack_sharing_enabled":true,"jetpack_shortlink":"https:\/\/wp.me\/p7ZJR4-8XI","jetpack_likes_enabled":false,"jetpack-related-posts":[{"id":32659,"url":"https:\/\/www.grieta.org.mx\/index.php\/2019\/04\/24\/grupo-vida-inicia-busqueda-en-cueva-del-tabaco-coahuila\/","url_meta":{"origin":34454,"position":0},"title":"Grupo Vida inicia b\u00fasqueda en Cueva del Tabaco (Coahuila)","author":"grieta","date":"24 abril, 2019","format":false,"excerpt":"EL SIGLO DE TORRE\u00d3N Grupo Vida inici\u00f3 los trabajos de b\u00fasqueda de restos humanos en la Cueva del Tabaco en Matamoros. Silvia Ortiz, integrante del colectivo, explic\u00f3 que este martes iniciaron con los trabajos en ese punto, considerado como uno de los 13 lugares prioritarios para recuperar evidencia que ayude\u2026","rel":"","context":"En &quot;CINTILLO&quot;","block_context":{"text":"CINTILLO","link":"https:\/\/www.grieta.org.mx\/index.php\/category\/cintillo\/"},"img":{"alt_text":"","src":"https:\/\/i0.wp.com\/www.grieta.org.mx\/wp-content\/uploads\/2019\/04\/Tabaco.jpeg?resize=350%2C200&ssl=1","width":350,"height":200,"srcset":"https:\/\/i0.wp.com\/www.grieta.org.mx\/wp-content\/uploads\/2019\/04\/Tabaco.jpeg?resize=350%2C200&ssl=1 1x, https:\/\/i0.wp.com\/www.grieta.org.mx\/wp-content\/uploads\/2019\/04\/Tabaco.jpeg?resize=525%2C300&ssl=1 1.5x, https:\/\/i0.wp.com\/www.grieta.org.mx\/wp-content\/uploads\/2019\/04\/Tabaco.jpeg?resize=700%2C400&ssl=1 2x"},"classes":[]},{"id":32174,"url":"https:\/\/www.grieta.org.mx\/index.php\/2019\/03\/18\/exigen-disculpa-publica-por-el-total-de-desaparecidos-en-coahuila\/","url_meta":{"origin":34454,"position":1},"title":"Exigen disculpa p\u00fablica por el total de desaparecidos en Coahuila","author":"grieta","date":"18 marzo, 2019","format":false,"excerpt":"Adem\u00e1s de la masacre de Allende, Gobierno debe hacer lo propio donde hubo ejecuciones masivas \u00a0 Armando R\u00edos\/VANGUARDIAMX Colectivos de b\u00fasqueda de personas desaparecidas en Coahuila, afirman que despu\u00e9s de que el Gobierno de Coahuila d\u00e9 una disculpa p\u00fablica por el caso Allende, tendr\u00e1n que replicar el acto en las\u2026","rel":"","context":"En &quot;CINTILLO&quot;","block_context":{"text":"CINTILLO","link":"https:\/\/www.grieta.org.mx\/index.php\/category\/cintillo\/"},"img":{"alt_text":"","src":"https:\/\/i0.wp.com\/www.grieta.org.mx\/wp-content\/uploads\/2019\/04\/zapatos.jpg?resize=350%2C200&ssl=1","width":350,"height":200,"srcset":"https:\/\/i0.wp.com\/www.grieta.org.mx\/wp-content\/uploads\/2019\/04\/zapatos.jpg?resize=350%2C200&ssl=1 1x, https:\/\/i0.wp.com\/www.grieta.org.mx\/wp-content\/uploads\/2019\/04\/zapatos.jpg?resize=525%2C300&ssl=1 1.5x, https:\/\/i0.wp.com\/www.grieta.org.mx\/wp-content\/uploads\/2019\/04\/zapatos.jpg?resize=700%2C400&ssl=1 2x"},"classes":[]},{"id":12625,"url":"https:\/\/www.grieta.org.mx\/index.php\/2016\/05\/19\/buscan-cadaveres-de-mil-600-desaparecidos-coahuila\/","url_meta":{"origin":34454,"position":2},"title":"\u00a1Buscan cad\u00e1veres de mil 600 desaparecidos! (Coahuila)","author":"grieta","date":"19 mayo, 2016","format":false,"excerpt":"*** Ejercito de ciudadanos y elementos de la PGJE, peinan Allende y ejido El Moral para localizar restos humanos.- Piedras Negras, Coah., 18 de Mayo.- Un ej\u00e9rcito de ciudadanos apoyados por elementos de la Procuradur\u00eda General de Justicia de Coahuila iniciaron en Allende y el ejido El Moral, la b\u00fasqueda\u2026","rel":"","context":"En &quot;CINTILLO&quot;","block_context":{"text":"CINTILLO","link":"https:\/\/www.grieta.org.mx\/index.php\/category\/cintillo\/"},"img":{"alt_text":"","src":"https:\/\/i0.wp.com\/www.grieta.org.mx\/wp-content\/uploads\/2018\/03\/14524434_1106112876131411_958039263622046936_o.jpg?resize=350%2C200&ssl=1","width":350,"height":200,"srcset":"https:\/\/i0.wp.com\/www.grieta.org.mx\/wp-content\/uploads\/2018\/03\/14524434_1106112876131411_958039263622046936_o.jpg?resize=350%2C200&ssl=1 1x, https:\/\/i0.wp.com\/www.grieta.org.mx\/wp-content\/uploads\/2018\/03\/14524434_1106112876131411_958039263622046936_o.jpg?resize=525%2C300&ssl=1 1.5x, https:\/\/i0.wp.com\/www.grieta.org.mx\/wp-content\/uploads\/2018\/03\/14524434_1106112876131411_958039263622046936_o.jpg?resize=700%2C400&ssl=1 2x"},"classes":[]},{"id":40417,"url":"https:\/\/www.grieta.org.mx\/index.php\/2019\/10\/23\/mil-cuerpos-hallados-en-fosas-clandestinas-en-coahuila-aun-sin-identificar\/","url_meta":{"origin":34454,"position":3},"title":"Mil cuerpos hallados en fosas clandestinas en Coahuila, a\u00fan sin identificar","author":"grieta","date":"23 octubre, 2019","format":false,"excerpt":"Viridiana Garc\u00eda\/ CONTRAL\u00cdNEA Fuerzas Unidas por Nuestros Desaparecidos en M\u00e9xico (Fundem) denunci\u00f3 que, a 3 a\u00f1os de la promulgaci\u00f3n de la Ley para la Localizaci\u00f3n, Recuperaci\u00f3n e Identificaci\u00f3n Forense de Personas de Coahuila de Zaragoza, los 1 mil cuerpos encontrados en fosas comunes y clandestinas se encuentran sin identificar. \u00a0\u2026","rel":"","context":"En &quot;CINTILLO&quot;","block_context":{"text":"CINTILLO","link":"https:\/\/www.grieta.org.mx\/index.php\/category\/cintillo\/"},"img":{"alt_text":"","src":"https:\/\/i0.wp.com\/www.grieta.org.mx\/wp-content\/uploads\/2019\/10\/azul-blanco.jpg?resize=350%2C200&ssl=1","width":350,"height":200,"srcset":"https:\/\/i0.wp.com\/www.grieta.org.mx\/wp-content\/uploads\/2019\/10\/azul-blanco.jpg?resize=350%2C200&ssl=1 1x, https:\/\/i0.wp.com\/www.grieta.org.mx\/wp-content\/uploads\/2019\/10\/azul-blanco.jpg?resize=525%2C300&ssl=1 1.5x"},"classes":[]},{"id":35207,"url":"https:\/\/www.grieta.org.mx\/index.php\/2019\/06\/21\/revelan-que-entre-los-gobiernos-de-calderon-y-epn-coahuila-ocupo-cuarto-lugar-en-fosas-hallaron-45-en-5-anos\/","url_meta":{"origin":34454,"position":4},"title":"Revelan que entre los gobiernos de Calder\u00f3n y EPN, Coahuila ocup\u00f3 cuarto lugar en fosas: hallaron 45 en 5 a\u00f1os","author":"grieta","date":"21 junio, 2019","format":false,"excerpt":"Armando R\u00edos\/ LA VANGUARDIA MX Lo anterior fue revelado por un estudio que fue presentado por la Comisi\u00f3n Mexicana de Defensa y Promoci\u00f3n de los Derechos Humanos y Art\u00edculo 19 La Comisi\u00f3n Mexicana de Defensa y Promoci\u00f3n de los Derechos Humanos y Art\u00edculo 19, presentaron un estudio que revela, que\u2026","rel":"","context":"En &quot;Chihuahua&quot;","block_context":{"text":"Chihuahua","link":"https:\/\/www.grieta.org.mx\/index.php\/category\/noticias-nacionales\/chihuahua\/"},"img":{"alt_text":"","src":"https:\/\/i0.wp.com\/www.grieta.org.mx\/wp-content\/uploads\/2019\/06\/fosa.jpg?resize=350%2C200&ssl=1","width":350,"height":200,"srcset":"https:\/\/i0.wp.com\/www.grieta.org.mx\/wp-content\/uploads\/2019\/06\/fosa.jpg?resize=350%2C200&ssl=1 1x, https:\/\/i0.wp.com\/www.grieta.org.mx\/wp-content\/uploads\/2019\/06\/fosa.jpg?resize=525%2C300&ssl=1 1.5x, https:\/\/i0.wp.com\/www.grieta.org.mx\/wp-content\/uploads\/2019\/06\/fosa.jpg?resize=700%2C400&ssl=1 2x"},"classes":[]},{"id":23126,"url":"https:\/\/www.grieta.org.mx\/index.php\/2018\/05\/10\/marcha-grupo-vida-por-sus-desaparecidos-en-el-dia-de-las-madres-torreon-coahuila\/","url_meta":{"origin":34454,"position":5},"title":"Marcha grupo Vida por sus desaparecidos en el D\u00eda de las Madres (Torre\u00f3n, Coahuila)","author":"grieta","date":"10 mayo, 2018","format":false,"excerpt":"El contingente camin\u00f3 en sentido contrario por la avenida Ju\u00e1rez. (EL SIGLO DE TORRE\u00d3N) Como desde hace cinco a\u00f1os, el grupo V\u00edctimas por sus Derechos en Acci\u00f3n (Vida), realiza su marcha de familiares de personas desaparecidas en el D\u00eda de las Madres. Guadalupe Miranda\/El Siglo Coahuila El contingente conformado por\u2026","rel":"","context":"En &quot;CINTILLO&quot;","block_context":{"text":"CINTILLO","link":"https:\/\/www.grieta.org.mx\/index.php\/category\/cintillo\/"},"img":{"alt_text":"","src":"https:\/\/i0.wp.com\/www.grieta.org.mx\/wp-content\/uploads\/2018\/05\/Marchan-madre-Torre%C3%B3n.jpeg?resize=350%2C200&ssl=1","width":350,"height":200,"srcset":"https:\/\/i0.wp.com\/www.grieta.org.mx\/wp-content\/uploads\/2018\/05\/Marchan-madre-Torre%C3%B3n.jpeg?resize=350%2C200&ssl=1 1x, https:\/\/i0.wp.com\/www.grieta.org.mx\/wp-content\/uploads\/2018\/05\/Marchan-madre-Torre%C3%B3n.jpeg?resize=525%2C300&ssl=1 1.5x, https:\/\/i0.wp.com\/www.grieta.org.mx\/wp-content\/uploads\/2018\/05\/Marchan-madre-Torre%C3%B3n.jpeg?resize=700%2C400&ssl=1 2x, https:\/\/i0.wp.com\/www.grieta.org.mx\/wp-content\/uploads\/2018\/05\/Marchan-madre-Torre%C3%B3n.jpeg?resize=1050%2C600&ssl=1 3x"},"classes":[]}],"_links":{"self":[{"href":"https:\/\/www.grieta.org.mx\/index.php\/wp-json\/wp\/v2\/posts\/34454","targetHints":{"allow":["GET"]}}],"collection":[{"href":"https:\/\/www.grieta.org.mx\/index.php\/wp-json\/wp\/v2\/posts"}],"about":[{"href":"https:\/\/www.grieta.org.mx\/index.php\/wp-json\/wp\/v2\/types\/post"}],"author":[{"embeddable":true,"href":"https:\/\/www.grieta.org.mx\/index.php\/wp-json\/wp\/v2\/users\/2"}],"replies":[{"embeddable":true,"href":"https:\/\/www.grieta.org.mx\/index.php\/wp-json\/wp\/v2\/comments?post=34454"}],"version-history":[{"count":1,"href":"https:\/\/www.grieta.org.mx\/index.php\/wp-json\/wp\/v2\/posts\/34454\/revisions"}],"predecessor-version":[{"id":34455,"href":"https:\/\/www.grieta.org.mx\/index.php\/wp-json\/wp\/v2\/posts\/34454\/revisions\/34455"}],"wp:featuredmedia":[{"embeddable":true,"href":"https:\/\/www.grieta.org.mx\/index.php\/wp-json\/wp\/v2\/media\/21928"}],"wp:attachment":[{"href":"https:\/\/www.grieta.org.mx\/index.php\/wp-json\/wp\/v2\/media?parent=34454"}],"wp:term":[{"taxonomy":"category","embeddable":true,"href":"https:\/\/www.grieta.org.mx\/index.php\/wp-json\/wp\/v2\/categories?post=34454"},{"taxonomy":"post_tag","embeddable":true,"href":"https:\/\/www.grieta.org.mx\/index.php\/wp-json\/wp\/v2\/tags?post=34454"}],"curies":[{"name":"wp","href":"https:\/\/api.w.org\/{rel}","templated":true}]}}