{"id":34434,"date":"2019-06-07T18:28:03","date_gmt":"2019-06-07T23:28:03","guid":{"rendered":"http:\/\/www.grieta.org.mx\/?p=34434"},"modified":"2019-06-07T18:28:03","modified_gmt":"2019-06-07T23:28:03","slug":"preocupa-a-gremio-periodistico-llamado-de-juez-a-reporteros-en-mazatlan-sinaloa","status":"publish","type":"post","link":"https:\/\/www.grieta.org.mx\/index.php\/2019\/06\/07\/preocupa-a-gremio-periodistico-llamado-de-juez-a-reporteros-en-mazatlan-sinaloa\/","title":{"rendered":"Preocupa a gremio period\u00edstico llamado de juez a reporteros en Mazatl\u00e1n (Sinaloa)"},"content":{"rendered":"<p><img loading=\"lazy\" decoding=\"async\" data-attachment-id=\"34436\" data-permalink=\"https:\/\/www.grieta.org.mx\/index.php\/2019\/06\/07\/preocupa-a-gremio-periodistico-llamado-de-juez-a-reporteros-en-mazatlan-sinaloa\/inzunza-cazarez-404x227\/\" data-orig-file=\"https:\/\/www.grieta.org.mx\/wp-content\/uploads\/2019\/06\/inzunza-cazarez-404x227.jpg\" data-orig-size=\"404,227\" data-comments-opened=\"0\" data-image-meta=\"{&quot;aperture&quot;:&quot;0&quot;,&quot;credit&quot;:&quot;&quot;,&quot;camera&quot;:&quot;&quot;,&quot;caption&quot;:&quot;&quot;,&quot;created_timestamp&quot;:&quot;0&quot;,&quot;copyright&quot;:&quot;&quot;,&quot;focal_length&quot;:&quot;0&quot;,&quot;iso&quot;:&quot;0&quot;,&quot;shutter_speed&quot;:&quot;0&quot;,&quot;title&quot;:&quot;&quot;,&quot;orientation&quot;:&quot;0&quot;}\" data-image-title=\"inzunza-cazarez-404&amp;#215;227\" data-image-description=\"\" data-image-caption=\"\" data-medium-file=\"https:\/\/www.grieta.org.mx\/wp-content\/uploads\/2019\/06\/inzunza-cazarez-404x227-300x169.jpg\" data-large-file=\"https:\/\/www.grieta.org.mx\/wp-content\/uploads\/2019\/06\/inzunza-cazarez-404x227.jpg\" class=\" wp-image-34436 aligncenter\" src=\"http:\/\/www.grieta.org.mx\/wp-content\/uploads\/2019\/06\/inzunza-cazarez-404x227.jpg\" alt=\"\" width=\"731\" height=\"411\" srcset=\"https:\/\/www.grieta.org.mx\/wp-content\/uploads\/2019\/06\/inzunza-cazarez-404x227.jpg 404w, https:\/\/www.grieta.org.mx\/wp-content\/uploads\/2019\/06\/inzunza-cazarez-404x227-300x169.jpg 300w\" sizes=\"auto, (max-width: 731px) 100vw, 731px\" \/><\/p>\n<p><em>Ante los citatorios girados por el Juez Primero Civil de Primera Instancia de Mazatl\u00e1n para que ocho reporteros de ese puerto comparezcan a ratificar contenido de sus publicaciones, activistas, periodistas y defensores de los derechos humanos expresaron su preocupaci\u00f3n.<\/em><\/p>\n<p>Albaro Saldoval \/ Espejo<\/p>\n<p>A trav\u00e9s de una carta\u00a0entregada al presidente del Supremo Tribunal de Justicia (STJ) de Sinaloa, Enrique Inzunza C\u00e1zarez,\u00a0la Comisi\u00f3n de Defensa de los Derechos Humanos, Iniciativa Sinaloa, la Asociaci\u00f3n de Periodistas 7 de Junio y el Colectivo de\u00a0<em>Periodistas por la Paz<\/em>\u00a0y la Libertad de Expresi\u00f3n, se\u00f1alan que en todo caso los periodistas citados deben ser protegidos.<\/p>\n<p>Esto en referencia a los citatorios girados por el Juez Primero Civil de Primera Instancia de Mazatl\u00e1n para que ocho reporteros de ese puerto comparezcan a ratificar contenido de sus publicaciones.<\/p>\n<p>\u201cNo se trata de crear un ambiente de incumplimiento a ordenamientos judiciales ni queremos promoverlo\u2026 No obstante, la situaci\u00f3n que prevalece en todo nuestro pa\u00eds y particularmente en el estado de Sinaloa en relaci\u00f3n a agresiones a comunicadores, nos obliga a replantear que por el entorno de peligro en que los comunicadores han estado desarrollando su labor, se deben tomar medidas para ser protegidos\u201d.<\/p>\n<p>El documento indica que la propia exigencia de las partes litigantes para lograr la comparecencia de comunicadores ante instancias judiciales, aun cuando sean de car\u00e1cter civil, determina una exposici\u00f3n al compareciente de incertidumbre y crispaci\u00f3n.<\/p>\n<p>La Asociaci\u00f3n de Periodistas 7 de Junio se\u00f1ala que la decisi\u00f3n hace suponer que el juzgador se presta a estrategias de car\u00e1cter legal de las partes interesadas, que a su vez significa una exposici\u00f3n a la integridad tanto f\u00edsica como moral y \u00e9tica del comunicador.<\/p>\n<p>Por \u00faltimo solicita al STJ que las diligencias judiciales se lleven a cabo sin perder la esencia propia de la prueba que es el conocimiento de la verdad jur\u00eddica y que no se obligue al compareciente a ir m\u00e1s all\u00e1 de la ratificaci\u00f3n del contenido del documento objeto de la prueba.<\/p>\n<p>Tambi\u00e9n le pide que se protejan los derechos que le asisten al compareciente por su car\u00e1cter de comunicador y del principio rector que determina que ning\u00fan comunicador est\u00e1 obligado a mencionar la fuente de la nota.<\/p>\n<p><a href=\"http:\/\/revistaespejo.com\/2019\/06\/preocupa-a-gremio-periodistico-llamado-de-juez-a-reporteros-en-mazatlan\/\">http:\/\/revistaespejo.com\/2019\/06\/preocupa-a-gremio-periodistico-llamado-de-juez-a-reporteros-en-mazatlan\/<\/a><\/p>\n","protected":false},"excerpt":{"rendered":"<p>Ante los citatorios girados por el Juez Primero Civil de Primera Instancia de Mazatl\u00e1n para que ocho reporteros de ese puerto comparezcan a ratificar contenido de sus publicaciones, activistas, periodistas &hellip; <a href=\"https:\/\/www.grieta.org.mx\/index.php\/2019\/06\/07\/preocupa-a-gremio-periodistico-llamado-de-juez-a-reporteros-en-mazatlan-sinaloa\/\" class=\"more-link\">Leer m\u00e1s<\/a><\/p>\n","protected":false},"author":2,"featured_media":34436,"comment_status":"closed","ping_status":"closed","sticky":false,"template":"","format":"standard","meta":{"ngg_post_thumbnail":0,"_jetpack_newsletter_access":"","_jetpack_dont_email_post_to_subs":false,"_jetpack_newsletter_tier_id":0,"_jetpack_memberships_contains_paywalled_content":false,"_jetpack_memberships_contains_paid_content":false,"footnotes":""},"categories":[80,2,30,83,88,1239],"tags":[2474,2486,2263,120],"class_list":["post-34434","post","type-post","status-publish","format-standard","has-post-thumbnail","hentry","category-cintillo","category-noticias-nacionales","category-sinaloa","category-temas-nacionales","category-violencia-contra-periodistas","category-violencia-contra-periodistas-en-sinaloa","tag-acoso-contra-periodistas","tag-amenazas-contra-periodistas","tag-hostigamiento-contra-periodistas","tag-violencia-contra-periodistas","entry"],"jetpack_featured_media_url":"https:\/\/www.grieta.org.mx\/wp-content\/uploads\/2019\/06\/inzunza-cazarez-404x227.jpg","jetpack_sharing_enabled":true,"jetpack_shortlink":"https:\/\/wp.me\/p7ZJR4-8Xo","jetpack_likes_enabled":false,"jetpack-related-posts":[{"id":36996,"url":"https:\/\/www.grieta.org.mx\/index.php\/2019\/07\/20\/periodistas-exigen-respeto-a-la-libertad-de-expresion-en-sinaloa\/","url_meta":{"origin":34434,"position":0},"title":"Periodistas exigen respeto a la libertad de expresi\u00f3n en Sinaloa","author":"grieta","date":"20 julio, 2019","format":false,"excerpt":"Foto: El Debate La Asociaci\u00f3n de Periodistas y Comunicadores 7 de Junio realizaron un llamado a los alcaldes de Mazatl\u00e1n, Culiac\u00e1n y Ahome de hostigamieno, intimidaci\u00f3n y amenazas a reporteros Redacci\u00f3n \/ El Debate Culiac\u00e1n.-Tras varios casos denunciados de hostigamiento, intimidaci\u00f3n y hasta amenazas a reporteros en el estado, la\u2026","rel":"","context":"En &quot;CINTILLO&quot;","block_context":{"text":"CINTILLO","link":"https:\/\/www.grieta.org.mx\/index.php\/category\/cintillo\/"},"img":{"alt_text":"","src":"https:\/\/i0.wp.com\/www.grieta.org.mx\/wp-content\/uploads\/2019\/07\/7_de_junio_crop1563682486465.jpeg_1727466156.jpeg?resize=350%2C200&ssl=1","width":350,"height":200,"srcset":"https:\/\/i0.wp.com\/www.grieta.org.mx\/wp-content\/uploads\/2019\/07\/7_de_junio_crop1563682486465.jpeg_1727466156.jpeg?resize=350%2C200&ssl=1 1x, https:\/\/i0.wp.com\/www.grieta.org.mx\/wp-content\/uploads\/2019\/07\/7_de_junio_crop1563682486465.jpeg_1727466156.jpeg?resize=525%2C300&ssl=1 1.5x, https:\/\/i0.wp.com\/www.grieta.org.mx\/wp-content\/uploads\/2019\/07\/7_de_junio_crop1563682486465.jpeg_1727466156.jpeg?resize=700%2C400&ssl=1 2x"},"classes":[]},{"id":37001,"url":"https:\/\/www.grieta.org.mx\/index.php\/2019\/07\/18\/mario-martini-pide-al-alcalde-de-mazatlan-que-cese-el-hostigamiento-sinaloa\/","url_meta":{"origin":34434,"position":1},"title":"Mario Martini pide al alcalde de Mazatl\u00e1n que cese el hostigamiento (Sinaloa)","author":"grieta","date":"18 julio, 2019","format":false,"excerpt":"Foto: ilustrativa Blanca Regalado Mazatl\u00e1n, Sinaloa.- En la recepci\u00f3n de la oficina de Presi-dencia, el periodista Mario Martini llam\u00f3 al alcalde que cese el hostigamiento y que ordene a sus funcionarios que dejen de agredir y perseguir a reporteros. Martini solicit\u00f3 hablar con el mandatario municipal, pero le informaron que\u2026","rel":"","context":"En &quot;CINTILLO&quot;","block_context":{"text":"CINTILLO","link":"https:\/\/www.grieta.org.mx\/index.php\/category\/cintillo\/"},"img":{"alt_text":"","src":"https:\/\/i0.wp.com\/www.grieta.org.mx\/wp-content\/uploads\/2019\/07\/WhatsApp-Image-2019-07-16-at-16.47.16.jpeg?resize=350%2C200&ssl=1","width":350,"height":200,"srcset":"https:\/\/i0.wp.com\/www.grieta.org.mx\/wp-content\/uploads\/2019\/07\/WhatsApp-Image-2019-07-16-at-16.47.16.jpeg?resize=350%2C200&ssl=1 1x, https:\/\/i0.wp.com\/www.grieta.org.mx\/wp-content\/uploads\/2019\/07\/WhatsApp-Image-2019-07-16-at-16.47.16.jpeg?resize=525%2C300&ssl=1 1.5x, https:\/\/i0.wp.com\/www.grieta.org.mx\/wp-content\/uploads\/2019\/07\/WhatsApp-Image-2019-07-16-at-16.47.16.jpeg?resize=700%2C400&ssl=1 2x, https:\/\/i0.wp.com\/www.grieta.org.mx\/wp-content\/uploads\/2019\/07\/WhatsApp-Image-2019-07-16-at-16.47.16.jpeg?resize=1050%2C600&ssl=1 3x"},"classes":[]},{"id":38167,"url":"https:\/\/www.grieta.org.mx\/index.php\/2019\/08\/15\/periodistas-interponen-queja-en-cedh-por-agresion-de-alcaldes-sinaloa\/","url_meta":{"origin":34434,"position":2},"title":"Periodistas interponen queja en CEDH por agresi\u00f3n de alcaldes (Sinaloa)","author":"grieta","date":"15 agosto, 2019","format":false,"excerpt":"Foto: El Debate La Asociaci\u00f3n de Periodistas 7 de Junio interpusieron\u00a0quejas en la CEDH por agresi\u00f3n de alcaldes Estefan\u00eda L\u00f3pez Corral \/ El Debate Culiac\u00e1n, Sinaloa.- Periodistas que conforma la Asociaci\u00f3n de Periodistas 7 de Junio, interpusieron una denuncia ante la Comisi\u00f3n Estatal de Derechos Humanos por casos de agresi\u00f3n\u2026","rel":"","context":"En &quot;CINTILLO&quot;","block_context":{"text":"CINTILLO","link":"https:\/\/www.grieta.org.mx\/index.php\/category\/cintillo\/"},"img":{"alt_text":"","src":"https:\/\/i0.wp.com\/www.grieta.org.mx\/wp-content\/uploads\/2019\/08\/periodistas_interponen_queja_en_cedh_por_agresixn_de_alcaldes.jpg_219914347.jpg?resize=350%2C200&ssl=1","width":350,"height":200,"srcset":"https:\/\/i0.wp.com\/www.grieta.org.mx\/wp-content\/uploads\/2019\/08\/periodistas_interponen_queja_en_cedh_por_agresixn_de_alcaldes.jpg_219914347.jpg?resize=350%2C200&ssl=1 1x, https:\/\/i0.wp.com\/www.grieta.org.mx\/wp-content\/uploads\/2019\/08\/periodistas_interponen_queja_en_cedh_por_agresixn_de_alcaldes.jpg_219914347.jpg?resize=525%2C300&ssl=1 1.5x, https:\/\/i0.wp.com\/www.grieta.org.mx\/wp-content\/uploads\/2019\/08\/periodistas_interponen_queja_en_cedh_por_agresixn_de_alcaldes.jpg_219914347.jpg?resize=700%2C400&ssl=1 2x"},"classes":[]},{"id":23186,"url":"https:\/\/www.grieta.org.mx\/index.php\/2018\/05\/16\/no-hay-justicia-para-javier-valdez-tampoco-seguridad-para-periodistas-denuncian-sinaloa\/","url_meta":{"origin":34434,"position":3},"title":"No hay justicia para Javier Valdez, tampoco seguridad para periodistas, denuncian (Sinaloa)","author":"grieta","date":"16 mayo, 2018","format":false,"excerpt":"","rel":"","context":"En &quot;CINTILLO&quot;","block_context":{"text":"CINTILLO","link":"https:\/\/www.grieta.org.mx\/index.php\/category\/cintillo\/"},"img":{"alt_text":"","src":"https:\/\/i0.wp.com\/www.grieta.org.mx\/wp-content\/uploads\/2018\/05\/imagen_mak_5443.jpg_539665225.jpg?resize=350%2C200&ssl=1","width":350,"height":200,"srcset":"https:\/\/i0.wp.com\/www.grieta.org.mx\/wp-content\/uploads\/2018\/05\/imagen_mak_5443.jpg_539665225.jpg?resize=350%2C200&ssl=1 1x, https:\/\/i0.wp.com\/www.grieta.org.mx\/wp-content\/uploads\/2018\/05\/imagen_mak_5443.jpg_539665225.jpg?resize=525%2C300&ssl=1 1.5x"},"classes":[]},{"id":20322,"url":"https:\/\/www.grieta.org.mx\/index.php\/2016\/08\/22\/violencia-contra-periodistas-en-sinaloa\/","url_meta":{"origin":34434,"position":4},"title":"Violencia contra periodistas en Sinaloa","author":"grieta","date":"22 agosto, 2016","format":false,"excerpt":"22\/08\/16. Allanan despacho de Teresa Guerra, abogada y comunicadora sinaloenseCimac Noticias","rel":"","context":"En &quot;NOTICIAS NACIONALES&quot;","block_context":{"text":"NOTICIAS NACIONALES","link":"https:\/\/www.grieta.org.mx\/index.php\/category\/noticias-nacionales\/"},"img":{"alt_text":"","src":"https:\/\/i0.wp.com\/www.grieta.org.mx\/wp-content\/uploads\/2018\/03\/14524434_1106112876131411_958039263622046936_o.jpg?resize=350%2C200&ssl=1","width":350,"height":200,"srcset":"https:\/\/i0.wp.com\/www.grieta.org.mx\/wp-content\/uploads\/2018\/03\/14524434_1106112876131411_958039263622046936_o.jpg?resize=350%2C200&ssl=1 1x, https:\/\/i0.wp.com\/www.grieta.org.mx\/wp-content\/uploads\/2018\/03\/14524434_1106112876131411_958039263622046936_o.jpg?resize=525%2C300&ssl=1 1.5x, https:\/\/i0.wp.com\/www.grieta.org.mx\/wp-content\/uploads\/2018\/03\/14524434_1106112876131411_958039263622046936_o.jpg?resize=700%2C400&ssl=1 2x"},"classes":[]},{"id":34429,"url":"https:\/\/www.grieta.org.mx\/index.php\/2019\/06\/07\/mensaje-a-la-feadle-en-sinaloa-los-periodistas-no-olvidamos-que-tenemos-una-cuenta-pendiente\/","url_meta":{"origin":34434,"position":5},"title":"Mensaje a la Feadle: \u201cEn Sinaloa, los periodistas no olvidamos que tenemos una cuenta pendiente\u201d","author":"grieta","date":"7 junio, 2019","format":false,"excerpt":"Redacci\u00f3n \/ Espejo \u201cEn Sinaloa, los periodistas no olvidamos que tenemos una cuenta pendiente\u201d, fue el mensaje\u00a0de la presidenta entrante de la Asociaci\u00f3n de Periodistas y Comunicadores 7 de Junio, Mar\u00eda de los \u00c1ngeles Moreno, hac\u00eda la\u00a0Fiscal\u00eda Especializada para la Atenci\u00f3n de Delitos Contra la Libertad de Expresi\u00f3n (Feadle) ante\u2026","rel":"","context":"En &quot;CINTILLO&quot;","block_context":{"text":"CINTILLO","link":"https:\/\/www.grieta.org.mx\/index.php\/category\/cintillo\/"},"img":{"alt_text":"","src":"https:\/\/i0.wp.com\/www.grieta.org.mx\/wp-content\/uploads\/2019\/06\/7-de-junio.jpg?resize=350%2C200&ssl=1","width":350,"height":200,"srcset":"https:\/\/i0.wp.com\/www.grieta.org.mx\/wp-content\/uploads\/2019\/06\/7-de-junio.jpg?resize=350%2C200&ssl=1 1x, https:\/\/i0.wp.com\/www.grieta.org.mx\/wp-content\/uploads\/2019\/06\/7-de-junio.jpg?resize=525%2C300&ssl=1 1.5x, https:\/\/i0.wp.com\/www.grieta.org.mx\/wp-content\/uploads\/2019\/06\/7-de-junio.jpg?resize=700%2C400&ssl=1 2x, https:\/\/i0.wp.com\/www.grieta.org.mx\/wp-content\/uploads\/2019\/06\/7-de-junio.jpg?resize=1050%2C600&ssl=1 3x"},"classes":[]}],"_links":{"self":[{"href":"https:\/\/www.grieta.org.mx\/index.php\/wp-json\/wp\/v2\/posts\/34434","targetHints":{"allow":["GET"]}}],"collection":[{"href":"https:\/\/www.grieta.org.mx\/index.php\/wp-json\/wp\/v2\/posts"}],"about":[{"href":"https:\/\/www.grieta.org.mx\/index.php\/wp-json\/wp\/v2\/types\/post"}],"author":[{"embeddable":true,"href":"https:\/\/www.grieta.org.mx\/index.php\/wp-json\/wp\/v2\/users\/2"}],"replies":[{"embeddable":true,"href":"https:\/\/www.grieta.org.mx\/index.php\/wp-json\/wp\/v2\/comments?post=34434"}],"version-history":[{"count":1,"href":"https:\/\/www.grieta.org.mx\/index.php\/wp-json\/wp\/v2\/posts\/34434\/revisions"}],"predecessor-version":[{"id":34437,"href":"https:\/\/www.grieta.org.mx\/index.php\/wp-json\/wp\/v2\/posts\/34434\/revisions\/34437"}],"wp:featuredmedia":[{"embeddable":true,"href":"https:\/\/www.grieta.org.mx\/index.php\/wp-json\/wp\/v2\/media\/34436"}],"wp:attachment":[{"href":"https:\/\/www.grieta.org.mx\/index.php\/wp-json\/wp\/v2\/media?parent=34434"}],"wp:term":[{"taxonomy":"category","embeddable":true,"href":"https:\/\/www.grieta.org.mx\/index.php\/wp-json\/wp\/v2\/categories?post=34434"},{"taxonomy":"post_tag","embeddable":true,"href":"https:\/\/www.grieta.org.mx\/index.php\/wp-json\/wp\/v2\/tags?post=34434"}],"curies":[{"name":"wp","href":"https:\/\/api.w.org\/{rel}","templated":true}]}}