{"id":34336,"date":"2019-06-05T01:38:17","date_gmt":"2019-06-05T06:38:17","guid":{"rendered":"http:\/\/www.grieta.org.mx\/?p=34336"},"modified":"2019-06-06T01:43:29","modified_gmt":"2019-06-06T06:43:29","slug":"afectados-por-calidra-interponen-queja-ante-derechos-humanos-san-luis-potosi","status":"publish","type":"post","link":"https:\/\/www.grieta.org.mx\/index.php\/2019\/06\/05\/afectados-por-calidra-interponen-queja-ante-derechos-humanos-san-luis-potosi\/","title":{"rendered":"Afectados por Calidra interponen queja ante Derechos Humanos (San Luis Potos\u00ed)"},"content":{"rendered":"<p><img loading=\"lazy\" decoding=\"async\" data-attachment-id=\"34337\" data-permalink=\"https:\/\/www.grieta.org.mx\/index.php\/2019\/06\/05\/afectados-por-calidra-interponen-queja-ante-derechos-humanos-san-luis-potosi\/afectados-por-calidra-interponen-queja-ante-derechos-humanos-slp-jun\/\" data-orig-file=\"https:\/\/www.grieta.org.mx\/wp-content\/uploads\/2019\/06\/Afectados-por-Calidra-interponen-queja-ante-Derechos-Humanos-slp-jun.jpg\" data-orig-size=\"700,450\" data-comments-opened=\"0\" data-image-meta=\"{&quot;aperture&quot;:&quot;11&quot;,&quot;credit&quot;:&quot;&quot;,&quot;camera&quot;:&quot;Canon EOS 5D&quot;,&quot;caption&quot;:&quot;&quot;,&quot;created_timestamp&quot;:&quot;1250004726&quot;,&quot;copyright&quot;:&quot;&quot;,&quot;focal_length&quot;:&quot;24&quot;,&quot;iso&quot;:&quot;50&quot;,&quot;shutter_speed&quot;:&quot;0.005&quot;,&quot;title&quot;:&quot;&quot;,&quot;orientation&quot;:&quot;1&quot;}\" data-image-title=\"Afectados por Calidra interponen queja ante Derechos Humanos slp jun\" data-image-description=\"\" data-image-caption=\"\" data-medium-file=\"https:\/\/www.grieta.org.mx\/wp-content\/uploads\/2019\/06\/Afectados-por-Calidra-interponen-queja-ante-Derechos-Humanos-slp-jun-300x193.jpg\" data-large-file=\"https:\/\/www.grieta.org.mx\/wp-content\/uploads\/2019\/06\/Afectados-por-Calidra-interponen-queja-ante-Derechos-Humanos-slp-jun.jpg\" class=\"alignleft size-full wp-image-34337\" src=\"http:\/\/www.grieta.org.mx\/wp-content\/uploads\/2019\/06\/Afectados-por-Calidra-interponen-queja-ante-Derechos-Humanos-slp-jun.jpg\" alt=\"\" width=\"700\" height=\"450\" srcset=\"https:\/\/www.grieta.org.mx\/wp-content\/uploads\/2019\/06\/Afectados-por-Calidra-interponen-queja-ante-Derechos-Humanos-slp-jun.jpg 700w, https:\/\/www.grieta.org.mx\/wp-content\/uploads\/2019\/06\/Afectados-por-Calidra-interponen-queja-ante-Derechos-Humanos-slp-jun-300x193.jpg 300w\" sizes=\"auto, (max-width: 700px) 100vw, 700px\" \/><br \/>\nJorge Torres \/ Plano Informativo<\/p>\n<blockquote><p>Es una queja contra autoridades del Ayuntamiento de San Luis Potos\u00ed por la permisibilidad de un cambio de usos de suelo y diversos permisos municipales<\/p><\/blockquote>\n<p>San Luis Potos\u00ed, SLP.- El presidente de la Comisi\u00f3n Estatal de Derechos Humanos (CEDH), Jorge Andr\u00e9s L\u00f3pez Espinosa, informo que atendi\u00f3 este mediod\u00eda en las instalaciones de la Comisi\u00f3n a vecinos y representantes de las colonias que est\u00e1n cercanas a la carretera Rioverde, lo que se conoce como La Florida, los cuales presentaron una queja contra autoridades del Ayuntamiento de San Luis Potos\u00ed por la permisibilidad de un cambio de usos de suelo y diversos permisos municipales que le han permitido operar a la empresa Cal Qu\u00edmica Mexicana de M\u00e9xico conocida como Calidra.<\/p>\n<p>Destac\u00f3 que recibi\u00f3 a los ciudadanos que consideran que se ver\u00e1n afectados por la zona en donde se pretende operar est\u00e1 empresa, adem\u00e1s de representaciones de diferentes organizaciones civiles que conjuntan a los colonos de estos lugares aleda\u00f1os, los cuales de manera muy amplia expusieron cu\u00e1les han sido los antecedentes y tambi\u00e9n las acciones que han realizado despu\u00e9s de la expedici\u00f3n de los permisos; adem\u00e1s de parte de la CEDH se les hizo saber la competencia de la comisi\u00f3n en estos temas y se tramit\u00f3 la queja que presentaron.<\/p>\n<p>Finalmente L\u00f3pez Espinosa detall\u00f3 que en su presentaci\u00f3n de queja los promoventes destacan violaciones a la legalidad, a la seguridad jur\u00eddica, al medio ambiente, a la salud y a la vivienda, que desde luego son derechos fundamentales, por lo que toca a la CEDH se tiene que investigar la procedencia de esta queja por eso se inici\u00f3 el tr\u00e1mite y se les explic\u00f3 que en los pr\u00f3ximos d\u00edas se estar\u00e1 solicitando los informes correspondientes a las autoridades municipales que ellos han se\u00f1alado.<\/p>\n<p><a href=\"http:\/\/planoinformativo.com\/664023\/afectados-por-calidra-interponen-queja-ante-derechos-humanos-slp\" target=\"_blank\" rel=\"noopener noreferrer\">http:\/\/planoinformativo.com\/664023\/afectados-por-calidra-interponen-queja-ante-derechos-humanos-slp<\/a><\/p>\n","protected":false},"excerpt":{"rendered":"<p>Jorge Torres \/ Plano Informativo Es una queja contra autoridades del Ayuntamiento de San Luis Potos\u00ed por la permisibilidad de un cambio de usos de suelo y diversos permisos municipales &hellip; <a href=\"https:\/\/www.grieta.org.mx\/index.php\/2019\/06\/05\/afectados-por-calidra-interponen-queja-ante-derechos-humanos-san-luis-potosi\/\" class=\"more-link\">Leer m\u00e1s<\/a><\/p>\n","protected":false},"author":2,"featured_media":34337,"comment_status":"closed","ping_status":"closed","sticky":false,"template":"","format":"standard","meta":{"ngg_post_thumbnail":0,"_jetpack_newsletter_access":"","_jetpack_dont_email_post_to_subs":false,"_jetpack_newsletter_tier_id":0,"_jetpack_memberships_contains_paywalled_content":false,"_jetpack_memberships_contains_paid_content":false,"footnotes":""},"categories":[80,1792,2,29],"tags":[2379,91,2170],"class_list":["post-34336","post","type-post","status-publish","format-standard","has-post-thumbnail","hentry","category-cintillo","category-contaminacion-ambiental-en-san-luis-potosi","category-noticias-nacionales","category-san-luis-potosi","tag-colonos","tag-contaminacion-ambiental","tag-danos-a-la-salud","entry"],"jetpack_featured_media_url":"https:\/\/www.grieta.org.mx\/wp-content\/uploads\/2019\/06\/Afectados-por-Calidra-interponen-queja-ante-Derechos-Humanos-slp-jun.jpg","jetpack_sharing_enabled":true,"jetpack_shortlink":"https:\/\/wp.me\/p7ZJR4-8VO","jetpack_likes_enabled":false,"jetpack-related-posts":[{"id":27012,"url":"https:\/\/www.grieta.org.mx\/index.php\/2018\/10\/05\/cal-quimica-instala-ilegalmente-hidratadora-san-luis-potosi\/","url_meta":{"origin":34336,"position":0},"title":"Cal Qu\u00edmica instala ilegalmente hidratadora (San Luis Potos\u00ed)","author":"grieta","date":"5 octubre, 2018","format":false,"excerpt":"Lilia Quevedo\/Plano Informativo Vecinos y colonos de la comunidad de Jassos, Santa Rita, la delegaci\u00f3n de Pozos, Los G\u00f3mez y fraccionamientos: Los Morales, Real del Potos\u00ed, Granjas de la Florida, Bosques de la Florida, Residencial la Florida y Bugambilias, emitieron un comunicado en el cual denunciaron que la empresa Cal\u2026","rel":"","context":"En &quot;CINTILLO&quot;","block_context":{"text":"CINTILLO","link":"https:\/\/www.grieta.org.mx\/index.php\/category\/cintillo\/"},"img":{"alt_text":"","src":"https:\/\/i0.wp.com\/www.grieta.org.mx\/wp-content\/uploads\/2018\/10\/Cal-Qu%C3%ADmica-instala-ilegalmente-hidratadora.jpg?resize=350%2C200&ssl=1","width":350,"height":200,"srcset":"https:\/\/i0.wp.com\/www.grieta.org.mx\/wp-content\/uploads\/2018\/10\/Cal-Qu%C3%ADmica-instala-ilegalmente-hidratadora.jpg?resize=350%2C200&ssl=1 1x, https:\/\/i0.wp.com\/www.grieta.org.mx\/wp-content\/uploads\/2018\/10\/Cal-Qu%C3%ADmica-instala-ilegalmente-hidratadora.jpg?resize=525%2C300&ssl=1 1.5x, https:\/\/i0.wp.com\/www.grieta.org.mx\/wp-content\/uploads\/2018\/10\/Cal-Qu%C3%ADmica-instala-ilegalmente-hidratadora.jpg?resize=700%2C400&ssl=1 2x"},"classes":[]},{"id":40562,"url":"https:\/\/www.grieta.org.mx\/index.php\/2019\/10\/19\/san-luis-potosi-una-ciudad-mas-contaminada-que-la-cdmx\/","url_meta":{"origin":34336,"position":1},"title":"San Luis Potos\u00ed, una ciudad m\u00e1s contaminada que la CDMX","author":"grieta","date":"19 octubre, 2019","format":false,"excerpt":"El 84 por ciento de las crisis de contaminaci\u00f3n en San Luis Potos\u00ed provienen de la Zona Industrial, de acuerdo con un investigador de la UASLP Roberto Rocha\/La Orquesta 19 octubre En San Luis Potos\u00ed, el 84 por ciento de los episodios de altos niveles de contaminaci\u00f3n provienen de la\u2026","rel":"","context":"En &quot;CINTILLO&quot;","block_context":{"text":"CINTILLO","link":"https:\/\/www.grieta.org.mx\/index.php\/category\/cintillo\/"},"img":{"alt_text":"","src":"https:\/\/i0.wp.com\/www.grieta.org.mx\/wp-content\/uploads\/2019\/10\/WhatsApp-Image-2018-03-01-at-1.50.33-PM.jpeg?resize=350%2C200&ssl=1","width":350,"height":200,"srcset":"https:\/\/i0.wp.com\/www.grieta.org.mx\/wp-content\/uploads\/2019\/10\/WhatsApp-Image-2018-03-01-at-1.50.33-PM.jpeg?resize=350%2C200&ssl=1 1x, https:\/\/i0.wp.com\/www.grieta.org.mx\/wp-content\/uploads\/2019\/10\/WhatsApp-Image-2018-03-01-at-1.50.33-PM.jpeg?resize=525%2C300&ssl=1 1.5x, https:\/\/i0.wp.com\/www.grieta.org.mx\/wp-content\/uploads\/2019\/10\/WhatsApp-Image-2018-03-01-at-1.50.33-PM.jpeg?resize=700%2C400&ssl=1 2x"},"classes":[]},{"id":31648,"url":"https:\/\/www.grieta.org.mx\/index.php\/2019\/04\/02\/paisanos-el-ano-pasado-fueron-extorsionados-en-su-paso-por-tamaulipas-cedh-san-luis-potosi\/","url_meta":{"origin":34336,"position":2},"title":"Paisanos el a\u00f1o pasado fueron extorsionados en su paso por Tamaulipas: CEDH (San Luis Potos\u00ed)","author":"grieta","date":"2 abril, 2019","format":false,"excerpt":"Martha Arriaga \/ Pulso La Comisi\u00f3n Estatal de Derechos Humanos (CEDH), se encuentra lista para participar en las acciones de supervisi\u00f3n del operativo \"Bienvenido Paisano\", esto como lo viene haciendo en cada temporada vacacional, con la finalidad de supervisar que no se violentos los derechos de los connacionales durante su\u2026","rel":"","context":"En &quot;Abuso policiaco y tortura en Tamaulipas&quot;","block_context":{"text":"Abuso policiaco y tortura en Tamaulipas","link":"https:\/\/www.grieta.org.mx\/index.php\/category\/noticias-nacionales\/tamaulipas\/abuso-policiaco-y-tortura-en-tamaulipas\/"},"img":{"alt_text":"","src":"https:\/\/i0.wp.com\/www.grieta.org.mx\/wp-content\/uploads\/2019\/04\/Paisanos-el-a%C3%B1o-pasado-fueron-extorsionados-en-su-paso-por-Tamaulipas-CEDH-slp-abr.jpg?resize=350%2C200&ssl=1","width":350,"height":200,"srcset":"https:\/\/i0.wp.com\/www.grieta.org.mx\/wp-content\/uploads\/2019\/04\/Paisanos-el-a%C3%B1o-pasado-fueron-extorsionados-en-su-paso-por-Tamaulipas-CEDH-slp-abr.jpg?resize=350%2C200&ssl=1 1x, https:\/\/i0.wp.com\/www.grieta.org.mx\/wp-content\/uploads\/2019\/04\/Paisanos-el-a%C3%B1o-pasado-fueron-extorsionados-en-su-paso-por-Tamaulipas-CEDH-slp-abr.jpg?resize=525%2C300&ssl=1 1.5x"},"classes":[]},{"id":30562,"url":"https:\/\/www.grieta.org.mx\/index.php\/2019\/03\/11\/ecocidio-en-la-huastecacontaminacion-del-rio-moctezuma-san-luis-potosi\/","url_meta":{"origin":34336,"position":3},"title":"Ecocidio en la Huasteca\u2026Contaminaci\u00f3n del r\u00edo Moctezuma (San Luis Potos\u00ed)","author":"grieta","date":"11 marzo, 2019","format":false,"excerpt":"Antena San Luis La poblaci\u00f3n de diversas comunidades ha denunciado la muerte de cientos de peces en el r\u00edo Moctezuma, al parecer como resultado de las descargas de productos t\u00f3xicos que realizan algunas empresas de la zona. Los habitantes de las zonas aleda\u00f1as al r\u00edo aseguran que tambi\u00e9n se han\u2026","rel":"","context":"En &quot;CINTILLO&quot;","block_context":{"text":"CINTILLO","link":"https:\/\/www.grieta.org.mx\/index.php\/category\/cintillo\/"},"img":{"alt_text":"","src":"https:\/\/i0.wp.com\/www.grieta.org.mx\/wp-content\/uploads\/2019\/03\/Ecocidio-en-la-Huasteca%E2%80%A6Contaminaci%C3%B3n-del-r%C3%ADo-Moctezuma-slp-mzo.jpg?resize=350%2C200&ssl=1","width":350,"height":200,"srcset":"https:\/\/i0.wp.com\/www.grieta.org.mx\/wp-content\/uploads\/2019\/03\/Ecocidio-en-la-Huasteca%E2%80%A6Contaminaci%C3%B3n-del-r%C3%ADo-Moctezuma-slp-mzo.jpg?resize=350%2C200&ssl=1 1x, https:\/\/i0.wp.com\/www.grieta.org.mx\/wp-content\/uploads\/2019\/03\/Ecocidio-en-la-Huasteca%E2%80%A6Contaminaci%C3%B3n-del-r%C3%ADo-Moctezuma-slp-mzo.jpg?resize=525%2C300&ssl=1 1.5x, https:\/\/i0.wp.com\/www.grieta.org.mx\/wp-content\/uploads\/2019\/03\/Ecocidio-en-la-Huasteca%E2%80%A6Contaminaci%C3%B3n-del-r%C3%ADo-Moctezuma-slp-mzo.jpg?resize=700%2C400&ssl=1 2x"},"classes":[]},{"id":46057,"url":"https:\/\/www.grieta.org.mx\/index.php\/2020\/03\/01\/desaparece-el-50-de-abejas-san-luis-potosi\/","url_meta":{"origin":34336,"position":4},"title":"Desaparece el 50% de abejas  (San Luis Potos\u00ed)","author":"grieta","date":"1 marzo, 2020","format":false,"excerpt":"Gilberto Salas\/Quadrat\u00edn SLP 1 marzo 2020 SAN LUIS POTOS\u00cd, SLP., 1 de marzo de 2020.- La desaparici\u00f3n del 50 por ciento de las abejas de colmena en los \u00faltimos cuatro a\u00f1os en San Luis Potos\u00ed, se debe a diversos factores, entre ellos el cambio clim\u00e1tico y la falta de apoyos\u2026","rel":"","context":"En &quot;CINTILLO&quot;","block_context":{"text":"CINTILLO","link":"https:\/\/www.grieta.org.mx\/index.php\/category\/cintillo\/"},"img":{"alt_text":"","src":"https:\/\/i0.wp.com\/www.grieta.org.mx\/wp-content\/uploads\/2020\/03\/abejas-1160x700.jpeg?resize=350%2C200&ssl=1","width":350,"height":200,"srcset":"https:\/\/i0.wp.com\/www.grieta.org.mx\/wp-content\/uploads\/2020\/03\/abejas-1160x700.jpeg?resize=350%2C200&ssl=1 1x, https:\/\/i0.wp.com\/www.grieta.org.mx\/wp-content\/uploads\/2020\/03\/abejas-1160x700.jpeg?resize=525%2C300&ssl=1 1.5x, https:\/\/i0.wp.com\/www.grieta.org.mx\/wp-content\/uploads\/2020\/03\/abejas-1160x700.jpeg?resize=700%2C400&ssl=1 2x, https:\/\/i0.wp.com\/www.grieta.org.mx\/wp-content\/uploads\/2020\/03\/abejas-1160x700.jpeg?resize=1050%2C600&ssl=1 3x"},"classes":[]},{"id":31312,"url":"https:\/\/www.grieta.org.mx\/index.php\/2019\/03\/19\/en-poco-mas-de-2-anos-slp-registra-90-feminicidios-san-luis-potosi\/","url_meta":{"origin":34336,"position":5},"title":"EN POCO M\u00c1S DE 2 A\u00d1OS, SLP REGISTRA 90 FEMINICIDIOS (San Luis Potos\u00ed)","author":"grieta","date":"19 marzo, 2019","format":false,"excerpt":"Omar Ni\u00f1o La Alerta de de G\u00e9nero Contra Las Mujeres en San Luis Potos\u00ed ha sido un fracaso, se\u00f1al\u00f3 en rueda de prensa el Presidente de la Comisi\u00f3n Estatal de Derechos Humanos Jorge Andr\u00e9s L\u00f3pez Espinoza. El Ombudsman inform\u00f3 que en el 2017 hubo 34 muertes violentas en el 2018\u2026","rel":"","context":"En &quot;CINTILLO&quot;","block_context":{"text":"CINTILLO","link":"https:\/\/www.grieta.org.mx\/index.php\/category\/cintillo\/"},"img":{"alt_text":"","src":"https:\/\/i0.wp.com\/www.grieta.org.mx\/wp-content\/uploads\/2019\/03\/EN-POCO-M%C3%81S-DE-2-A%C3%91OS-SLP-REGISTRA-90-FEMINICIDIOS-slp-mzo.png?resize=350%2C200&ssl=1","width":350,"height":200,"srcset":"https:\/\/i0.wp.com\/www.grieta.org.mx\/wp-content\/uploads\/2019\/03\/EN-POCO-M%C3%81S-DE-2-A%C3%91OS-SLP-REGISTRA-90-FEMINICIDIOS-slp-mzo.png?resize=350%2C200&ssl=1 1x, https:\/\/i0.wp.com\/www.grieta.org.mx\/wp-content\/uploads\/2019\/03\/EN-POCO-M%C3%81S-DE-2-A%C3%91OS-SLP-REGISTRA-90-FEMINICIDIOS-slp-mzo.png?resize=525%2C300&ssl=1 1.5x"},"classes":[]}],"_links":{"self":[{"href":"https:\/\/www.grieta.org.mx\/index.php\/wp-json\/wp\/v2\/posts\/34336","targetHints":{"allow":["GET"]}}],"collection":[{"href":"https:\/\/www.grieta.org.mx\/index.php\/wp-json\/wp\/v2\/posts"}],"about":[{"href":"https:\/\/www.grieta.org.mx\/index.php\/wp-json\/wp\/v2\/types\/post"}],"author":[{"embeddable":true,"href":"https:\/\/www.grieta.org.mx\/index.php\/wp-json\/wp\/v2\/users\/2"}],"replies":[{"embeddable":true,"href":"https:\/\/www.grieta.org.mx\/index.php\/wp-json\/wp\/v2\/comments?post=34336"}],"version-history":[{"count":1,"href":"https:\/\/www.grieta.org.mx\/index.php\/wp-json\/wp\/v2\/posts\/34336\/revisions"}],"predecessor-version":[{"id":34338,"href":"https:\/\/www.grieta.org.mx\/index.php\/wp-json\/wp\/v2\/posts\/34336\/revisions\/34338"}],"wp:featuredmedia":[{"embeddable":true,"href":"https:\/\/www.grieta.org.mx\/index.php\/wp-json\/wp\/v2\/media\/34337"}],"wp:attachment":[{"href":"https:\/\/www.grieta.org.mx\/index.php\/wp-json\/wp\/v2\/media?parent=34336"}],"wp:term":[{"taxonomy":"category","embeddable":true,"href":"https:\/\/www.grieta.org.mx\/index.php\/wp-json\/wp\/v2\/categories?post=34336"},{"taxonomy":"post_tag","embeddable":true,"href":"https:\/\/www.grieta.org.mx\/index.php\/wp-json\/wp\/v2\/tags?post=34336"}],"curies":[{"name":"wp","href":"https:\/\/api.w.org\/{rel}","templated":true}]}}