{"id":34324,"date":"2019-05-30T01:12:13","date_gmt":"2019-05-30T06:12:13","guid":{"rendered":"http:\/\/www.grieta.org.mx\/?p=34324"},"modified":"2019-06-06T01:18:14","modified_gmt":"2019-06-06T06:18:14","slug":"en-pleno-estiaje-empresas-consumen-toda-el-agua-san-luis-potosi","status":"publish","type":"post","link":"https:\/\/www.grieta.org.mx\/index.php\/2019\/05\/30\/en-pleno-estiaje-empresas-consumen-toda-el-agua-san-luis-potosi\/","title":{"rendered":"En pleno estiaje, empresas consumen toda el agua (San Luis Potos\u00ed)"},"content":{"rendered":"<p><img loading=\"lazy\" decoding=\"async\" data-attachment-id=\"34325\" data-permalink=\"https:\/\/www.grieta.org.mx\/index.php\/2019\/05\/30\/en-pleno-estiaje-empresas-consumen-toda-el-agua-san-luis-potosi\/en-pleno-estiaje-empresas-consumen-toda-el-agua-slp-jun\/\" data-orig-file=\"https:\/\/www.grieta.org.mx\/wp-content\/uploads\/2019\/06\/En-pleno-estiaje-empresas-consumen-toda-el-agua-slp-jun.jpg\" data-orig-size=\"768,479\" data-comments-opened=\"0\" data-image-meta=\"{&quot;aperture&quot;:&quot;0&quot;,&quot;credit&quot;:&quot;&quot;,&quot;camera&quot;:&quot;&quot;,&quot;caption&quot;:&quot;&quot;,&quot;created_timestamp&quot;:&quot;0&quot;,&quot;copyright&quot;:&quot;&quot;,&quot;focal_length&quot;:&quot;0&quot;,&quot;iso&quot;:&quot;0&quot;,&quot;shutter_speed&quot;:&quot;0&quot;,&quot;title&quot;:&quot;&quot;,&quot;orientation&quot;:&quot;0&quot;}\" data-image-title=\"En pleno estiaje, empresas consumen toda el agua slp jun\" data-image-description=\"\" data-image-caption=\"\" data-medium-file=\"https:\/\/www.grieta.org.mx\/wp-content\/uploads\/2019\/06\/En-pleno-estiaje-empresas-consumen-toda-el-agua-slp-jun-300x187.jpg\" data-large-file=\"https:\/\/www.grieta.org.mx\/wp-content\/uploads\/2019\/06\/En-pleno-estiaje-empresas-consumen-toda-el-agua-slp-jun.jpg\" class=\"alignleft size-full wp-image-34325\" src=\"http:\/\/www.grieta.org.mx\/wp-content\/uploads\/2019\/06\/En-pleno-estiaje-empresas-consumen-toda-el-agua-slp-jun.jpg\" alt=\"\" width=\"768\" height=\"479\" srcset=\"https:\/\/www.grieta.org.mx\/wp-content\/uploads\/2019\/06\/En-pleno-estiaje-empresas-consumen-toda-el-agua-slp-jun.jpg 768w, https:\/\/www.grieta.org.mx\/wp-content\/uploads\/2019\/06\/En-pleno-estiaje-empresas-consumen-toda-el-agua-slp-jun-300x187.jpg 300w\" sizes=\"auto, (max-width: 768px) 100vw, 768px\" \/><br \/>\nEl Sol de San Luis<\/p>\n<blockquote><p>&#8220;Estamos viviendo uno de los peores estiajes en a\u00f1os&#8221;, se\u00f1alan afectados<\/p><\/blockquote>\n<p>El Gobierno Municipal que encabeza Grecia Esmeralda S\u00e1nchez Gonz\u00e1lez desconoce todo lo referente a los estudios recientes de la Comision Nacional del Agua, que revelan el alto consumo que agua de r\u00edos y cuencas que utilizan las termoel\u00e9ctricas en el pa\u00eds, como es AES Termoel\u00e9ctricas, que es una de las diez de mayor consumo de agua, afectando asimismo dr\u00e1sticamente en tiempo de baja regularidad el afluente del r\u00edo Tampa\u00f3n.<\/p>\n<p>En dicha empresa existen integrantes como la licenciada Marine Rodr\u00edguez Azuara, que antes era la responsable del \u00c1rea de Responsabilidad Social, quien se encargaba de \u201cnegociar\u201d con los gobiernos municipales la cantidad de abusos al medio ambiente cometidos por dicha empresa, sin importarle las familias de los ejidos de Las Palmas y Estaci\u00f3n Tamu\u00edn, porque contaba con el apoyo de funcionarios que se llevaban un beneficio econ\u00f3mico importante.<\/p>\n<p>Incluso lleg\u00f3 a negociar posiciones de trabajo como la colocaci\u00f3n del hijo del expresidente municipalm Santiago Ledezma Cano, ingeniero Francisco Ledezma, en el \u00c1rea de Almac\u00e9n de dicha empresa, en donde incluso la misma Marine Rodr\u00edguez tiene acomodado a su hermano V\u00edctor Rodr\u00edguez.<\/p>\n<p><a href=\"https:\/\/www.elsoldesanluis.com.mx\/local\/valles\/en-pleno-estiaje-empresas-consumen-toda-el-agua-3692649.html\" target=\"_blank\" rel=\"noopener noreferrer\">https:\/\/www.elsoldesanluis.com.mx\/local\/valles\/en-pleno-estiaje-empresas-consumen-toda-el-agua-3692649.html<\/a><\/p>\n","protected":false},"excerpt":{"rendered":"<p>El Sol de San Luis &#8220;Estamos viviendo uno de los peores estiajes en a\u00f1os&#8221;, se\u00f1alan afectados El Gobierno Municipal que encabeza Grecia Esmeralda S\u00e1nchez Gonz\u00e1lez desconoce todo lo referente a &hellip; <a href=\"https:\/\/www.grieta.org.mx\/index.php\/2019\/05\/30\/en-pleno-estiaje-empresas-consumen-toda-el-agua-san-luis-potosi\/\" class=\"more-link\">Leer m\u00e1s<\/a><\/p>\n","protected":false},"author":2,"featured_media":34325,"comment_status":"closed","ping_status":"closed","sticky":false,"template":"","format":"standard","meta":{"ngg_post_thumbnail":0,"_jetpack_newsletter_access":"","_jetpack_dont_email_post_to_subs":false,"_jetpack_newsletter_tier_id":0,"_jetpack_memberships_contains_paywalled_content":false,"_jetpack_memberships_contains_paid_content":false,"footnotes":""},"categories":[80,1515,2,29],"tags":[2403,428],"class_list":["post-34324","post","type-post","status-publish","format-standard","has-post-thumbnail","hentry","category-cintillo","category-desabasto-de-agua-en-san-luis-potosi","category-noticias-nacionales","category-san-luis-potosi","tag-crisis-del-agua","tag-termoelectrica","entry"],"jetpack_featured_media_url":"https:\/\/www.grieta.org.mx\/wp-content\/uploads\/2019\/06\/En-pleno-estiaje-empresas-consumen-toda-el-agua-slp-jun.jpg","jetpack_sharing_enabled":true,"jetpack_shortlink":"https:\/\/wp.me\/p7ZJR4-8VC","jetpack_likes_enabled":false,"jetpack-related-posts":[{"id":32868,"url":"https:\/\/www.grieta.org.mx\/index.php\/2019\/04\/15\/protesta-por-falta-de-agua-causa-caos-vial-en-avenida-universidad-san-luis-potosi\/","url_meta":{"origin":34324,"position":0},"title":"Protesta por falta de agua causa caos vial en avenida Universidad. (San Luis Potos\u00ed)","author":"grieta","date":"15 abril, 2019","format":false,"excerpt":"Antena San Luis Decenas de personas se manifestaron hoy en avenida Universidad, para exigir agua en sus colonias. La protesta provoc\u00f3 gran caos vial desde el distribuidor Ju\u00e1rez, mientras el contingente avanzaba con direcci\u00f3n hacia el primer cuadro de la ciudad. En la protesta participaron habitantes de colonias como La\u2026","rel":"","context":"En &quot;CINTILLO&quot;","block_context":{"text":"CINTILLO","link":"https:\/\/www.grieta.org.mx\/index.php\/category\/cintillo\/"},"img":{"alt_text":"","src":"https:\/\/i0.wp.com\/www.grieta.org.mx\/wp-content\/uploads\/2019\/05\/Protesta-por-falta-de-agua-causa-caos-vial-en-avenida-Universidad.-slp-may.jpeg?resize=350%2C200&ssl=1","width":350,"height":200,"srcset":"https:\/\/i0.wp.com\/www.grieta.org.mx\/wp-content\/uploads\/2019\/05\/Protesta-por-falta-de-agua-causa-caos-vial-en-avenida-Universidad.-slp-may.jpeg?resize=350%2C200&ssl=1 1x, https:\/\/i0.wp.com\/www.grieta.org.mx\/wp-content\/uploads\/2019\/05\/Protesta-por-falta-de-agua-causa-caos-vial-en-avenida-Universidad.-slp-may.jpeg?resize=525%2C300&ssl=1 1.5x, https:\/\/i0.wp.com\/www.grieta.org.mx\/wp-content\/uploads\/2019\/05\/Protesta-por-falta-de-agua-causa-caos-vial-en-avenida-Universidad.-slp-may.jpeg?resize=700%2C400&ssl=1 2x"},"classes":[]},{"id":26439,"url":"https:\/\/www.grieta.org.mx\/index.php\/2018\/09\/14\/ejidatarios-se-quejan-por-engano-de-conagua-san-luis-potosi\/","url_meta":{"origin":34324,"position":1},"title":"Ejidatarios se quejan por enga\u00f1o de Conagua (San Luis Potos\u00ed)","author":"grieta","date":"14 septiembre, 2018","format":false,"excerpt":"Patricia Calvillo \/ El Sol de San Luis Denuncian que les quieren quitar el agua para mandarla al vecino municipio de Matehuala La Comisi\u00f3n Nacional del Agua, CONAGUA, enga\u00f1\u00f3 a ejidatarios del municipio de Villa de Guadalupe, seg\u00fan se indic\u00f3 desde el Colegio de San Luis, COLSAN, donde estuvieron para\u2026","rel":"","context":"En &quot;CINTILLO&quot;","block_context":{"text":"CINTILLO","link":"https:\/\/www.grieta.org.mx\/index.php\/category\/cintillo\/"},"img":{"alt_text":"","src":"https:\/\/i0.wp.com\/www.grieta.org.mx\/wp-content\/uploads\/2018\/09\/Ejidatarios-se-quejan-por-enga%C3%B1o-de-Conagua.jpg?resize=350%2C200&ssl=1","width":350,"height":200,"srcset":"https:\/\/i0.wp.com\/www.grieta.org.mx\/wp-content\/uploads\/2018\/09\/Ejidatarios-se-quejan-por-enga%C3%B1o-de-Conagua.jpg?resize=350%2C200&ssl=1 1x, https:\/\/i0.wp.com\/www.grieta.org.mx\/wp-content\/uploads\/2018\/09\/Ejidatarios-se-quejan-por-enga%C3%B1o-de-Conagua.jpg?resize=525%2C300&ssl=1 1.5x, https:\/\/i0.wp.com\/www.grieta.org.mx\/wp-content\/uploads\/2018\/09\/Ejidatarios-se-quejan-por-enga%C3%B1o-de-Conagua.jpg?resize=700%2C400&ssl=1 2x"},"classes":[]},{"id":42763,"url":"https:\/\/www.grieta.org.mx\/index.php\/2019\/12\/29\/alerta-investigador-de-presencia-de-antidepresivos-y-otros-farmacos-en-agua-potable-de-san-luis-potosi\/","url_meta":{"origin":34324,"position":2},"title":"Alerta investigador de presencia de antidepresivos y otros f\u00e1rmacos en agua potable de San Luis Potos\u00ed","author":"grieta","date":"29 diciembre, 2019","format":false,"excerpt":"Alina Escobedo\/Plumas At\u00f3micas 29 diciembre 2019 Ra\u00fal Ocampo P\u00e9rez, docente e investigador de la Facultad de Ciencias Qu\u00edmicas de la Universidad Aut\u00f3noma de San Luis Potos\u00ed (UASL, advirti\u00f3 que el agua potable de San Luis Potos\u00ed est\u00e1 contaminada ya que se detect\u00f3 la presencia de f\u00e1rmacos y antidepresivos. Los investigadores\u2026","rel":"","context":"En &quot;CINTILLO&quot;","block_context":{"text":"CINTILLO","link":"https:\/\/www.grieta.org.mx\/index.php\/category\/cintillo\/"},"img":{"alt_text":"","src":"https:\/\/i0.wp.com\/www.grieta.org.mx\/wp-content\/uploads\/2020\/01\/Agua-Contaminada-Farmacos-San-Luis-Potosi.jpg?resize=350%2C200&ssl=1","width":350,"height":200,"srcset":"https:\/\/i0.wp.com\/www.grieta.org.mx\/wp-content\/uploads\/2020\/01\/Agua-Contaminada-Farmacos-San-Luis-Potosi.jpg?resize=350%2C200&ssl=1 1x, https:\/\/i0.wp.com\/www.grieta.org.mx\/wp-content\/uploads\/2020\/01\/Agua-Contaminada-Farmacos-San-Luis-Potosi.jpg?resize=525%2C300&ssl=1 1.5x, https:\/\/i0.wp.com\/www.grieta.org.mx\/wp-content\/uploads\/2020\/01\/Agua-Contaminada-Farmacos-San-Luis-Potosi.jpg?resize=700%2C400&ssl=1 2x, https:\/\/i0.wp.com\/www.grieta.org.mx\/wp-content\/uploads\/2020\/01\/Agua-Contaminada-Farmacos-San-Luis-Potosi.jpg?resize=1050%2C600&ssl=1 3x"},"classes":[]},{"id":29542,"url":"https:\/\/www.grieta.org.mx\/index.php\/2019\/02\/24\/en-slp-agua-cara-y-servicios-deficientes-san-luis-potosi\/","url_meta":{"origin":34324,"position":3},"title":"En SLP, agua cara y servicios deficientes (San Luis Potos\u00ed)","author":"grieta","date":"24 febrero, 2019","format":false,"excerpt":"Jaime Hern\u00e1ndez \/ Pulso El estado, en los \u00faltimos lugares de accesibilidad y entre los que tienen tarifas m\u00e1s altas: ASF San Luis Potos\u00ed est\u00e1 en el cuarto lugar entre las entidades con un acceso deficiente a los accesos del servicio de agua potable, al mismo tiempo en que se\u2026","rel":"","context":"En &quot;CINTILLO&quot;","block_context":{"text":"CINTILLO","link":"https:\/\/www.grieta.org.mx\/index.php\/category\/cintillo\/"},"img":{"alt_text":"","src":"https:\/\/i0.wp.com\/www.grieta.org.mx\/wp-content\/uploads\/2019\/02\/En-SLP-agua-cara-y-servicios-deficientes-slp-feb.jpg?resize=350%2C200&ssl=1","width":350,"height":200,"srcset":"https:\/\/i0.wp.com\/www.grieta.org.mx\/wp-content\/uploads\/2019\/02\/En-SLP-agua-cara-y-servicios-deficientes-slp-feb.jpg?resize=350%2C200&ssl=1 1x, https:\/\/i0.wp.com\/www.grieta.org.mx\/wp-content\/uploads\/2019\/02\/En-SLP-agua-cara-y-servicios-deficientes-slp-feb.jpg?resize=525%2C300&ssl=1 1.5x"},"classes":[]},{"id":47491,"url":"https:\/\/www.grieta.org.mx\/index.php\/2020\/04\/06\/falta-de-agua-en-12-colonias-en-la-ciudad-de-san-luis-potosi\/","url_meta":{"origin":34324,"position":4},"title":"Falta de agua en 12 colonias en la ciudad de San Luis Potos\u00ed","author":"grieta","date":"6 abril, 2020","format":false,"excerpt":"Miguel \u00c1ngel Mora El Sol de San Luis\/La Prensa 6 abril 2020 Autoridades lo atribuyen a una fuga que oblig\u00f3 a suspender un pozo Miguel \u00c1ngel Mora San Luis Potos\u00ed, S.L.P., 6 de abril.- Vecinos de 12 colonias de la zona metropolitana de esta capital, se manifestaron en la Unidad\u2026","rel":"","context":"En &quot;CINTILLO&quot;","block_context":{"text":"CINTILLO","link":"https:\/\/www.grieta.org.mx\/index.php\/category\/cintillo\/"},"img":{"alt_text":"","src":"https:\/\/i0.wp.com\/www.grieta.org.mx\/wp-content\/uploads\/2020\/04\/S.L.P..jpg?resize=350%2C200&ssl=1","width":350,"height":200,"srcset":"https:\/\/i0.wp.com\/www.grieta.org.mx\/wp-content\/uploads\/2020\/04\/S.L.P..jpg?resize=350%2C200&ssl=1 1x, https:\/\/i0.wp.com\/www.grieta.org.mx\/wp-content\/uploads\/2020\/04\/S.L.P..jpg?resize=525%2C300&ssl=1 1.5x, https:\/\/i0.wp.com\/www.grieta.org.mx\/wp-content\/uploads\/2020\/04\/S.L.P..jpg?resize=700%2C400&ssl=1 2x"},"classes":[]},{"id":46569,"url":"https:\/\/www.grieta.org.mx\/index.php\/2020\/03\/21\/con-amparo-renace-san-luis-llama-a-atender-a-colonias-sin-agua\/","url_meta":{"origin":34324,"position":5},"title":"Con amparo, Renace San Luis llama a atender a colonias sin agua","author":"grieta","date":"21 marzo, 2020","format":false,"excerpt":"Redacci\u00f3n\/Plano Informativo 21 marzo 2020 Se hace menci\u00f3n que la falta del servicio hace que la poblaci\u00f3n no acate las medidas contra el covid-19 San Luis Potos\u00ed, SLP.- La Unidad de Litigio Estrat\u00e9gico de Renace San Luis present\u00f3 un juicio de amparo indirecto para que de forma inmediata le proporcionen\u2026","rel":"","context":"En &quot;CINTILLO&quot;","block_context":{"text":"CINTILLO","link":"https:\/\/www.grieta.org.mx\/index.php\/category\/cintillo\/"},"img":{"alt_text":"","src":"https:\/\/i0.wp.com\/www.grieta.org.mx\/wp-content\/uploads\/2020\/03\/amparo1.jpg?resize=350%2C200&ssl=1","width":350,"height":200,"srcset":"https:\/\/i0.wp.com\/www.grieta.org.mx\/wp-content\/uploads\/2020\/03\/amparo1.jpg?resize=350%2C200&ssl=1 1x, https:\/\/i0.wp.com\/www.grieta.org.mx\/wp-content\/uploads\/2020\/03\/amparo1.jpg?resize=525%2C300&ssl=1 1.5x, https:\/\/i0.wp.com\/www.grieta.org.mx\/wp-content\/uploads\/2020\/03\/amparo1.jpg?resize=700%2C400&ssl=1 2x, https:\/\/i0.wp.com\/www.grieta.org.mx\/wp-content\/uploads\/2020\/03\/amparo1.jpg?resize=1050%2C600&ssl=1 3x"},"classes":[]}],"_links":{"self":[{"href":"https:\/\/www.grieta.org.mx\/index.php\/wp-json\/wp\/v2\/posts\/34324","targetHints":{"allow":["GET"]}}],"collection":[{"href":"https:\/\/www.grieta.org.mx\/index.php\/wp-json\/wp\/v2\/posts"}],"about":[{"href":"https:\/\/www.grieta.org.mx\/index.php\/wp-json\/wp\/v2\/types\/post"}],"author":[{"embeddable":true,"href":"https:\/\/www.grieta.org.mx\/index.php\/wp-json\/wp\/v2\/users\/2"}],"replies":[{"embeddable":true,"href":"https:\/\/www.grieta.org.mx\/index.php\/wp-json\/wp\/v2\/comments?post=34324"}],"version-history":[{"count":1,"href":"https:\/\/www.grieta.org.mx\/index.php\/wp-json\/wp\/v2\/posts\/34324\/revisions"}],"predecessor-version":[{"id":34326,"href":"https:\/\/www.grieta.org.mx\/index.php\/wp-json\/wp\/v2\/posts\/34324\/revisions\/34326"}],"wp:featuredmedia":[{"embeddable":true,"href":"https:\/\/www.grieta.org.mx\/index.php\/wp-json\/wp\/v2\/media\/34325"}],"wp:attachment":[{"href":"https:\/\/www.grieta.org.mx\/index.php\/wp-json\/wp\/v2\/media?parent=34324"}],"wp:term":[{"taxonomy":"category","embeddable":true,"href":"https:\/\/www.grieta.org.mx\/index.php\/wp-json\/wp\/v2\/categories?post=34324"},{"taxonomy":"post_tag","embeddable":true,"href":"https:\/\/www.grieta.org.mx\/index.php\/wp-json\/wp\/v2\/tags?post=34324"}],"curies":[{"name":"wp","href":"https:\/\/api.w.org\/{rel}","templated":true}]}}