{"id":34321,"date":"2019-06-05T00:53:10","date_gmt":"2019-06-05T05:53:10","guid":{"rendered":"http:\/\/www.grieta.org.mx\/?p=34321"},"modified":"2019-06-06T01:01:04","modified_gmt":"2019-06-06T06:01:04","slug":"sierra-de-tanchipa-al-borde-de-extincion-san-luis-potosi","status":"publish","type":"post","link":"https:\/\/www.grieta.org.mx\/index.php\/2019\/06\/05\/sierra-de-tanchipa-al-borde-de-extincion-san-luis-potosi\/","title":{"rendered":"Sierra de Tanchipa, al borde de extinci\u00f3n (San Luis Potos\u00ed)"},"content":{"rendered":"<p><img loading=\"lazy\" decoding=\"async\" data-attachment-id=\"34322\" data-permalink=\"https:\/\/www.grieta.org.mx\/index.php\/2019\/06\/05\/sierra-de-tanchipa-al-borde-de-extincion-san-luis-potosi\/sierra-de-tanchipa-al-borde-de-extincion-slp-jun\/\" data-orig-file=\"https:\/\/www.grieta.org.mx\/wp-content\/uploads\/2019\/06\/Sierra-de-Tanchipa-al-borde-de-extinci\u00f3n-slp-jun.jpg\" data-orig-size=\"768,479\" data-comments-opened=\"0\" data-image-meta=\"{&quot;aperture&quot;:&quot;0&quot;,&quot;credit&quot;:&quot;&quot;,&quot;camera&quot;:&quot;&quot;,&quot;caption&quot;:&quot;&quot;,&quot;created_timestamp&quot;:&quot;0&quot;,&quot;copyright&quot;:&quot;&quot;,&quot;focal_length&quot;:&quot;0&quot;,&quot;iso&quot;:&quot;0&quot;,&quot;shutter_speed&quot;:&quot;0&quot;,&quot;title&quot;:&quot;&quot;,&quot;orientation&quot;:&quot;0&quot;}\" data-image-title=\"Sierra de Tanchipa, al borde de extinci\u00f3n slp jun\" data-image-description=\"\" data-image-caption=\"\" data-medium-file=\"https:\/\/www.grieta.org.mx\/wp-content\/uploads\/2019\/06\/Sierra-de-Tanchipa-al-borde-de-extinci\u00f3n-slp-jun-300x187.jpg\" data-large-file=\"https:\/\/www.grieta.org.mx\/wp-content\/uploads\/2019\/06\/Sierra-de-Tanchipa-al-borde-de-extinci\u00f3n-slp-jun.jpg\" class=\"alignleft size-full wp-image-34322\" src=\"http:\/\/www.grieta.org.mx\/wp-content\/uploads\/2019\/06\/Sierra-de-Tanchipa-al-borde-de-extinci\u00f3n-slp-jun.jpg\" alt=\"\" width=\"768\" height=\"479\" srcset=\"https:\/\/www.grieta.org.mx\/wp-content\/uploads\/2019\/06\/Sierra-de-Tanchipa-al-borde-de-extinci\u00f3n-slp-jun.jpg 768w, https:\/\/www.grieta.org.mx\/wp-content\/uploads\/2019\/06\/Sierra-de-Tanchipa-al-borde-de-extinci\u00f3n-slp-jun-300x187.jpg 300w\" sizes=\"auto, (max-width: 768px) 100vw, 768px\" \/><br \/>\nJos\u00e9 Luis Mart\u00ednez Castro \/ El Sol de San Luis<\/p>\n<blockquote><p>Empresa est\u00e1 terminando con el ecosistema en esta zona natural tan importante<\/p><\/blockquote>\n<p>TAMU\u00cdN, SLP.- Contaminaci\u00f3n grave, afectaci\u00f3n a los ecosistemas regionales as\u00ed como da\u00f1os severos a la Sierra de Tanchipa, son los problemas que se enfrentar\u00e1n en la regi\u00f3n, lo cual ser\u00e1 a\u00fan m\u00e1s grave, al \u201cromper\u201d Cemex M\u00e9xico la sierra ubicada en el ejido Las Palmas, lo cual se denunci\u00f3 en reiteradas ocasiones sin que la Secretar\u00eda de Medio Ambiente y Recursos Naturales (Semarnat), la Procuraduria Federal de Protecci\u00f3n al Ambiente (Profepa) a nivel federal o la Secretar\u00eda de Ecolog\u00eda y Gesti\u00f3n Ambiental (Segam) hayan tomado en cuenta las quejas, pese a que hay fotos y videos que muestran el grave da\u00f1o ocasionado.<\/p>\n<p>El apoderado legal del ejido Las Palmas, Ernesto M\u00e1rquez Torres, hace responsable de este da\u00f1o ecol\u00f3gico a Cementos de M\u00e9xico que esta a punto de \u201cromper\u201d el macizo de piedra de la Sierra de Tanchipa, lo que provocar\u00e1 da\u00f1os irreversibles, pero es a\u00fan m\u00e1s grave el da\u00f1o que por a\u00f1os ha afectado los ecosistemas, por las emisiones generadas.<\/p>\n<p>Se\u00f1al\u00f3 que el ejido las Palmas tiene m\u00e1s de 10 a\u00f1os denunciando a la empresa cementera de estar destruyendo la Sierra de Tanchipa, pero ninguna autoridad, tanto estatal como federal, los ha tomado en cuenta, por lo que tal parece que la ley para la protecci\u00f3n de los recursos naturales no existe o las autoridades no quieren aplicarla y clausurar Cemex M\u00e9xico, as\u00ed como las termoel\u00e9ctricas, que causan problemas graves de contaminaci\u00f3n.<\/p>\n<p>La extracci\u00f3n de piedra por parte de la cementera est\u00e1 destruyendo la Reserva de la Biosfera Sierra Abra Tanchipa desde hace a\u00f1os, pero en los \u00faltimamente el riesgo es que la sierra est\u00e1 a punto de desaparecer, lo que alterar\u00e1 el clima y todo lo que ah\u00ed existi\u00f3. Adem\u00e1s del uso en grandes cantidades de dinamita, parte del proceso para extraer piedra caliza. Todo ello causa modificaciones profundas e irreversibles en ecosistemas, de manera grave, pero pese a esto ninguna autoridad ha actuado.<\/p>\n<p>Otra situaci\u00f3n que el gobierno federal no quiere atender es que este ejido fue despojado de 800 hect\u00e1reas para la reserva de Abra-Tanchipa, pero nunca fueron indemnizados ni tomados en cuenta para decretar como reserva los terrenos: \u201csabemos que llegan millones de pesos para los due\u00f1os de la reserva pero el supuesto director de la reserva los usa para acciones que beneficien a Cemex M\u00e9xico, no a los ejidatarios\u201d, dijo.<\/p>\n<p><a href=\"https:\/\/www.elsoldesanluis.com.mx\/local\/valles\/sierra-de-tanchipa-al-borde-de-extincion-3719817.html\" target=\"_blank\" rel=\"noopener noreferrer\">https:\/\/www.elsoldesanluis.com.mx\/local\/valles\/sierra-de-tanchipa-al-borde-de-extincion-3719817.html<\/a><\/p>\n","protected":false},"excerpt":{"rendered":"<p>Jos\u00e9 Luis Mart\u00ednez Castro \/ El Sol de San Luis Empresa est\u00e1 terminando con el ecosistema en esta zona natural tan importante TAMU\u00cdN, SLP.- Contaminaci\u00f3n grave, afectaci\u00f3n a los ecosistemas &hellip; <a href=\"https:\/\/www.grieta.org.mx\/index.php\/2019\/06\/05\/sierra-de-tanchipa-al-borde-de-extincion-san-luis-potosi\/\" class=\"more-link\">Leer m\u00e1s<\/a><\/p>\n","protected":false},"author":2,"featured_media":34322,"comment_status":"closed","ping_status":"closed","sticky":false,"template":"","format":"standard","meta":{"ngg_post_thumbnail":0,"_jetpack_newsletter_access":"","_jetpack_dont_email_post_to_subs":false,"_jetpack_newsletter_tier_id":0,"_jetpack_memberships_contains_paywalled_content":false,"_jetpack_memberships_contains_paid_content":false,"footnotes":""},"categories":[80,1792,1278,1530,2,29,83],"tags":[688,91,2285,223,175,404],"class_list":["post-34321","post","type-post","status-publish","format-standard","has-post-thumbnail","hentry","category-cintillo","category-contaminacion-ambiental-en-san-luis-potosi","category-despojo-de-tierras-y-territorios","category-despojo-en-san-luis-potosi","category-noticias-nacionales","category-san-luis-potosi","category-temas-nacionales","tag-cemex","tag-contaminacion-ambiental","tag-despojo-de-tierra","tag-ecocidio","tag-ejidatarios","tag-semarnat","entry"],"jetpack_featured_media_url":"https:\/\/www.grieta.org.mx\/wp-content\/uploads\/2019\/06\/Sierra-de-Tanchipa-al-borde-de-extinci\u00f3n-slp-jun.jpg","jetpack_sharing_enabled":true,"jetpack_shortlink":"https:\/\/wp.me\/p7ZJR4-8Vz","jetpack_likes_enabled":false,"jetpack-related-posts":[{"id":35764,"url":"https:\/\/www.grieta.org.mx\/index.php\/2019\/07\/02\/comuneros-y-activistas-protestan-frente-a-la-semarnat-en-la-ciudad-de-mexico\/","url_meta":{"origin":34321,"position":0},"title":"Comuneros y activistas protestan frente a la SEMARNAT en la Ciudad de M\u00e9xico","author":"grieta","date":"2 julio, 2019","format":false,"excerpt":"Fotograf\u00eda: El Heraldo SLP El Heraldo SLP Exigen que se lleven a cabo las medidas necesarias a fin de que en nuestro estado podamos acceder al derecho humano a un medio ambiente sano Este martes, representantes de comuneros, ejidatarios y activistas ambientales se manifestaron frente a las instalaciones de la\u2026","rel":"","context":"En &quot;CINTILLO&quot;","block_context":{"text":"CINTILLO","link":"https:\/\/www.grieta.org.mx\/index.php\/category\/cintillo\/"},"img":{"alt_text":"","src":"https:\/\/i0.wp.com\/www.grieta.org.mx\/wp-content\/uploads\/2019\/07\/Comuneros-y-activistas-protestan-frente-a-la-SEMARNAT-en-la-Ciudad-de-M%C3%A9xico-slp-jul-268x300.jpg?resize=350%2C200","width":350,"height":200,"srcset":"https:\/\/i0.wp.com\/www.grieta.org.mx\/wp-content\/uploads\/2019\/07\/Comuneros-y-activistas-protestan-frente-a-la-SEMARNAT-en-la-Ciudad-de-M%C3%A9xico-slp-jul-268x300.jpg?resize=350%2C200 1x, https:\/\/i0.wp.com\/www.grieta.org.mx\/wp-content\/uploads\/2019\/07\/Comuneros-y-activistas-protestan-frente-a-la-SEMARNAT-en-la-Ciudad-de-M%C3%A9xico-slp-jul-268x300.jpg?resize=525%2C300 1.5x, https:\/\/i0.wp.com\/www.grieta.org.mx\/wp-content\/uploads\/2019\/07\/Comuneros-y-activistas-protestan-frente-a-la-SEMARNAT-en-la-Ciudad-de-M%C3%A9xico-slp-jul-268x300.jpg?resize=700%2C400 2x"},"classes":[]},{"id":34339,"url":"https:\/\/www.grieta.org.mx\/index.php\/2019\/06\/05\/granjas-avicolas-generan-contaminacion-y-despojos-de-tierras-en-cedral-san-luis-potosi\/","url_meta":{"origin":34321,"position":1},"title":"Granjas av\u00edcolas generan contaminaci\u00f3n y despojos de tierras en Cedral (San Luis Potos\u00ed)","author":"grieta","date":"5 junio, 2019","format":false,"excerpt":"El Heraldo de San Luis Potos\u00ed Prometieron a los pobladores la rehabilitaci\u00f3n de espacios p\u00fablicos y hasta ahora no han cumplido. Ejidatarios del municipio de Cedral se han visto despojados de sus territorios a trav\u00e9s de enga\u00f1os a causa de la instalaci\u00f3n de una empresa dedicada a la producci\u00f3n de\u2026","rel":"","context":"En &quot;CINTILLO&quot;","block_context":{"text":"CINTILLO","link":"https:\/\/www.grieta.org.mx\/index.php\/category\/cintillo\/"},"img":{"alt_text":"","src":"https:\/\/i0.wp.com\/www.grieta.org.mx\/wp-content\/uploads\/2019\/06\/Granjas-av%C3%ADcolas-generan-contaminaci%C3%B3n-y-despojos-de-tierras-en-Cedral-slp-jun.jpg?resize=350%2C200","width":350,"height":200},"classes":[]},{"id":35755,"url":"https:\/\/www.grieta.org.mx\/index.php\/2019\/07\/01\/comuneros-siembran-30-mil-arboles-en-sierra-de-san-miguelito-san-luis-potosi\/","url_meta":{"origin":34321,"position":2},"title":"Comuneros siembran 30 mil \u00e1rboles en Sierra de San Miguelito (San Luis Potos\u00ed)","author":"grieta","date":"1 julio, 2019","format":false,"excerpt":"Fotograf\u00eda: Quadrat\u00edn SLP Patricia Azuara \/ Quadrat\u00edn SLP SAN LUIS POTOSI, SLP., 1 de junio de 2019.- En los \u00faltimos cinco a\u00f1os, pobladores del ejido Guadalupe Victoria y su anexo La Cruz en el municipio de Mexquitic, sembraron 30 mil \u00e1rboles en la parte que les corresponde la Sierra de\u2026","rel":"","context":"En &quot;CINTILLO&quot;","block_context":{"text":"CINTILLO","link":"https:\/\/www.grieta.org.mx\/index.php\/category\/cintillo\/"},"img":{"alt_text":"","src":"https:\/\/i0.wp.com\/www.grieta.org.mx\/wp-content\/uploads\/2019\/07\/Comuneros-siembran-30-mil-%C3%A1rboles-en-Sierra-de-San-Miguelito-slp-jul.jpg?resize=350%2C200&ssl=1","width":350,"height":200,"srcset":"https:\/\/i0.wp.com\/www.grieta.org.mx\/wp-content\/uploads\/2019\/07\/Comuneros-siembran-30-mil-%C3%A1rboles-en-Sierra-de-San-Miguelito-slp-jul.jpg?resize=350%2C200&ssl=1 1x, https:\/\/i0.wp.com\/www.grieta.org.mx\/wp-content\/uploads\/2019\/07\/Comuneros-siembran-30-mil-%C3%A1rboles-en-Sierra-de-San-Miguelito-slp-jul.jpg?resize=525%2C300&ssl=1 1.5x, https:\/\/i0.wp.com\/www.grieta.org.mx\/wp-content\/uploads\/2019\/07\/Comuneros-siembran-30-mil-%C3%A1rboles-en-Sierra-de-San-Miguelito-slp-jul.jpg?resize=700%2C400&ssl=1 2x, https:\/\/i0.wp.com\/www.grieta.org.mx\/wp-content\/uploads\/2019\/07\/Comuneros-siembran-30-mil-%C3%A1rboles-en-Sierra-de-San-Miguelito-slp-jul.jpg?resize=1050%2C600&ssl=1 3x"},"classes":[]},{"id":27012,"url":"https:\/\/www.grieta.org.mx\/index.php\/2018\/10\/05\/cal-quimica-instala-ilegalmente-hidratadora-san-luis-potosi\/","url_meta":{"origin":34321,"position":3},"title":"Cal Qu\u00edmica instala ilegalmente hidratadora (San Luis Potos\u00ed)","author":"grieta","date":"5 octubre, 2018","format":false,"excerpt":"Lilia Quevedo\/Plano Informativo Vecinos y colonos de la comunidad de Jassos, Santa Rita, la delegaci\u00f3n de Pozos, Los G\u00f3mez y fraccionamientos: Los Morales, Real del Potos\u00ed, Granjas de la Florida, Bosques de la Florida, Residencial la Florida y Bugambilias, emitieron un comunicado en el cual denunciaron que la empresa Cal\u2026","rel":"","context":"En &quot;CINTILLO&quot;","block_context":{"text":"CINTILLO","link":"https:\/\/www.grieta.org.mx\/index.php\/category\/cintillo\/"},"img":{"alt_text":"","src":"https:\/\/i0.wp.com\/www.grieta.org.mx\/wp-content\/uploads\/2018\/10\/Cal-Qu%C3%ADmica-instala-ilegalmente-hidratadora.jpg?resize=350%2C200&ssl=1","width":350,"height":200,"srcset":"https:\/\/i0.wp.com\/www.grieta.org.mx\/wp-content\/uploads\/2018\/10\/Cal-Qu%C3%ADmica-instala-ilegalmente-hidratadora.jpg?resize=350%2C200&ssl=1 1x, https:\/\/i0.wp.com\/www.grieta.org.mx\/wp-content\/uploads\/2018\/10\/Cal-Qu%C3%ADmica-instala-ilegalmente-hidratadora.jpg?resize=525%2C300&ssl=1 1.5x, https:\/\/i0.wp.com\/www.grieta.org.mx\/wp-content\/uploads\/2018\/10\/Cal-Qu%C3%ADmica-instala-ilegalmente-hidratadora.jpg?resize=700%2C400&ssl=1 2x"},"classes":[]},{"id":37219,"url":"https:\/\/www.grieta.org.mx\/index.php\/2019\/07\/27\/levantan-25-mil-firmas-contra-la-venta-de-terrenos-en-la-sierra-san-luis-potosi\/","url_meta":{"origin":34321,"position":4},"title":"Levantan 25 mil firmas contra la venta de terrenos en la sierra  (San Luis Potos\u00ed)","author":"grieta","date":"27 julio, 2019","format":false,"excerpt":"Patricia Azuara \/ Quadrat\u00edn SLP SAN LUIS POTOS\u00cd, SLP., 27 de julio de 2019.- La recolecci\u00f3n de firmas para frenar la urbanizaci\u00f3n en la Sierra de San Miguelito contin\u00faa con m\u00e1s de 25 mil apoyos de potosinos, pese a que en la asamblea del pasado domingo, comuneros de San Juan\u2026","rel":"","context":"En &quot;CINTILLO&quot;","block_context":{"text":"CINTILLO","link":"https:\/\/www.grieta.org.mx\/index.php\/category\/cintillo\/"},"img":{"alt_text":"","src":"https:\/\/i0.wp.com\/www.grieta.org.mx\/wp-content\/uploads\/2019\/07\/COVARRUBIAS-REND%C3%93N-1160x700.jpeg?resize=350%2C200&ssl=1","width":350,"height":200,"srcset":"https:\/\/i0.wp.com\/www.grieta.org.mx\/wp-content\/uploads\/2019\/07\/COVARRUBIAS-REND%C3%93N-1160x700.jpeg?resize=350%2C200&ssl=1 1x, https:\/\/i0.wp.com\/www.grieta.org.mx\/wp-content\/uploads\/2019\/07\/COVARRUBIAS-REND%C3%93N-1160x700.jpeg?resize=525%2C300&ssl=1 1.5x, https:\/\/i0.wp.com\/www.grieta.org.mx\/wp-content\/uploads\/2019\/07\/COVARRUBIAS-REND%C3%93N-1160x700.jpeg?resize=700%2C400&ssl=1 2x, https:\/\/i0.wp.com\/www.grieta.org.mx\/wp-content\/uploads\/2019\/07\/COVARRUBIAS-REND%C3%93N-1160x700.jpeg?resize=1050%2C600&ssl=1 3x"},"classes":[]},{"id":28633,"url":"https:\/\/www.grieta.org.mx\/index.php\/2019\/01\/28\/denuncian-explotacion-irregular-de-piedra-negra-en-la-enramada-san-luis-potosi\/","url_meta":{"origin":34321,"position":5},"title":"Denuncian explotaci\u00f3n irregular de piedra negra en &#8220;La Enramada&#8221; (San Luis Potos\u00ed)","author":"grieta","date":"28 enero, 2019","format":false,"excerpt":"Patricia Azuara \/ elsoldesanluis Ejidatarios de la comunidad \"La Enramada\" en el municipio de Mexquitic piden la intervenci\u00f3n de las autoridades Ejidatarios de la comunidad \"La Enramada\", en el municipio de Mexquitic, denunciaron una explotaci\u00f3n irregular de un banco de material ubicado en la zona de parte del ex alcalde\u2026","rel":"","context":"En &quot;CINTILLO&quot;","block_context":{"text":"CINTILLO","link":"https:\/\/www.grieta.org.mx\/index.php\/category\/cintillo\/"},"img":{"alt_text":"","src":"https:\/\/i0.wp.com\/www.grieta.org.mx\/wp-content\/uploads\/2019\/01\/Denuncian-explotaci%C3%B3n-irregular-de-piedra-negra-en-la-Enramada.jpeg?resize=350%2C200&ssl=1","width":350,"height":200,"srcset":"https:\/\/i0.wp.com\/www.grieta.org.mx\/wp-content\/uploads\/2019\/01\/Denuncian-explotaci%C3%B3n-irregular-de-piedra-negra-en-la-Enramada.jpeg?resize=350%2C200&ssl=1 1x, https:\/\/i0.wp.com\/www.grieta.org.mx\/wp-content\/uploads\/2019\/01\/Denuncian-explotaci%C3%B3n-irregular-de-piedra-negra-en-la-Enramada.jpeg?resize=525%2C300&ssl=1 1.5x, https:\/\/i0.wp.com\/www.grieta.org.mx\/wp-content\/uploads\/2019\/01\/Denuncian-explotaci%C3%B3n-irregular-de-piedra-negra-en-la-Enramada.jpeg?resize=700%2C400&ssl=1 2x"},"classes":[]}],"_links":{"self":[{"href":"https:\/\/www.grieta.org.mx\/index.php\/wp-json\/wp\/v2\/posts\/34321","targetHints":{"allow":["GET"]}}],"collection":[{"href":"https:\/\/www.grieta.org.mx\/index.php\/wp-json\/wp\/v2\/posts"}],"about":[{"href":"https:\/\/www.grieta.org.mx\/index.php\/wp-json\/wp\/v2\/types\/post"}],"author":[{"embeddable":true,"href":"https:\/\/www.grieta.org.mx\/index.php\/wp-json\/wp\/v2\/users\/2"}],"replies":[{"embeddable":true,"href":"https:\/\/www.grieta.org.mx\/index.php\/wp-json\/wp\/v2\/comments?post=34321"}],"version-history":[{"count":1,"href":"https:\/\/www.grieta.org.mx\/index.php\/wp-json\/wp\/v2\/posts\/34321\/revisions"}],"predecessor-version":[{"id":34323,"href":"https:\/\/www.grieta.org.mx\/index.php\/wp-json\/wp\/v2\/posts\/34321\/revisions\/34323"}],"wp:featuredmedia":[{"embeddable":true,"href":"https:\/\/www.grieta.org.mx\/index.php\/wp-json\/wp\/v2\/media\/34322"}],"wp:attachment":[{"href":"https:\/\/www.grieta.org.mx\/index.php\/wp-json\/wp\/v2\/media?parent=34321"}],"wp:term":[{"taxonomy":"category","embeddable":true,"href":"https:\/\/www.grieta.org.mx\/index.php\/wp-json\/wp\/v2\/categories?post=34321"},{"taxonomy":"post_tag","embeddable":true,"href":"https:\/\/www.grieta.org.mx\/index.php\/wp-json\/wp\/v2\/tags?post=34321"}],"curies":[{"name":"wp","href":"https:\/\/api.w.org\/{rel}","templated":true}]}}