{"id":34264,"date":"2019-06-02T20:19:04","date_gmt":"2019-06-03T01:19:04","guid":{"rendered":"http:\/\/www.grieta.org.mx\/?p=34264"},"modified":"2019-06-04T20:22:53","modified_gmt":"2019-06-05T01:22:53","slug":"reporta-michoacan-681-incendios-forestales","status":"publish","type":"post","link":"https:\/\/www.grieta.org.mx\/index.php\/2019\/06\/02\/reporta-michoacan-681-incendios-forestales\/","title":{"rendered":"Reporta Michoac\u00e1n 681 incendios forestales"},"content":{"rendered":"<p>Por Ireri Pi\u00f1a \/Contramuro, 02 de junio de 2019.<\/p>\n<p><strong>La entidad es la segunda a nivel nacional en n\u00famero de incendios forestales<\/strong><\/p>\n<p>Morelia, Michoac\u00e1n.- Son ya 681 incendios forestales los que registra Michoac\u00e1n en lo que va del a\u00f1o, con una superficie afectada de 14 mil 338 hect\u00e1reas mayormente en 10 municipios de la entidad.<\/p>\n<p>Es Morelia el municipio que contin\u00faa como el que m\u00e1s registro de incendios tiene con 77, seguido de Uruapan con 65, Paracho con 46, P\u00e1tzcuaro reporta 45, Ario de Rosales 45, Ciudad Hidalgo 29, Ziracuaretiro 26, Coalcom\u00e1n 22, Salvador Escalante 19, Chilchota 18 y el resto de municipios acumula 292.<\/p>\n<p>En tanto, Morelia registra tambi\u00e9n el mayor n\u00famero de hect\u00e1reas siniestradas con mil 820, el municipio de Aguililla le sigue con mil 769, Coalcom\u00e1n es el tercero con mil 439, Chilchota reporta mil 85, La Huacana 984, Ciudad Hidalgo 584, P\u00e1tzcuaro 489, Tuxpan 479, Uruapan 458, Zinap\u00e9cuaro 359 y el resto de municipios registran cuatro mil 872.<\/p>\n<p>Con dichas cifras, se super\u00f3 ya el hist\u00f3rico comparativo con el a\u00f1o pasado, cuando se registraron 596 incendios forestales en la misma temporalidad y 12 mil 333 hect\u00e1reas siniestradas, lo que significa que 2019 est\u00e1 14.3 por ciento arriba en incendios forestales y 16 por ciento por encima en superficie afectada.<\/p>\n<p>Entre las causas la mayor con el 46 por ciento por la mano del hombre, es decir provocados; el 23 por ciento, por actividades agr\u00edcolas (quemas controladas); por fumadores el ocho por ciento, por fogatas el cinco por ciento y por razones desconocidas el 19 por ciento.<\/p>\n<p>A nivel nacional Michoac\u00e1n se ubica en segundo lugar en cuanto a n\u00famero de incendios forestales y en el lugar n\u00famero nueve de superficie afectada; el acumulado en M\u00e9xico es de cinco mil 989 incendios forestales y 343 mil 545 hect\u00e1reas siniestradas.<\/p>\n<p><a href=\"https:\/\/www.contramuro.com\/reporta-michoacan-681-incendios-forestales\/\">https:\/\/www.contramuro.com\/reporta-michoacan-681-incendios-forestales\/<\/a><\/p>\n","protected":false},"excerpt":{"rendered":"<p>Por Ireri Pi\u00f1a \/Contramuro, 02 de junio de 2019. La entidad es la segunda a nivel nacional en n\u00famero de incendios forestales Morelia, Michoac\u00e1n.- Son ya 681 incendios forestales los &hellip; <a href=\"https:\/\/www.grieta.org.mx\/index.php\/2019\/06\/02\/reporta-michoacan-681-incendios-forestales\/\" class=\"more-link\">Leer m\u00e1s<\/a><\/p>\n","protected":false},"author":2,"featured_media":21928,"comment_status":"closed","ping_status":"closed","sticky":false,"template":"","format":"standard","meta":{"ngg_post_thumbnail":0,"_jetpack_newsletter_access":"","_jetpack_dont_email_post_to_subs":false,"_jetpack_newsletter_tier_id":0,"_jetpack_memberships_contains_paywalled_content":false,"_jetpack_memberships_contains_paid_content":false,"footnotes":""},"categories":[80,2552,21],"tags":[2562,2574],"class_list":["post-34264","post","type-post","status-publish","format-standard","has-post-thumbnail","hentry","category-cintillo","category-destruccion-de-la-naturaleza-en-michoacan","category-michoacan","tag-destruccion-ambiental","tag-incendios-forestales","entry"],"jetpack_featured_media_url":"https:\/\/www.grieta.org.mx\/wp-content\/uploads\/2018\/03\/14524434_1106112876131411_958039263622046936_o.jpg","jetpack_sharing_enabled":true,"jetpack_shortlink":"https:\/\/wp.me\/p7ZJR4-8UE","jetpack_likes_enabled":false,"jetpack-related-posts":[{"id":33406,"url":"https:\/\/www.grieta.org.mx\/index.php\/2019\/05\/11\/se-ubica-michoacan-en-el-segundo-lugar-en-incendios-forestales\/","url_meta":{"origin":34264,"position":0},"title":"Se ubica Michoac\u00e1n en el segundo lugar en incendios forestales","author":"grieta","date":"11 mayo, 2019","format":false,"excerpt":"En el \u00faltimo corte de la Comisi\u00f3n Nacional Forestal, la entidad registra 526 incendios forestales Ireri Pi\u00f1a, Contramuro, 11 de mayo de 2019 Morelia, Michoac\u00e1n.- Son 526 incendios forestales los que registra Michoac\u00e1n hasta el 10 de mayo de este a\u00f1o, seg\u00fan datos de la Comisi\u00f3n Nacional Forestal, con una\u2026","rel":"","context":"En &quot;CINTILLO&quot;","block_context":{"text":"CINTILLO","link":"https:\/\/www.grieta.org.mx\/index.php\/category\/cintillo\/"},"img":{"alt_text":"","src":"https:\/\/i0.wp.com\/www.grieta.org.mx\/wp-content\/uploads\/2019\/05\/fbb61be0-6bf0-468c-910b-49046513e28d.jpg?resize=350%2C200&ssl=1","width":350,"height":200,"srcset":"https:\/\/i0.wp.com\/www.grieta.org.mx\/wp-content\/uploads\/2019\/05\/fbb61be0-6bf0-468c-910b-49046513e28d.jpg?resize=350%2C200&ssl=1 1x, https:\/\/i0.wp.com\/www.grieta.org.mx\/wp-content\/uploads\/2019\/05\/fbb61be0-6bf0-468c-910b-49046513e28d.jpg?resize=525%2C300&ssl=1 1.5x, https:\/\/i0.wp.com\/www.grieta.org.mx\/wp-content\/uploads\/2019\/05\/fbb61be0-6bf0-468c-910b-49046513e28d.jpg?resize=700%2C400&ssl=1 2x, https:\/\/i0.wp.com\/www.grieta.org.mx\/wp-content\/uploads\/2019\/05\/fbb61be0-6bf0-468c-910b-49046513e28d.jpg?resize=1050%2C600&ssl=1 3x"},"classes":[]},{"id":33978,"url":"https:\/\/www.grieta.org.mx\/index.php\/2019\/05\/28\/con-recortes-a-conafor-brigadas-contra-incendios-no-han-operado-al-100-michoacan\/","url_meta":{"origin":34264,"position":1},"title":"Con recortes a CONAFOR, brigadas contra incendios no han operado al 100%  (Michoac\u00e1n)","author":"grieta","date":"28 mayo, 2019","format":false,"excerpt":"Aida Espinosa \/ UrbisTV. Morelia, Michoac\u00e1n, a 28 de mayo de 2019.- Trabajadores de la Comisi\u00f3n Nacional Forestal, se manifestaron este martes en las oficinas de la dependencia en Michoac\u00e1n, donde denunciaron que el recorte del 60 por ciento al presupuesto de la dependencia, afecta al combate de incendios forestales.\u2026","rel":"","context":"En &quot;CINTILLO&quot;","block_context":{"text":"CINTILLO","link":"https:\/\/www.grieta.org.mx\/index.php\/category\/cintillo\/"},"img":{"alt_text":"","src":"https:\/\/i0.wp.com\/www.grieta.org.mx\/wp-content\/uploads\/2019\/05\/0-grande.jpg?resize=350%2C200&ssl=1","width":350,"height":200,"srcset":"https:\/\/i0.wp.com\/www.grieta.org.mx\/wp-content\/uploads\/2019\/05\/0-grande.jpg?resize=350%2C200&ssl=1 1x, https:\/\/i0.wp.com\/www.grieta.org.mx\/wp-content\/uploads\/2019\/05\/0-grande.jpg?resize=525%2C300&ssl=1 1.5x, https:\/\/i0.wp.com\/www.grieta.org.mx\/wp-content\/uploads\/2019\/05\/0-grande.jpg?resize=700%2C400&ssl=1 2x"},"classes":[]},{"id":33795,"url":"https:\/\/www.grieta.org.mx\/index.php\/2019\/05\/20\/comuneros-los-heroes-que-con-carencias-combaten-incendios-forestales-michoacan\/","url_meta":{"origin":34264,"position":2},"title":"Comuneros, los h\u00e9roes que con carencias combaten incendios forestales (Michoac\u00e1n)","author":"grieta","date":"20 mayo, 2019","format":false,"excerpt":"El Universal, 20 de mayo de 2019 Uruapan. Michoac\u00e1n.- Las jornadas son interminables, sus sueldos no son los mejores y los peligros son muchos para los brigadistas que combaten los incendios forestales en Michoac\u00e1n, la segunda entidad con mayor n\u00famero de siniestros registrados del pa\u00eds; pero a\u00fan as\u00ed ellos acuden\u2026","rel":"","context":"En &quot;CINTILLO&quot;","block_context":{"text":"CINTILLO","link":"https:\/\/www.grieta.org.mx\/index.php\/category\/cintillo\/"},"img":{"alt_text":"","src":"https:\/\/i0.wp.com\/www.grieta.org.mx\/wp-content\/uploads\/2019\/05\/direct22mayo2019.jpg?resize=350%2C200&ssl=1","width":350,"height":200,"srcset":"https:\/\/i0.wp.com\/www.grieta.org.mx\/wp-content\/uploads\/2019\/05\/direct22mayo2019.jpg?resize=350%2C200&ssl=1 1x, https:\/\/i0.wp.com\/www.grieta.org.mx\/wp-content\/uploads\/2019\/05\/direct22mayo2019.jpg?resize=525%2C300&ssl=1 1.5x"},"classes":[]},{"id":33981,"url":"https:\/\/www.grieta.org.mx\/index.php\/2019\/05\/28\/protestan-brigadistas-por-recorte-a-presupuesto-de-conafor-michoacan\/","url_meta":{"origin":34264,"position":3},"title":"Protestan brigadistas por recorte a presupuesto de Conafor  (Michoac\u00e1n)","author":"grieta","date":"28 mayo, 2019","format":false,"excerpt":"28 de mayo de 2019. F\u00e1tima Alfaro\/Quadrat\u00edn MORELIA, Mich., 28 de mayo de 2019.- Brigadistas y combatientes de incendios forestales se manifiestan en el exterior de la delegaci\u00f3n en Michoac\u00e1n de la Comisi\u00f3n Nacional Forestal (Conafor), en protesta por el recorte de alrededor del 60 por ciento en el presupuesto\u2026","rel":"","context":"En &quot;CINTILLO&quot;","block_context":{"text":"CINTILLO","link":"https:\/\/www.grieta.org.mx\/index.php\/category\/cintillo\/"},"img":{"alt_text":"","src":"https:\/\/i0.wp.com\/www.grieta.org.mx\/wp-content\/uploads\/2019\/05\/brigadista-incendio-1-1160x700.jpg?resize=350%2C200&ssl=1","width":350,"height":200,"srcset":"https:\/\/i0.wp.com\/www.grieta.org.mx\/wp-content\/uploads\/2019\/05\/brigadista-incendio-1-1160x700.jpg?resize=350%2C200&ssl=1 1x, https:\/\/i0.wp.com\/www.grieta.org.mx\/wp-content\/uploads\/2019\/05\/brigadista-incendio-1-1160x700.jpg?resize=525%2C300&ssl=1 1.5x, https:\/\/i0.wp.com\/www.grieta.org.mx\/wp-content\/uploads\/2019\/05\/brigadista-incendio-1-1160x700.jpg?resize=700%2C400&ssl=1 2x, https:\/\/i0.wp.com\/www.grieta.org.mx\/wp-content\/uploads\/2019\/05\/brigadista-incendio-1-1160x700.jpg?resize=1050%2C600&ssl=1 3x"},"classes":[]},{"id":34713,"url":"https:\/\/www.grieta.org.mx\/index.php\/2019\/05\/28\/brigadistas-de-conafor-demandan-el-pago-de-mas-de-un-millon-de-pesos-michoacan\/","url_meta":{"origin":34264,"position":4},"title":"Brigadistas de Conafor demandan el pago de m\u00e1s de un mill\u00f3n de pesos  (Michoac\u00e1n)","author":"grieta","date":"28 mayo, 2019","format":false,"excerpt":"Brigadistas de Conafor demandan el pago de m\u00e1s de un mill\u00f3n de pesos Erandi Torres Mart\u00ednez\/ Cambio de Michoac\u00e1n, 28 de mayo de 2019. Morelia, Michoac\u00e1n.- Los recortes presupuestales que ejerci\u00f3 el gobierno de la Rep\u00fablica sobre la Comisi\u00f3n Nacional Forestal (Conafor) afectaron a los brigadistas de la representaci\u00f3n nacional\u2026","rel":"","context":"En &quot;CINTILLO&quot;","block_context":{"text":"CINTILLO","link":"https:\/\/www.grieta.org.mx\/index.php\/category\/cintillo\/"},"img":{"alt_text":"","src":"https:\/\/i0.wp.com\/www.grieta.org.mx\/wp-content\/uploads\/2019\/06\/75906964c1c709a06b282e0492d802acbrigadistas.jpg?resize=350%2C200&ssl=1","width":350,"height":200,"srcset":"https:\/\/i0.wp.com\/www.grieta.org.mx\/wp-content\/uploads\/2019\/06\/75906964c1c709a06b282e0492d802acbrigadistas.jpg?resize=350%2C200&ssl=1 1x, https:\/\/i0.wp.com\/www.grieta.org.mx\/wp-content\/uploads\/2019\/06\/75906964c1c709a06b282e0492d802acbrigadistas.jpg?resize=525%2C300&ssl=1 1.5x, https:\/\/i0.wp.com\/www.grieta.org.mx\/wp-content\/uploads\/2019\/06\/75906964c1c709a06b282e0492d802acbrigadistas.jpg?resize=700%2C400&ssl=1 2x, https:\/\/i0.wp.com\/www.grieta.org.mx\/wp-content\/uploads\/2019\/06\/75906964c1c709a06b282e0492d802acbrigadistas.jpg?resize=1050%2C600&ssl=1 3x"},"classes":[]},{"id":48168,"url":"https:\/\/www.grieta.org.mx\/index.php\/2020\/04\/19\/aguacate-michoacano-el-oro-verde-manchado-de-rojo-y-de-ceniza\/","url_meta":{"origin":34264,"position":5},"title":"Aguacate michoacano: el \u201coro verde\u201d, manchado de rojo y de ceniza","author":"grieta","date":"19 abril, 2020","format":false,"excerpt":"\u00a0 Los incendios en la zona aguacatera de Michoac\u00e1n son recurrentes en \u00e9poca est\u00edo. A veces son accidentales. Muchas otras, son intencionales, y con un s\u00f3lo prop\u00f3sito: abrir m\u00e1s tierras al cultivo de aguacate. Se calcula adem\u00e1s que la mitad del territorio del monocultivo es ilegal Pie de P\u00e1gina, 19\u2026","rel":"","context":"En &quot;CINTILLO&quot;","block_context":{"text":"CINTILLO","link":"https:\/\/www.grieta.org.mx\/index.php\/category\/cintillo\/"},"img":{"alt_text":"","src":"https:\/\/i0.wp.com\/www.grieta.org.mx\/wp-content\/uploads\/2020\/04\/Incendio_forestal_michoacan_Jonathan_Malpica2.jpeg?resize=350%2C200&ssl=1","width":350,"height":200,"srcset":"https:\/\/i0.wp.com\/www.grieta.org.mx\/wp-content\/uploads\/2020\/04\/Incendio_forestal_michoacan_Jonathan_Malpica2.jpeg?resize=350%2C200&ssl=1 1x, https:\/\/i0.wp.com\/www.grieta.org.mx\/wp-content\/uploads\/2020\/04\/Incendio_forestal_michoacan_Jonathan_Malpica2.jpeg?resize=525%2C300&ssl=1 1.5x, https:\/\/i0.wp.com\/www.grieta.org.mx\/wp-content\/uploads\/2020\/04\/Incendio_forestal_michoacan_Jonathan_Malpica2.jpeg?resize=700%2C400&ssl=1 2x, https:\/\/i0.wp.com\/www.grieta.org.mx\/wp-content\/uploads\/2020\/04\/Incendio_forestal_michoacan_Jonathan_Malpica2.jpeg?resize=1050%2C600&ssl=1 3x"},"classes":[]}],"_links":{"self":[{"href":"https:\/\/www.grieta.org.mx\/index.php\/wp-json\/wp\/v2\/posts\/34264","targetHints":{"allow":["GET"]}}],"collection":[{"href":"https:\/\/www.grieta.org.mx\/index.php\/wp-json\/wp\/v2\/posts"}],"about":[{"href":"https:\/\/www.grieta.org.mx\/index.php\/wp-json\/wp\/v2\/types\/post"}],"author":[{"embeddable":true,"href":"https:\/\/www.grieta.org.mx\/index.php\/wp-json\/wp\/v2\/users\/2"}],"replies":[{"embeddable":true,"href":"https:\/\/www.grieta.org.mx\/index.php\/wp-json\/wp\/v2\/comments?post=34264"}],"version-history":[{"count":1,"href":"https:\/\/www.grieta.org.mx\/index.php\/wp-json\/wp\/v2\/posts\/34264\/revisions"}],"predecessor-version":[{"id":34266,"href":"https:\/\/www.grieta.org.mx\/index.php\/wp-json\/wp\/v2\/posts\/34264\/revisions\/34266"}],"wp:featuredmedia":[{"embeddable":true,"href":"https:\/\/www.grieta.org.mx\/index.php\/wp-json\/wp\/v2\/media\/21928"}],"wp:attachment":[{"href":"https:\/\/www.grieta.org.mx\/index.php\/wp-json\/wp\/v2\/media?parent=34264"}],"wp:term":[{"taxonomy":"category","embeddable":true,"href":"https:\/\/www.grieta.org.mx\/index.php\/wp-json\/wp\/v2\/categories?post=34264"},{"taxonomy":"post_tag","embeddable":true,"href":"https:\/\/www.grieta.org.mx\/index.php\/wp-json\/wp\/v2\/tags?post=34264"}],"curies":[{"name":"wp","href":"https:\/\/api.w.org\/{rel}","templated":true}]}}