{"id":34206,"date":"2019-05-18T11:47:59","date_gmt":"2019-05-18T16:47:59","guid":{"rendered":"http:\/\/www.grieta.org.mx\/?p=34206"},"modified":"2019-06-03T11:57:28","modified_gmt":"2019-06-03T16:57:28","slug":"no-hay-chamba-aqui-nos-aguanta-le-dicen-a-amlo-11-mil-chontales-que-aun-se-resisten-a-pagar-luz-tabasco","status":"publish","type":"post","link":"https:\/\/www.grieta.org.mx\/index.php\/2019\/05\/18\/no-hay-chamba-aqui-nos-aguanta-le-dicen-a-amlo-11-mil-chontales-que-aun-se-resisten-a-pagar-luz-tabasco\/","title":{"rendered":"No hay chamba, aqu\u00ed nos aguanta, le dicen a AMLO 11 mil chontales que a\u00fan se resisten a pagar luz (Tabasco)"},"content":{"rendered":"<p><img loading=\"lazy\" decoding=\"async\" data-attachment-id=\"34207\" data-permalink=\"https:\/\/www.grieta.org.mx\/index.php\/2019\/05\/18\/no-hay-chamba-aqui-nos-aguanta-le-dicen-a-amlo-11-mil-chontales-que-aun-se-resisten-a-pagar-luz-tabasco\/cfe_maticos-cuartoscuro\/\" data-orig-file=\"https:\/\/www.grieta.org.mx\/wp-content\/uploads\/2019\/06\/cfe_maticos-cuartoscuro.jpg\" data-orig-size=\"1960,1225\" data-comments-opened=\"0\" data-image-meta=\"{&quot;aperture&quot;:&quot;0&quot;,&quot;credit&quot;:&quot;&quot;,&quot;camera&quot;:&quot;&quot;,&quot;caption&quot;:&quot;&quot;,&quot;created_timestamp&quot;:&quot;0&quot;,&quot;copyright&quot;:&quot;&quot;,&quot;focal_length&quot;:&quot;0&quot;,&quot;iso&quot;:&quot;0&quot;,&quot;shutter_speed&quot;:&quot;0&quot;,&quot;title&quot;:&quot;&quot;,&quot;orientation&quot;:&quot;0&quot;}\" data-image-title=\"cfe_maticos-cuartoscuro\" data-image-description=\"\" data-image-caption=\"\" data-medium-file=\"https:\/\/www.grieta.org.mx\/wp-content\/uploads\/2019\/06\/cfe_maticos-cuartoscuro-300x188.jpg\" data-large-file=\"https:\/\/www.grieta.org.mx\/wp-content\/uploads\/2019\/06\/cfe_maticos-cuartoscuro-1024x640.jpg\" src=\"http:\/\/www.grieta.org.mx\/wp-content\/uploads\/2019\/06\/cfe_maticos-cuartoscuro-1024x640.jpg\" alt=\"\" width=\"1024\" height=\"640\" class=\"alignleft size-large wp-image-34207\" srcset=\"https:\/\/www.grieta.org.mx\/wp-content\/uploads\/2019\/06\/cfe_maticos-cuartoscuro-1024x640.jpg 1024w, https:\/\/www.grieta.org.mx\/wp-content\/uploads\/2019\/06\/cfe_maticos-cuartoscuro-300x188.jpg 300w, https:\/\/www.grieta.org.mx\/wp-content\/uploads\/2019\/06\/cfe_maticos-cuartoscuro-768x480.jpg 768w, https:\/\/www.grieta.org.mx\/wp-content\/uploads\/2019\/06\/cfe_maticos-cuartoscuro-800x500.jpg 800w, https:\/\/www.grieta.org.mx\/wp-content\/uploads\/2019\/06\/cfe_maticos-cuartoscuro.jpg 1960w\" sizes=\"auto, (max-width: 1024px) 100vw, 1024px\" \/><\/p>\n<p>Redacci\u00f3n \/ Vanguardia<\/p>\n<p><strong>Tras perder las elecciones para Gobernador de Tabasco con el izquierdista Partido de la Revoluci\u00f3n Democr\u00e1tica (PRD), L\u00f3pez Obrador moviliz\u00f3 a sus seguidores en la toma de pozos petroleros contra los da\u00f1os ambientales y en contra de las altas tarifas de la CFE en el estado.<\/strong><\/p>\n<p>La estatal Comisi\u00f3n Federal de Electricidad (CFE) condonar\u00e1 el impago de luz por 11 mil millones de pesos (578.9 millones de d\u00f3lares) alentado hace 24 a\u00f1os por el actual Presidente de M\u00e9xico, Andr\u00e9s Manuel L\u00f3pez Obrador, en el suroriental estado de Tabasco.<\/p>\n<p>Tras perder las elecciones para Gobernador de Tabasco con el izquierdista Partido de la Revoluci\u00f3n Democr\u00e1tica (PRD), L\u00f3pez Obrador moviliz\u00f3 a sus seguidores en la toma de pozos petroleros contra los da\u00f1os ambientales y en contra de las altas tarifas de la CFE en el estado.<\/p>\n<p>Alrededor de 521 mil habitantes dejaron de pagar la luz y al paso de los a\u00f1os la deuda acumulada ha llegado a 11 mil millones de pesos (578.9 millones de d\u00f3lares), mismos que durante su campa\u00f1a presidencial, L\u00f3pez Obrador ofreci\u00f3 borrar.<\/p>\n<p>El Gobernador de Tabasco, Ad\u00e1n Augusto L\u00f3pez Hern\u00e1ndez, confirm\u00f3 este 13 de mayo la dispensa de la deuda mediante un acuerdo al que llam\u00f3: \u201cAdi\u00f3s a tu deuda\u201d.<\/p>\n<p>    \u201cSe le pone punto final al adeudo que durante d\u00e9cadas los tabasque\u00f1os hemos tenido con la CFE, y lo m\u00e1s importante, se le otorga a Tabasco la tarifa m\u00e1s baja del Sistema El\u00e9ctrico Nacional\u201d, expres\u00f3 el Gobernador el pasado 13 de mayo.<\/p>\n<p>Este viernes, durante una gira por Tabasco y Chiapas, el Presidente mexicano conmin\u00f3 a las comunidades ind\u00edgenas a retomar el pago puntual sus nuevos recibos toda vez que ya considera cumplida la promesa de condonar los adeudos del pasado.<\/p>\n<p>    \u201cHago un llamado a mis paisanos para que se inicie una etapa nueva. Ahora hay que pagar porque es una empresa del sector p\u00fablico, una empresa del pueblo y necesita recursos para seguir prestando el servicio\u201d, dijo el Mandatario.<\/p>\n<p>    Pero la desconfianza todav\u00eda prevalece entre los 11 mil habitantes de Buena Vista y Tamult\u00e9 de la Sabana, pueblos rebeldes chontales donde precisamente L\u00f3pez Obrador arranc\u00f3 hace 24 a\u00f1os su resistencia civil.<\/p>\n<p>    Jos\u00e9 Cruz y Primitivo Hern\u00e1ndez, dos viejos septuagenarios que iniciaron la resistencia civil codo a codo con el pol\u00edtico izquierdista, exigen que vaya a Tabasco a explicar a detalle la mec\u00e1nica del acuerdo compensatorio, el cual en tanto no aceptar\u00e1n<\/p>\n<p>        \u201cHasta que venga una comisi\u00f3n del Gobierno a explicar c\u00f3mo va a estar esa jugada, no todav\u00eda\u201d, sostuvo este viernes Jos\u00e9 Cruz.<\/p>\n<p>    Primitivo Hern\u00e1ndez fue punzante y en lengua chontal Yokot\u00e1n, mostr\u00f3 su desacuerdo con el \u201cadi\u00f3s a tu deuda\u201d al se\u00f1alar que las familias no tienen recursos econ\u00f3micos suficientes para pagar el consumo bimestral pues viven en condiciones de pobreza extrema.<\/p>\n<p>    \u201cNo hay chamba (trabajo), de d\u00f3nde vamos a sacar para pagar la luz. La gente aqu\u00ed no le va a entrar, que \u00e9l (L\u00f3pez Obrador) nos lleve la informaci\u00f3n porque \u00e9l hizo aqu\u00ed la resistencia civil y aqu\u00ed nos aguanta, vino muchas veces cuando no era Presidente, ahora no vamos a entrar y \u00a1Sigue la resistencia civil!\u201d, advirti\u00f3.<\/p>\n<p>En estos pueblos chontales, la mayor\u00eda de sus habitantes est\u00e1n desempleados y otros trabajan en el campo o venden en los parques p\u00fablicos sus frutas y hortalizas para ganar unos 150 pesos (7.8 d\u00f3lares) diarios.<\/p>\n<p>En muros, anuncios y viviendas, todav\u00eda se ven se\u00f1ales de aquellas movilizaciones abanderadas por el PRD y por L\u00f3pez Obrador, que dej\u00f3 el partido en 2013 para fundar su Movimiento Regeneraci\u00f3n Nacional (Morena), con el que gan\u00f3 la Presidencia en el 2018.<\/p>\n<p>    \u201cLucho para que el bienestar llegue a todos, no solo para uno. No me convencen, no todos tendr\u00e1n acceso y entonces los a\u00f1os que estuve en resistencia civil, d\u00f3nde quedaron. No estoy convencido, aqu\u00ed en nuestro pueblo sigue la resistencia civil\u201d, dijo a EFE Ramiro Valencia, un peque\u00f1o comerciante.<\/p>\n<p>Buena Vista y Tamult\u00e9 de la Sabana son comunidades unidas y aguerridas que han mantenido a raya a empleados de la (CFE) que intentan cortar el servicio de energ\u00eda el\u00e9ctrica.<\/p>\n<p>\u201cNo han podido porque aqu\u00ed el pueblo es muy unido y si llegan a ver a alguno arriba del poste, lo bajan y le echan fuego\u201d, coment\u00f3 a EFE Severiano Gallardo, un pescador de 60 a\u00f1os de edad que vive con su esposa, una hija y dos nietos.<\/p>\n<p>Severiano no ha pagado luz desde hace 30 a\u00f1os y es uno m\u00e1s de los 7 mil 800 habitantes que se resiste a abandonar el movimiento social, dice que solo pagar\u00eda 50 pesos (2,6 d\u00f3lares) por bimestre porque su consumo es m\u00ednimo con tres focos, un ventilador y una televisi\u00f3n.<\/p>\n<p>    \u201cNosotros votamos por \u00e9l (L\u00f3pez Obrador), pero si no nos cumple ya se acab\u00f3, regresamos otra vez al PRD y a la resistencia si no se puede\u201d, amag\u00f3.<\/p>\n<p>Descontentos con los resultados de los primeros seis meses del nuevo gobierno del pa\u00eds y de Tabasco, los chontales amenazan con cerrar la carretera Villahermosa-Dos Bocas, cuando L\u00f3pez Obrador vaya a colocar la primera piedra de la refiner\u00eda que su ?obierno quiere construir.<\/p>\n<p><a href=\"https:\/\/vanguardia.com.mx\/articulo\/no-hay-chamba-aqui-nos-aguanta-le-dicen-amlo-11-mil-chontales-que-aun-se-resisten-pagar-luz\">https:\/\/vanguardia.com.mx\/articulo\/no-hay-chamba-aqui-nos-aguanta-le-dicen-amlo-11-mil-chontales-que-aun-se-resisten-pagar-luz<\/a><\/p>\n","protected":false},"excerpt":{"rendered":"<p>Redacci\u00f3n \/ Vanguardia Tras perder las elecciones para Gobernador de Tabasco con el izquierdista Partido de la Revoluci\u00f3n Democr\u00e1tica (PRD), L\u00f3pez Obrador moviliz\u00f3 a sus seguidores en la toma de &hellip; <a href=\"https:\/\/www.grieta.org.mx\/index.php\/2019\/05\/18\/no-hay-chamba-aqui-nos-aguanta-le-dicen-a-amlo-11-mil-chontales-que-aun-se-resisten-a-pagar-luz-tabasco\/\" class=\"more-link\">Leer m\u00e1s<\/a><\/p>\n","protected":false},"author":2,"featured_media":34207,"comment_status":"closed","ping_status":"closed","sticky":false,"template":"","format":"standard","meta":{"ngg_post_thumbnail":0,"_jetpack_newsletter_access":"","_jetpack_dont_email_post_to_subs":false,"_jetpack_newsletter_tier_id":0,"_jetpack_memberships_contains_paywalled_content":false,"_jetpack_memberships_contains_paid_content":false,"footnotes":""},"categories":[80,2,2594,32],"tags":[291,1299],"class_list":["post-34206","post","type-post","status-publish","format-standard","has-post-thumbnail","hentry","category-cintillo","category-noticias-nacionales","category-protestas-contra-altas-tarifas-de-cfe-en-tabasco","category-tabasco","tag-cfe","tag-protestas-contra-las-tarifas-electricas","entry"],"jetpack_featured_media_url":"https:\/\/www.grieta.org.mx\/wp-content\/uploads\/2019\/06\/cfe_maticos-cuartoscuro.jpg","jetpack_sharing_enabled":true,"jetpack_shortlink":"https:\/\/wp.me\/p7ZJR4-8TI","jetpack_likes_enabled":false,"jetpack-related-posts":[{"id":51053,"url":"https:\/\/www.grieta.org.mx\/index.php\/2020\/05\/25\/tabasco-mujeres-costureras-se-declaran-en-resistencia-civil-contra-gobierno\/","url_meta":{"origin":34206,"position":0},"title":"Tabasco: mujeres costureras se declaran en \u201cresistencia civil\u201d contra gobierno","author":"grieta","date":"25 mayo, 2020","format":false,"excerpt":"Roberto Barbosa \/ La Silla Rota VILLAHERMOSA, Tabasco (La Silla Rota).- Un grupo de mujeres costureras, iracundas por \u201cel constante atropello\u201d de la Comisi\u00f3n Federal de Electricidad (CFE), se declararon en \u201cresistencia civil\u201d contra esa empresa y advirtieron a su paisano, el presidente Andr\u00e9s Manuel L\u00f3pez Obrador, que \u201ccorrer\u00e1 sangre\u201d\u2026","rel":"","context":"En &quot;CINTILLO&quot;","block_context":{"text":"CINTILLO","link":"https:\/\/www.grieta.org.mx\/index.php\/category\/cintillo\/"},"img":{"alt_text":"","src":"https:\/\/i0.wp.com\/www.grieta.org.mx\/wp-content\/uploads\/2020\/06\/mujerescfe-focus-0-0-983-557.jpg?resize=350%2C200&ssl=1","width":350,"height":200,"srcset":"https:\/\/i0.wp.com\/www.grieta.org.mx\/wp-content\/uploads\/2020\/06\/mujerescfe-focus-0-0-983-557.jpg?resize=350%2C200&ssl=1 1x, https:\/\/i0.wp.com\/www.grieta.org.mx\/wp-content\/uploads\/2020\/06\/mujerescfe-focus-0-0-983-557.jpg?resize=525%2C300&ssl=1 1.5x, https:\/\/i0.wp.com\/www.grieta.org.mx\/wp-content\/uploads\/2020\/06\/mujerescfe-focus-0-0-983-557.jpg?resize=700%2C400&ssl=1 2x"},"classes":[]},{"id":2988,"url":"https:\/\/www.grieta.org.mx\/index.php\/2015\/04\/18\/luchan-las-comunidades-de-candelaria-campeche-contra-altas-tarifas-electricas\/","url_meta":{"origin":34206,"position":1},"title":"Luchan las comunidades de Candelaria, Campeche contra altas tarifas el\u00e9ctricas","author":"grieta","date":"18 abril, 2015","format":false,"excerpt":"Treinta y cinco comunidades de Candelaria, Campeche, desde hace cinco a\u00f1os sostienen una lucha en contra de las altas tarifas de la energ\u00eda el\u00e9ctrica, como represalia, adem\u00e1s de hostigamiento, persecuci\u00f3n, desmantelamiento de sus instalaciones el\u00e9ctricas domiciliarias, cinco personas hace m\u00e1s de un a\u00f1o y otras m\u00e1s tiene \u00f3rdenes de aprehensi\u00f3n\u2026","rel":"","context":"En &quot;Campeche&quot;","block_context":{"text":"Campeche","link":"https:\/\/www.grieta.org.mx\/index.php\/category\/noticias-nacionales\/campeche\/"},"img":{"alt_text":"","src":"https:\/\/i0.wp.com\/www.grieta.org.mx\/wp-content\/uploads\/2018\/03\/14524434_1106112876131411_958039263622046936_o.jpg?resize=350%2C200&ssl=1","width":350,"height":200,"srcset":"https:\/\/i0.wp.com\/www.grieta.org.mx\/wp-content\/uploads\/2018\/03\/14524434_1106112876131411_958039263622046936_o.jpg?resize=350%2C200&ssl=1 1x, https:\/\/i0.wp.com\/www.grieta.org.mx\/wp-content\/uploads\/2018\/03\/14524434_1106112876131411_958039263622046936_o.jpg?resize=525%2C300&ssl=1 1.5x, https:\/\/i0.wp.com\/www.grieta.org.mx\/wp-content\/uploads\/2018\/03\/14524434_1106112876131411_958039263622046936_o.jpg?resize=700%2C400&ssl=1 2x"},"classes":[]},{"id":34313,"url":"https:\/\/www.grieta.org.mx\/index.php\/2019\/05\/17\/les-perdonan-deuda-pero-se-resisten-a-pagar-la-luz-a-futuro-en-tabasco\/","url_meta":{"origin":34206,"position":2},"title":"Les perdonan deuda, pero se resisten a pagar la luz a futuro en Tabasco","author":"grieta","date":"17 mayo, 2019","format":false,"excerpt":"Leobardo P\u00e9rez Mar\u00edn \/ El Universal Tamult\u00e9 de las Sabanas, Tabasco \u201c\u00c9l hizo aqu\u00ed la resistencia civil y aqu\u00ed nos aguanta. Que le digan que Buena Vista y Tamult\u00e9 de las Sabanas seguir\u00e1 en resistencia\u201d, es el mensaje que env\u00eda uno de los habitantes del pueblo chontal donde el presidente\u2026","rel":"","context":"En &quot;CINTILLO&quot;","block_context":{"text":"CINTILLO","link":"https:\/\/www.grieta.org.mx\/index.php\/category\/cintillo\/"},"img":{"alt_text":"","src":"https:\/\/i0.wp.com\/www.grieta.org.mx\/wp-content\/uploads\/2019\/06\/hqdefault.jpg?resize=350%2C200&ssl=1","width":350,"height":200},"classes":[]},{"id":9148,"url":"https:\/\/www.grieta.org.mx\/index.php\/2016\/07\/13\/movilizaciones-contra-la-cfe-y-las-altas-tarifas-de-luz-en-morelos\/","url_meta":{"origin":34206,"position":3},"title":"Movilizaciones contra la CFE y las altas tarifas de luz en Morelos","author":"grieta","date":"13 julio, 2016","format":false,"excerpt":"13\/07\/16. Asesinan en Morelos a ex l\u00edder del SME Morelos Diario 04\/12\/15. Otra protesta contra la CFE; ahora, por el incremento en las tarifas La uni\u00f3n de Morelos 16\/07\/15. Protestan usuarios de CFE en Morelos contra altos cobros La Jornada","rel":"","context":"En &quot;Morelos&quot;","block_context":{"text":"Morelos","link":"https:\/\/www.grieta.org.mx\/index.php\/category\/noticias-nacionales\/morelos\/"},"img":{"alt_text":"","src":"https:\/\/i0.wp.com\/www.grieta.org.mx\/wp-content\/uploads\/2018\/03\/14524434_1106112876131411_958039263622046936_o.jpg?resize=350%2C200&ssl=1","width":350,"height":200,"srcset":"https:\/\/i0.wp.com\/www.grieta.org.mx\/wp-content\/uploads\/2018\/03\/14524434_1106112876131411_958039263622046936_o.jpg?resize=350%2C200&ssl=1 1x, https:\/\/i0.wp.com\/www.grieta.org.mx\/wp-content\/uploads\/2018\/03\/14524434_1106112876131411_958039263622046936_o.jpg?resize=525%2C300&ssl=1 1.5x, https:\/\/i0.wp.com\/www.grieta.org.mx\/wp-content\/uploads\/2018\/03\/14524434_1106112876131411_958039263622046936_o.jpg?resize=700%2C400&ssl=1 2x"},"classes":[]},{"id":49319,"url":"https:\/\/www.grieta.org.mx\/index.php\/2020\/05\/12\/aumenta-cfe-tarifas-de-electricidad-en-compostela-nayait\/","url_meta":{"origin":34206,"position":4},"title":"Aumenta CFE tarifas de electricidad en Compostela (Nayarit)","author":"grieta","date":"12 mayo, 2020","format":false,"excerpt":"Foto: Realidades de Nayarit Est\u00e1 cortando el servicio porque las familias no pueden pagar el recibo Mildra Ben\u00edtez Robledo \/ Realidades de Nayarit Tepic, Nayarit.- Mi\u00e9rcoles 12 de mayo del 2020.- Alrededor de 350 familias de Compostela son las afectadas por las altas tarifas impuestas por la Comisi\u00f3n Federal de\u2026","rel":"","context":"En &quot;CINTILLO&quot;","block_context":{"text":"CINTILLO","link":"https:\/\/www.grieta.org.mx\/index.php\/category\/cintillo\/"},"img":{"alt_text":"","src":"https:\/\/i0.wp.com\/www.grieta.org.mx\/wp-content\/uploads\/2020\/05\/cfe.jpg?resize=350%2C200&ssl=1","width":350,"height":200,"srcset":"https:\/\/i0.wp.com\/www.grieta.org.mx\/wp-content\/uploads\/2020\/05\/cfe.jpg?resize=350%2C200&ssl=1 1x, https:\/\/i0.wp.com\/www.grieta.org.mx\/wp-content\/uploads\/2020\/05\/cfe.jpg?resize=525%2C300&ssl=1 1.5x, https:\/\/i0.wp.com\/www.grieta.org.mx\/wp-content\/uploads\/2020\/05\/cfe.jpg?resize=700%2C400&ssl=1 2x"},"classes":[]},{"id":2963,"url":"https:\/\/www.grieta.org.mx\/index.php\/2016\/09\/06\/lucha-contra-la-cfe-en-campeche-cfe-se-queja-de-perdidas-millonarias-en-la-peninsula\/","url_meta":{"origin":34206,"position":5},"title":"Lucha contra la CFE en Campeche","author":"grieta","date":"6 septiembre, 2016","format":false,"excerpt":"06\/09\/16. Se manifiestan contra CFE con mu\u00f1ecos y pancartas (Campeche) Tribuna 02\/04\/16. Hostigan CFE y gobiernos a Movimiento de Resistencia Civil en Candelaria P\u00e1gin@bierta 26\/10\/15. P\u00e9rdidas de $1,000 millones por robo de electricidad en Yucat\u00e1n, Campeche y QR La Jornada 20\/04\/15. Hostigamiento, provocaci\u00f3n y amenazas de la Comisi\u00f3n Federal de\u2026","rel":"","context":"En &quot;16. Pueblo Maya&quot;","block_context":{"text":"16. Pueblo Maya","link":"https:\/\/www.grieta.org.mx\/index.php\/category\/espejos-de-la-resistencia\/16-pueblo-maya\/"},"img":{"alt_text":"","src":"https:\/\/i0.wp.com\/www.grieta.org.mx\/wp-content\/uploads\/2018\/03\/14524434_1106112876131411_958039263622046936_o.jpg?resize=350%2C200&ssl=1","width":350,"height":200,"srcset":"https:\/\/i0.wp.com\/www.grieta.org.mx\/wp-content\/uploads\/2018\/03\/14524434_1106112876131411_958039263622046936_o.jpg?resize=350%2C200&ssl=1 1x, https:\/\/i0.wp.com\/www.grieta.org.mx\/wp-content\/uploads\/2018\/03\/14524434_1106112876131411_958039263622046936_o.jpg?resize=525%2C300&ssl=1 1.5x, https:\/\/i0.wp.com\/www.grieta.org.mx\/wp-content\/uploads\/2018\/03\/14524434_1106112876131411_958039263622046936_o.jpg?resize=700%2C400&ssl=1 2x"},"classes":[]}],"_links":{"self":[{"href":"https:\/\/www.grieta.org.mx\/index.php\/wp-json\/wp\/v2\/posts\/34206","targetHints":{"allow":["GET"]}}],"collection":[{"href":"https:\/\/www.grieta.org.mx\/index.php\/wp-json\/wp\/v2\/posts"}],"about":[{"href":"https:\/\/www.grieta.org.mx\/index.php\/wp-json\/wp\/v2\/types\/post"}],"author":[{"embeddable":true,"href":"https:\/\/www.grieta.org.mx\/index.php\/wp-json\/wp\/v2\/users\/2"}],"replies":[{"embeddable":true,"href":"https:\/\/www.grieta.org.mx\/index.php\/wp-json\/wp\/v2\/comments?post=34206"}],"version-history":[{"count":1,"href":"https:\/\/www.grieta.org.mx\/index.php\/wp-json\/wp\/v2\/posts\/34206\/revisions"}],"predecessor-version":[{"id":34208,"href":"https:\/\/www.grieta.org.mx\/index.php\/wp-json\/wp\/v2\/posts\/34206\/revisions\/34208"}],"wp:featuredmedia":[{"embeddable":true,"href":"https:\/\/www.grieta.org.mx\/index.php\/wp-json\/wp\/v2\/media\/34207"}],"wp:attachment":[{"href":"https:\/\/www.grieta.org.mx\/index.php\/wp-json\/wp\/v2\/media?parent=34206"}],"wp:term":[{"taxonomy":"category","embeddable":true,"href":"https:\/\/www.grieta.org.mx\/index.php\/wp-json\/wp\/v2\/categories?post=34206"},{"taxonomy":"post_tag","embeddable":true,"href":"https:\/\/www.grieta.org.mx\/index.php\/wp-json\/wp\/v2\/tags?post=34206"}],"curies":[{"name":"wp","href":"https:\/\/api.w.org\/{rel}","templated":true}]}}