{"id":34203,"date":"2019-05-18T11:37:52","date_gmt":"2019-05-18T16:37:52","guid":{"rendered":"http:\/\/www.grieta.org.mx\/?p=34203"},"modified":"2019-06-03T11:47:27","modified_gmt":"2019-06-03T16:47:27","slug":"71-de-usuarios-en-redes-sociales-estan-en-contra-de-la-construccion-de-la-refineria-dos-bocas-tabasco","status":"publish","type":"post","link":"https:\/\/www.grieta.org.mx\/index.php\/2019\/05\/18\/71-de-usuarios-en-redes-sociales-estan-en-contra-de-la-construccion-de-la-refineria-dos-bocas-tabasco\/","title":{"rendered":"71% de usuarios en redes sociales est\u00e1n en contra de la construcci\u00f3n de la refiner\u00eda Dos Bocas (Tabasco)"},"content":{"rendered":"<figure id=\"attachment_34204\" aria-describedby=\"caption-attachment-34204\" style=\"width: 817px\" class=\"wp-caption alignleft\"><img loading=\"lazy\" decoding=\"async\" data-attachment-id=\"34204\" data-permalink=\"https:\/\/www.grieta.org.mx\/index.php\/2019\/05\/18\/71-de-usuarios-en-redes-sociales-estan-en-contra-de-la-construccion-de-la-refineria-dos-bocas-tabasco\/_0b3ae6f0a06cecdb1690124b521b0613dos\/\" data-orig-file=\"https:\/\/www.grieta.org.mx\/wp-content\/uploads\/2019\/06\/0b3ae6f0a06cecdb1690124b521b0613dos.jpg\" data-orig-size=\"1800,1010\" data-comments-opened=\"0\" data-image-meta=\"{&quot;aperture&quot;:&quot;0&quot;,&quot;credit&quot;:&quot;&quot;,&quot;camera&quot;:&quot;&quot;,&quot;caption&quot;:&quot;&quot;,&quot;created_timestamp&quot;:&quot;0&quot;,&quot;copyright&quot;:&quot;&quot;,&quot;focal_length&quot;:&quot;0&quot;,&quot;iso&quot;:&quot;0&quot;,&quot;shutter_speed&quot;:&quot;0&quot;,&quot;title&quot;:&quot;&quot;,&quot;orientation&quot;:&quot;1&quot;}\" data-image-title=\"_0b3ae6f0a06cecdb1690124b521b0613,dos\" data-image-description=\"\" data-image-caption=\"&lt;p&gt;Algunas instituciones gubernamentales fueron asociadas con la construcci\u00f3n de Dos Bocas, por parte de usuarios de redes sociales y portales digitales (Foto: Especial)&lt;\/p&gt;\n\" data-medium-file=\"https:\/\/www.grieta.org.mx\/wp-content\/uploads\/2019\/06\/0b3ae6f0a06cecdb1690124b521b0613dos-300x168.jpg\" data-large-file=\"https:\/\/www.grieta.org.mx\/wp-content\/uploads\/2019\/06\/0b3ae6f0a06cecdb1690124b521b0613dos-1024x575.jpg\" class=\" wp-image-34204\" src=\"http:\/\/www.grieta.org.mx\/wp-content\/uploads\/2019\/06\/0b3ae6f0a06cecdb1690124b521b0613dos-1024x575.jpg\" alt=\"\" width=\"817\" height=\"459\" srcset=\"https:\/\/www.grieta.org.mx\/wp-content\/uploads\/2019\/06\/0b3ae6f0a06cecdb1690124b521b0613dos-1024x575.jpg 1024w, https:\/\/www.grieta.org.mx\/wp-content\/uploads\/2019\/06\/0b3ae6f0a06cecdb1690124b521b0613dos-300x168.jpg 300w, https:\/\/www.grieta.org.mx\/wp-content\/uploads\/2019\/06\/0b3ae6f0a06cecdb1690124b521b0613dos-768x431.jpg 768w, https:\/\/www.grieta.org.mx\/wp-content\/uploads\/2019\/06\/0b3ae6f0a06cecdb1690124b521b0613dos-891x500.jpg 891w, https:\/\/www.grieta.org.mx\/wp-content\/uploads\/2019\/06\/0b3ae6f0a06cecdb1690124b521b0613dos.jpg 1800w\" sizes=\"auto, (max-width: 817px) 100vw, 817px\" \/><figcaption id=\"caption-attachment-34204\" class=\"wp-caption-text\">Algunas instituciones gubernamentales fueron asociadas con la construcci\u00f3n de Dos Bocas, por parte de usuarios de redes sociales y portales digitales (Foto: Especial)<\/figcaption><\/figure>\n<p>Redacci\u00f3n \/ Cambio de Michoac\u00e1n<\/p>\n<p>Ciudad de M\u00e9xico.- El pasado 9 de mayo en su conferencia matutina, Andr\u00e9s Manuel L\u00f3pez Obrador anunci\u00f3 que se hab\u00eda declarado \u201cdesierta\u201d la licitaci\u00f3n para que empresas privadas participaran en la construcci\u00f3n de la refiner\u00eda Dos Bocas en Tabasco. El gobierno federal anunci\u00f3 que dicha obra estar\u00eda a cargo de la Secretar\u00eda de Energ\u00eda, Pemex y el Instituto Mexicano del Petr\u00f3leo (IMP). Dicha decisi\u00f3n y el conocimiento sobre la existencia de un fondo de ocho mil millones de d\u00f3lares para el financiamiento de esta obra, abrieron el debate (el 13 de mayo) sobre la viabilidad del proyecto y la conveniencia de que el gobierno se encargue de su construcci\u00f3n. Este debate gener\u00f3 209 mil 276 menciones en redes sociales y medios de comunicaci\u00f3n digital entre el 1 de abril y el 13 de mayo del a\u00f1o en curso.<\/p>\n<p><strong>Mayor\u00eda en contra de que gobierno se encargue de obra<\/strong><\/p>\n<p>El 71 por ciento de los usuarios de internet considera que Pemex no debe involucrarse en la construcci\u00f3n de la refiner\u00eda. Su argumento principal es que dicho proyecto deber\u00eda contar con inversi\u00f3n privada y no ser financiada con \u201cdinero p\u00fablico\u201d.<\/p>\n<p>El 29 por ciento restante est\u00e1 a favor de esa decisi\u00f3n; uno de los argumentos m\u00e1s destacados fue que las empresas privadas que participaron en la licitaci\u00f3n cotizaron con \u201csobreprecio\u201d y que gracias a esta obra quedar\u00e1 demostrado el \u201ctalento\u201d de los profesionistas mexicanos.<\/p>\n<p><strong>Otros argumentos en contra<\/strong><\/p>\n<p>Los usuarios que se manifestaron en desacuerdo con el proyecto tambi\u00e9n criticaron que el gobierno mexicano haya \u2018adquirido\u2019 una deuda de ocho mil millones de d\u00f3lares para financiar un proyecto \u201cin\u00fatil\u201d; idea que apareci\u00f3 en 17 mil 302 menciones.<\/p>\n<p>El impacto medio ambiental del proyecto fue aludido en siete mil 166 referencias, mientras que otros consideraron que la obra es un \u201ccapricho\u201d del actual gobierno federal, con tres mil 008 menciones.<\/p>\n<p><a href=\"http:\/\/www.cambiodemichoacan.com.mx\/nota-n53073\">http:\/\/www.cambiodemichoacan.com.mx\/nota-n53073<\/a><\/p>\n","protected":false},"excerpt":{"rendered":"<p>Redacci\u00f3n \/ Cambio de Michoac\u00e1n Ciudad de M\u00e9xico.- El pasado 9 de mayo en su conferencia matutina, Andr\u00e9s Manuel L\u00f3pez Obrador anunci\u00f3 que se hab\u00eda declarado \u201cdesierta\u201d la licitaci\u00f3n para &hellip; <a href=\"https:\/\/www.grieta.org.mx\/index.php\/2019\/05\/18\/71-de-usuarios-en-redes-sociales-estan-en-contra-de-la-construccion-de-la-refineria-dos-bocas-tabasco\/\" class=\"more-link\">Leer m\u00e1s<\/a><\/p>\n","protected":false},"author":2,"featured_media":34204,"comment_status":"closed","ping_status":"closed","sticky":false,"template":"","format":"standard","meta":{"ngg_post_thumbnail":0,"_jetpack_newsletter_access":"","_jetpack_dont_email_post_to_subs":false,"_jetpack_newsletter_tier_id":0,"_jetpack_memberships_contains_paywalled_content":false,"_jetpack_memberships_contains_paid_content":false,"footnotes":""},"categories":[80,7,3,2,2198,2138,32],"tags":[2199,2077],"class_list":["post-34203","post","type-post","status-publish","format-standard","has-post-thumbnail","hentry","category-cintillo","category-hidrocarburos","category-megaproyectos","category-noticias-nacionales","category-refineria-dos-bocas","category-rechazo-a-desarrollo-de-refineria-en-dos-bocas-tabasco","category-tabasco","tag-dos-bocas","tag-refinerias","entry"],"jetpack_featured_media_url":"https:\/\/www.grieta.org.mx\/wp-content\/uploads\/2019\/06\/0b3ae6f0a06cecdb1690124b521b0613dos.jpg","jetpack_sharing_enabled":true,"jetpack_shortlink":"https:\/\/wp.me\/p7ZJR4-8TF","jetpack_likes_enabled":false,"jetpack-related-posts":[{"id":37886,"url":"https:\/\/www.grieta.org.mx\/index.php\/2019\/08\/14\/reprueban-activistas-aval-ambiental-a-construccion-de-refineria-en-dos-bocas\/","url_meta":{"origin":34203,"position":0},"title":"Reprueban activistas aval ambiental a construcci\u00f3n de refiner\u00eda en Dos Bocas","author":"grieta","date":"14 agosto, 2019","format":false,"excerpt":"Agencia Reforma \/ Noticaribe CIUDAD DE M\u00c9XICO, MX.- Un d\u00eda despu\u00e9s de que la Agencia de Seguridad, Energ\u00eda y Ambiente (ASEA) autoriz\u00f3 el resolutivo de impacto ambiental para la construcci\u00f3n de la Refiner\u00eda de Dos Bocas en Para\u00edso, Tabasco, organizaciones denunciaron que dicha autorizaci\u00f3n no debi\u00f3 ser aprobada. El Centro\u2026","rel":"","context":"En &quot;CINTILLO&quot;","block_context":{"text":"CINTILLO","link":"https:\/\/www.grieta.org.mx\/index.php\/category\/cintillo\/"},"img":{"alt_text":"","src":"https:\/\/i0.wp.com\/www.grieta.org.mx\/wp-content\/uploads\/2019\/08\/DosBocas-e1565890889473.png?resize=350%2C200&ssl=1","width":350,"height":200,"srcset":"https:\/\/i0.wp.com\/www.grieta.org.mx\/wp-content\/uploads\/2019\/08\/DosBocas-e1565890889473.png?resize=350%2C200&ssl=1 1x, https:\/\/i0.wp.com\/www.grieta.org.mx\/wp-content\/uploads\/2019\/08\/DosBocas-e1565890889473.png?resize=525%2C300&ssl=1 1.5x, https:\/\/i0.wp.com\/www.grieta.org.mx\/wp-content\/uploads\/2019\/08\/DosBocas-e1565890889473.png?resize=700%2C400&ssl=1 2x"},"classes":[]},{"id":37566,"url":"https:\/\/www.grieta.org.mx\/index.php\/2019\/07\/06\/talaran-casi-132-hectareas-de-selva-para-construir-refineria-en-tabasco-estudio\/","url_meta":{"origin":34203,"position":1},"title":"Talar\u00e1n casi 132 hect\u00e1reas de selva para construir refiner\u00eda en Tabasco: estudio","author":"grieta","date":"6 julio, 2019","format":false,"excerpt":"Redacci\u00f3n \/ Notisistema Para la construcci\u00f3n de la refiner\u00eda de Dos Bocas, en Para\u00edso, Tabasco, se tendr\u00e1n que talar casi 132 hect\u00e1reas de selva, seg\u00fan un estudio realizado por el Instituto Mexicano del Petr\u00f3leo para Pemex. En v\u00edsperas de la reuni\u00f3n de informaci\u00f3n que se llevar\u00e1 a cabo el pr\u00f3ximo\u2026","rel":"","context":"En &quot;Da\u00f1os al medio ambiente por refiner\u00edas en Tabasco&quot;","block_context":{"text":"Da\u00f1os al medio ambiente por refiner\u00edas en Tabasco","link":"https:\/\/www.grieta.org.mx\/index.php\/category\/noticias-nacionales\/tabasco\/danos-al-medio-ambiente-por-refinerias-en-tabasco\/"},"img":{"alt_text":"","src":"https:\/\/i0.wp.com\/www.grieta.org.mx\/wp-content\/uploads\/2019\/08\/Refiner%C3%ADa-Dos-Bocas-610x389.jpg?resize=350%2C200&ssl=1","width":350,"height":200,"srcset":"https:\/\/i0.wp.com\/www.grieta.org.mx\/wp-content\/uploads\/2019\/08\/Refiner%C3%ADa-Dos-Bocas-610x389.jpg?resize=350%2C200&ssl=1 1x, https:\/\/i0.wp.com\/www.grieta.org.mx\/wp-content\/uploads\/2019\/08\/Refiner%C3%ADa-Dos-Bocas-610x389.jpg?resize=525%2C300&ssl=1 1.5x"},"classes":[]},{"id":69483,"url":"https:\/\/www.grieta.org.mx\/index.php\/2024\/08\/03\/pescadores-protestan-frente-a-refineria-de-dos-bocas-por-contaminacion-del-rio-seco-tabasco\/","url_meta":{"origin":34203,"position":2},"title":"Pescadores protestan frente a Refiner\u00eda de Dos Bocas por contaminaci\u00f3n del R\u00edo Seco (Tabasco)","author":"grieta","date":"3 agosto, 2024","format":false,"excerpt":"Pescadores protestaron frente a la Refiner\u00eda de Dos Bocas para exigir a AMLO una soluci\u00f3n a la contaminaci\u00f3n en el R\u00edo Seco Jos\u00e9 G\u00f3mez \/ El Heraldo de Tabasco Este s\u00e1bado 3 de agosto de 2024 pescadores se plantaron fuera de la Refiner\u00eda Olmeca para exigirle al presidente, Andr\u00e9s Manuel\u2026","rel":"","context":"En &quot;CINTILLO&quot;","block_context":{"text":"CINTILLO","link":"https:\/\/www.grieta.org.mx\/index.php\/category\/cintillo\/"},"img":{"alt_text":"","src":"https:\/\/i0.wp.com\/www.grieta.org.mx\/wp-content\/uploads\/2024\/08\/Screenshot-2024-08-28-at-14-18-17-Que-exigieron-pescadores-a-AMLO-frente-a-la-Refineria-Olmeca-El-Heraldo-de-Tabasco-Noticias-Locales-Policiacas-sobre-Mexico-Tabasco-y-el-Mundo.png?resize=350%2C200&ssl=1","width":350,"height":200,"srcset":"https:\/\/i0.wp.com\/www.grieta.org.mx\/wp-content\/uploads\/2024\/08\/Screenshot-2024-08-28-at-14-18-17-Que-exigieron-pescadores-a-AMLO-frente-a-la-Refineria-Olmeca-El-Heraldo-de-Tabasco-Noticias-Locales-Policiacas-sobre-Mexico-Tabasco-y-el-Mundo.png?resize=350%2C200&ssl=1 1x, https:\/\/i0.wp.com\/www.grieta.org.mx\/wp-content\/uploads\/2024\/08\/Screenshot-2024-08-28-at-14-18-17-Que-exigieron-pescadores-a-AMLO-frente-a-la-Refineria-Olmeca-El-Heraldo-de-Tabasco-Noticias-Locales-Policiacas-sobre-Mexico-Tabasco-y-el-Mundo.png?resize=525%2C300&ssl=1 1.5x, https:\/\/i0.wp.com\/www.grieta.org.mx\/wp-content\/uploads\/2024\/08\/Screenshot-2024-08-28-at-14-18-17-Que-exigieron-pescadores-a-AMLO-frente-a-la-Refineria-Olmeca-El-Heraldo-de-Tabasco-Noticias-Locales-Policiacas-sobre-Mexico-Tabasco-y-el-Mundo.png?resize=700%2C400&ssl=1 2x"},"classes":[]},{"id":37575,"url":"https:\/\/www.grieta.org.mx\/index.php\/2019\/07\/07\/refineria-de-dos-bocas-no-apta-desde-2008-tabasco\/","url_meta":{"origin":34203,"position":3},"title":"Refiner\u00eda de Dos Bocas, no apta desde 2008 (Tabasco)","author":"grieta","date":"7 julio, 2019","format":false,"excerpt":"SUN \/ El Informador El Instituto Mexicano del Petr\u00f3leo alert\u00f3 que el municipio de Para\u00edso presenta limitantes para el desarrollo de una refiner\u00eda, tanto en materia ambiental como social y de infraestructura Desde hace 11 a\u00f1os el Instituto Mexicano del Petr\u00f3leo (IMP) alert\u00f3 que el municipio de Para\u00edso, Tabasco, presentaba\u2026","rel":"","context":"En &quot;Da\u00f1os al medio ambiente por refiner\u00edas en Tabasco&quot;","block_context":{"text":"Da\u00f1os al medio ambiente por refiner\u00edas en Tabasco","link":"https:\/\/www.grieta.org.mx\/index.php\/category\/noticias-nacionales\/tabasco\/danos-al-medio-ambiente-por-refinerias-en-tabasco\/"},"img":{"alt_text":"","src":"https:\/\/i0.wp.com\/www.grieta.org.mx\/wp-content\/uploads\/2019\/08\/dos_bocas_sun_crop1562510208372.jpg_1970638775.jpg?resize=350%2C200&ssl=1","width":350,"height":200,"srcset":"https:\/\/i0.wp.com\/www.grieta.org.mx\/wp-content\/uploads\/2019\/08\/dos_bocas_sun_crop1562510208372.jpg_1970638775.jpg?resize=350%2C200&ssl=1 1x, https:\/\/i0.wp.com\/www.grieta.org.mx\/wp-content\/uploads\/2019\/08\/dos_bocas_sun_crop1562510208372.jpg_1970638775.jpg?resize=525%2C300&ssl=1 1.5x, https:\/\/i0.wp.com\/www.grieta.org.mx\/wp-content\/uploads\/2019\/08\/dos_bocas_sun_crop1562510208372.jpg_1970638775.jpg?resize=700%2C400&ssl=1 2x"},"classes":[]},{"id":34569,"url":"https:\/\/www.grieta.org.mx\/index.php\/2019\/06\/02\/sin-permiso-ambiental-dan-hoy-banderazo-de-salida-a-dos-bocas-tabasco\/","url_meta":{"origin":34203,"position":4},"title":"Sin permiso ambiental, dan hoy banderazo de salida a Dos Bocas (Tabasco)","author":"grieta","date":"2 junio, 2019","format":false,"excerpt":"Fanny Miranda \/ Milenio Tabasco. Hasta anoche la Sener no hab\u00eda presentado los documentos a la Agencia de Seguridad, Energ\u00eda y Ambiente; \u201cquien diga a L\u00f3pez Obrador que ya hay autorizaci\u00f3n, le miente\u201d, se\u00f1alan Cemda y Greenpeace. El presidente Andr\u00e9s Manuel L\u00f3pez Obrador dar\u00e1 hoy el banderazo de inicio a\u2026","rel":"","context":"En &quot;CINTILLO&quot;","block_context":{"text":"CINTILLO","link":"https:\/\/www.grieta.org.mx\/index.php\/category\/cintillo\/"},"img":{"alt_text":"","src":"https:\/\/i0.wp.com\/www.grieta.org.mx\/wp-content\/uploads\/2019\/06\/desautorizados-especialistas-entregarse-manifestacion-impacto_308_0_1291_803.jpg?resize=350%2C200&ssl=1","width":350,"height":200,"srcset":"https:\/\/i0.wp.com\/www.grieta.org.mx\/wp-content\/uploads\/2019\/06\/desautorizados-especialistas-entregarse-manifestacion-impacto_308_0_1291_803.jpg?resize=350%2C200&ssl=1 1x, https:\/\/i0.wp.com\/www.grieta.org.mx\/wp-content\/uploads\/2019\/06\/desautorizados-especialistas-entregarse-manifestacion-impacto_308_0_1291_803.jpg?resize=525%2C300&ssl=1 1.5x, https:\/\/i0.wp.com\/www.grieta.org.mx\/wp-content\/uploads\/2019\/06\/desautorizados-especialistas-entregarse-manifestacion-impacto_308_0_1291_803.jpg?resize=700%2C400&ssl=1 2x"},"classes":[]},{"id":39208,"url":"https:\/\/www.grieta.org.mx\/index.php\/2019\/09\/10\/paralizan-trabajos-en-la-refineria-tabasco\/","url_meta":{"origin":34203,"position":5},"title":"Paralizan trabajos en la refiner\u00eda (Tabasco)","author":"grieta","date":"10 septiembre, 2019","format":false,"excerpt":"Este lunes trabajadores y choferes de volteos paralizaron las labores en donde se construye esta obra Casimiro S\u00e1nchez y Alejandro Landeros Garc\u00eda\/ El Heraldo de Tabasco Para\u00edso.- Empiezan los problemas por la construcci\u00f3n de la Refiner\u00eda de Dos Bocas, y durante este lunes se paralizaron las labores, luego de que\u2026","rel":"","context":"En &quot;CINTILLO&quot;","block_context":{"text":"CINTILLO","link":"https:\/\/www.grieta.org.mx\/index.php\/category\/cintillo\/"},"img":{"alt_text":"","src":"https:\/\/i0.wp.com\/www.grieta.org.mx\/wp-content\/uploads\/2019\/09\/intparo.jpg?resize=350%2C200&ssl=1","width":350,"height":200,"srcset":"https:\/\/i0.wp.com\/www.grieta.org.mx\/wp-content\/uploads\/2019\/09\/intparo.jpg?resize=350%2C200&ssl=1 1x, https:\/\/i0.wp.com\/www.grieta.org.mx\/wp-content\/uploads\/2019\/09\/intparo.jpg?resize=525%2C300&ssl=1 1.5x, https:\/\/i0.wp.com\/www.grieta.org.mx\/wp-content\/uploads\/2019\/09\/intparo.jpg?resize=700%2C400&ssl=1 2x"},"classes":[]}],"_links":{"self":[{"href":"https:\/\/www.grieta.org.mx\/index.php\/wp-json\/wp\/v2\/posts\/34203","targetHints":{"allow":["GET"]}}],"collection":[{"href":"https:\/\/www.grieta.org.mx\/index.php\/wp-json\/wp\/v2\/posts"}],"about":[{"href":"https:\/\/www.grieta.org.mx\/index.php\/wp-json\/wp\/v2\/types\/post"}],"author":[{"embeddable":true,"href":"https:\/\/www.grieta.org.mx\/index.php\/wp-json\/wp\/v2\/users\/2"}],"replies":[{"embeddable":true,"href":"https:\/\/www.grieta.org.mx\/index.php\/wp-json\/wp\/v2\/comments?post=34203"}],"version-history":[{"count":1,"href":"https:\/\/www.grieta.org.mx\/index.php\/wp-json\/wp\/v2\/posts\/34203\/revisions"}],"predecessor-version":[{"id":34205,"href":"https:\/\/www.grieta.org.mx\/index.php\/wp-json\/wp\/v2\/posts\/34203\/revisions\/34205"}],"wp:featuredmedia":[{"embeddable":true,"href":"https:\/\/www.grieta.org.mx\/index.php\/wp-json\/wp\/v2\/media\/34204"}],"wp:attachment":[{"href":"https:\/\/www.grieta.org.mx\/index.php\/wp-json\/wp\/v2\/media?parent=34203"}],"wp:term":[{"taxonomy":"category","embeddable":true,"href":"https:\/\/www.grieta.org.mx\/index.php\/wp-json\/wp\/v2\/categories?post=34203"},{"taxonomy":"post_tag","embeddable":true,"href":"https:\/\/www.grieta.org.mx\/index.php\/wp-json\/wp\/v2\/tags?post=34203"}],"curies":[{"name":"wp","href":"https:\/\/api.w.org\/{rel}","templated":true}]}}