{"id":34140,"date":"2019-05-30T18:05:50","date_gmt":"2019-05-30T23:05:50","guid":{"rendered":"http:\/\/www.grieta.org.mx\/?p=34140"},"modified":"2019-06-02T18:21:08","modified_gmt":"2019-06-02T23:21:08","slug":"familias-de-desaparecidos-marchan-en-aguascalientes-para-exigir-avances-en-investigaciones","status":"publish","type":"post","link":"https:\/\/www.grieta.org.mx\/index.php\/2019\/05\/30\/familias-de-desaparecidos-marchan-en-aguascalientes-para-exigir-avances-en-investigaciones\/","title":{"rendered":"Familias de desaparecidos marchan en Aguascalientes para exigir avances en investigaciones"},"content":{"rendered":"<figure id=\"attachment_34141\" aria-describedby=\"caption-attachment-34141\" style=\"width: 1024px\" class=\"wp-caption alignleft\"><img loading=\"lazy\" decoding=\"async\" data-attachment-id=\"34141\" data-permalink=\"https:\/\/www.grieta.org.mx\/index.php\/2019\/05\/30\/familias-de-desaparecidos-marchan-en-aguascalientes-para-exigir-avances-en-investigaciones\/a2-6\/\" data-orig-file=\"https:\/\/www.grieta.org.mx\/wp-content\/uploads\/2019\/06\/a2.jpg\" data-orig-size=\"1078,808\" data-comments-opened=\"0\" data-image-meta=\"{&quot;aperture&quot;:&quot;0&quot;,&quot;credit&quot;:&quot;&quot;,&quot;camera&quot;:&quot;&quot;,&quot;caption&quot;:&quot;&quot;,&quot;created_timestamp&quot;:&quot;0&quot;,&quot;copyright&quot;:&quot;&quot;,&quot;focal_length&quot;:&quot;0&quot;,&quot;iso&quot;:&quot;0&quot;,&quot;shutter_speed&quot;:&quot;0&quot;,&quot;title&quot;:&quot;&quot;,&quot;orientation&quot;:&quot;0&quot;}\" data-image-title=\"a2\" data-image-description=\"\" data-image-caption=\"&lt;p&gt;Casi un centenar de manifestantes por desaparecidos en Aguascalientes. Foto: Especial&lt;\/p&gt;\n\" data-medium-file=\"https:\/\/www.grieta.org.mx\/wp-content\/uploads\/2019\/06\/a2-300x225.jpg\" data-large-file=\"https:\/\/www.grieta.org.mx\/wp-content\/uploads\/2019\/06\/a2-1024x768.jpg\" src=\"http:\/\/www.grieta.org.mx\/wp-content\/uploads\/2019\/06\/a2-1024x768.jpg\" alt=\"\" width=\"1024\" height=\"768\" class=\"size-large wp-image-34141\" srcset=\"https:\/\/www.grieta.org.mx\/wp-content\/uploads\/2019\/06\/a2-1024x768.jpg 1024w, https:\/\/www.grieta.org.mx\/wp-content\/uploads\/2019\/06\/a2-300x225.jpg 300w, https:\/\/www.grieta.org.mx\/wp-content\/uploads\/2019\/06\/a2-768x576.jpg 768w, https:\/\/www.grieta.org.mx\/wp-content\/uploads\/2019\/06\/a2-667x500.jpg 667w, https:\/\/www.grieta.org.mx\/wp-content\/uploads\/2019\/06\/a2.jpg 1078w\" sizes=\"auto, (max-width: 1024px) 100vw, 1024px\" \/><figcaption id=\"caption-attachment-34141\" class=\"wp-caption-text\">Casi un centenar de manifestantes por desaparecidos en Aguascalientes. Foto: Especial<\/figcaption><\/figure>\n<p>Redacci\u00f3n\/Proceso.<\/p>\n<blockquote><p>AGUASCALIENTES, Ags., (apro).- Familias de personas desaparecidas o asesinadas, integrantes del Colectivo Buscando Personas Verdad y Justicia, marcharon este jueves desde la Fiscal\u00eda de Aguascalientes hasta el palacio de gobierno para exigir avances y resultados en las investigaciones.<\/p><\/blockquote>\n<p>Violeta Sab\u00e1s explic\u00f3 que, seg\u00fan la \u00faltima actualizaci\u00f3n del Registro Nacional de Personas Desaparecidas, en la entidad existen 232 carpetas de investigaci\u00f3n por desaparici\u00f3n, sin embargo, la Fiscal\u00eda de Aguascalientes s\u00f3lo reconoce 120 casos.<\/p>\n<p>Las familias de las v\u00edctimas denunciaron procesos viciados, falta de informaci\u00f3n, lentitud e impunidad en las investigaciones que realizan las autoridades estatales de justicia.<\/p>\n<p>Al concluir la marcha, en la que participaron casi un centenar de personas, una comitiva del Colectivo se reuni\u00f3 con el \u00e1rea de Gobernaci\u00f3n de la administraci\u00f3n estatal, aunque la solicitud fue que los recibieran el gobernador Mart\u00edn Orozco y Jes\u00fas Figueroa Ortega, fiscal general del estado.<\/p>\n<p>(Con informaci\u00f3n de M\u00f3nica Cerb\u00f3n).<\/p>\n<p><a href=\"https:\/\/www.proceso.com.mx\/586279\/familias-de-desaparecidos-marchan-en-aguascalientes-para-exigir-avances-en-investigaciones\" rel=\"noopener noreferrer\" target=\"_blank\">https:\/\/www.proceso.com.mx\/586279\/familias-de-desaparecidos-marchan-en-aguascalientes-para-exigir-avances-en-investigaciones<\/a><\/p>\n","protected":false},"excerpt":{"rendered":"<p>Redacci\u00f3n\/Proceso. AGUASCALIENTES, Ags., (apro).- Familias de personas desaparecidas o asesinadas, integrantes del Colectivo Buscando Personas Verdad y Justicia, marcharon este jueves desde la Fiscal\u00eda de Aguascalientes hasta el palacio de &hellip; <a href=\"https:\/\/www.grieta.org.mx\/index.php\/2019\/05\/30\/familias-de-desaparecidos-marchan-en-aguascalientes-para-exigir-avances-en-investigaciones\/\" class=\"more-link\">Leer m\u00e1s<\/a><\/p>\n","protected":false},"author":2,"featured_media":34141,"comment_status":"closed","ping_status":"closed","sticky":false,"template":"","format":"standard","meta":{"ngg_post_thumbnail":0,"_jetpack_newsletter_access":"","_jetpack_dont_email_post_to_subs":false,"_jetpack_newsletter_tier_id":0,"_jetpack_memberships_contains_paywalled_content":false,"_jetpack_memberships_contains_paid_content":false,"footnotes":""},"categories":[4,80,1189,2,83],"tags":[1668,2590,1228],"class_list":["post-34140","post","type-post","status-publish","format-standard","has-post-thumbnail","hentry","category-aguascalientes","category-cintillo","category-desaparecidos-en-aguascalientes","category-noticias-nacionales","category-temas-nacionales","tag-familiares-de-desaparecidos","tag-marcha-por-desaparecidos","tag-protestas-por-desaparecidos","entry"],"jetpack_featured_media_url":"https:\/\/www.grieta.org.mx\/wp-content\/uploads\/2019\/06\/a2.jpg","jetpack_sharing_enabled":true,"jetpack_shortlink":"https:\/\/wp.me\/p7ZJR4-8SE","jetpack_likes_enabled":false,"jetpack-related-posts":[{"id":30728,"url":"https:\/\/www.grieta.org.mx\/index.php\/2019\/03\/08\/familiares-de-desaparecidos-se-manifiestan-en-aguascalientes\/","url_meta":{"origin":34140,"position":0},"title":"Familiares de desaparecidos se manifiestan en Aguascalientes","author":"grieta","date":"8 marzo, 2019","format":false,"excerpt":"En el posicionamiento se exigi\u00f3 al gobierno federal la actualizaci\u00f3n de bases de datos estatal y nacional que contenga la informaci\u00f3n y fotograf\u00eda de personas desaparecidas Karla M\u00e9ndez\/Exc\u00e9lsior AGUASCALIENTES, Aguascalientes. Durante la visita del Presidente Andr\u00e9s Manuel L\u00f3pez Obrador, familiares de personas desaparecidas se manifestaron en el evento \"La idea\u2026","rel":"","context":"En &quot;Aguascalientes&quot;","block_context":{"text":"Aguascalientes","link":"https:\/\/www.grieta.org.mx\/index.php\/category\/noticias-nacionales\/aguascalientes\/"},"img":{"alt_text":"","src":"https:\/\/i0.wp.com\/www.grieta.org.mx\/wp-content\/uploads\/2019\/03\/2111539.jpg?resize=350%2C200&ssl=1","width":350,"height":200,"srcset":"https:\/\/i0.wp.com\/www.grieta.org.mx\/wp-content\/uploads\/2019\/03\/2111539.jpg?resize=350%2C200&ssl=1 1x, https:\/\/i0.wp.com\/www.grieta.org.mx\/wp-content\/uploads\/2019\/03\/2111539.jpg?resize=525%2C300&ssl=1 1.5x"},"classes":[]},{"id":5664,"url":"https:\/\/www.grieta.org.mx\/index.php\/2016\/09\/01\/desaparecidos-en-aguascalientes\/","url_meta":{"origin":34140,"position":1},"title":"Desaparecidos en Aguascalientes","author":"grieta","date":"1 septiembre, 2016","format":false,"excerpt":"01\/09\/16. Fiscal\u00eda contin\u00faa sin publicar el protocolo sobre personas desaparecidas La Jornada Aguascalientes 09\/07\/16. Sin ser localizados, 22 aguascalentenses que desaparecieron este a\u00f1o La Jornada Aguascalientes 12\/01\/16. Ocupa Aguascalientes lugar 19 en desaparecidos en el \u00e1mbito nacional La Jornada Aguascalientes 11\/01\/16. 283 personas est\u00e1n desaparecidas en Aguascalientes La Jornada Aguascalientes\u2026","rel":"","context":"En &quot;Aguascalientes&quot;","block_context":{"text":"Aguascalientes","link":"https:\/\/www.grieta.org.mx\/index.php\/category\/noticias-nacionales\/aguascalientes\/"},"img":{"alt_text":"","src":"https:\/\/i0.wp.com\/www.grieta.org.mx\/wp-content\/uploads\/2018\/03\/14524434_1106112876131411_958039263622046936_o.jpg?resize=350%2C200&ssl=1","width":350,"height":200,"srcset":"https:\/\/i0.wp.com\/www.grieta.org.mx\/wp-content\/uploads\/2018\/03\/14524434_1106112876131411_958039263622046936_o.jpg?resize=350%2C200&ssl=1 1x, https:\/\/i0.wp.com\/www.grieta.org.mx\/wp-content\/uploads\/2018\/03\/14524434_1106112876131411_958039263622046936_o.jpg?resize=525%2C300&ssl=1 1.5x, https:\/\/i0.wp.com\/www.grieta.org.mx\/wp-content\/uploads\/2018\/03\/14524434_1106112876131411_958039263622046936_o.jpg?resize=700%2C400&ssl=1 2x"},"classes":[]},{"id":22901,"url":"https:\/\/www.grieta.org.mx\/index.php\/2018\/01\/05\/aguascalientes-registro-en-2017-a-97-hombres-y-97-mujeres-desaparecidas\/","url_meta":{"origin":34140,"position":2},"title":"Aguascalientes registr\u00f3 en 2017 a 97 hombres y 97 mujeres desaparecidas","author":"grieta","date":"5 enero, 2018","format":false,"excerpt":"Pese a otro a\u00f1o de b\u00fasqueda por parte de las familias, Melina, Christian, Claudia, Paola y Sergio contin\u00faan desaparecidas No se han presentado avances significativos que ayuden a su localizaci\u00f3n El 2017 finaliz\u00f3, para Aguascalientes, con el reporte de 97 hombres y 97 mujeres desaparecidas, esto de acuerdo con el\u2026","rel":"","context":"En &quot;Aguascalientes&quot;","block_context":{"text":"Aguascalientes","link":"https:\/\/www.grieta.org.mx\/index.php\/category\/noticias-nacionales\/aguascalientes\/"},"img":{"alt_text":"","src":"https:\/\/i0.wp.com\/www.grieta.org.mx\/wp-content\/uploads\/2018\/05\/Aguascalientes-desaparecidos.jpg?resize=350%2C200&ssl=1","width":350,"height":200,"srcset":"https:\/\/i0.wp.com\/www.grieta.org.mx\/wp-content\/uploads\/2018\/05\/Aguascalientes-desaparecidos.jpg?resize=350%2C200&ssl=1 1x, https:\/\/i0.wp.com\/www.grieta.org.mx\/wp-content\/uploads\/2018\/05\/Aguascalientes-desaparecidos.jpg?resize=525%2C300&ssl=1 1.5x"},"classes":[]},{"id":54709,"url":"https:\/\/www.grieta.org.mx\/index.php\/2020\/08\/07\/colectivo-verdad-y-justicia-organiza-caravana-a-jalisco-aguascalientes\/","url_meta":{"origin":34140,"position":3},"title":"COLECTIVO VERDAD Y JUSTICIA ORGANIZA CARAVANA A JALISCO (Aguascalientes)","author":"grieta","date":"7 agosto, 2020","format":false,"excerpt":"Claudia Rodr\u00edguez Loera\/La Jornada Aguascalientes 7 agosto 2020 Familiares de desaparecidos exigir\u00e1n a autoridades jaliscienses reactiven investigaciones Son casos de 6 desaparecidos de Aguascalientes en Jalisco, y 3 m\u00e1s en comunidades l\u00edmite Con caravana, Colectivo Verdad y Justicia de Aguascalientes exigir\u00e1n se reactiven investigaciones en Jalisco relacionadas con personas desaparecidas\u2026","rel":"","context":"En &quot;Aguascalientes&quot;","block_context":{"text":"Aguascalientes","link":"https:\/\/www.grieta.org.mx\/index.php\/category\/noticias-nacionales\/aguascalientes\/"},"img":{"alt_text":"","src":"https:\/\/i0.wp.com\/www.grieta.org.mx\/wp-content\/uploads\/2020\/11\/verdad-y-justicia.jpg?resize=350%2C200","width":350,"height":200},"classes":[]},{"id":5696,"url":"https:\/\/www.grieta.org.mx\/index.php\/2015\/11\/23\/exigen-localizar-a-93-desaparecidos-en-aguascalientes\/","url_meta":{"origin":34140,"position":4},"title":"Exigen localizar a 93 desaparecidos en Aguascalientes","author":"grieta","date":"23 noviembre, 2015","format":false,"excerpt":"Claudio Ba\u00f1uelos y Juan Carlos G. Partida, Aguascalientes. Decenas de adultos y ni\u00f1os marcharon ayer por la avenida Francisco I. Madero a la Plaza de la Patria, en la capital de Aguascalientes, para exigir a la Fiscal\u00eda General del Estado (FGE) que localice a 93 personas desaparecidas en la entidad\u2026","rel":"","context":"En &quot;aguascalientes&quot;","block_context":{"text":"aguascalientes","link":"https:\/\/www.grieta.org.mx\/index.php\/category\/aguascalientes\/"},"img":{"alt_text":"","src":"https:\/\/i0.wp.com\/www.grieta.org.mx\/wp-content\/uploads\/2018\/03\/14524434_1106112876131411_958039263622046936_o.jpg?resize=350%2C200&ssl=1","width":350,"height":200,"srcset":"https:\/\/i0.wp.com\/www.grieta.org.mx\/wp-content\/uploads\/2018\/03\/14524434_1106112876131411_958039263622046936_o.jpg?resize=350%2C200&ssl=1 1x, https:\/\/i0.wp.com\/www.grieta.org.mx\/wp-content\/uploads\/2018\/03\/14524434_1106112876131411_958039263622046936_o.jpg?resize=525%2C300&ssl=1 1.5x, https:\/\/i0.wp.com\/www.grieta.org.mx\/wp-content\/uploads\/2018\/03\/14524434_1106112876131411_958039263622046936_o.jpg?resize=700%2C400&ssl=1 2x"},"classes":[]},{"id":54712,"url":"https:\/\/www.grieta.org.mx\/index.php\/2020\/08\/17\/inicia-caravana-de-familiares-de-desaparecidos-de-aguascalientes-en-puerto-vallarta\/","url_meta":{"origin":34140,"position":5},"title":"Inicia caravana de familiares de desaparecidos de Aguascalientes en Puerto Vallarta","author":"grieta","date":"17 agosto, 2020","format":false,"excerpt":"Alejandro Romo\/Newsweek Aguascalientes 17 agosto 2020 Este lunes comenz\u00f3 la caravana de b\u00fasqueda organizada por el Colectivo Buscando Personas, Verdad y Justicia y el Observatorio de Violencia Social y de G\u00e9nero (OVSG) y familiares de personas desaparecidas de Aguascalientes en municipios de Jalisco. La caravana inici\u00f3 en Puerto Vallarta, Jalisco,\u2026","rel":"","context":"En &quot;Aguascalientes&quot;","block_context":{"text":"Aguascalientes","link":"https:\/\/www.grieta.org.mx\/index.php\/category\/noticias-nacionales\/aguascalientes\/"},"img":{"alt_text":"","src":"https:\/\/i0.wp.com\/www.grieta.org.mx\/wp-content\/uploads\/2020\/11\/WhatsApp-Image-2020-08-17-at-1.48.32-PM.jpeg?resize=350%2C200&ssl=1","width":350,"height":200,"srcset":"https:\/\/i0.wp.com\/www.grieta.org.mx\/wp-content\/uploads\/2020\/11\/WhatsApp-Image-2020-08-17-at-1.48.32-PM.jpeg?resize=350%2C200&ssl=1 1x, https:\/\/i0.wp.com\/www.grieta.org.mx\/wp-content\/uploads\/2020\/11\/WhatsApp-Image-2020-08-17-at-1.48.32-PM.jpeg?resize=525%2C300&ssl=1 1.5x"},"classes":[]}],"_links":{"self":[{"href":"https:\/\/www.grieta.org.mx\/index.php\/wp-json\/wp\/v2\/posts\/34140","targetHints":{"allow":["GET"]}}],"collection":[{"href":"https:\/\/www.grieta.org.mx\/index.php\/wp-json\/wp\/v2\/posts"}],"about":[{"href":"https:\/\/www.grieta.org.mx\/index.php\/wp-json\/wp\/v2\/types\/post"}],"author":[{"embeddable":true,"href":"https:\/\/www.grieta.org.mx\/index.php\/wp-json\/wp\/v2\/users\/2"}],"replies":[{"embeddable":true,"href":"https:\/\/www.grieta.org.mx\/index.php\/wp-json\/wp\/v2\/comments?post=34140"}],"version-history":[{"count":1,"href":"https:\/\/www.grieta.org.mx\/index.php\/wp-json\/wp\/v2\/posts\/34140\/revisions"}],"predecessor-version":[{"id":34142,"href":"https:\/\/www.grieta.org.mx\/index.php\/wp-json\/wp\/v2\/posts\/34140\/revisions\/34142"}],"wp:featuredmedia":[{"embeddable":true,"href":"https:\/\/www.grieta.org.mx\/index.php\/wp-json\/wp\/v2\/media\/34141"}],"wp:attachment":[{"href":"https:\/\/www.grieta.org.mx\/index.php\/wp-json\/wp\/v2\/media?parent=34140"}],"wp:term":[{"taxonomy":"category","embeddable":true,"href":"https:\/\/www.grieta.org.mx\/index.php\/wp-json\/wp\/v2\/categories?post=34140"},{"taxonomy":"post_tag","embeddable":true,"href":"https:\/\/www.grieta.org.mx\/index.php\/wp-json\/wp\/v2\/tags?post=34140"}],"curies":[{"name":"wp","href":"https:\/\/api.w.org\/{rel}","templated":true}]}}