{"id":34121,"date":"2019-05-27T15:03:23","date_gmt":"2019-05-27T20:03:23","guid":{"rendered":"http:\/\/www.grieta.org.mx\/?p=34121"},"modified":"2019-06-02T15:06:22","modified_gmt":"2019-06-02T20:06:22","slug":"alarmante-posicion-en-ranking-de-feminicidios-aguascalientes","status":"publish","type":"post","link":"https:\/\/www.grieta.org.mx\/index.php\/2019\/05\/27\/alarmante-posicion-en-ranking-de-feminicidios-aguascalientes\/","title":{"rendered":"Alarmante posici\u00f3n en ranking de feminicidios (Aguascalientes)"},"content":{"rendered":"<p><img loading=\"lazy\" decoding=\"async\" data-attachment-id=\"34122\" data-permalink=\"https:\/\/www.grieta.org.mx\/index.php\/2019\/05\/27\/alarmante-posicion-en-ranking-de-feminicidios-aguascalientes\/a1-6\/\" data-orig-file=\"https:\/\/www.grieta.org.mx\/wp-content\/uploads\/2019\/06\/a1.jpg\" data-orig-size=\"696,457\" data-comments-opened=\"0\" data-image-meta=\"{&quot;aperture&quot;:&quot;0&quot;,&quot;credit&quot;:&quot;&quot;,&quot;camera&quot;:&quot;&quot;,&quot;caption&quot;:&quot;&quot;,&quot;created_timestamp&quot;:&quot;0&quot;,&quot;copyright&quot;:&quot;&quot;,&quot;focal_length&quot;:&quot;0&quot;,&quot;iso&quot;:&quot;0&quot;,&quot;shutter_speed&quot;:&quot;0&quot;,&quot;title&quot;:&quot;&quot;,&quot;orientation&quot;:&quot;0&quot;}\" data-image-title=\"a1\" data-image-description=\"\" data-image-caption=\"\" data-medium-file=\"https:\/\/www.grieta.org.mx\/wp-content\/uploads\/2019\/06\/a1-300x197.jpg\" data-large-file=\"https:\/\/www.grieta.org.mx\/wp-content\/uploads\/2019\/06\/a1.jpg\" src=\"http:\/\/www.grieta.org.mx\/wp-content\/uploads\/2019\/06\/a1.jpg\" alt=\"\" width=\"696\" height=\"457\" class=\"alignleft size-full wp-image-34122\" srcset=\"https:\/\/www.grieta.org.mx\/wp-content\/uploads\/2019\/06\/a1.jpg 696w, https:\/\/www.grieta.org.mx\/wp-content\/uploads\/2019\/06\/a1-300x197.jpg 300w\" sizes=\"auto, (max-width: 696px) 100vw, 696px\" \/><br \/>\nRedacci\u00f3n\/El Heraldo de Aguascalientes.<\/p>\n<p>Aguascalientes qued\u00f3 integrado este mes a la lista de los \u201cPrimeros 100 Municipios con Presuntos Feminicidios\u201d, a nivel nacional al dejar constancia de que aqu\u00ed se perpetr\u00f3 uno de los 294 casos de muerte violenta contra mujeres sucedidos en M\u00e9xico, durante el primer cuatrimestre del a\u00f1o.<\/p>\n<p>Si bien el municipio fue ubicado en el listado en el n\u00famero 59, contrasta con otras ciudades como Ciudad Ju\u00e1rez, Monterrey y Celaya, con 9, 5 y 4 casos de feminicidios en el periodo, respectivamente.<\/p>\n<p>A trav\u00e9s del documento \u201cInformaci\u00f3n sobre violencia contra las mujeres\u201d publicado la v\u00edspera por el Secretariado Ejecutivo del Sistema Nacional de Seguridad P\u00fablica, actualizado al 30 de abril, se da cuenta tambi\u00e9n de al menos 34 agresiones graves contra mujeres en los primeros cuatro meses del a\u00f1o en curso.<\/p>\n<p>Entre ellos:<\/p>\n<p>\u2013 6 HOMICIDIOS DOLOSOS cometidos contra igual n\u00famero de mujeres, en el lapso se\u00f1alado, de los 888 que han tenido lugar bajo diferentes circunstancias en el territorio nacional.<\/p>\n<p>-15 HOMICIDIOS culposos en contra de mujeres adultas y menores de edad en el periodo en cuesti\u00f3n, durante el cual a nivel nacional se han denunciado 1,054 hechos, casi siempre derivados de accidentes de tr\u00e1nsito.<\/p>\n<p>La informaci\u00f3n presentada proviene de dos fuentes de informaci\u00f3n disponibles por el Centro Nacional de Informaci\u00f3n; por un lado, las denuncias realizadas ante el Ministerio P\u00fablico en las 32 entidades federativas, as\u00ed como las llamadas de emergencia al n\u00famero 911.<\/p>\n<p><a href=\"http:\/\/www.heraldo.mx\/alarmante-posicion-en-ranking-de-feminicidios\/\" rel=\"noopener noreferrer\" target=\"_blank\">http:\/\/www.heraldo.mx\/alarmante-posicion-en-ranking-de-feminicidios\/<\/a><\/p>\n","protected":false},"excerpt":{"rendered":"<p>Redacci\u00f3n\/El Heraldo de Aguascalientes. Aguascalientes qued\u00f3 integrado este mes a la lista de los \u201cPrimeros 100 Municipios con Presuntos Feminicidios\u201d, a nivel nacional al dejar constancia de que aqu\u00ed se &hellip; <a href=\"https:\/\/www.grieta.org.mx\/index.php\/2019\/05\/27\/alarmante-posicion-en-ranking-de-feminicidios-aguascalientes\/\" class=\"more-link\">Leer m\u00e1s<\/a><\/p>\n","protected":false},"author":2,"featured_media":34122,"comment_status":"closed","ping_status":"closed","sticky":false,"template":"","format":"standard","meta":{"ngg_post_thumbnail":0,"_jetpack_newsletter_access":"","_jetpack_dont_email_post_to_subs":false,"_jetpack_newsletter_tier_id":0,"_jetpack_memberships_contains_paywalled_content":false,"_jetpack_memberships_contains_paid_content":false,"footnotes":""},"categories":[4,80,84,1186,2,83],"tags":[81,1630],"class_list":["post-34121","post","type-post","status-publish","format-standard","has-post-thumbnail","hentry","category-aguascalientes","category-cintillo","category-feminicidios","category-feminicidios-en-aguascalientes","category-noticias-nacionales","category-temas-nacionales","tag-feminicidios","tag-violencia-contra-las-mujeres","entry"],"jetpack_featured_media_url":"https:\/\/www.grieta.org.mx\/wp-content\/uploads\/2019\/06\/a1.jpg","jetpack_sharing_enabled":true,"jetpack_shortlink":"https:\/\/wp.me\/p7ZJR4-8Sl","jetpack_likes_enabled":false,"jetpack-related-posts":[{"id":46211,"url":"https:\/\/www.grieta.org.mx\/index.php\/2020\/03\/10\/mapa-de-feminicidios-en-aguascalientes\/","url_meta":{"origin":34121,"position":0},"title":"MAPA DE FEMINICIDIOS EN AGUASCALIENTES","author":"grieta","date":"10 marzo, 2020","format":false,"excerpt":"Adri\u00e1n Javier Flores Nieves\/La Jornada Aguascalientes 10 marzo 2020 El mapa de feminicidios de M\u00e9xico recopila los feminicidios perpetrados en el pa\u00eds Del 2016 a la fecha, la herramienta report\u00f3 m\u00e1s de 20 feminicidios cometidos en Aguascalientes Las edades de las mujeres asesinadas van desde menores de 2 a\u00f1os hasta\u2026","rel":"","context":"En &quot;Aguascalientes&quot;","block_context":{"text":"Aguascalientes","link":"https:\/\/www.grieta.org.mx\/index.php\/category\/noticias-nacionales\/aguascalientes\/"},"img":{"alt_text":"","src":"https:\/\/i0.wp.com\/www.grieta.org.mx\/wp-content\/uploads\/2020\/03\/40268367353_2e4a3c792b_c.jpg?resize=350%2C200&ssl=1","width":350,"height":200,"srcset":"https:\/\/i0.wp.com\/www.grieta.org.mx\/wp-content\/uploads\/2020\/03\/40268367353_2e4a3c792b_c.jpg?resize=350%2C200&ssl=1 1x, https:\/\/i0.wp.com\/www.grieta.org.mx\/wp-content\/uploads\/2020\/03\/40268367353_2e4a3c792b_c.jpg?resize=525%2C300&ssl=1 1.5x, https:\/\/i0.wp.com\/www.grieta.org.mx\/wp-content\/uploads\/2020\/03\/40268367353_2e4a3c792b_c.jpg?resize=700%2C400&ssl=1 2x"},"classes":[]},{"id":30076,"url":"https:\/\/www.grieta.org.mx\/index.php\/2019\/02\/26\/aumentan-asesinatos-de-mujeres-por-pareja-aguascalientes-y-baja-california\/","url_meta":{"origin":34121,"position":1},"title":"Aumentan asesinatos de mujeres por pareja (Aguascalientes y Baja California)","author":"grieta","date":"26 febrero, 2019","format":false,"excerpt":"Redacci\u00f3n\/El Diario de Coahuila AGUASCALIENTES, AGS., (El Universal).- Los casos de mujeres asesinadas por su parejas sentimentales se incrementan en el pa\u00eds, los m\u00e1s recientes casos dados a conocer se registraron en los \u00faltimos d\u00edas en Aguascalientes y Baja California. En la primera entidad, este lunes se inform\u00f3 de dos\u2026","rel":"","context":"En &quot;Aguascalientes&quot;","block_context":{"text":"Aguascalientes","link":"https:\/\/www.grieta.org.mx\/index.php\/category\/noticias-nacionales\/aguascalientes\/"},"img":{"alt_text":"","src":"https:\/\/i0.wp.com\/www.grieta.org.mx\/wp-content\/uploads\/2019\/03\/f620x350-736158_767176_0.jpg?resize=350%2C200&ssl=1","width":350,"height":200,"srcset":"https:\/\/i0.wp.com\/www.grieta.org.mx\/wp-content\/uploads\/2019\/03\/f620x350-736158_767176_0.jpg?resize=350%2C200&ssl=1 1x, https:\/\/i0.wp.com\/www.grieta.org.mx\/wp-content\/uploads\/2019\/03\/f620x350-736158_767176_0.jpg?resize=525%2C300&ssl=1 1.5x"},"classes":[]},{"id":40824,"url":"https:\/\/www.grieta.org.mx\/index.php\/2019\/10\/30\/en-aguascalientes-se-han-tipificado-hasta-septiembre-cuatro-feminicidios\/","url_meta":{"origin":34121,"position":2},"title":"EN AGUASCALIENTES SE HAN TIPIFICADO HASTA SEPTIEMBRE CUATRO FEMINICIDIOS","author":"grieta","date":"30 octubre, 2019","format":false,"excerpt":"Adrian Javier Flores Nieves\/La Jornada Aguascalientes 30 octubre 2019 Septiembre es el tercer mes consecutivo en el que se presenta un asesinato de esa \u00edndole este a\u00f1o, el otro ocurri\u00f3 en febrero En todo el pa\u00eds se reportaron 140,503 llamadas relacionadas con violencia contra la mujer, de la cuales 1,614\u2026","rel":"","context":"En &quot;Aguascalientes&quot;","block_context":{"text":"Aguascalientes","link":"https:\/\/www.grieta.org.mx\/index.php\/category\/noticias-nacionales\/aguascalientes\/"},"img":{"alt_text":"","src":"https:\/\/i0.wp.com\/www.grieta.org.mx\/wp-content\/uploads\/2019\/11\/feminicidio-GG.jpg?resize=350%2C200&ssl=1","width":350,"height":200,"srcset":"https:\/\/i0.wp.com\/www.grieta.org.mx\/wp-content\/uploads\/2019\/11\/feminicidio-GG.jpg?resize=350%2C200&ssl=1 1x, https:\/\/i0.wp.com\/www.grieta.org.mx\/wp-content\/uploads\/2019\/11\/feminicidio-GG.jpg?resize=525%2C300&ssl=1 1.5x"},"classes":[]},{"id":46194,"url":"https:\/\/www.grieta.org.mx\/index.php\/2020\/03\/04\/visibilizan-feminicidios-y-casos-de-personas-desaparecidas-en-aguascalientes\/","url_meta":{"origin":34121,"position":3},"title":"VISIBILIZAN FEMINICIDIOS Y CASOS DE PERSONAS DESAPARECIDAS EN AGUASCALIENTES","author":"grieta","date":"4 marzo, 2020","format":false,"excerpt":"Adrian Javier Flores Nieves\/La Jornada Aguascalientes 4 marzo 2020 Se manifiestan a trav\u00e9s de bordado la situaci\u00f3n de feminicidios, homicidios dolosos y personas desaparecidas El bordado colectivo es una actividad de manifestaci\u00f3n pac\u00edfica que se replica en otros pa\u00edses y que invita a la sociedad a participar para generar m\u00e1s\u2026","rel":"","context":"En &quot;Aguascalientes&quot;","block_context":{"text":"Aguascalientes","link":"https:\/\/www.grieta.org.mx\/index.php\/category\/noticias-nacionales\/aguascalientes\/"},"img":{"alt_text":"","src":"https:\/\/i0.wp.com\/www.grieta.org.mx\/wp-content\/uploads\/2020\/03\/49614896327_f265870698_c.jpg?resize=350%2C200&ssl=1","width":350,"height":200,"srcset":"https:\/\/i0.wp.com\/www.grieta.org.mx\/wp-content\/uploads\/2020\/03\/49614896327_f265870698_c.jpg?resize=350%2C200&ssl=1 1x, https:\/\/i0.wp.com\/www.grieta.org.mx\/wp-content\/uploads\/2020\/03\/49614896327_f265870698_c.jpg?resize=525%2C300&ssl=1 1.5x, https:\/\/i0.wp.com\/www.grieta.org.mx\/wp-content\/uploads\/2020\/03\/49614896327_f265870698_c.jpg?resize=700%2C400&ssl=1 2x"},"classes":[]},{"id":43198,"url":"https:\/\/www.grieta.org.mx\/index.php\/2020\/01\/17\/magdalena-tenia-14-anos-y-fue-asesinada-a-golpes-en-aguascalientes\/","url_meta":{"origin":34121,"position":4},"title":"Magdalena ten\u00eda 14 a\u00f1os y fue asesinada a golpes en Aguascalientes","author":"grieta","date":"17 enero, 2020","format":false,"excerpt":"Redacci\u00f3n\/La Silla Rota 17 enero 2020 Magdalena ''N'' de 14 a\u00f1os de edad, fue asesinada a golpes en el municipio de Jes\u00fas Mar\u00eda, en Aguascalientes, inform\u00f3 la Fiscal\u00eda del Estado. Derivado de estos hechos la Vicefiscal\u00eda regional inici\u00f3 las indagatorias con protocolo de feminicidio por la muerte de la menor\u2026","rel":"","context":"En &quot;Aguascalientes&quot;","block_context":{"text":"Aguascalientes","link":"https:\/\/www.grieta.org.mx\/index.php\/category\/noticias-nacionales\/aguascalientes\/"},"img":{"alt_text":"","src":"https:\/\/i0.wp.com\/www.grieta.org.mx\/wp-content\/uploads\/2020\/01\/magadalena.png?resize=350%2C200&ssl=1","width":350,"height":200,"srcset":"https:\/\/i0.wp.com\/www.grieta.org.mx\/wp-content\/uploads\/2020\/01\/magadalena.png?resize=350%2C200&ssl=1 1x, https:\/\/i0.wp.com\/www.grieta.org.mx\/wp-content\/uploads\/2020\/01\/magadalena.png?resize=525%2C300&ssl=1 1.5x, https:\/\/i0.wp.com\/www.grieta.org.mx\/wp-content\/uploads\/2020\/01\/magadalena.png?resize=700%2C400&ssl=1 2x"},"classes":[]},{"id":41865,"url":"https:\/\/www.grieta.org.mx\/index.php\/2019\/11\/26\/exige-comunidad-feminista-un-aguascalientes-libre-y-seguro\/","url_meta":{"origin":34121,"position":5},"title":"EXIGE COMUNIDAD FEMINISTA UN AGUASCALIENTES LIBRE Y SEGURO","author":"grieta","date":"26 noviembre, 2019","format":false,"excerpt":"Redacci\u00f3n\/La Jornada Aguascalientes 26 noviembre 2019 Este 25 de noviembre, la Comunidad Feminista de Aguascalientes llev\u00f3 a cabo una movilizaci\u00f3n con motivo del D\u00eda Internacional de la Eliminaci\u00f3n de la Violencia contra la Mujer \u201cEs alarmante que en pleno 2019 persista una falta de reconocimiento del Poder Judicial del Estado\u2026","rel":"","context":"En &quot;Aguascalientes&quot;","block_context":{"text":"Aguascalientes","link":"https:\/\/www.grieta.org.mx\/index.php\/category\/noticias-nacionales\/aguascalientes\/"},"img":{"alt_text":"","src":"https:\/\/i0.wp.com\/www.grieta.org.mx\/wp-content\/uploads\/2019\/12\/49125848797_fcaca72bb4_c.jpg?resize=350%2C200&ssl=1","width":350,"height":200,"srcset":"https:\/\/i0.wp.com\/www.grieta.org.mx\/wp-content\/uploads\/2019\/12\/49125848797_fcaca72bb4_c.jpg?resize=350%2C200&ssl=1 1x, https:\/\/i0.wp.com\/www.grieta.org.mx\/wp-content\/uploads\/2019\/12\/49125848797_fcaca72bb4_c.jpg?resize=525%2C300&ssl=1 1.5x, https:\/\/i0.wp.com\/www.grieta.org.mx\/wp-content\/uploads\/2019\/12\/49125848797_fcaca72bb4_c.jpg?resize=700%2C400&ssl=1 2x"},"classes":[]}],"_links":{"self":[{"href":"https:\/\/www.grieta.org.mx\/index.php\/wp-json\/wp\/v2\/posts\/34121","targetHints":{"allow":["GET"]}}],"collection":[{"href":"https:\/\/www.grieta.org.mx\/index.php\/wp-json\/wp\/v2\/posts"}],"about":[{"href":"https:\/\/www.grieta.org.mx\/index.php\/wp-json\/wp\/v2\/types\/post"}],"author":[{"embeddable":true,"href":"https:\/\/www.grieta.org.mx\/index.php\/wp-json\/wp\/v2\/users\/2"}],"replies":[{"embeddable":true,"href":"https:\/\/www.grieta.org.mx\/index.php\/wp-json\/wp\/v2\/comments?post=34121"}],"version-history":[{"count":1,"href":"https:\/\/www.grieta.org.mx\/index.php\/wp-json\/wp\/v2\/posts\/34121\/revisions"}],"predecessor-version":[{"id":34123,"href":"https:\/\/www.grieta.org.mx\/index.php\/wp-json\/wp\/v2\/posts\/34121\/revisions\/34123"}],"wp:featuredmedia":[{"embeddable":true,"href":"https:\/\/www.grieta.org.mx\/index.php\/wp-json\/wp\/v2\/media\/34122"}],"wp:attachment":[{"href":"https:\/\/www.grieta.org.mx\/index.php\/wp-json\/wp\/v2\/media?parent=34121"}],"wp:term":[{"taxonomy":"category","embeddable":true,"href":"https:\/\/www.grieta.org.mx\/index.php\/wp-json\/wp\/v2\/categories?post=34121"},{"taxonomy":"post_tag","embeddable":true,"href":"https:\/\/www.grieta.org.mx\/index.php\/wp-json\/wp\/v2\/tags?post=34121"}],"curies":[{"name":"wp","href":"https:\/\/api.w.org\/{rel}","templated":true}]}}