{"id":34037,"date":"2019-06-01T01:30:19","date_gmt":"2019-06-01T06:30:19","guid":{"rendered":"http:\/\/www.grieta.org.mx\/?p=34037"},"modified":"2019-06-01T01:30:19","modified_gmt":"2019-06-01T06:30:19","slug":"van-despedidos-a-informalidad-tamaulipas","status":"publish","type":"post","link":"https:\/\/www.grieta.org.mx\/index.php\/2019\/06\/01\/van-despedidos-a-informalidad-tamaulipas\/","title":{"rendered":"Van despedidos a informalidad (Tamaulipas)"},"content":{"rendered":"<p><img loading=\"lazy\" decoding=\"async\" data-attachment-id=\"34038\" data-permalink=\"https:\/\/www.grieta.org.mx\/index.php\/2019\/06\/01\/van-despedidos-a-informalidad-tamaulipas\/van-despedidos-a-informalidad-tama-jun\/\" data-orig-file=\"https:\/\/www.grieta.org.mx\/wp-content\/uploads\/2019\/06\/Van-despedidos-a-informalidad-tama-jun.jpg\" data-orig-size=\"628,524\" data-comments-opened=\"0\" data-image-meta=\"{&quot;aperture&quot;:&quot;0&quot;,&quot;credit&quot;:&quot;&quot;,&quot;camera&quot;:&quot;&quot;,&quot;caption&quot;:&quot;&quot;,&quot;created_timestamp&quot;:&quot;0&quot;,&quot;copyright&quot;:&quot;&quot;,&quot;focal_length&quot;:&quot;0&quot;,&quot;iso&quot;:&quot;0&quot;,&quot;shutter_speed&quot;:&quot;0&quot;,&quot;title&quot;:&quot;&quot;,&quot;orientation&quot;:&quot;0&quot;}\" data-image-title=\"Van despedidos a informalidad tama jun\" data-image-description=\"\" data-image-caption=\"\" data-medium-file=\"https:\/\/www.grieta.org.mx\/wp-content\/uploads\/2019\/06\/Van-despedidos-a-informalidad-tama-jun-300x250.jpg\" data-large-file=\"https:\/\/www.grieta.org.mx\/wp-content\/uploads\/2019\/06\/Van-despedidos-a-informalidad-tama-jun.jpg\" class=\"alignleft  wp-image-34038\" src=\"http:\/\/www.grieta.org.mx\/wp-content\/uploads\/2019\/06\/Van-despedidos-a-informalidad-tama-jun-300x250.jpg\" alt=\"\" width=\"478\" height=\"398\" srcset=\"https:\/\/www.grieta.org.mx\/wp-content\/uploads\/2019\/06\/Van-despedidos-a-informalidad-tama-jun-300x250.jpg 300w, https:\/\/www.grieta.org.mx\/wp-content\/uploads\/2019\/06\/Van-despedidos-a-informalidad-tama-jun-599x500.jpg 599w, https:\/\/www.grieta.org.mx\/wp-content\/uploads\/2019\/06\/Van-despedidos-a-informalidad-tama-jun.jpg 628w\" sizes=\"auto, (max-width: 478px) 100vw, 478px\" \/><br \/>\nMiguel Jim\u00e9nez \/ El Ma\u00f1ana<\/p>\n<p>Matamoros, Tam.- Personas que recientemente fueron despedidas de las maquiladoras por haber participado en el movimiento obrero, est\u00e1n solicitando ahora asesor\u00eda ante el departamento de Concertaci\u00f3n Social para instalar un puesto ambulante.<\/p>\n<p>Lo anterior lo dio a conocer el titular de la dependencia, H\u00e9ctor Hugo Guti\u00e9rrez Trevi\u00f1o, quien se\u00f1al\u00f3 que se trata de personas que despidieron y que les dieron su indemnizaci\u00f3n y al no encontrar un empleo otra vez, est\u00e1n en busca de asesor\u00eda para poner puestos semifijos, a\u00fan y cuando no tienen ninguna experiencia en ello; han buscado apoyo para la venta de comida o ropa, principalmente.<\/p>\n<p>&#8220;Esto es parte de la afectaci\u00f3n que se tiene luego de los paros y huelgas en las empresas maquiladoras, de las cuales, algunas de ellas hicieron despido de personal y ahora no encuentran un trabajo en donde desempe\u00f1arse y que necesitan ingresos econ\u00f3micos para mantener una familia&#8221;, dijo.<\/p>\n<p><a href=\"https:\/\/www.elmanana.com\/van-despedidos-a-informalidad-maquiladora-empleo-frontera\/4835174\" target=\"_blank\" rel=\"noopener noreferrer\">https:\/\/www.elmanana.com\/van-despedidos-a-informalidad-maquiladora-empleo-frontera\/4835174<\/a><\/p>\n","protected":false},"excerpt":{"rendered":"<p>Miguel Jim\u00e9nez \/ El Ma\u00f1ana Matamoros, Tam.- Personas que recientemente fueron despedidas de las maquiladoras por haber participado en el movimiento obrero, est\u00e1n solicitando ahora asesor\u00eda ante el departamento de &hellip; <a href=\"https:\/\/www.grieta.org.mx\/index.php\/2019\/06\/01\/van-despedidos-a-informalidad-tamaulipas\/\" class=\"more-link\">Leer m\u00e1s<\/a><\/p>\n","protected":false},"author":2,"featured_media":34038,"comment_status":"closed","ping_status":"closed","sticky":false,"template":"","format":"standard","meta":{"ngg_post_thumbnail":0,"_jetpack_newsletter_access":"","_jetpack_dont_email_post_to_subs":false,"_jetpack_newsletter_tier_id":0,"_jetpack_memberships_contains_paywalled_content":false,"_jetpack_memberships_contains_paid_content":false,"footnotes":""},"categories":[80,910,1137,2011,2,33,83],"tags":[2255,859,2105,2003,1290],"class_list":["post-34037","post","type-post","status-publish","format-standard","has-post-thumbnail","hentry","category-cintillo","category-explotacion-y-precariedad-laboral","category-explotacion-y-precariedad-laboral-en-tamaulipas","category-lucha-de-trabajadores-de-la-industria-maquiladora-en-tamaulipas","category-noticias-nacionales","category-tamaulipas","category-temas-nacionales","tag-20-32","tag-desempleo","tag-despidos-masivos","tag-maquiladoras","tag-precariedad-laboral","entry"],"jetpack_featured_media_url":"https:\/\/www.grieta.org.mx\/wp-content\/uploads\/2019\/06\/Van-despedidos-a-informalidad-tama-jun.jpg","jetpack_sharing_enabled":true,"jetpack_shortlink":"https:\/\/wp.me\/p7ZJR4-8QZ","jetpack_likes_enabled":false,"jetpack-related-posts":[{"id":52279,"url":"https:\/\/www.grieta.org.mx\/index.php\/2020\/07\/22\/denuncian-a-maquiladoras-por-incumplir-medidas-sanitarias\/","url_meta":{"origin":34037,"position":0},"title":"Denuncian a maquiladoras por incumplir medidas sanitarias (Tamaulipas)","author":"grieta","date":"22 julio, 2020","format":false,"excerpt":"Carolina Garza\/Milenio 22 julio 2020 En Reynosa m\u00e1s de 400 empresas enfrentan procesos legales. Maquiladoras de Reynosa en tiempos de covid-19 | Cortes\u00eda Los despachos jur\u00eddicos de Reynosa se saturan de demandas por trabajadores del sector industrial en donde se\u00f1alan, incumplen con las medidas de sanidad. El abogado Javier Gerardo\u2026","rel":"","context":"En &quot;CINTILLO&quot;","block_context":{"text":"CINTILLO","link":"https:\/\/www.grieta.org.mx\/index.php\/category\/cintillo\/"},"img":{"alt_text":"","src":"https:\/\/i0.wp.com\/www.grieta.org.mx\/wp-content\/uploads\/2020\/08\/maquiladoras-de-reynosa-en-tiempos.jpg?resize=350%2C200&ssl=1","width":350,"height":200,"srcset":"https:\/\/i0.wp.com\/www.grieta.org.mx\/wp-content\/uploads\/2020\/08\/maquiladoras-de-reynosa-en-tiempos.jpg?resize=350%2C200&ssl=1 1x, https:\/\/i0.wp.com\/www.grieta.org.mx\/wp-content\/uploads\/2020\/08\/maquiladoras-de-reynosa-en-tiempos.jpg?resize=525%2C300&ssl=1 1.5x, https:\/\/i0.wp.com\/www.grieta.org.mx\/wp-content\/uploads\/2020\/08\/maquiladoras-de-reynosa-en-tiempos.jpg?resize=700%2C400&ssl=1 2x"},"classes":[]},{"id":49620,"url":"https:\/\/www.grieta.org.mx\/index.php\/2020\/05\/14\/denuncian-boletineo-de-personal-en-maquiladoras-de-nuevo-laredo\/","url_meta":{"origin":34037,"position":1},"title":"Denuncian boletineo de personal en maquiladoras de Nuevo Laredo","author":"grieta","date":"14 mayo, 2020","format":false,"excerpt":"Mario Portillo\/Hoy T.am 14 mayo 2020 Nuevo Laredo, Tamaulipas. \u2013 El subsecretario de Trabajo del Sindicato Nacional de Infraestructura, H\u00e9ctor de la Cruz N\u00fa\u00f1ez, denunci\u00f3 acoso a los trabajadores despedidos de Modine. Coment\u00f3 que las personas han batallado para encontrar trabajo, ya que asegur\u00f3, las empresas los tienen boletinados, un\u2026","rel":"","context":"En &quot;CINTILLO&quot;","block_context":{"text":"CINTILLO","link":"https:\/\/www.grieta.org.mx\/index.php\/category\/cintillo\/"},"img":{"alt_text":"","src":"https:\/\/i0.wp.com\/www.grieta.org.mx\/wp-content\/uploads\/2020\/05\/Denuncian-boletineo-de-personal-en-maquiladoras-de-Nuevo-Laredo.jpg?resize=350%2C200&ssl=1","width":350,"height":200,"srcset":"https:\/\/i0.wp.com\/www.grieta.org.mx\/wp-content\/uploads\/2020\/05\/Denuncian-boletineo-de-personal-en-maquiladoras-de-Nuevo-Laredo.jpg?resize=350%2C200&ssl=1 1x, https:\/\/i0.wp.com\/www.grieta.org.mx\/wp-content\/uploads\/2020\/05\/Denuncian-boletineo-de-personal-en-maquiladoras-de-Nuevo-Laredo.jpg?resize=525%2C300&ssl=1 1.5x, https:\/\/i0.wp.com\/www.grieta.org.mx\/wp-content\/uploads\/2020\/05\/Denuncian-boletineo-de-personal-en-maquiladoras-de-Nuevo-Laredo.jpg?resize=700%2C400&ssl=1 2x"},"classes":[]},{"id":31257,"url":"https:\/\/www.grieta.org.mx\/index.php\/2019\/03\/21\/huelguistas-no-encuentran-trabajo-en-matamoros-tamaulipas\/","url_meta":{"origin":34037,"position":2},"title":"Huelguistas no encuentran trabajo en Matamoros (Tamaulipas)","author":"grieta","date":"21 marzo, 2019","format":false,"excerpt":"\u00c1ngel Arias \/ Hoy Tamaulipas Tras participar en los movimientos laborales Jos\u00e9 Guerrero fue despedido y al solictar empleo en otras maquiladoras no lo han aceptado Matamoros, Tamaulipas.- Despu\u00e9s de haber participado en los movimientos laborales, Jos\u00e9 Guerrero fue despedido en la empresa Novalink, por lo que ha solicitado empleo\u2026","rel":"","context":"En &quot;CINTILLO&quot;","block_context":{"text":"CINTILLO","link":"https:\/\/www.grieta.org.mx\/index.php\/category\/cintillo\/"},"img":{"alt_text":"","src":"https:\/\/i0.wp.com\/www.grieta.org.mx\/wp-content\/uploads\/2019\/03\/Huelguistas-no-encuentran-trabajo-en-Matamoros-tama-mzo.jpg?resize=350%2C200&ssl=1","width":350,"height":200,"srcset":"https:\/\/i0.wp.com\/www.grieta.org.mx\/wp-content\/uploads\/2019\/03\/Huelguistas-no-encuentran-trabajo-en-Matamoros-tama-mzo.jpg?resize=350%2C200&ssl=1 1x, https:\/\/i0.wp.com\/www.grieta.org.mx\/wp-content\/uploads\/2019\/03\/Huelguistas-no-encuentran-trabajo-en-Matamoros-tama-mzo.jpg?resize=525%2C300&ssl=1 1.5x, https:\/\/i0.wp.com\/www.grieta.org.mx\/wp-content\/uploads\/2019\/03\/Huelguistas-no-encuentran-trabajo-en-Matamoros-tama-mzo.jpg?resize=700%2C400&ssl=1 2x"},"classes":[]},{"id":29815,"url":"https:\/\/www.grieta.org.mx\/index.php\/2019\/03\/01\/suman-4-mil-obreros-dados-de-baja-en-maquiladoras-de-matamoros-tamaulipas\/","url_meta":{"origin":34037,"position":3},"title":"Suman 4 mil obreros dados de baja en maquiladoras de Matamoros (Tamaulipas)","author":"grieta","date":"1 marzo, 2019","format":false,"excerpt":"Miguel Jim\u00e9nez \/ El Ma\u00f1ana Tres empresas se mantienen firmes en salir tras los \u00b4paros locos\u00b4 Matamoros, Tam. La Confederaci\u00f3n Patronal de la Rep\u00fablica Mexicana (Coparmex), confirm\u00f3 que ya son cuatro mil los obreros que han sido dados de baja en la industria maquiladora luego de las huelgas y \"paros\u2026","rel":"","context":"En &quot;CINTILLO&quot;","block_context":{"text":"CINTILLO","link":"https:\/\/www.grieta.org.mx\/index.php\/category\/cintillo\/"},"img":{"alt_text":"","src":"https:\/\/i0.wp.com\/www.grieta.org.mx\/wp-content\/uploads\/2019\/03\/Suman-4-mil-obreros-dados-de-baja-en-maquiladoras-de-Matamoros-tama-mzo.jpg?resize=350%2C200","width":350,"height":200},"classes":[]},{"id":51361,"url":"https:\/\/www.grieta.org.mx\/index.php\/2020\/06\/21\/maquiladoras-registran-258-obreros-con-covid-tamaulipas\/","url_meta":{"origin":34037,"position":4},"title":"Maquiladoras registran 258 obreros con Covid (Tamaulipas)","author":"grieta","date":"21 junio, 2020","format":false,"excerpt":"Lupita \u00c1lvarez\/En L\u00ednea Directa 21 junio 2020 -El 7% de los enfermos han fallecido. Foto: Tomada de En L\u00ednea Directa Cd. Victoria, Tamaulipas._ Al menos 258 personas que laboran en diferentes industrias maquiladoras de la entidad han sido detectados con coronavirus. De acuerdo a la Secretar\u00eda de Salud no s\u00f3lo\u2026","rel":"","context":"En &quot;CINTILLO&quot;","block_context":{"text":"CINTILLO","link":"https:\/\/www.grieta.org.mx\/index.php\/category\/cintillo\/"},"img":{"alt_text":"","src":"https:\/\/i0.wp.com\/www.grieta.org.mx\/wp-content\/uploads\/2020\/06\/Covid_maquiladora21062020.jpg?resize=350%2C200&ssl=1","width":350,"height":200,"srcset":"https:\/\/i0.wp.com\/www.grieta.org.mx\/wp-content\/uploads\/2020\/06\/Covid_maquiladora21062020.jpg?resize=350%2C200&ssl=1 1x, https:\/\/i0.wp.com\/www.grieta.org.mx\/wp-content\/uploads\/2020\/06\/Covid_maquiladora21062020.jpg?resize=525%2C300&ssl=1 1.5x, https:\/\/i0.wp.com\/www.grieta.org.mx\/wp-content\/uploads\/2020\/06\/Covid_maquiladora21062020.jpg?resize=700%2C400&ssl=1 2x"},"classes":[]},{"id":64901,"url":"https:\/\/www.grieta.org.mx\/index.php\/2022\/08\/16\/maquilas-de-tamaulipas-han-despedido-a-casi-cinco-mil-trabajadores\/","url_meta":{"origin":34037,"position":5},"title":"Maquilas de Tamaulipas han despedido a casi cinco mil trabajadores","author":"grieta","date":"16 agosto, 2022","format":false,"excerpt":"Paola Mel\u00e9ndez\/Hoy Tamaulipas 16 agosto 2022 Seg\u00fan el IMSS, en el Estado se ha presentado una baja de cuatro mil 673 obreros entre marzo y julio del 2022. Ciudad Victoria, Tamaulipas.- La industria maquiladora en Tamaulipas ha recortado casi cinco mil empleos en cuatro meses, seg\u00fan el Instituto Mexicano del\u2026","rel":"","context":"En &quot;CINTILLO&quot;","block_context":{"text":"CINTILLO","link":"https:\/\/www.grieta.org.mx\/index.php\/category\/cintillo\/"},"img":{"alt_text":"","src":"https:\/\/i0.wp.com\/www.grieta.org.mx\/wp-content\/uploads\/2022\/08\/Maquilas-de-Tamaulipas-han-despedido-a-casi-cinco-mil-trabajadores-en-cuatro-meses.jpg?resize=350%2C200&ssl=1","width":350,"height":200,"srcset":"https:\/\/i0.wp.com\/www.grieta.org.mx\/wp-content\/uploads\/2022\/08\/Maquilas-de-Tamaulipas-han-despedido-a-casi-cinco-mil-trabajadores-en-cuatro-meses.jpg?resize=350%2C200&ssl=1 1x, https:\/\/i0.wp.com\/www.grieta.org.mx\/wp-content\/uploads\/2022\/08\/Maquilas-de-Tamaulipas-han-despedido-a-casi-cinco-mil-trabajadores-en-cuatro-meses.jpg?resize=525%2C300&ssl=1 1.5x, https:\/\/i0.wp.com\/www.grieta.org.mx\/wp-content\/uploads\/2022\/08\/Maquilas-de-Tamaulipas-han-despedido-a-casi-cinco-mil-trabajadores-en-cuatro-meses.jpg?resize=700%2C400&ssl=1 2x"},"classes":[]}],"_links":{"self":[{"href":"https:\/\/www.grieta.org.mx\/index.php\/wp-json\/wp\/v2\/posts\/34037","targetHints":{"allow":["GET"]}}],"collection":[{"href":"https:\/\/www.grieta.org.mx\/index.php\/wp-json\/wp\/v2\/posts"}],"about":[{"href":"https:\/\/www.grieta.org.mx\/index.php\/wp-json\/wp\/v2\/types\/post"}],"author":[{"embeddable":true,"href":"https:\/\/www.grieta.org.mx\/index.php\/wp-json\/wp\/v2\/users\/2"}],"replies":[{"embeddable":true,"href":"https:\/\/www.grieta.org.mx\/index.php\/wp-json\/wp\/v2\/comments?post=34037"}],"version-history":[{"count":1,"href":"https:\/\/www.grieta.org.mx\/index.php\/wp-json\/wp\/v2\/posts\/34037\/revisions"}],"predecessor-version":[{"id":34039,"href":"https:\/\/www.grieta.org.mx\/index.php\/wp-json\/wp\/v2\/posts\/34037\/revisions\/34039"}],"wp:featuredmedia":[{"embeddable":true,"href":"https:\/\/www.grieta.org.mx\/index.php\/wp-json\/wp\/v2\/media\/34038"}],"wp:attachment":[{"href":"https:\/\/www.grieta.org.mx\/index.php\/wp-json\/wp\/v2\/media?parent=34037"}],"wp:term":[{"taxonomy":"category","embeddable":true,"href":"https:\/\/www.grieta.org.mx\/index.php\/wp-json\/wp\/v2\/categories?post=34037"},{"taxonomy":"post_tag","embeddable":true,"href":"https:\/\/www.grieta.org.mx\/index.php\/wp-json\/wp\/v2\/tags?post=34037"}],"curies":[{"name":"wp","href":"https:\/\/api.w.org\/{rel}","templated":true}]}}