{"id":33950,"date":"2019-05-24T17:05:52","date_gmt":"2019-05-24T22:05:52","guid":{"rendered":"http:\/\/www.grieta.org.mx\/?p=33950"},"modified":"2019-05-28T17:14:26","modified_gmt":"2019-05-28T22:14:26","slug":"recortes-austeros-afectan-al-issste-en-mazatlan-sinaloa","status":"publish","type":"post","link":"https:\/\/www.grieta.org.mx\/index.php\/2019\/05\/24\/recortes-austeros-afectan-al-issste-en-mazatlan-sinaloa\/","title":{"rendered":"Recortes austeros afectan al ISSSTE en Mazatl\u00e1n (Sinaloa)"},"content":{"rendered":"<p><img loading=\"lazy\" decoding=\"async\" data-attachment-id=\"33951\" data-permalink=\"https:\/\/www.grieta.org.mx\/index.php\/2019\/05\/24\/recortes-austeros-afectan-al-issste-en-mazatlan-sinaloa\/salud-sinaloa-2\/\" data-orig-file=\"https:\/\/www.grieta.org.mx\/wp-content\/uploads\/2019\/05\/Salud-Sinaloa-2.jpeg\" data-orig-size=\"560,347\" data-comments-opened=\"0\" data-image-meta=\"{&quot;aperture&quot;:&quot;0&quot;,&quot;credit&quot;:&quot;&quot;,&quot;camera&quot;:&quot;&quot;,&quot;caption&quot;:&quot;&quot;,&quot;created_timestamp&quot;:&quot;0&quot;,&quot;copyright&quot;:&quot;&quot;,&quot;focal_length&quot;:&quot;0&quot;,&quot;iso&quot;:&quot;0&quot;,&quot;shutter_speed&quot;:&quot;0&quot;,&quot;title&quot;:&quot;&quot;,&quot;orientation&quot;:&quot;0&quot;}\" data-image-title=\"Salud Sinaloa 2\" data-image-description=\"\" data-image-caption=\"\" data-medium-file=\"https:\/\/www.grieta.org.mx\/wp-content\/uploads\/2019\/05\/Salud-Sinaloa-2-300x186.jpeg\" data-large-file=\"https:\/\/www.grieta.org.mx\/wp-content\/uploads\/2019\/05\/Salud-Sinaloa-2.jpeg\" class=\" wp-image-33951 aligncenter\" src=\"http:\/\/www.grieta.org.mx\/wp-content\/uploads\/2019\/05\/Salud-Sinaloa-2.jpeg\" alt=\"\" width=\"768\" height=\"476\" srcset=\"https:\/\/www.grieta.org.mx\/wp-content\/uploads\/2019\/05\/Salud-Sinaloa-2.jpeg 560w, https:\/\/www.grieta.org.mx\/wp-content\/uploads\/2019\/05\/Salud-Sinaloa-2-300x186.jpeg 300w\" sizes=\"auto, (max-width: 768px) 100vw, 768px\" \/><\/p>\n<p class=\"subtitle\"><em>Durante la ma\u00f1ana del viernes decenas de trabajadores se manifestaron para exigir se d\u00e9 cobertura a pagos atrasados acumulados desde el 2018<\/em><\/p>\n<p>Scarlett Nordahl \/ El Sol de Sinaloa<\/p>\n<p><b>Mazatl\u00e1n<\/b>,\u00a0<b>Sinaloa<\/b>.- La ma\u00f1ana del viernes\u00a0<b>trabajadores suplentes\u00a0<\/b>se manifestaron a las afueras de la\u00a0<b>Cl\u00ednica Hospital del Instituto de Seguridad y Servicios Sociales<\/b>\u00a0de los\u00a0<b>Trabajadores\u00a0<\/b>del Estado (<b>ISSSTE<\/b>) \u201cDoctor Miguel \u00c1ngel Camacho Zamudio\u201d, con el fin de exigir la cobertura de los pagos pendientes que desde octubre del a\u00f1o pasado no reciben.<\/p>\n<p>Leslie Algaran S\u00e1nchez, trabajadora del \u00e1rea de\u00a0<b>laboratorios<\/b>, inform\u00f3 que durante ocho meses han\u00a0<b>estado trabajando\u00a0<\/b>sin garant\u00eda de pago, ya que tan solo se les hizo cobertura de dos del total de pagos pendientes, pero estos estaban incompletos.<\/p>\n<p>\u201cHan sido m\u00ednimos, han sido de dos quincenas. Una quincena un deposito y la otra una quincena la verdad. Habemos personas que sobrevivimos de este trabajo nada m\u00e1s, somos padres, hijos y somos profesionistas, brindamos un servicio para recibir un pago. Ya nos hemos manifestado con ellos, estamos esperando la llegada de nuestro se\u00f1or Presidente para ver si no puede ayudar\u201d.<\/p>\n<p>Ana Isabel Bautista Espinoza, enfermera del \u00e1rea de hospitalizaci\u00f3n, asegur\u00f3 que el problema no solo afecta a los trabajadores suplentes, tambi\u00e9n hay desabasto en insumos al interior de la Cl\u00ednica-Hospital, incluso familiares de pacientes que se encuentran internados han llevado sabanas propias debido a esta situaci\u00f3n.<\/p>\n<p>\u201cTenemos falta de insumos, la lavander\u00eda no sirve, falta de ropa. No tenemos derechos a meter permisos, porque no hay presupuesto, porque lo redujeron en un porcentaje muy alto. Desafortunadamente los que lo recienten son los derechohabientes, uno como enfermera trata de improvisar y sacar adelante nuestroi trabajo, pero tampoco es justo que los que est\u00e1n arriba sepan la problem\u00e1tica y no saquen adelante este problema\u201d.<\/p>\n<p>Se\u00f1alaron que esta falta de insumo y escases en surtimiento en medicamentos se agravo aproximadamente hace dos meses.<\/p>\n<p>Exhortaron a la Secretaria de Salud del Estado a poner carta en el asunto, as\u00ed como el Presidente de la Rep\u00fablica, Andr\u00e9s Manuel L\u00f3pez Obrador, pues no dudan que en unos meses m\u00e1s la situaci\u00f3n se vuelva insostenible.<\/p>\n<p><a href=\"https:\/\/www.elsoldesinaloa.com.mx\/incoming\/recortes-austeros-afectan-al-issste-en-mazatlan-3667450.html\">https:\/\/www.elsoldesinaloa.com.mx\/incoming\/recortes-austeros-afectan-al-issste-en-mazatlan-3667450.html<\/a><\/p>\n","protected":false},"excerpt":{"rendered":"<p>Durante la ma\u00f1ana del viernes decenas de trabajadores se manifestaron para exigir se d\u00e9 cobertura a pagos atrasados acumulados desde el 2018 Scarlett Nordahl \/ El Sol de Sinaloa Mazatl\u00e1n,\u00a0Sinaloa.- &hellip; <a href=\"https:\/\/www.grieta.org.mx\/index.php\/2019\/05\/24\/recortes-austeros-afectan-al-issste-en-mazatlan-sinaloa\/\" class=\"more-link\">Leer m\u00e1s<\/a><\/p>\n","protected":false},"author":2,"featured_media":33951,"comment_status":"closed","ping_status":"closed","sticky":false,"template":"","format":"standard","meta":{"ngg_post_thumbnail":0,"_jetpack_newsletter_access":"","_jetpack_dont_email_post_to_subs":false,"_jetpack_newsletter_tier_id":0,"_jetpack_memberships_contains_paywalled_content":false,"_jetpack_memberships_contains_paid_content":false,"footnotes":""},"categories":[80,918,2420,2,30,83],"tags":[2367,2578,2576,530],"class_list":["post-33950","post","type-post","status-publish","format-standard","has-post-thumbnail","hentry","category-cintillo","category-privatizacion-del-sector-salud","category-crisis-del-sector-salud-en-sinaloa","category-noticias-nacionales","category-sinaloa","category-temas-nacionales","tag-crisis-en-el-sector-salud","tag-desmantelamiento-del-sector-salud","tag-reduccion-de-presupuesto-al-sector-salud","tag-trabajadores-de-la-salud","entry"],"jetpack_featured_media_url":"https:\/\/www.grieta.org.mx\/wp-content\/uploads\/2019\/05\/Salud-Sinaloa-2.jpeg","jetpack_sharing_enabled":true,"jetpack_shortlink":"https:\/\/wp.me\/p7ZJR4-8PA","jetpack_likes_enabled":false,"jetpack-related-posts":[{"id":35033,"url":"https:\/\/www.grieta.org.mx\/index.php\/2019\/06\/18\/exigen-a-amlo-no-quitar-hemodialisis-del-imss-sinaloa\/","url_meta":{"origin":33950,"position":0},"title":"Exigen a AMLO no quitar hemodi\u00e1lisis del IMSS (Sinaloa)","author":"grieta","date":"18 junio, 2019","format":false,"excerpt":"Derechohabientes del IMSS se manifiestan en las afueras del instituto para exigir que el presidente de la Rep\u00fablica, Andr\u00e9s Manuel L\u00f3pez Obrador, no les quite el recurso al \u00e1rea de la salud Blanca Regalado \/ El Debate Mazatl\u00e1n, Sinaloa.- Concepci\u00f3n Becerra, llorando le exige al presidente la rep\u00fablica, Andr\u00e9s Manuel\u2026","rel":"","context":"En &quot;CINTILLO&quot;","block_context":{"text":"CINTILLO","link":"https:\/\/www.grieta.org.mx\/index.php\/category\/cintillo\/"},"img":{"alt_text":"","src":"https:\/\/i0.wp.com\/www.grieta.org.mx\/wp-content\/uploads\/2019\/06\/f1d24030-3ef8-49f3-877e-2e0ec974bfe0_crop1560876923444.jpg_1727466156.jpg?resize=350%2C200&ssl=1","width":350,"height":200,"srcset":"https:\/\/i0.wp.com\/www.grieta.org.mx\/wp-content\/uploads\/2019\/06\/f1d24030-3ef8-49f3-877e-2e0ec974bfe0_crop1560876923444.jpg_1727466156.jpg?resize=350%2C200&ssl=1 1x, https:\/\/i0.wp.com\/www.grieta.org.mx\/wp-content\/uploads\/2019\/06\/f1d24030-3ef8-49f3-877e-2e0ec974bfe0_crop1560876923444.jpg_1727466156.jpg?resize=525%2C300&ssl=1 1.5x, https:\/\/i0.wp.com\/www.grieta.org.mx\/wp-content\/uploads\/2019\/06\/f1d24030-3ef8-49f3-877e-2e0ec974bfe0_crop1560876923444.jpg_1727466156.jpg?resize=700%2C400&ssl=1 2x"},"classes":[]},{"id":39081,"url":"https:\/\/www.grieta.org.mx\/index.php\/2019\/09\/11\/personal-del-hospital-de-la-mujer-se-manifiesta-por-falta-de-pago-sinaloa\/","url_meta":{"origin":33950,"position":1},"title":"Personal del Hospital de la Mujer se manifiesta por falta de pago (Sinaloa)","author":"grieta","date":"11 septiembre, 2019","format":false,"excerpt":"Foto: El Debate \u00a0A los trabajadores se les otorg\u00f3 un incremento como compensaci\u00f3n mientras son basificados, pero hasta la fecha el pago nunca les ha llegado en tiempo y forma, por lo que est\u00e1n molestos Yamileth Zamudio Garc\u00eda \/ El Debate Culiac\u00e1n, Sinaloa.-Trabajadores del Hospital de la Mujer se manifestaron\u2026","rel":"","context":"En &quot;CINTILLO&quot;","block_context":{"text":"CINTILLO","link":"https:\/\/www.grieta.org.mx\/index.php\/category\/cintillo\/"},"img":{"alt_text":"","src":"https:\/\/i0.wp.com\/www.grieta.org.mx\/wp-content\/uploads\/2019\/09\/personal_del_hospital_de_la_mujer_se_manifiesta_por_falta_de_pago.jpg_219914347.jpg?resize=350%2C200&ssl=1","width":350,"height":200,"srcset":"https:\/\/i0.wp.com\/www.grieta.org.mx\/wp-content\/uploads\/2019\/09\/personal_del_hospital_de_la_mujer_se_manifiesta_por_falta_de_pago.jpg_219914347.jpg?resize=350%2C200&ssl=1 1x, https:\/\/i0.wp.com\/www.grieta.org.mx\/wp-content\/uploads\/2019\/09\/personal_del_hospital_de_la_mujer_se_manifiesta_por_falta_de_pago.jpg_219914347.jpg?resize=525%2C300&ssl=1 1.5x, https:\/\/i0.wp.com\/www.grieta.org.mx\/wp-content\/uploads\/2019\/09\/personal_del_hospital_de_la_mujer_se_manifiesta_por_falta_de_pago.jpg_219914347.jpg?resize=700%2C400&ssl=1 2x"},"classes":[]},{"id":33966,"url":"https:\/\/www.grieta.org.mx\/index.php\/2019\/03\/15\/se-manifiestan-trabajadores-de-pemex-en-base-topolobampo-sinaloa\/","url_meta":{"origin":33950,"position":2},"title":"Se manifiestan trabajadores de Pemex en base Topolobampo (Sinaloa)","author":"grieta","date":"15 marzo, 2019","format":false,"excerpt":"Trabajan bajo protesta por falta de los servicios m\u00e9dicos; solicitan una soluci\u00f3n inmediata Adrian L\u00f3pez \/ El debate Los Mochis, Sinaloa.- Los trabajadores de Pemex de la base Topolobampo se manifestaron\u00a0de manera pac\u00edfica por la falta de servicios m\u00e9dicos. Los inconformes expusieron que desde hace 15 d\u00edas les suspendieron el\u2026","rel":"","context":"En &quot;CINTILLO&quot;","block_context":{"text":"CINTILLO","link":"https:\/\/www.grieta.org.mx\/index.php\/category\/cintillo\/"},"img":{"alt_text":"","src":"https:\/\/i0.wp.com\/www.grieta.org.mx\/wp-content\/uploads\/2019\/05\/imagen_imagen_protesta_pacifica_de_trabajadores_de_pemex_topolobampo.jpg_219914347.jpg?resize=350%2C200&ssl=1","width":350,"height":200,"srcset":"https:\/\/i0.wp.com\/www.grieta.org.mx\/wp-content\/uploads\/2019\/05\/imagen_imagen_protesta_pacifica_de_trabajadores_de_pemex_topolobampo.jpg_219914347.jpg?resize=350%2C200&ssl=1 1x, https:\/\/i0.wp.com\/www.grieta.org.mx\/wp-content\/uploads\/2019\/05\/imagen_imagen_protesta_pacifica_de_trabajadores_de_pemex_topolobampo.jpg_219914347.jpg?resize=525%2C300&ssl=1 1.5x, https:\/\/i0.wp.com\/www.grieta.org.mx\/wp-content\/uploads\/2019\/05\/imagen_imagen_protesta_pacifica_de_trabajadores_de_pemex_topolobampo.jpg_219914347.jpg?resize=700%2C400&ssl=1 2x"},"classes":[]},{"id":1020,"url":"https:\/\/www.grieta.org.mx\/index.php\/2015\/12\/15\/el-sector-salud-de-sinaloa-escamotea-pagos-a-empleados\/","url_meta":{"origin":33950,"position":3},"title":"El sector salud de Sinaloa escamotea pagos a empleados","author":"grieta","date":"15 diciembre, 2015","format":false,"excerpt":"Javier Vald\u00e9s C\u00e1rdenas, Sinaloa Trabajadores de la Secretar\u00eda de Salud del estado realizaron ayer marchas y plantones en esta capital y en el puerto de Mazatl\u00e1n en protesta porque pretenden pagarles s\u00f3lo 15 d\u00edas de aguinaldo (les corresponden 40) y les escamotean otras prestaciones. Los manifestantes denunciaron que al menos\u2026","rel":"","context":"En &quot;CINTILLO&quot;","block_context":{"text":"CINTILLO","link":"https:\/\/www.grieta.org.mx\/index.php\/category\/cintillo\/"},"img":{"alt_text":"","src":"https:\/\/i0.wp.com\/www.grieta.org.mx\/wp-content\/uploads\/2018\/03\/14524434_1106112876131411_958039263622046936_o.jpg?resize=350%2C200&ssl=1","width":350,"height":200,"srcset":"https:\/\/i0.wp.com\/www.grieta.org.mx\/wp-content\/uploads\/2018\/03\/14524434_1106112876131411_958039263622046936_o.jpg?resize=350%2C200&ssl=1 1x, https:\/\/i0.wp.com\/www.grieta.org.mx\/wp-content\/uploads\/2018\/03\/14524434_1106112876131411_958039263622046936_o.jpg?resize=525%2C300&ssl=1 1.5x, https:\/\/i0.wp.com\/www.grieta.org.mx\/wp-content\/uploads\/2018\/03\/14524434_1106112876131411_958039263622046936_o.jpg?resize=700%2C400&ssl=1 2x"},"classes":[]},{"id":35464,"url":"https:\/\/www.grieta.org.mx\/index.php\/2019\/06\/26\/el-imss-de-mazatlan-se-queda-ahora-sin-rayos-x-sinaloa\/","url_meta":{"origin":33950,"position":4},"title":"El IMSS de Mazatl\u00e1n se queda ahora sin rayos X (Sinaloa)","author":"grieta","date":"26 junio, 2019","format":false,"excerpt":"Foto: El Debate Personas de todas edades, que provienen hasta de zona rural, no pudieron realizarse los estudios Blanca Regalado \/ El Debate Mazatl\u00e1n, Sinaloa.- El equipo de rayos X del Hospital General de Zona (HGZ) 3, del Instituto Mexicano del Seguro Social (IMSS), se descompuso. Esta falla dej\u00f3 a\u2026","rel":"","context":"En &quot;CINTILLO&quot;","block_context":{"text":"CINTILLO","link":"https:\/\/www.grieta.org.mx\/index.php\/category\/cintillo\/"},"img":{"alt_text":"","src":"https:\/\/i0.wp.com\/www.grieta.org.mx\/wp-content\/uploads\/2019\/06\/sala_de_espera_imss_crop1561561952953.jpg_1727466156.jpg?resize=350%2C200&ssl=1","width":350,"height":200,"srcset":"https:\/\/i0.wp.com\/www.grieta.org.mx\/wp-content\/uploads\/2019\/06\/sala_de_espera_imss_crop1561561952953.jpg_1727466156.jpg?resize=350%2C200&ssl=1 1x, https:\/\/i0.wp.com\/www.grieta.org.mx\/wp-content\/uploads\/2019\/06\/sala_de_espera_imss_crop1561561952953.jpg_1727466156.jpg?resize=525%2C300&ssl=1 1.5x, https:\/\/i0.wp.com\/www.grieta.org.mx\/wp-content\/uploads\/2019\/06\/sala_de_espera_imss_crop1561561952953.jpg_1727466156.jpg?resize=700%2C400&ssl=1 2x"},"classes":[]},{"id":33832,"url":"https:\/\/www.grieta.org.mx\/index.php\/2019\/05\/21\/mas-de-cien-trabajadores-del-sector-quedan-fuera-del-aumento-en-sinaloa\/","url_meta":{"origin":33950,"position":5},"title":"M\u00e1s de cien trabajadores del sector quedan fuera del aumento en Sinaloa","author":"grieta","date":"21 mayo, 2019","format":false,"excerpt":"Estefan\u00eda L\u00f3pez Corral \/ El Debate Culiac\u00e1n, Sinaloa.- Poco m\u00e1s de 100 trabajadores del sector de la salud quedaron fuera del incremento salarial pagado el pasado 15 de mayo con la reasignaci\u00f3n de 200 millones de pesos en el Presupuesto de Egresos 2019, por lo que se hicieron presentes en\u2026","rel":"","context":"En &quot;CINTILLO&quot;","block_context":{"text":"CINTILLO","link":"https:\/\/www.grieta.org.mx\/index.php\/category\/cintillo\/"},"img":{"alt_text":"","src":"https:\/\/i0.wp.com\/www.grieta.org.mx\/wp-content\/uploads\/2019\/05\/mxs_de_cien_trabajadores_quedan_fuera_del_aumento_en_sinaloa.jpg_219914347.jpg?resize=350%2C200&ssl=1","width":350,"height":200,"srcset":"https:\/\/i0.wp.com\/www.grieta.org.mx\/wp-content\/uploads\/2019\/05\/mxs_de_cien_trabajadores_quedan_fuera_del_aumento_en_sinaloa.jpg_219914347.jpg?resize=350%2C200&ssl=1 1x, https:\/\/i0.wp.com\/www.grieta.org.mx\/wp-content\/uploads\/2019\/05\/mxs_de_cien_trabajadores_quedan_fuera_del_aumento_en_sinaloa.jpg_219914347.jpg?resize=525%2C300&ssl=1 1.5x, https:\/\/i0.wp.com\/www.grieta.org.mx\/wp-content\/uploads\/2019\/05\/mxs_de_cien_trabajadores_quedan_fuera_del_aumento_en_sinaloa.jpg_219914347.jpg?resize=700%2C400&ssl=1 2x"},"classes":[]}],"_links":{"self":[{"href":"https:\/\/www.grieta.org.mx\/index.php\/wp-json\/wp\/v2\/posts\/33950","targetHints":{"allow":["GET"]}}],"collection":[{"href":"https:\/\/www.grieta.org.mx\/index.php\/wp-json\/wp\/v2\/posts"}],"about":[{"href":"https:\/\/www.grieta.org.mx\/index.php\/wp-json\/wp\/v2\/types\/post"}],"author":[{"embeddable":true,"href":"https:\/\/www.grieta.org.mx\/index.php\/wp-json\/wp\/v2\/users\/2"}],"replies":[{"embeddable":true,"href":"https:\/\/www.grieta.org.mx\/index.php\/wp-json\/wp\/v2\/comments?post=33950"}],"version-history":[{"count":1,"href":"https:\/\/www.grieta.org.mx\/index.php\/wp-json\/wp\/v2\/posts\/33950\/revisions"}],"predecessor-version":[{"id":33952,"href":"https:\/\/www.grieta.org.mx\/index.php\/wp-json\/wp\/v2\/posts\/33950\/revisions\/33952"}],"wp:featuredmedia":[{"embeddable":true,"href":"https:\/\/www.grieta.org.mx\/index.php\/wp-json\/wp\/v2\/media\/33951"}],"wp:attachment":[{"href":"https:\/\/www.grieta.org.mx\/index.php\/wp-json\/wp\/v2\/media?parent=33950"}],"wp:term":[{"taxonomy":"category","embeddable":true,"href":"https:\/\/www.grieta.org.mx\/index.php\/wp-json\/wp\/v2\/categories?post=33950"},{"taxonomy":"post_tag","embeddable":true,"href":"https:\/\/www.grieta.org.mx\/index.php\/wp-json\/wp\/v2\/tags?post=33950"}],"curies":[{"name":"wp","href":"https:\/\/api.w.org\/{rel}","templated":true}]}}