{"id":33947,"date":"2019-04-04T13:49:38","date_gmt":"2019-04-04T19:49:38","guid":{"rendered":"http:\/\/www.grieta.org.mx\/?p=33947"},"modified":"2019-05-28T13:55:26","modified_gmt":"2019-05-28T18:55:26","slug":"el-40-del-ano-el-corredor-industrial-rebasa-limites-de-contaminantes-atmosfericos-guanajuato","status":"publish","type":"post","link":"https:\/\/www.grieta.org.mx\/index.php\/2019\/04\/04\/el-40-del-ano-el-corredor-industrial-rebasa-limites-de-contaminantes-atmosfericos-guanajuato\/","title":{"rendered":"El 40% del a\u00f1o el corredor industrial rebasa l\u00edmites de contaminantes atmosf\u00e9ricos (Guanajuato)"},"content":{"rendered":"<p><img loading=\"lazy\" decoding=\"async\" data-attachment-id=\"33948\" data-permalink=\"https:\/\/www.grieta.org.mx\/index.php\/2019\/04\/04\/el-40-del-ano-el-corredor-industrial-rebasa-limites-de-contaminantes-atmosfericos-guanajuato\/contaminacion-leon-dic-2018\/\" data-orig-file=\"https:\/\/www.grieta.org.mx\/wp-content\/uploads\/2019\/05\/contaminacion-leon-dic-2018.jpg\" data-orig-size=\"700,350\" data-comments-opened=\"0\" data-image-meta=\"{&quot;aperture&quot;:&quot;0&quot;,&quot;credit&quot;:&quot;&quot;,&quot;camera&quot;:&quot;&quot;,&quot;caption&quot;:&quot;&quot;,&quot;created_timestamp&quot;:&quot;0&quot;,&quot;copyright&quot;:&quot;&quot;,&quot;focal_length&quot;:&quot;0&quot;,&quot;iso&quot;:&quot;0&quot;,&quot;shutter_speed&quot;:&quot;0&quot;,&quot;title&quot;:&quot;&quot;,&quot;orientation&quot;:&quot;0&quot;}\" data-image-title=\"contaminacion-leon-dic-2018\" data-image-description=\"\" data-image-caption=\"\" data-medium-file=\"https:\/\/www.grieta.org.mx\/wp-content\/uploads\/2019\/05\/contaminacion-leon-dic-2018-300x150.jpg\" data-large-file=\"https:\/\/www.grieta.org.mx\/wp-content\/uploads\/2019\/05\/contaminacion-leon-dic-2018.jpg\" src=\"http:\/\/www.grieta.org.mx\/wp-content\/uploads\/2019\/05\/contaminacion-leon-dic-2018.jpg\" alt=\"\" width=\"700\" height=\"350\" class=\"alignleft size-full wp-image-33948\" srcset=\"https:\/\/www.grieta.org.mx\/wp-content\/uploads\/2019\/05\/contaminacion-leon-dic-2018.jpg 700w, https:\/\/www.grieta.org.mx\/wp-content\/uploads\/2019\/05\/contaminacion-leon-dic-2018-300x150.jpg 300w\" sizes=\"auto, (max-width: 700px) 100vw, 700px\" \/><\/p>\n<blockquote><p>En las ciudades del corredor industrial se muestra un alza en los contaminantes<\/p><\/blockquote>\n<p>Fernando Vel\u00e1zquez, Noticieros en L\u00ednea, 04 de abril de 2019<\/p>\n<p>Todos los municipios del corredor industrial de Guanajuato rebasaron los l\u00edmites de part\u00edculas contaminantes establecidos por normas oficiales mexicanas, y el problema no marca una tendencia a la baja, sino al contrario, crece anualmente.<\/p>\n<p>As\u00ed lo refleja el \u00faltimo Informe Nacional de Calidad del Aire, correspondiente al 2017, elaborado por el Instituto Nacional de Ecolog\u00eda y Cambio Clim\u00e1tico, y la Semarnat.<\/p>\n<p>De acuerdo con dicho estudio, en el 2017 en Le\u00f3n, en 173 de los 365 d\u00edas (47% del a\u00f1o) se super\u00f3 el n\u00famero de part\u00edculas PM10 permitidas por la Norma Oficial Mexicana, que es de 75 microgramos por metro c\u00fabico.<\/p>\n<p>En el caso de Celaya, en el 54% del a\u00f1o se super\u00f3 la citada norma, mientras que en Irapuato ocurri\u00f3 en el 46% de los d\u00edas y en Salamanca en el 30%.<\/p>\n<p>Adem\u00e1s, en el informe se subraya que del 2015 a 2017 en Celaya, Irapuato, Le\u00f3n y Silao se registra una tendencia al alza en este indicador. En d\u00edas por a\u00f1o con concentraciones superiores al l\u00edmite normado se pas\u00f3, en dicho periodo, de 36 al 47% en el caso de Celaya; del 44 al 47% en Le\u00f3n; del 10 al 46 por ciento en Irapuato, y del 3 al 32 por ciento en Silao.<\/p>\n<p>En tanto, los l\u00edmites normados de mon\u00f3xido de carbono, di\u00f3xido de nitr\u00f3geno y di\u00f3xido de azufre se cumplieron en todas las estaciones de monitoreo.<\/p>\n<p>Cabe mencionar que el sistema de monitoreo de la calidad del aire de Guanajuato, a cargo del Instituto de Ecolog\u00eda del Estado, en el 2017 estuvo integrado por un total de 26 estaciones de monitoreo, distribuidas en las redes de monitoreo de Celaya, Irapuato, Le\u00f3n y Salamanca, as\u00ed como por las estaciones de monitoreo ubicadas en otros 14 municipios. <\/p>\n<p><a href=\"https:\/\/noticierosenlinea.com\/corredor-industrial-contaminado\/\">https:\/\/noticierosenlinea.com\/corredor-industrial-contaminado\/<\/a><\/p>\n","protected":false},"excerpt":{"rendered":"<p>En las ciudades del corredor industrial se muestra un alza en los contaminantes Fernando Vel\u00e1zquez, Noticieros en L\u00ednea, 04 de abril de 2019 Todos los municipios del corredor industrial de &hellip; <a href=\"https:\/\/www.grieta.org.mx\/index.php\/2019\/04\/04\/el-40-del-ano-el-corredor-industrial-rebasa-limites-de-contaminantes-atmosfericos-guanajuato\/\" class=\"more-link\">Leer m\u00e1s<\/a><\/p>\n","protected":false},"author":2,"featured_media":33948,"comment_status":"closed","ping_status":"closed","sticky":false,"template":"","format":"standard","meta":{"ngg_post_thumbnail":0,"_jetpack_newsletter_access":"","_jetpack_dont_email_post_to_subs":false,"_jetpack_newsletter_tier_id":0,"_jetpack_memberships_contains_paywalled_content":false,"_jetpack_memberships_contains_paid_content":false,"footnotes":""},"categories":[80,1066,17],"tags":[91,2562],"class_list":["post-33947","post","type-post","status-publish","format-standard","has-post-thumbnail","hentry","category-cintillo","category-contaminacion-ambiental-en-guanajuato","category-guanajuato","tag-contaminacion-ambiental","tag-destruccion-ambiental","entry"],"jetpack_featured_media_url":"https:\/\/www.grieta.org.mx\/wp-content\/uploads\/2019\/05\/contaminacion-leon-dic-2018.jpg","jetpack_sharing_enabled":true,"jetpack_shortlink":"https:\/\/wp.me\/p7ZJR4-8Px","jetpack_likes_enabled":false,"jetpack-related-posts":[{"id":43071,"url":"https:\/\/www.grieta.org.mx\/index.php\/2020\/01\/10\/se-asfixia-celaya-por-altos-niveles-de-contaminacion-guanajuato\/","url_meta":{"origin":33947,"position":0},"title":"Se &#8216;asfixia&#8217; Celaya por altos niveles de contaminaci\u00f3n (Guanajuato)","author":"grieta","date":"10 enero, 2020","format":false,"excerpt":"Amanece Celaya en sem\u00e1foro rojo, podr\u00edan declarar precontingencia ambiental en el transcurso del d\u00eda. Por: Jos\u00e9 Trinidad M\u00e9ndez Valadez \/ AM Le\u00f3n Guanajuato, 10 de enero de 2020 Le\u00f3n, Guanajuato.- El Sistema Estatal de Informaci\u00f3n de Calidad del Aire (Seica) informa que Celaya amanece en sem\u00e1foro en rojo, por altos\u2026","rel":"","context":"En &quot;CINTILLO&quot;","block_context":{"text":"CINTILLO","link":"https:\/\/www.grieta.org.mx\/index.php\/category\/cintillo\/"},"img":{"alt_text":"","src":"https:\/\/i0.wp.com\/www.grieta.org.mx\/wp-content\/uploads\/2018\/03\/14524434_1106112876131411_958039263622046936_o.jpg?resize=350%2C200&ssl=1","width":350,"height":200,"srcset":"https:\/\/i0.wp.com\/www.grieta.org.mx\/wp-content\/uploads\/2018\/03\/14524434_1106112876131411_958039263622046936_o.jpg?resize=350%2C200&ssl=1 1x, https:\/\/i0.wp.com\/www.grieta.org.mx\/wp-content\/uploads\/2018\/03\/14524434_1106112876131411_958039263622046936_o.jpg?resize=525%2C300&ssl=1 1.5x, https:\/\/i0.wp.com\/www.grieta.org.mx\/wp-content\/uploads\/2018\/03\/14524434_1106112876131411_958039263622046936_o.jpg?resize=700%2C400&ssl=1 2x"},"classes":[]},{"id":24465,"url":"https:\/\/www.grieta.org.mx\/index.php\/2018\/04\/17\/silao-es-la-sexta-ciudad-con-mas-contaminacion-en-mexico-guanajuato\/","url_meta":{"origin":33947,"position":1},"title":"Silao es la sexta ciudad con m\u00e1s contaminaci\u00f3n en M\u00e9xico (Guanajuato)","author":"grieta","date":"17 abril, 2018","format":false,"excerpt":"Alrededor de 600 ladrilleras arrojan grandes vol\u00famenes de gases t\u00f3xicos. No obstante, est\u00e1n dispuestos a trabajar con las autoridades para revertir el problema. Milenio Digital Guanajuato \/ 17.04.2018 04:28:51 Las columnas negras de humo se alzan d\u00eda y noche sobre el cielo de por s\u00ed ya gris de Silao, Guanajuato.\u2026","rel":"","context":"En &quot;CINTILLO&quot;","block_context":{"text":"CINTILLO","link":"https:\/\/www.grieta.org.mx\/index.php\/category\/cintillo\/"},"img":{"alt_text":"","src":"https:\/\/i0.wp.com\/www.grieta.org.mx\/wp-content\/uploads\/2018\/03\/14524434_1106112876131411_958039263622046936_o.jpg?resize=350%2C200&ssl=1","width":350,"height":200,"srcset":"https:\/\/i0.wp.com\/www.grieta.org.mx\/wp-content\/uploads\/2018\/03\/14524434_1106112876131411_958039263622046936_o.jpg?resize=350%2C200&ssl=1 1x, https:\/\/i0.wp.com\/www.grieta.org.mx\/wp-content\/uploads\/2018\/03\/14524434_1106112876131411_958039263622046936_o.jpg?resize=525%2C300&ssl=1 1.5x, https:\/\/i0.wp.com\/www.grieta.org.mx\/wp-content\/uploads\/2018\/03\/14524434_1106112876131411_958039263622046936_o.jpg?resize=700%2C400&ssl=1 2x"},"classes":[]},{"id":25950,"url":"https:\/\/www.grieta.org.mx\/index.php\/2018\/04\/17\/silao-es-la-sexta-ciudad-con-mas-contaminacion-en-mexico-guanajuato-2\/","url_meta":{"origin":33947,"position":2},"title":"Silao es la sexta ciudad con m\u00e1s contaminaci\u00f3n en M\u00e9xico (Guanajuato","author":"grieta","date":"17 abril, 2018","format":false,"excerpt":"Alrededor de 600 ladrilleras arrojan grandes vol\u00famenes de gases t\u00f3xicos. No obstante, est\u00e1n dispuestos a trabajar con las autoridades para revertir el problema. Milenio Digital Guanajuato \/ 17.04.2018 04:28:51 Las columnas negras de humo se alzan d\u00eda y noche sobre el cielo de por s\u00ed ya gris de Silao, Guanajuato.\u2026","rel":"","context":"En &quot;CINTILLO&quot;","block_context":{"text":"CINTILLO","link":"https:\/\/www.grieta.org.mx\/index.php\/category\/cintillo\/"},"img":{"alt_text":"","src":"https:\/\/i0.wp.com\/www.grieta.org.mx\/wp-content\/uploads\/2018\/03\/14524434_1106112876131411_958039263622046936_o.jpg?resize=350%2C200&ssl=1","width":350,"height":200,"srcset":"https:\/\/i0.wp.com\/www.grieta.org.mx\/wp-content\/uploads\/2018\/03\/14524434_1106112876131411_958039263622046936_o.jpg?resize=350%2C200&ssl=1 1x, https:\/\/i0.wp.com\/www.grieta.org.mx\/wp-content\/uploads\/2018\/03\/14524434_1106112876131411_958039263622046936_o.jpg?resize=525%2C300&ssl=1 1.5x, https:\/\/i0.wp.com\/www.grieta.org.mx\/wp-content\/uploads\/2018\/03\/14524434_1106112876131411_958039263622046936_o.jpg?resize=700%2C400&ssl=1 2x"},"classes":[]},{"id":23630,"url":"https:\/\/www.grieta.org.mx\/index.php\/2018\/03\/20\/derraman-aguas-negras-en-vialidades-del-guanajuato-puerto-interior\/","url_meta":{"origin":33947,"position":3},"title":"Derraman aguas negras en vialidades del Guanajuato Puerto Interior","author":"grieta","date":"20 marzo, 2018","format":false,"excerpt":"Empleados de varias empresas sufren por la contaminaci\u00f3n Cruz S\u00e1nchez \/Peri\u00f3dico Correo Silao.- La falta de mantenimiento desborda las aguas negras de la planta de tratamiento de aguas residuales ubicada dentro de las instalaciones de Guanajuato Puerto Interior, generando un grave foco de contaminaci\u00f3n. Ya comienza el calor y aumentan\u2026","rel":"","context":"En &quot;CINTILLO&quot;","block_context":{"text":"CINTILLO","link":"https:\/\/www.grieta.org.mx\/index.php\/category\/cintillo\/"},"img":{"alt_text":"","src":"https:\/\/i0.wp.com\/www.grieta.org.mx\/wp-content\/uploads\/2018\/06\/LR190701b.jpg?resize=350%2C200&ssl=1","width":350,"height":200,"srcset":"https:\/\/i0.wp.com\/www.grieta.org.mx\/wp-content\/uploads\/2018\/06\/LR190701b.jpg?resize=350%2C200&ssl=1 1x, https:\/\/i0.wp.com\/www.grieta.org.mx\/wp-content\/uploads\/2018\/06\/LR190701b.jpg?resize=525%2C300&ssl=1 1.5x, https:\/\/i0.wp.com\/www.grieta.org.mx\/wp-content\/uploads\/2018\/06\/LR190701b.jpg?resize=700%2C400&ssl=1 2x"},"classes":[]},{"id":20814,"url":"https:\/\/www.grieta.org.mx\/index.php\/2016\/09\/03\/contaminacion-ambiental-en-guanajuato\/","url_meta":{"origin":33947,"position":4},"title":"Contaminaci\u00f3n ambiental en Guanajuato","author":"grieta","date":"3 septiembre, 2016","format":false,"excerpt":"03\/09\/16. Envenenan Salamanca Peri\u00f3dico am","rel":"","context":"En &quot;CINTILLO&quot;","block_context":{"text":"CINTILLO","link":"https:\/\/www.grieta.org.mx\/index.php\/category\/cintillo\/"},"img":{"alt_text":"","src":"https:\/\/i0.wp.com\/www.grieta.org.mx\/wp-content\/uploads\/2018\/03\/14524434_1106112876131411_958039263622046936_o.jpg?resize=350%2C200&ssl=1","width":350,"height":200,"srcset":"https:\/\/i0.wp.com\/www.grieta.org.mx\/wp-content\/uploads\/2018\/03\/14524434_1106112876131411_958039263622046936_o.jpg?resize=350%2C200&ssl=1 1x, https:\/\/i0.wp.com\/www.grieta.org.mx\/wp-content\/uploads\/2018\/03\/14524434_1106112876131411_958039263622046936_o.jpg?resize=525%2C300&ssl=1 1.5x, https:\/\/i0.wp.com\/www.grieta.org.mx\/wp-content\/uploads\/2018\/03\/14524434_1106112876131411_958039263622046936_o.jpg?resize=700%2C400&ssl=1 2x"},"classes":[]},{"id":40562,"url":"https:\/\/www.grieta.org.mx\/index.php\/2019\/10\/19\/san-luis-potosi-una-ciudad-mas-contaminada-que-la-cdmx\/","url_meta":{"origin":33947,"position":5},"title":"San Luis Potos\u00ed, una ciudad m\u00e1s contaminada que la CDMX","author":"grieta","date":"19 octubre, 2019","format":false,"excerpt":"El 84 por ciento de las crisis de contaminaci\u00f3n en San Luis Potos\u00ed provienen de la Zona Industrial, de acuerdo con un investigador de la UASLP Roberto Rocha\/La Orquesta 19 octubre En San Luis Potos\u00ed, el 84 por ciento de los episodios de altos niveles de contaminaci\u00f3n provienen de la\u2026","rel":"","context":"En &quot;CINTILLO&quot;","block_context":{"text":"CINTILLO","link":"https:\/\/www.grieta.org.mx\/index.php\/category\/cintillo\/"},"img":{"alt_text":"","src":"https:\/\/i0.wp.com\/www.grieta.org.mx\/wp-content\/uploads\/2019\/10\/WhatsApp-Image-2018-03-01-at-1.50.33-PM.jpeg?resize=350%2C200&ssl=1","width":350,"height":200,"srcset":"https:\/\/i0.wp.com\/www.grieta.org.mx\/wp-content\/uploads\/2019\/10\/WhatsApp-Image-2018-03-01-at-1.50.33-PM.jpeg?resize=350%2C200&ssl=1 1x, https:\/\/i0.wp.com\/www.grieta.org.mx\/wp-content\/uploads\/2019\/10\/WhatsApp-Image-2018-03-01-at-1.50.33-PM.jpeg?resize=525%2C300&ssl=1 1.5x, https:\/\/i0.wp.com\/www.grieta.org.mx\/wp-content\/uploads\/2019\/10\/WhatsApp-Image-2018-03-01-at-1.50.33-PM.jpeg?resize=700%2C400&ssl=1 2x"},"classes":[]}],"_links":{"self":[{"href":"https:\/\/www.grieta.org.mx\/index.php\/wp-json\/wp\/v2\/posts\/33947","targetHints":{"allow":["GET"]}}],"collection":[{"href":"https:\/\/www.grieta.org.mx\/index.php\/wp-json\/wp\/v2\/posts"}],"about":[{"href":"https:\/\/www.grieta.org.mx\/index.php\/wp-json\/wp\/v2\/types\/post"}],"author":[{"embeddable":true,"href":"https:\/\/www.grieta.org.mx\/index.php\/wp-json\/wp\/v2\/users\/2"}],"replies":[{"embeddable":true,"href":"https:\/\/www.grieta.org.mx\/index.php\/wp-json\/wp\/v2\/comments?post=33947"}],"version-history":[{"count":1,"href":"https:\/\/www.grieta.org.mx\/index.php\/wp-json\/wp\/v2\/posts\/33947\/revisions"}],"predecessor-version":[{"id":33949,"href":"https:\/\/www.grieta.org.mx\/index.php\/wp-json\/wp\/v2\/posts\/33947\/revisions\/33949"}],"wp:featuredmedia":[{"embeddable":true,"href":"https:\/\/www.grieta.org.mx\/index.php\/wp-json\/wp\/v2\/media\/33948"}],"wp:attachment":[{"href":"https:\/\/www.grieta.org.mx\/index.php\/wp-json\/wp\/v2\/media?parent=33947"}],"wp:term":[{"taxonomy":"category","embeddable":true,"href":"https:\/\/www.grieta.org.mx\/index.php\/wp-json\/wp\/v2\/categories?post=33947"},{"taxonomy":"post_tag","embeddable":true,"href":"https:\/\/www.grieta.org.mx\/index.php\/wp-json\/wp\/v2\/tags?post=33947"}],"curies":[{"name":"wp","href":"https:\/\/api.w.org\/{rel}","templated":true}]}}