{"id":33925,"date":"2019-05-27T23:19:05","date_gmt":"2019-05-28T04:19:05","guid":{"rendered":"http:\/\/www.grieta.org.mx\/?p=33925"},"modified":"2019-05-27T23:19:05","modified_gmt":"2019-05-28T04:19:05","slug":"castiga-otra-vez-falta-de-agua-a-ejidos-de-doctor-arroyo-nuevo-leon","status":"publish","type":"post","link":"https:\/\/www.grieta.org.mx\/index.php\/2019\/05\/27\/castiga-otra-vez-falta-de-agua-a-ejidos-de-doctor-arroyo-nuevo-leon\/","title":{"rendered":"Castiga, otra vez, falta de agua a ejidos de Doctor Arroyo (Nuevo Le\u00f3n)"},"content":{"rendered":"<p><img loading=\"lazy\" decoding=\"async\" data-attachment-id=\"33926\" data-permalink=\"https:\/\/www.grieta.org.mx\/index.php\/2019\/05\/27\/castiga-otra-vez-falta-de-agua-a-ejidos-de-doctor-arroyo-nuevo-leon\/castiga-otra-vez-falta-de-agua-a-ejidos-de-doctor-arroyo-nl-may\/\" data-orig-file=\"https:\/\/www.grieta.org.mx\/wp-content\/uploads\/2019\/05\/Castiga-otra-vez-falta-de-agua-a-ejidos-de-Doctor-Arroyo-nl-may.jpg\" data-orig-size=\"259,194\" data-comments-opened=\"0\" data-image-meta=\"{&quot;aperture&quot;:&quot;0&quot;,&quot;credit&quot;:&quot;&quot;,&quot;camera&quot;:&quot;&quot;,&quot;caption&quot;:&quot;&quot;,&quot;created_timestamp&quot;:&quot;0&quot;,&quot;copyright&quot;:&quot;&quot;,&quot;focal_length&quot;:&quot;0&quot;,&quot;iso&quot;:&quot;0&quot;,&quot;shutter_speed&quot;:&quot;0&quot;,&quot;title&quot;:&quot;&quot;,&quot;orientation&quot;:&quot;0&quot;}\" data-image-title=\"Castiga, otra vez, falta de agua a ejidos de Doctor Arroyo nl may\" data-image-description=\"\" data-image-caption=\"\" data-medium-file=\"https:\/\/www.grieta.org.mx\/wp-content\/uploads\/2019\/05\/Castiga-otra-vez-falta-de-agua-a-ejidos-de-Doctor-Arroyo-nl-may.jpg\" data-large-file=\"https:\/\/www.grieta.org.mx\/wp-content\/uploads\/2019\/05\/Castiga-otra-vez-falta-de-agua-a-ejidos-de-Doctor-Arroyo-nl-may.jpg\" class=\"alignleft  wp-image-33926\" src=\"http:\/\/www.grieta.org.mx\/wp-content\/uploads\/2019\/05\/Castiga-otra-vez-falta-de-agua-a-ejidos-de-Doctor-Arroyo-nl-may.jpg\" alt=\"\" width=\"445\" height=\"333\" \/><br \/>\nDavid Torres \/ Info7<\/p>\n<blockquote><p>En los dep\u00f3sitos artificiales queda poca agua para el consumo humano, pero para lo que no queda ni una gota es para los animales por lo cual es com\u00fan ver reses esquel\u00e9ticas<\/p><\/blockquote>\n<p>La escasez de lluvias y el desprecio de las autoridades se han ensa\u00f1ado con las familias de ejidos de Doctor Arroyo donde abundan historias dram\u00e1ticas por este motivo.<\/p>\n<p>\u00bfPor qu\u00e9 andan batallando con las vaquitas?, se le pregunt\u00f3 a Mar\u00eda de la Paz, habitante de La Boquilla.<\/p>\n<p>&#8220;Pues porque no hay agua y tienen que andarles echando de comer, chamuscarles. Donde quiera se est\u00e1 acabando el agua, en el Pach\u00f3n, en Le\u00f3n&#8221;, coment\u00f3.<\/p>\n<p>Desde hace unos tres meses, F\u00e9lix Coronado, habitante de El Tajo, barbech\u00f3 su labor, es decir, prepar\u00f3 su tierra para sembrar ma\u00edz, frijol y calabazas, pero no lo ha hecho porque desde octubre pasado no llueve y no tiene agua para regar su parcela.<\/p>\n<p>&#8220;Normalmente, siembro ma\u00edz, calabaza, frijol, pero ahorita no. \u00bfPor qu\u00e9 ahorita no? Pues no ha llovido, no ha querido caer nada de agua&#8221;, indic\u00f3.<\/p>\n<p>Este agricultor de 26 a\u00f1os, padre de Angelito, de cinco, se las arregla como puede para sobrevivir, pero la que de plano ya ve mucho futuro es su vaca porque la falta de agua la enferm\u00f3 y ahora pasea esquel\u00e9tica junto con su becerro.<\/p>\n<p>&#8220;No aqu\u00ed no, f\u00e1bricas, ni nada de eso hay&#8221;, indica.<\/p>\n<p>Y as\u00ed como los de El Tajo, est\u00e1n las 25 familias de La Boquilla, donde ya ven que pronto se les acabar\u00e1 el agua que hay en el tinaco comunitario el cual se rellena con lluvia.<\/p>\n<p>&#8220;No, nos han tra\u00eddo nada, ni una despensa ni nada. \u00bfPipas han venido del municipio o del Estado? Nada, no le digo, a nosotros con ninguna nos han dado&#8221;, expres\u00f3.<\/p>\n<p>Ni de chiste tiene agua entubada por eso no les emociona que Agua y Drenaje supuestamente vaya a perforar pozos en la zona.<\/p>\n<p>El a\u00f1o pasado les construyeron una represa, pero de poco ha servido.<\/p>\n<p>En enero del 2018, INFO7 ya hab\u00eda dado a conocer el caso de estos ejidos que est\u00e1n a 347 kil\u00f3metros de Monterrey y a la altura del kil\u00f3metro 90 de la Carretera 57 Saltillo-Matehuala.<\/p>\n<p>Para llegar, hay que recorrer 15 kil\u00f3metros de terracer\u00eda por eso ah\u00ed nunca han ido el alcalde ni el gobernador.<\/p>\n<p><a href=\"http:\/\/www.info7.mx\/locales\/castiga-otra-vez-falta-de-agua-a-ejidos-de-doctor-arroyo\/v-2535045\" target=\"_blank\" rel=\"noopener noreferrer\">http:\/\/www.info7.mx\/locales\/castiga-otra-vez-falta-de-agua-a-ejidos-de-doctor-arroyo\/v-2535045<\/a><\/p>\n","protected":false},"excerpt":{"rendered":"<p>David Torres \/ Info7 En los dep\u00f3sitos artificiales queda poca agua para el consumo humano, pero para lo que no queda ni una gota es para los animales por lo &hellip; <a href=\"https:\/\/www.grieta.org.mx\/index.php\/2019\/05\/27\/castiga-otra-vez-falta-de-agua-a-ejidos-de-doctor-arroyo-nuevo-leon\/\" class=\"more-link\">Leer m\u00e1s<\/a><\/p>\n","protected":false},"author":2,"featured_media":33926,"comment_status":"closed","ping_status":"closed","sticky":false,"template":"","format":"standard","meta":{"ngg_post_thumbnail":0,"_jetpack_newsletter_access":"","_jetpack_dont_email_post_to_subs":false,"_jetpack_newsletter_tier_id":0,"_jetpack_memberships_contains_paywalled_content":false,"_jetpack_memberships_contains_paid_content":false,"footnotes":""},"categories":[80,2583,2,24],"tags":[2403,1558],"class_list":["post-33925","post","type-post","status-publish","format-standard","has-post-thumbnail","hentry","category-cintillo","category-desabasto-de-agua-en-nuevo-leon","category-noticias-nacionales","category-nuevo-leon","tag-crisis-del-agua","tag-desabasto-de-agua","entry"],"jetpack_featured_media_url":"https:\/\/www.grieta.org.mx\/wp-content\/uploads\/2019\/05\/Castiga-otra-vez-falta-de-agua-a-ejidos-de-Doctor-Arroyo-nl-may.jpg","jetpack_sharing_enabled":true,"jetpack_shortlink":"https:\/\/wp.me\/p7ZJR4-8Pb","jetpack_likes_enabled":false,"jetpack-related-posts":[{"id":33928,"url":"https:\/\/www.grieta.org.mx\/index.php\/2019\/05\/23\/el-sur-de-nuevo-leon-otra-vez-esta-sediento\/","url_meta":{"origin":33925,"position":0},"title":"El sur de Nuevo Le\u00f3n otra vez est\u00e1 sediento","author":"grieta","date":"23 mayo, 2019","format":false,"excerpt":"David Torres \/ Info7 Decenas de comunidades de cuatro municipios no tienen agua ni para beber porque no ha llovido, pero tambi\u00e9n porque no funciona la infraestructura de Agua y Drenje, adem\u00e1s que no se han perforado nuevos pozos Desde hace 8 meses no ha llovido por eso unas 80\u2026","rel":"","context":"En &quot;CINTILLO&quot;","block_context":{"text":"CINTILLO","link":"https:\/\/www.grieta.org.mx\/index.php\/category\/cintillo\/"},"img":{"alt_text":"","src":"https:\/\/i0.wp.com\/www.grieta.org.mx\/wp-content\/uploads\/2019\/05\/El-sur-de-Nuevo-Le%C3%B3n-otra-vez-est%C3%A1-sediento-nl-may.jpg?resize=350%2C200","width":350,"height":200,"srcset":"https:\/\/i0.wp.com\/www.grieta.org.mx\/wp-content\/uploads\/2019\/05\/El-sur-de-Nuevo-Le%C3%B3n-otra-vez-est%C3%A1-sediento-nl-may.jpg?resize=350%2C200 1x, https:\/\/i0.wp.com\/www.grieta.org.mx\/wp-content\/uploads\/2019\/05\/El-sur-de-Nuevo-Le%C3%B3n-otra-vez-est%C3%A1-sediento-nl-may.jpg?resize=525%2C300 1.5x"},"classes":[]},{"id":64813,"url":"https:\/\/www.grieta.org.mx\/index.php\/2022\/08\/07\/ciudadanos-clausuran-simbolicamente-oficinas-de-coca-cola-en-nuevo-leon\/","url_meta":{"origin":33925,"position":1},"title":"Ciudadanos clausuran simb\u00f3licamente oficinas de Coca-Cola en Nuevo Le\u00f3n","author":"grieta","date":"7 agosto, 2022","format":false,"excerpt":"Este viernes 5 de Agosto de 2022, integrantes del Frente de Organizaciones en Defensa del Agua de Nuevo Le\u00f3n, integrantes de la Juventud Comunista Nuevo Le\u00f3n y ciudadanos, clausuraron simb\u00f3licamente la empresa Coca-Cola, en el estado de Nuevo Le\u00f3n. Somoselmedio\/ Fotograf\u00edas: Andrea Rivera Al grito de\u00a0\u00a1No es sequ\u00eda, es saque\u00f3!\u00a0los\u2026","rel":"","context":"En &quot;CINTILLO&quot;","block_context":{"text":"CINTILLO","link":"https:\/\/www.grieta.org.mx\/index.php\/category\/cintillo\/"},"img":{"alt_text":"","src":"https:\/\/i0.wp.com\/www.grieta.org.mx\/wp-content\/uploads\/2022\/08\/Coca-cola-3-1024x768-1.jpg?resize=350%2C200&ssl=1","width":350,"height":200,"srcset":"https:\/\/i0.wp.com\/www.grieta.org.mx\/wp-content\/uploads\/2022\/08\/Coca-cola-3-1024x768-1.jpg?resize=350%2C200&ssl=1 1x, https:\/\/i0.wp.com\/www.grieta.org.mx\/wp-content\/uploads\/2022\/08\/Coca-cola-3-1024x768-1.jpg?resize=525%2C300&ssl=1 1.5x, https:\/\/i0.wp.com\/www.grieta.org.mx\/wp-content\/uploads\/2022\/08\/Coca-cola-3-1024x768-1.jpg?resize=700%2C400&ssl=1 2x"},"classes":[]},{"id":24754,"url":"https:\/\/www.grieta.org.mx\/index.php\/2018\/07\/17\/hay-105-pueblos-en-cadereyta-con-riesgo-de-fracking-nuevo-leon\/","url_meta":{"origin":33925,"position":2},"title":"Hay 105 pueblos en Cadereyta con riesgo de fracking (Nuevo Le\u00f3n)","author":"grieta","date":"17 julio, 2018","format":false,"excerpt":"Los 105 pueblos, se encuentran dentro del padr\u00f3n de la Comisi\u00f3n Nacional de Hidrocarburos. (Foto: Ra\u00fal Palacios) Victoria F\u00e9lix \/ Milenio Alrededor de 30 vecinos se reunieron para analizar estrategias legales de prevenci\u00f3n hacia la t\u00e9cnica de fractura hidra\u00falica. Debido a que existen 105 comunidades en Cadereyta susceptibles a la\u2026","rel":"","context":"En &quot;CINTILLO&quot;","block_context":{"text":"CINTILLO","link":"https:\/\/www.grieta.org.mx\/index.php\/category\/cintillo\/"},"img":{"alt_text":"","src":"https:\/\/i0.wp.com\/www.grieta.org.mx\/wp-content\/uploads\/2018\/07\/Hay-105-pueblos-en-Cadereyta-con-riesgo-de-fracking-Nuevo-Leon.jpg?resize=350%2C200&ssl=1","width":350,"height":200,"srcset":"https:\/\/i0.wp.com\/www.grieta.org.mx\/wp-content\/uploads\/2018\/07\/Hay-105-pueblos-en-Cadereyta-con-riesgo-de-fracking-Nuevo-Leon.jpg?resize=350%2C200&ssl=1 1x, https:\/\/i0.wp.com\/www.grieta.org.mx\/wp-content\/uploads\/2018\/07\/Hay-105-pueblos-en-Cadereyta-con-riesgo-de-fracking-Nuevo-Leon.jpg?resize=525%2C300&ssl=1 1.5x, https:\/\/i0.wp.com\/www.grieta.org.mx\/wp-content\/uploads\/2018\/07\/Hay-105-pueblos-en-Cadereyta-con-riesgo-de-fracking-Nuevo-Leon.jpg?resize=700%2C400&ssl=1 2x, https:\/\/i0.wp.com\/www.grieta.org.mx\/wp-content\/uploads\/2018\/07\/Hay-105-pueblos-en-Cadereyta-con-riesgo-de-fracking-Nuevo-Leon.jpg?resize=1050%2C600&ssl=1 3x"},"classes":[]},{"id":46119,"url":"https:\/\/www.grieta.org.mx\/index.php\/2020\/03\/10\/rosamorada-sin-agua-nayarit\/","url_meta":{"origin":33925,"position":3},"title":"Rosamorada sin agua (Nayarit)","author":"grieta","date":"10 marzo, 2020","format":false,"excerpt":"Foto: Realidades de Nayarit Distintos ejidos tienen m\u00e1s de un mes sin el vital l\u00edquido Misael Santana Huerta \/ Realidades de Nayarit Pimientillo del municipio de Rosamorada, Nayarit. Habitantes de ejidos del sur de Rosamorada, con desesperaci\u00f3n nos est\u00e1n haciendo llegar la fatal noticia, en el sentido de que desde\u2026","rel":"","context":"En &quot;CINTILLO&quot;","block_context":{"text":"CINTILLO","link":"https:\/\/www.grieta.org.mx\/index.php\/category\/cintillo\/"},"img":{"alt_text":"","src":"https:\/\/i0.wp.com\/www.grieta.org.mx\/wp-content\/uploads\/2020\/03\/sin-agua.jpg?resize=350%2C200&ssl=1","width":350,"height":200,"srcset":"https:\/\/i0.wp.com\/www.grieta.org.mx\/wp-content\/uploads\/2020\/03\/sin-agua.jpg?resize=350%2C200&ssl=1 1x, https:\/\/i0.wp.com\/www.grieta.org.mx\/wp-content\/uploads\/2020\/03\/sin-agua.jpg?resize=525%2C300&ssl=1 1.5x, https:\/\/i0.wp.com\/www.grieta.org.mx\/wp-content\/uploads\/2020\/03\/sin-agua.jpg?resize=700%2C400&ssl=1 2x"},"classes":[]},{"id":33291,"url":"https:\/\/www.grieta.org.mx\/index.php\/2019\/04\/13\/en-incertidumbre-municipios-de-nuevo-leon-por-operaciones-de-fracking\/","url_meta":{"origin":33925,"position":4},"title":"En incertidumbre, municipios de Nuevo Le\u00f3n por operaciones de fracking","author":"grieta","date":"13 abril, 2019","format":false,"excerpt":"Notimex Detenidas, entre contradictorias disposiciones oficiales y la incertidumbre, se encuentran las operaciones de extracci\u00f3n de gas shale, mediante la fractura hidr\u00e1ulica o fracking, en una veintena de... Detenidas, entre contradictorias disposiciones oficiales y la incertidumbre, se encuentran las operaciones de extracci\u00f3n de gas shale, mediante la fractura hidr\u00e1ulica o\u2026","rel":"","context":"En &quot;CINTILLO&quot;","block_context":{"text":"CINTILLO","link":"https:\/\/www.grieta.org.mx\/index.php\/category\/cintillo\/"},"img":{"alt_text":"","src":"https:\/\/i0.wp.com\/www.grieta.org.mx\/wp-content\/uploads\/2018\/03\/14524434_1106112876131411_958039263622046936_o.jpg?resize=350%2C200&ssl=1","width":350,"height":200,"srcset":"https:\/\/i0.wp.com\/www.grieta.org.mx\/wp-content\/uploads\/2018\/03\/14524434_1106112876131411_958039263622046936_o.jpg?resize=350%2C200&ssl=1 1x, https:\/\/i0.wp.com\/www.grieta.org.mx\/wp-content\/uploads\/2018\/03\/14524434_1106112876131411_958039263622046936_o.jpg?resize=525%2C300&ssl=1 1.5x, https:\/\/i0.wp.com\/www.grieta.org.mx\/wp-content\/uploads\/2018\/03\/14524434_1106112876131411_958039263622046936_o.jpg?resize=700%2C400&ssl=1 2x"},"classes":[]},{"id":4531,"url":"https:\/\/www.grieta.org.mx\/index.php\/2016\/01\/13\/reviven-en-nuevo-leon-proyecto-monterrey-vi\/","url_meta":{"origin":33925,"position":5},"title":"Reviven en Nuevo Le\u00f3n proyecto Monterrey VI","author":"grieta","date":"13 enero, 2016","format":false,"excerpt":"El Economista Aunque el gobernador aclara que s\u00f3lo ser\u00e1 en nombre, tambi\u00e9n llevar\u00e1 agua desde SLP. Lourdes Flores Realizar\u00e1n reestructura o ajustes al original El mandatario dijo que se encuentran analizando todas las posturas porque el l\u00edquido es necesario. Monterrey, NL. El gobernador de Nuevo Le\u00f3n, Jaime Rodr\u00edguez, dijo que\u2026","rel":"","context":"En &quot;CINTILLO&quot;","block_context":{"text":"CINTILLO","link":"https:\/\/www.grieta.org.mx\/index.php\/category\/cintillo\/"},"img":{"alt_text":"","src":"https:\/\/i0.wp.com\/www.grieta.org.mx\/wp-content\/uploads\/2018\/03\/14524434_1106112876131411_958039263622046936_o.jpg?resize=350%2C200&ssl=1","width":350,"height":200,"srcset":"https:\/\/i0.wp.com\/www.grieta.org.mx\/wp-content\/uploads\/2018\/03\/14524434_1106112876131411_958039263622046936_o.jpg?resize=350%2C200&ssl=1 1x, https:\/\/i0.wp.com\/www.grieta.org.mx\/wp-content\/uploads\/2018\/03\/14524434_1106112876131411_958039263622046936_o.jpg?resize=525%2C300&ssl=1 1.5x, https:\/\/i0.wp.com\/www.grieta.org.mx\/wp-content\/uploads\/2018\/03\/14524434_1106112876131411_958039263622046936_o.jpg?resize=700%2C400&ssl=1 2x"},"classes":[]}],"_links":{"self":[{"href":"https:\/\/www.grieta.org.mx\/index.php\/wp-json\/wp\/v2\/posts\/33925","targetHints":{"allow":["GET"]}}],"collection":[{"href":"https:\/\/www.grieta.org.mx\/index.php\/wp-json\/wp\/v2\/posts"}],"about":[{"href":"https:\/\/www.grieta.org.mx\/index.php\/wp-json\/wp\/v2\/types\/post"}],"author":[{"embeddable":true,"href":"https:\/\/www.grieta.org.mx\/index.php\/wp-json\/wp\/v2\/users\/2"}],"replies":[{"embeddable":true,"href":"https:\/\/www.grieta.org.mx\/index.php\/wp-json\/wp\/v2\/comments?post=33925"}],"version-history":[{"count":1,"href":"https:\/\/www.grieta.org.mx\/index.php\/wp-json\/wp\/v2\/posts\/33925\/revisions"}],"predecessor-version":[{"id":33927,"href":"https:\/\/www.grieta.org.mx\/index.php\/wp-json\/wp\/v2\/posts\/33925\/revisions\/33927"}],"wp:featuredmedia":[{"embeddable":true,"href":"https:\/\/www.grieta.org.mx\/index.php\/wp-json\/wp\/v2\/media\/33926"}],"wp:attachment":[{"href":"https:\/\/www.grieta.org.mx\/index.php\/wp-json\/wp\/v2\/media?parent=33925"}],"wp:term":[{"taxonomy":"category","embeddable":true,"href":"https:\/\/www.grieta.org.mx\/index.php\/wp-json\/wp\/v2\/categories?post=33925"},{"taxonomy":"post_tag","embeddable":true,"href":"https:\/\/www.grieta.org.mx\/index.php\/wp-json\/wp\/v2\/tags?post=33925"}],"curies":[{"name":"wp","href":"https:\/\/api.w.org\/{rel}","templated":true}]}}