{"id":33918,"date":"2019-05-25T19:44:42","date_gmt":"2019-05-26T00:44:42","guid":{"rendered":"http:\/\/www.grieta.org.mx\/?p=33918"},"modified":"2019-05-27T19:52:31","modified_gmt":"2019-05-28T00:52:31","slug":"incrementa-demanda-de-servicios-medicos-privados-en-queretaro","status":"publish","type":"post","link":"https:\/\/www.grieta.org.mx\/index.php\/2019\/05\/25\/incrementa-demanda-de-servicios-medicos-privados-en-queretaro\/","title":{"rendered":"Incrementa demanda de servicios m\u00e9dicos privados en Quer\u00e9taro"},"content":{"rendered":"<p><img loading=\"lazy\" decoding=\"async\" data-attachment-id=\"33919\" data-permalink=\"https:\/\/www.grieta.org.mx\/index.php\/2019\/05\/25\/incrementa-demanda-de-servicios-medicos-privados-en-queretaro\/hospitales\/\" data-orig-file=\"https:\/\/www.grieta.org.mx\/wp-content\/uploads\/2019\/05\/HOSPITALES.jpg\" data-orig-size=\"768,479\" data-comments-opened=\"0\" data-image-meta=\"{&quot;aperture&quot;:&quot;0&quot;,&quot;credit&quot;:&quot;&quot;,&quot;camera&quot;:&quot;&quot;,&quot;caption&quot;:&quot;&quot;,&quot;created_timestamp&quot;:&quot;0&quot;,&quot;copyright&quot;:&quot;&quot;,&quot;focal_length&quot;:&quot;0&quot;,&quot;iso&quot;:&quot;0&quot;,&quot;shutter_speed&quot;:&quot;0&quot;,&quot;title&quot;:&quot;&quot;,&quot;orientation&quot;:&quot;0&quot;}\" data-image-title=\"HOSPITALES\" data-image-description=\"\" data-image-caption=\"\" data-medium-file=\"https:\/\/www.grieta.org.mx\/wp-content\/uploads\/2019\/05\/HOSPITALES-300x187.jpg\" data-large-file=\"https:\/\/www.grieta.org.mx\/wp-content\/uploads\/2019\/05\/HOSPITALES.jpg\" class=\" wp-image-33919 aligncenter\" src=\"http:\/\/www.grieta.org.mx\/wp-content\/uploads\/2019\/05\/HOSPITALES.jpg\" alt=\"\" width=\"763\" height=\"476\" srcset=\"https:\/\/www.grieta.org.mx\/wp-content\/uploads\/2019\/05\/HOSPITALES.jpg 768w, https:\/\/www.grieta.org.mx\/wp-content\/uploads\/2019\/05\/HOSPITALES-300x187.jpg 300w\" sizes=\"auto, (max-width: 763px) 100vw, 763px\" \/><\/p>\n<p class=\"subtitle\"><em>Ante la crisis presupuestal que recienten instituciones de salud p\u00fablicas, se\u00f1al\u00f3 la FECAPEQ<\/em><\/p>\n<p>Laura Banda Campos \/ Diario de Quer\u00e9taro<\/p>\n<p>Se incrementa la demanda de servicios m\u00e9dicos privados en la entidad, ante la crisis presupuestal que recientes instituciones de salud p\u00fablicas, se\u00f1al\u00f3 el presidente de la Federaci\u00f3n de Colegios y Asociaciones de Profesionistas, FECAPEQ, Pablo P\u00e9rez Quintanilla.<\/p>\n<p>Dijo que consultorios y hospitales particulares han empezado a reportar un incremento en la solicitud de servicios, ya que al prolongarse los tiempos de atenci\u00f3n a pacientes ya sea del IMSS o ISSSTE, las personas optan por recurrir a otras opciones.<\/p>\n<p>&#8220;En aspectos privados, (de salud), empieza a ver un poco m\u00e1s actividad porque muchos ya no quieren ir al Seguro Social o al ISSSTE porque no hay medicamentos, porque los est\u00e1n refiriendo muy lejos las consultas de especialidades, entonces est\u00e1n acudiendo a algunos hospitales o cl\u00ednicas particulares\u201d.<\/p>\n<p>Precis\u00f3 que este movimiento mayor que se ha iniciado en un par de meses ser\u00e1 mayor, resultado de los problemas financieros por los que atraviesa el sistema de salud p\u00fablico y que lleva a parte importante de la poblaci\u00f3n a la asistencia privada.<\/p>\n<p>El presidente de la Fecapeq, dijo que este aumento en la demanda de atenci\u00f3n privada ha sido paulatina, sin embargo, consider\u00f3 que \u201cno tenemos que esperar a que haya focos rojos, ahorita de verde empieza a cambiar de color a amarillo y si no ponemos atenci\u00f3n y vemos todos los aspectos se viene un aspecto importante lo mismo en atenci\u00f3n de salud, pasantes y residentes\u201d, alert\u00f3.<\/p>\n<p><a href=\"https:\/\/www.diariodequeretaro.com.mx\/local\/incrementa-demanda-de-servicios-medicos-privados-en-queretaro-3671582.html\">https:\/\/www.diariodequeretaro.com.mx\/local\/incrementa-demanda-de-servicios-medicos-privados-en-queretaro-3671582.html<\/a><\/p>\n","protected":false},"excerpt":{"rendered":"<p>Ante la crisis presupuestal que recienten instituciones de salud p\u00fablicas, se\u00f1al\u00f3 la FECAPEQ Laura Banda Campos \/ Diario de Quer\u00e9taro Se incrementa la demanda de servicios m\u00e9dicos privados en la &hellip; <a href=\"https:\/\/www.grieta.org.mx\/index.php\/2019\/05\/25\/incrementa-demanda-de-servicios-medicos-privados-en-queretaro\/\" class=\"more-link\">Leer m\u00e1s<\/a><\/p>\n","protected":false},"author":2,"featured_media":33919,"comment_status":"closed","ping_status":"closed","sticky":false,"template":"","format":"standard","meta":{"ngg_post_thumbnail":0,"_jetpack_newsletter_access":"","_jetpack_dont_email_post_to_subs":false,"_jetpack_newsletter_tier_id":0,"_jetpack_memberships_contains_paywalled_content":false,"_jetpack_memberships_contains_paid_content":false,"footnotes":""},"categories":[80,918,2482,2,27,83],"tags":[2367,2578,893,149],"class_list":["post-33918","post","type-post","status-publish","format-standard","has-post-thumbnail","hentry","category-cintillo","category-privatizacion-del-sector-salud","category-crisis-del-sector-salud-en-queretaro","category-noticias-nacionales","category-queretaro","category-temas-nacionales","tag-crisis-en-el-sector-salud","tag-desmantelamiento-del-sector-salud","tag-privatizacion-de-la-salud","tag-salud","entry"],"jetpack_featured_media_url":"https:\/\/www.grieta.org.mx\/wp-content\/uploads\/2019\/05\/HOSPITALES.jpg","jetpack_sharing_enabled":true,"jetpack_shortlink":"https:\/\/wp.me\/p7ZJR4-8P4","jetpack_likes_enabled":false,"jetpack-related-posts":[{"id":32279,"url":"https:\/\/www.grieta.org.mx\/index.php\/2019\/04\/04\/mantiene-issste-qro-solo-a-50-de-200-empleados-medicos-suplentes-queretaro\/","url_meta":{"origin":33918,"position":0},"title":"Mantiene ISSSTE Qro solo a 50 de 200 empleados m\u00e9dicos suplentes (Quer\u00e9taro)","author":"grieta","date":"4 abril, 2019","format":false,"excerpt":"Mariana Villalobos \/ Quadratin QUER\u00c9TARO, Qro., 04 de abril de 2019.- El hospital general del Instituto de Seguridad y Servicios Sociales de los Trabajadores del Estado (ISSSTE) solo conserv\u00f3 activos a 50 personas de las m\u00e1s de 200 que prestaban sus servicios como personal suplente permanente, informo Thal\u00eda Gonz\u00e1lez una\u2026","rel":"","context":"En &quot;CINTILLO&quot;","block_context":{"text":"CINTILLO","link":"https:\/\/www.grieta.org.mx\/index.php\/category\/cintillo\/"},"img":{"alt_text":"","src":"https:\/\/i0.wp.com\/www.grieta.org.mx\/wp-content\/uploads\/2019\/04\/saluqro.jpeg?resize=350%2C200&ssl=1","width":350,"height":200,"srcset":"https:\/\/i0.wp.com\/www.grieta.org.mx\/wp-content\/uploads\/2019\/04\/saluqro.jpeg?resize=350%2C200&ssl=1 1x, https:\/\/i0.wp.com\/www.grieta.org.mx\/wp-content\/uploads\/2019\/04\/saluqro.jpeg?resize=525%2C300&ssl=1 1.5x, https:\/\/i0.wp.com\/www.grieta.org.mx\/wp-content\/uploads\/2019\/04\/saluqro.jpeg?resize=700%2C400&ssl=1 2x, https:\/\/i0.wp.com\/www.grieta.org.mx\/wp-content\/uploads\/2019\/04\/saluqro.jpeg?resize=1050%2C600&ssl=1 3x"},"classes":[]},{"id":34353,"url":"https:\/\/www.grieta.org.mx\/index.php\/2019\/05\/27\/desaparicion-de-plazas-para-medicos-pasantes-afectara-a-la-poblacion-queretaro\/","url_meta":{"origin":33918,"position":1},"title":"Desaparici\u00f3n de plazas para m\u00e9dicos pasantes afectar\u00e1 a la poblaci\u00f3n (Quer\u00e9taro)","author":"grieta","date":"27 mayo, 2019","format":false,"excerpt":"Francisco Vel\u00e1zquez Ram\u00edrez \/ C\u00f3digo Quer\u00e9taro La desaparici\u00f3n de plazas para m\u00e9dicos pasantes generar\u00e1 un impacto negativo en la poblaci\u00f3n,\u00a0ya que hay gente de escasos recursos en el pa\u00eds que no tiene acceso a los servicios de salud, pero tiene derecho a tener un m\u00e9dico pasante en su comunidad, sostuvo\u2026","rel":"","context":"En &quot;CINTILLO&quot;","block_context":{"text":"CINTILLO","link":"https:\/\/www.grieta.org.mx\/index.php\/category\/cintillo\/"},"img":{"alt_text":"","src":"https:\/\/i0.wp.com\/www.grieta.org.mx\/wp-content\/uploads\/2019\/06\/Desaparicion-de-plazas-para-medicos-pasantes-afectara-a-la-poblacion.jpg?resize=350%2C200&ssl=1","width":350,"height":200,"srcset":"https:\/\/i0.wp.com\/www.grieta.org.mx\/wp-content\/uploads\/2019\/06\/Desaparicion-de-plazas-para-medicos-pasantes-afectara-a-la-poblacion.jpg?resize=350%2C200&ssl=1 1x, https:\/\/i0.wp.com\/www.grieta.org.mx\/wp-content\/uploads\/2019\/06\/Desaparicion-de-plazas-para-medicos-pasantes-afectara-a-la-poblacion.jpg?resize=525%2C300&ssl=1 1.5x, https:\/\/i0.wp.com\/www.grieta.org.mx\/wp-content\/uploads\/2019\/06\/Desaparicion-de-plazas-para-medicos-pasantes-afectara-a-la-poblacion.jpg?resize=700%2C400&ssl=1 2x, https:\/\/i0.wp.com\/www.grieta.org.mx\/wp-content\/uploads\/2019\/06\/Desaparicion-de-plazas-para-medicos-pasantes-afectara-a-la-poblacion.jpg?resize=1050%2C600&ssl=1 3x"},"classes":[]},{"id":50815,"url":"https:\/\/www.grieta.org.mx\/index.php\/2020\/06\/09\/enfermeras-y-doctores-exigen-mejores-insumos-medicos-queretaro\/","url_meta":{"origin":33918,"position":2},"title":"Enfermeras y Doctores exigen mejores insumos m\u00e9dicos (Quer\u00e9taro)","author":"grieta","date":"9 junio, 2020","format":false,"excerpt":"Foto: www.facebook.com\/InboxPolitico Inbox Pol\u00edtico Este martes se llevaron acabo dos manifestaciones -en la capital del Estado de Quer\u00e9taro- ambas integradas por personal m\u00e9dico. En la primera, Enfermeras del Hospital de Especialidades del Ni\u00f1o y la Mujer, en Plaza de Armas, exigieron insumos de calidad para atender a pacientes Covid. En\u2026","rel":"","context":"En &quot;CINTILLO&quot;","block_context":{"text":"CINTILLO","link":"https:\/\/www.grieta.org.mx\/index.php\/category\/cintillo\/"},"img":{"alt_text":"","src":"https:\/\/i0.wp.com\/www.grieta.org.mx\/wp-content\/uploads\/2020\/06\/Enfermeras-y-Doctores-exigen-mejores-insumos-m%C3%A9dicos-qro-jun.jpg?resize=350%2C200&ssl=1","width":350,"height":200,"srcset":"https:\/\/i0.wp.com\/www.grieta.org.mx\/wp-content\/uploads\/2020\/06\/Enfermeras-y-Doctores-exigen-mejores-insumos-m%C3%A9dicos-qro-jun.jpg?resize=350%2C200&ssl=1 1x, https:\/\/i0.wp.com\/www.grieta.org.mx\/wp-content\/uploads\/2020\/06\/Enfermeras-y-Doctores-exigen-mejores-insumos-m%C3%A9dicos-qro-jun.jpg?resize=525%2C300&ssl=1 1.5x, https:\/\/i0.wp.com\/www.grieta.org.mx\/wp-content\/uploads\/2020\/06\/Enfermeras-y-Doctores-exigen-mejores-insumos-m%C3%A9dicos-qro-jun.jpg?resize=700%2C400&ssl=1 2x"},"classes":[]},{"id":32416,"url":"https:\/\/www.grieta.org.mx\/index.php\/2019\/04\/22\/protestan-trabajadores-del-sindicato-de-salud-en-queretaro-exigen-destitucion-del-secretario\/","url_meta":{"origin":33918,"position":3},"title":"Protestan trabajadores del sindicato de Salud en Queretar\u00f3, exigen destituci\u00f3n del secretario","author":"grieta","date":"22 abril, 2019","format":false,"excerpt":"Mariana Villalobos \/Quadratin QUER\u00c9TARO, Qro., 22 de abril de 2019.- Integrantes del Sindicato Nacional de Trabajadores de la Secretar\u00eda de Salud en Quer\u00e9taro se manifestaron al exterior del Palacio de Gobierno para exigir el cese del titular de la secretar\u00eda en la materia argumentando falsas acusaciones en su contra de\u2026","rel":"","context":"En &quot;CINTILLO&quot;","block_context":{"text":"CINTILLO","link":"https:\/\/www.grieta.org.mx\/index.php\/category\/cintillo\/"},"img":{"alt_text":"","src":"https:\/\/i0.wp.com\/www.grieta.org.mx\/wp-content\/uploads\/2019\/04\/PHOTO-2019-04-22-09-57-46-1160x700.jpg?resize=350%2C200&ssl=1","width":350,"height":200,"srcset":"https:\/\/i0.wp.com\/www.grieta.org.mx\/wp-content\/uploads\/2019\/04\/PHOTO-2019-04-22-09-57-46-1160x700.jpg?resize=350%2C200&ssl=1 1x, https:\/\/i0.wp.com\/www.grieta.org.mx\/wp-content\/uploads\/2019\/04\/PHOTO-2019-04-22-09-57-46-1160x700.jpg?resize=525%2C300&ssl=1 1.5x, https:\/\/i0.wp.com\/www.grieta.org.mx\/wp-content\/uploads\/2019\/04\/PHOTO-2019-04-22-09-57-46-1160x700.jpg?resize=700%2C400&ssl=1 2x, https:\/\/i0.wp.com\/www.grieta.org.mx\/wp-content\/uploads\/2019\/04\/PHOTO-2019-04-22-09-57-46-1160x700.jpg?resize=1050%2C600&ssl=1 3x"},"classes":[]},{"id":15684,"url":"https:\/\/www.grieta.org.mx\/index.php\/2016\/06\/22\/sector-salud-de-queretaro-se-suma-a-movilizacion-nacional-de-medicos\/","url_meta":{"origin":33918,"position":4},"title":"Sector salud de Quer\u00e9taro se suma a movilizaci\u00f3n nacional de m\u00e9dicos","author":"grieta","date":"22 junio, 2016","format":false,"excerpt":"Ira\u00ed Silva\/RR Noticias Sin interferir el tr\u00e1nsito vehicular y peatonal, personal del Instituto Mexicano del Seguro Social y sector salud en general se manifestaron en solidaridad con el movimiento nacional en defensa del derecho a la salud del pueblo mexicano. De acuerdo con Miguel \u00c1ngel Garc\u00eda, m\u00e9dico del IMSS, esta\u2026","rel":"","context":"En &quot;CINTILLO&quot;","block_context":{"text":"CINTILLO","link":"https:\/\/www.grieta.org.mx\/index.php\/category\/cintillo\/"},"img":{"alt_text":"","src":"https:\/\/i0.wp.com\/www.grieta.org.mx\/wp-content\/uploads\/2018\/03\/14524434_1106112876131411_958039263622046936_o.jpg?resize=350%2C200&ssl=1","width":350,"height":200,"srcset":"https:\/\/i0.wp.com\/www.grieta.org.mx\/wp-content\/uploads\/2018\/03\/14524434_1106112876131411_958039263622046936_o.jpg?resize=350%2C200&ssl=1 1x, https:\/\/i0.wp.com\/www.grieta.org.mx\/wp-content\/uploads\/2018\/03\/14524434_1106112876131411_958039263622046936_o.jpg?resize=525%2C300&ssl=1 1.5x, https:\/\/i0.wp.com\/www.grieta.org.mx\/wp-content\/uploads\/2018\/03\/14524434_1106112876131411_958039263622046936_o.jpg?resize=700%2C400&ssl=1 2x"},"classes":[]},{"id":35116,"url":"https:\/\/www.grieta.org.mx\/index.php\/2019\/06\/15\/pacientes-reprueban-atencion-en-clinicas-del-issste-queretaro\/","url_meta":{"origin":33918,"position":5},"title":"Pacientes reprueban atenci\u00f3n en cl\u00ednicas del ISSSTE (Quer\u00e9taro)","author":"grieta","date":"15 junio, 2019","format":false,"excerpt":"Alejandro Pay\u00e1n V\u00e1zquez \/ El Diario de Quer\u00e9taro El servicio m\u00e9dico en el hospital y cl\u00ednicas del ISSSTE es malo, principalmente por los recortes presupuestales y de persona, donde quienes m\u00e1s resienten la carencia son los derechohabientes. Alberto Tecs\u00f3n se atendi\u00f3 una lesi\u00f3n en el brazo derecho en un hospital\u2026","rel":"","context":"En &quot;CINTILLO&quot;","block_context":{"text":"CINTILLO","link":"https:\/\/www.grieta.org.mx\/index.php\/category\/cintillo\/"},"img":{"alt_text":"","src":"https:\/\/i0.wp.com\/www.grieta.org.mx\/wp-content\/uploads\/2019\/06\/PASILLOS-DEL-HOSPITAL.jpg?resize=350%2C200&ssl=1","width":350,"height":200,"srcset":"https:\/\/i0.wp.com\/www.grieta.org.mx\/wp-content\/uploads\/2019\/06\/PASILLOS-DEL-HOSPITAL.jpg?resize=350%2C200&ssl=1 1x, https:\/\/i0.wp.com\/www.grieta.org.mx\/wp-content\/uploads\/2019\/06\/PASILLOS-DEL-HOSPITAL.jpg?resize=525%2C300&ssl=1 1.5x, https:\/\/i0.wp.com\/www.grieta.org.mx\/wp-content\/uploads\/2019\/06\/PASILLOS-DEL-HOSPITAL.jpg?resize=700%2C400&ssl=1 2x"},"classes":[]}],"_links":{"self":[{"href":"https:\/\/www.grieta.org.mx\/index.php\/wp-json\/wp\/v2\/posts\/33918","targetHints":{"allow":["GET"]}}],"collection":[{"href":"https:\/\/www.grieta.org.mx\/index.php\/wp-json\/wp\/v2\/posts"}],"about":[{"href":"https:\/\/www.grieta.org.mx\/index.php\/wp-json\/wp\/v2\/types\/post"}],"author":[{"embeddable":true,"href":"https:\/\/www.grieta.org.mx\/index.php\/wp-json\/wp\/v2\/users\/2"}],"replies":[{"embeddable":true,"href":"https:\/\/www.grieta.org.mx\/index.php\/wp-json\/wp\/v2\/comments?post=33918"}],"version-history":[{"count":1,"href":"https:\/\/www.grieta.org.mx\/index.php\/wp-json\/wp\/v2\/posts\/33918\/revisions"}],"predecessor-version":[{"id":33920,"href":"https:\/\/www.grieta.org.mx\/index.php\/wp-json\/wp\/v2\/posts\/33918\/revisions\/33920"}],"wp:featuredmedia":[{"embeddable":true,"href":"https:\/\/www.grieta.org.mx\/index.php\/wp-json\/wp\/v2\/media\/33919"}],"wp:attachment":[{"href":"https:\/\/www.grieta.org.mx\/index.php\/wp-json\/wp\/v2\/media?parent=33918"}],"wp:term":[{"taxonomy":"category","embeddable":true,"href":"https:\/\/www.grieta.org.mx\/index.php\/wp-json\/wp\/v2\/categories?post=33918"},{"taxonomy":"post_tag","embeddable":true,"href":"https:\/\/www.grieta.org.mx\/index.php\/wp-json\/wp\/v2\/tags?post=33918"}],"curies":[{"name":"wp","href":"https:\/\/api.w.org\/{rel}","templated":true}]}}