{"id":33915,"date":"2019-05-19T19:29:28","date_gmt":"2019-05-20T00:29:28","guid":{"rendered":"http:\/\/www.grieta.org.mx\/?p=33915"},"modified":"2019-05-27T19:42:31","modified_gmt":"2019-05-28T00:42:31","slug":"la-hambruna-golpea-fuertemente-a-indigenas-de-la-sierra-de-sinaloa","status":"publish","type":"post","link":"https:\/\/www.grieta.org.mx\/index.php\/2019\/05\/19\/la-hambruna-golpea-fuertemente-a-indigenas-de-la-sierra-de-sinaloa\/","title":{"rendered":"La hambruna golpea fuertemente a ind\u00edgenas de la sierra de Sinaloa"},"content":{"rendered":"<p><img loading=\"lazy\" decoding=\"async\" data-attachment-id=\"33916\" data-permalink=\"https:\/\/www.grieta.org.mx\/index.php\/2019\/05\/19\/la-hambruna-golpea-fuertemente-a-indigenas-de-la-sierra-de-sinaloa\/la-hambruna-golpea-fuertemente_crop1558292080075-jpg_219914347\/\" data-orig-file=\"https:\/\/www.grieta.org.mx\/wp-content\/uploads\/2019\/05\/la-hambruna-golpea-fuertemente_crop1558292080075.jpg_219914347.jpg\" data-orig-size=\"960,540\" data-comments-opened=\"0\" data-image-meta=\"{&quot;aperture&quot;:&quot;0&quot;,&quot;credit&quot;:&quot;&quot;,&quot;camera&quot;:&quot;&quot;,&quot;caption&quot;:&quot;&quot;,&quot;created_timestamp&quot;:&quot;0&quot;,&quot;copyright&quot;:&quot;&quot;,&quot;focal_length&quot;:&quot;0&quot;,&quot;iso&quot;:&quot;0&quot;,&quot;shutter_speed&quot;:&quot;0&quot;,&quot;title&quot;:&quot;&quot;,&quot;orientation&quot;:&quot;0&quot;}\" data-image-title=\"la-hambruna-golpea-fuertemente_crop1558292080075.jpg_219914347\" data-image-description=\"\" data-image-caption=\"\" data-medium-file=\"https:\/\/www.grieta.org.mx\/wp-content\/uploads\/2019\/05\/la-hambruna-golpea-fuertemente_crop1558292080075.jpg_219914347-300x169.jpg\" data-large-file=\"https:\/\/www.grieta.org.mx\/wp-content\/uploads\/2019\/05\/la-hambruna-golpea-fuertemente_crop1558292080075.jpg_219914347.jpg\" class=\" wp-image-33916 aligncenter\" src=\"http:\/\/www.grieta.org.mx\/wp-content\/uploads\/2019\/05\/la-hambruna-golpea-fuertemente_crop1558292080075.jpg_219914347.jpg\" alt=\"\" width=\"763\" height=\"429\" srcset=\"https:\/\/www.grieta.org.mx\/wp-content\/uploads\/2019\/05\/la-hambruna-golpea-fuertemente_crop1558292080075.jpg_219914347.jpg 960w, https:\/\/www.grieta.org.mx\/wp-content\/uploads\/2019\/05\/la-hambruna-golpea-fuertemente_crop1558292080075.jpg_219914347-300x169.jpg 300w, https:\/\/www.grieta.org.mx\/wp-content\/uploads\/2019\/05\/la-hambruna-golpea-fuertemente_crop1558292080075.jpg_219914347-768x432.jpg 768w, https:\/\/www.grieta.org.mx\/wp-content\/uploads\/2019\/05\/la-hambruna-golpea-fuertemente_crop1558292080075.jpg_219914347-889x500.jpg 889w\" sizes=\"auto, (max-width: 763px) 100vw, 763px\" \/><\/p>\n<p><em>La situaci\u00f3n que viven obliga a habitantes de comunidades como Lajitas y Todo Esto a bajar de la monta\u00f1a<\/em><\/p>\n<p>Karen Rubio \/ El Debate<\/p>\n<p><strong>Guasave, Sinaloa.-<\/strong>\u00a0Desde la semana pasada decenas de ind\u00edgenas que habitan en comunidades serranas del municipio Sinaloa han estado bajando a la cabecera municipal pues la falta de alimentos los obliga a esta acci\u00f3n.<\/p>\n<p>Rom\u00e1n Rubio L\u00f3pez, activista del Colectivo Tarahumara Sinaloense, se\u00f1al\u00f3 que aunque no se trata de que el alimento abunde en la regi\u00f3n, al contrario, es frecuente que pasen hambre, en esta \u00e9poca del a\u00f1o la situaci\u00f3n empeora, pues el ma\u00edz, que es la base de su alimentaci\u00f3n, se termina y las cosechas a\u00fan no inician para ellos.<\/p>\n<p><strong>Necesidades<\/strong><\/p>\n<p>\u201cLa hambruna, y no es exagerado decirlo as\u00ed, est\u00e1 campeando por toda la sierra del municipio de Sinaloa, es algo muy doloroso ver c\u00f3mo los hermanos hacen lo posible para bajar de all\u00e1 a como pueden porque no soportan la situaci\u00f3n.\u201d<\/p>\n<p>Son \u00a0menos \u00a0los \u00a0que \u00a0se \u00a0atreven a bajar, arriba, en la monta\u00f1a est\u00e1n dispersos otros cientos, quienes con la timidez que les caracteriza aguantan la situaci\u00f3n.<\/p>\n<p>&#8220;Lo peor que pudi\u00e9ramos hacer ante esto es cerrar los ojos a un problema muy a\u00f1ejo que ah\u00ed sigue\u201d.<\/p>\n<p><strong>Ayuda<\/strong><\/p>\n<p>Rubio L\u00f3pez dijo que por el momento no se est\u00e1 haciendo nada para ayudar a los habitantes con esta situaci\u00f3n. Manifest\u00f3 que entre algunos civiles se han estado organizando para en aproximadamente \u00a015 \u00a0d\u00edas \u00a0subir \u00a0a \u00a0la monta\u00f1a y llevarles entre cuatro y cinco toneladas de grano.<\/p>\n<p>Buscar\u00e1n tambi\u00e9n que por medio de colectas la ciudadan\u00eda pueda aportar otro tipo de alimentos para que ellos tengan oportunidad de variar su alimentaci\u00f3n. Aunque son conscientes de que \u00a0no \u00a0se \u00a0trata \u00a0de \u00a0estarles llevando \u00a0alimento, \u00a0sino \u00a0que la soluci\u00f3n de fondo es que ellos puedan acceder a programas como huertos de traspatio, cr\u00eda de animales de corral, que se mejoren sus caminos, entre otras cosas para que se d\u00e9 el progreso de ra\u00edz.<\/p>\n<p><strong>Afectaciones<\/strong><\/p>\n<p>De momento, el desplazamiento que se est\u00e1 dando de estos habitantes est\u00e1 ocasionando la fragmentaci\u00f3n de familias, alto riesgo de muertes prematuras por desnutrici\u00f3n y problemas de alcoholismo.<\/p>\n<p><a href=\"https:\/\/www.debate.com.mx\/guasave\/La-hambruna-golpea-fuertemente-a-indigenas-de-la-sierra-de-Sinaloa-20190519-0105.html\">https:\/\/www.debate.com.mx\/guasave\/La-hambruna-golpea-fuertemente-a-indigenas-de-la-sierra-de-Sinaloa-20190519-0105.html<\/a><\/p>\n","protected":false},"excerpt":{"rendered":"<p>La situaci\u00f3n que viven obliga a habitantes de comunidades como Lajitas y Todo Esto a bajar de la monta\u00f1a Karen Rubio \/ El Debate Guasave, Sinaloa.-\u00a0Desde la semana pasada decenas &hellip; <a href=\"https:\/\/www.grieta.org.mx\/index.php\/2019\/05\/19\/la-hambruna-golpea-fuertemente-a-indigenas-de-la-sierra-de-sinaloa\/\" class=\"more-link\">Leer m\u00e1s<\/a><\/p>\n","protected":false},"author":2,"featured_media":33916,"comment_status":"closed","ping_status":"closed","sticky":false,"template":"","format":"standard","meta":{"ngg_post_thumbnail":0,"_jetpack_newsletter_access":"","_jetpack_dont_email_post_to_subs":false,"_jetpack_newsletter_tier_id":0,"_jetpack_memberships_contains_paywalled_content":false,"_jetpack_memberships_contains_paid_content":false,"footnotes":""},"categories":[80,2582,2,30],"tags":[232,1718,1719],"class_list":["post-33915","post","type-post","status-publish","format-standard","has-post-thumbnail","hentry","category-cintillo","category-indigenas-desplazados-en-sinaloa","category-noticias-nacionales","category-sinaloa","tag-desplazados","tag-desprecio-contra-indigenas","tag-violencia-contra-indigenas","entry"],"jetpack_featured_media_url":"https:\/\/www.grieta.org.mx\/wp-content\/uploads\/2019\/05\/la-hambruna-golpea-fuertemente_crop1558292080075.jpg_219914347.jpg","jetpack_sharing_enabled":true,"jetpack_shortlink":"https:\/\/wp.me\/p7ZJR4-8P1","jetpack_likes_enabled":false,"jetpack-related-posts":[{"id":60710,"url":"https:\/\/www.grieta.org.mx\/index.php\/2021\/07\/22\/asesinan-al-activista-roman-rubio-lopez-en-sinaloa\/","url_meta":{"origin":33915,"position":0},"title":"Asesinan al activista Rom\u00e1n Rubio L\u00f3pez en Sinaloa","author":"grieta","date":"22 julio, 2021","format":false,"excerpt":"El profesor Rom\u00e1n Rubio L\u00f3pez inici\u00f3 el movimiento de apoyo a la regi\u00f3n Tarahumara en Sinaloa, con un colectivo que ha logrado el reconocimiento de los derechos de los pueblos Tar\u00e1mari. Su cuerpo fue hallado en una ribera del r\u00edo Sinaloa Texto: Marcos Vizcarra \/ Revista Espejo Foto: Revista Espejo\u2026","rel":"","context":"En &quot;Desaparecidos en Sinaloa&quot;","block_context":{"text":"Desaparecidos en Sinaloa","link":"https:\/\/www.grieta.org.mx\/index.php\/category\/noticias-nacionales\/sinaloa\/desaparecidos-en-sinaloa\/"},"img":{"alt_text":"","src":"https:\/\/i0.wp.com\/www.grieta.org.mx\/wp-content\/uploads\/2021\/07\/Roma%CC%81n-Rubio.jpg?resize=350%2C200&ssl=1","width":350,"height":200,"srcset":"https:\/\/i0.wp.com\/www.grieta.org.mx\/wp-content\/uploads\/2021\/07\/Roma%CC%81n-Rubio.jpg?resize=350%2C200&ssl=1 1x, https:\/\/i0.wp.com\/www.grieta.org.mx\/wp-content\/uploads\/2021\/07\/Roma%CC%81n-Rubio.jpg?resize=525%2C300&ssl=1 1.5x, https:\/\/i0.wp.com\/www.grieta.org.mx\/wp-content\/uploads\/2021\/07\/Roma%CC%81n-Rubio.jpg?resize=700%2C400&ssl=1 2x"},"classes":[]},{"id":55180,"url":"https:\/\/www.grieta.org.mx\/index.php\/2020\/11\/16\/accion-en-mazatlan-sinaloa-en-repudio-a-los-ataques-paramilitares-en-contra-de-comunidades-zapatistas\/","url_meta":{"origin":33915,"position":1},"title":"Acci\u00f3n en Mazatl\u00e1n, Sinaloa en repudio a los ataques paramilitares en contra de comunidades zapatistas","author":"grieta","date":"16 noviembre, 2020","format":false,"excerpt":"Colectivo Grieta El jueves 12 de noviembre se organizaron y desarrollaron actividades en la Plazuela Rep\u00fablica de Mazatl\u00e1n, Sinaloa, con el objetivo de denunciar las agresiones del grupo paramilitar ORCAO contra las Comunidades Ind\u00edgenas Zapatistas. Participaron compa\u00f1eros y compa\u00f1eras de la Red de Resistencia y Rebeld\u00eda-MZT. Como parte de las\u2026","rel":"","context":"En &quot;Alto a la Guerra contra los pueblos zapatistas&quot;","block_context":{"text":"Alto a la Guerra contra los pueblos zapatistas","link":"https:\/\/www.grieta.org.mx\/index.php\/category\/redes-de-resistencia-y-rebeldia\/contra-la-guerra-al-ezln\/"},"img":{"alt_text":"","src":"https:\/\/i0.wp.com\/www.grieta.org.mx\/wp-content\/uploads\/2020\/11\/photo_2020-11-16_22-22-24-1.jpg?resize=350%2C200","width":350,"height":200},"classes":[]},{"id":54170,"url":"https:\/\/www.grieta.org.mx\/index.php\/2020\/10\/13\/se-manifiestan-indigenas-de-sinaloa-y-sonora-contra-planta-de-amoniaco-en-topolobampo\/","url_meta":{"origin":33915,"position":2},"title":"Se manifiestan ind\u00edgenas de Sinaloa y Sonora contra planta de amoniaco en Topolobampo","author":"grieta","date":"13 octubre, 2020","format":false,"excerpt":"Noroeste\/Carlos Boj\u00f3rquez Foto: Noroeste En el marco del D\u00eda de la Raza, ind\u00edgenas del norte de Sinaloa y sur de Sonora se manifestaron en contra de la planta de amoniaco que se pretende construir en Topolobampo. La manifestaci\u00f3n, a la que se sumaron integrantes del Colectivo 'Aqu\u00ed no', inici\u00f3 con\u2026","rel":"","context":"En &quot;CINTILLO&quot;","block_context":{"text":"CINTILLO","link":"https:\/\/www.grieta.org.mx\/index.php\/category\/cintillo\/"},"img":{"alt_text":"","src":"https:\/\/i0.wp.com\/www.grieta.org.mx\/wp-content\/uploads\/2020\/10\/980114b5_e60a_492a_bbc7_53bba4bbd793-319722-1.jpg?resize=350%2C200&ssl=1","width":350,"height":200,"srcset":"https:\/\/i0.wp.com\/www.grieta.org.mx\/wp-content\/uploads\/2020\/10\/980114b5_e60a_492a_bbc7_53bba4bbd793-319722-1.jpg?resize=350%2C200&ssl=1 1x, https:\/\/i0.wp.com\/www.grieta.org.mx\/wp-content\/uploads\/2020\/10\/980114b5_e60a_492a_bbc7_53bba4bbd793-319722-1.jpg?resize=525%2C300&ssl=1 1.5x, https:\/\/i0.wp.com\/www.grieta.org.mx\/wp-content\/uploads\/2020\/10\/980114b5_e60a_492a_bbc7_53bba4bbd793-319722-1.jpg?resize=700%2C400&ssl=1 2x, https:\/\/i0.wp.com\/www.grieta.org.mx\/wp-content\/uploads\/2020\/10\/980114b5_e60a_492a_bbc7_53bba4bbd793-319722-1.jpg?resize=1050%2C600&ssl=1 3x, https:\/\/i0.wp.com\/www.grieta.org.mx\/wp-content\/uploads\/2020\/10\/980114b5_e60a_492a_bbc7_53bba4bbd793-319722-1.jpg?resize=1400%2C800&ssl=1 4x"},"classes":[]},{"id":43637,"url":"https:\/\/www.grieta.org.mx\/index.php\/2020\/01\/23\/desplazados-desmienten-a-autoridades-persiste-violencia-en-sierra-del-sur-de-sinaloa\/","url_meta":{"origin":33915,"position":3},"title":"Desplazados desmienten a autoridades: \u2018Persiste violencia en sierra del sur de Sinaloa\u2019","author":"grieta","date":"23 enero, 2020","format":false,"excerpt":"Ricardo Rojas\/L\u00ednea Directa \u00a0 Las familias desplazadas aseguran que es falso lo que han dicho algunas autoridades, como el alcalde de Concordia, respecto a que se ha tranquilizado la situaci\u00f3n en dicha regi\u00f3n El desplazamiento forzado por la violencia est\u00e1 fuerte a\u00fan y es mentira que las familias puedan volver\u2026","rel":"","context":"En &quot;CINTILLO&quot;","block_context":{"text":"CINTILLO","link":"https:\/\/www.grieta.org.mx\/index.php\/category\/cintillo\/"},"img":{"alt_text":"","src":"https:\/\/i0.wp.com\/www.grieta.org.mx\/wp-content\/uploads\/2020\/01\/DESPLAZADOS-11-1024x459.jpg?resize=350%2C200&ssl=1","width":350,"height":200,"srcset":"https:\/\/i0.wp.com\/www.grieta.org.mx\/wp-content\/uploads\/2020\/01\/DESPLAZADOS-11-1024x459.jpg?resize=350%2C200&ssl=1 1x, https:\/\/i0.wp.com\/www.grieta.org.mx\/wp-content\/uploads\/2020\/01\/DESPLAZADOS-11-1024x459.jpg?resize=525%2C300&ssl=1 1.5x, https:\/\/i0.wp.com\/www.grieta.org.mx\/wp-content\/uploads\/2020\/01\/DESPLAZADOS-11-1024x459.jpg?resize=700%2C400&ssl=1 2x"},"classes":[]},{"id":15505,"url":"https:\/\/www.grieta.org.mx\/index.php\/2016\/08\/14\/desplazados-por-violencia-en-sinaloa\/","url_meta":{"origin":33915,"position":4},"title":"Desplazados por violencia en Sinaloa","author":"grieta","date":"14 agosto, 2016","format":false,"excerpt":"14\/08\/16. Desplazados viven en la ciudad con incertidumbre (Sinaloa) El Debate 29\/07\/16. Violencia expulsa de sus estados a m\u00e1s de 281 mil El Financiero 29\/07\/16. Habitantes de la sierra claman por ayuda al Ej\u00e9rcito El Debate 13\/07\/16. Los desplazados de la zona serrana de Sinaloa claman por ayuda El Pa\u00eds\u2026","rel":"","context":"En &quot;NOTICIAS NACIONALES&quot;","block_context":{"text":"NOTICIAS NACIONALES","link":"https:\/\/www.grieta.org.mx\/index.php\/category\/noticias-nacionales\/"},"img":{"alt_text":"","src":"https:\/\/i0.wp.com\/www.grieta.org.mx\/wp-content\/uploads\/2018\/03\/14524434_1106112876131411_958039263622046936_o.jpg?resize=350%2C200&ssl=1","width":350,"height":200,"srcset":"https:\/\/i0.wp.com\/www.grieta.org.mx\/wp-content\/uploads\/2018\/03\/14524434_1106112876131411_958039263622046936_o.jpg?resize=350%2C200&ssl=1 1x, https:\/\/i0.wp.com\/www.grieta.org.mx\/wp-content\/uploads\/2018\/03\/14524434_1106112876131411_958039263622046936_o.jpg?resize=525%2C300&ssl=1 1.5x, https:\/\/i0.wp.com\/www.grieta.org.mx\/wp-content\/uploads\/2018\/03\/14524434_1106112876131411_958039263622046936_o.jpg?resize=700%2C400&ssl=1 2x"},"classes":[]},{"id":19650,"url":"https:\/\/www.grieta.org.mx\/index.php\/2016\/06\/22\/acusan-simulacion-en-atencion-a-desplazados-en-sinaloa\/","url_meta":{"origin":33915,"position":5},"title":"Acusan simulaci\u00f3n en atenci\u00f3n a desplazados en Sinaloa","author":"grieta","date":"22 junio, 2016","format":false,"excerpt":"Marcos Vizcarra En Sinaloa, ninguna de las personas despazadas tiene la certeza de que pueden volver a sus pueblos, asegur\u00f3 Esperanza Hern\u00e1ndez Lugo, al asegurar que el Gobierno del Estado s\u00f3lo ha simulado la atenci\u00f3n ante los m\u00e1s de los 33 mil 770 personas que dejaron sus hogares por la\u2026","rel":"","context":"En &quot;CINTILLO&quot;","block_context":{"text":"CINTILLO","link":"https:\/\/www.grieta.org.mx\/index.php\/category\/cintillo\/"},"img":{"alt_text":"","src":"https:\/\/i0.wp.com\/www.grieta.org.mx\/wp-content\/uploads\/2018\/03\/14524434_1106112876131411_958039263622046936_o.jpg?resize=350%2C200&ssl=1","width":350,"height":200,"srcset":"https:\/\/i0.wp.com\/www.grieta.org.mx\/wp-content\/uploads\/2018\/03\/14524434_1106112876131411_958039263622046936_o.jpg?resize=350%2C200&ssl=1 1x, https:\/\/i0.wp.com\/www.grieta.org.mx\/wp-content\/uploads\/2018\/03\/14524434_1106112876131411_958039263622046936_o.jpg?resize=525%2C300&ssl=1 1.5x, https:\/\/i0.wp.com\/www.grieta.org.mx\/wp-content\/uploads\/2018\/03\/14524434_1106112876131411_958039263622046936_o.jpg?resize=700%2C400&ssl=1 2x"},"classes":[]}],"_links":{"self":[{"href":"https:\/\/www.grieta.org.mx\/index.php\/wp-json\/wp\/v2\/posts\/33915","targetHints":{"allow":["GET"]}}],"collection":[{"href":"https:\/\/www.grieta.org.mx\/index.php\/wp-json\/wp\/v2\/posts"}],"about":[{"href":"https:\/\/www.grieta.org.mx\/index.php\/wp-json\/wp\/v2\/types\/post"}],"author":[{"embeddable":true,"href":"https:\/\/www.grieta.org.mx\/index.php\/wp-json\/wp\/v2\/users\/2"}],"replies":[{"embeddable":true,"href":"https:\/\/www.grieta.org.mx\/index.php\/wp-json\/wp\/v2\/comments?post=33915"}],"version-history":[{"count":1,"href":"https:\/\/www.grieta.org.mx\/index.php\/wp-json\/wp\/v2\/posts\/33915\/revisions"}],"predecessor-version":[{"id":33917,"href":"https:\/\/www.grieta.org.mx\/index.php\/wp-json\/wp\/v2\/posts\/33915\/revisions\/33917"}],"wp:featuredmedia":[{"embeddable":true,"href":"https:\/\/www.grieta.org.mx\/index.php\/wp-json\/wp\/v2\/media\/33916"}],"wp:attachment":[{"href":"https:\/\/www.grieta.org.mx\/index.php\/wp-json\/wp\/v2\/media?parent=33915"}],"wp:term":[{"taxonomy":"category","embeddable":true,"href":"https:\/\/www.grieta.org.mx\/index.php\/wp-json\/wp\/v2\/categories?post=33915"},{"taxonomy":"post_tag","embeddable":true,"href":"https:\/\/www.grieta.org.mx\/index.php\/wp-json\/wp\/v2\/tags?post=33915"}],"curies":[{"name":"wp","href":"https:\/\/api.w.org\/{rel}","templated":true}]}}