{"id":33902,"date":"2019-05-22T23:26:26","date_gmt":"2019-05-23T04:26:26","guid":{"rendered":"http:\/\/www.grieta.org.mx\/?p=33902"},"modified":"2019-05-26T23:35:02","modified_gmt":"2019-05-27T04:35:02","slug":"de-donde-vino-la-bala-que-mato-a-aidee-en-cch-oriente-ciudad-de-mexico","status":"publish","type":"post","link":"https:\/\/www.grieta.org.mx\/index.php\/2019\/05\/22\/de-donde-vino-la-bala-que-mato-a-aidee-en-cch-oriente-ciudad-de-mexico\/","title":{"rendered":"\u00bfDe d\u00f3nde vino la bala que mat\u00f3 a Aide\u00e9 en CCH Oriente? (Ciudad de M\u00e9xico?"},"content":{"rendered":"<p><img loading=\"lazy\" decoding=\"async\" data-attachment-id=\"33903\" data-permalink=\"https:\/\/www.grieta.org.mx\/index.php\/2019\/05\/22\/de-donde-vino-la-bala-que-mato-a-aidee-en-cch-oriente-ciudad-de-mexico\/attachment\/2151469\/\" data-orig-file=\"https:\/\/www.grieta.org.mx\/wp-content\/uploads\/2019\/05\/2151469.jpg\" data-orig-size=\"1200,800\" data-comments-opened=\"0\" data-image-meta=\"{&quot;aperture&quot;:&quot;0&quot;,&quot;credit&quot;:&quot;&quot;,&quot;camera&quot;:&quot;&quot;,&quot;caption&quot;:&quot;&quot;,&quot;created_timestamp&quot;:&quot;0&quot;,&quot;copyright&quot;:&quot;&quot;,&quot;focal_length&quot;:&quot;0&quot;,&quot;iso&quot;:&quot;0&quot;,&quot;shutter_speed&quot;:&quot;0&quot;,&quot;title&quot;:&quot;&quot;,&quot;orientation&quot;:&quot;0&quot;}\" data-image-title=\"2151469\" data-image-description=\"\" data-image-caption=\"\" data-medium-file=\"https:\/\/www.grieta.org.mx\/wp-content\/uploads\/2019\/05\/2151469-300x200.jpg\" data-large-file=\"https:\/\/www.grieta.org.mx\/wp-content\/uploads\/2019\/05\/2151469-1024x683.jpg\" src=\"http:\/\/www.grieta.org.mx\/wp-content\/uploads\/2019\/05\/2151469-300x200.jpg\" alt=\"\" width=\"600\" height=\"400\" class=\"alignleft size-medium wp-image-33903\" srcset=\"https:\/\/www.grieta.org.mx\/wp-content\/uploads\/2019\/05\/2151469-300x200.jpg 300w, https:\/\/www.grieta.org.mx\/wp-content\/uploads\/2019\/05\/2151469-768x512.jpg 768w, https:\/\/www.grieta.org.mx\/wp-content\/uploads\/2019\/05\/2151469-1024x683.jpg 1024w, https:\/\/www.grieta.org.mx\/wp-content\/uploads\/2019\/05\/2151469-750x500.jpg 750w, https:\/\/www.grieta.org.mx\/wp-content\/uploads\/2019\/05\/2151469.jpg 1200w\" sizes=\"auto, (max-width: 600px) 100vw, 600px\" \/><\/p>\n<p>CIUDAD DE M\u00c9XICO<\/p>\n<p>Profesores, trabajadores, alumnos y exalumnos del Colegio de Ciencias y Humanidades (CCH) Oriente de la UNAM confirmaron que en las instalaciones de la Secretar\u00eda de la Marina-Armada de M\u00e9xico (Semar), aleda\u00f1as al plantel educativo, s\u00ed operaba un campo de pr\u00e1cticas de tiro, ya que se escuchaban frecuentemente, por lo menos hasta hace algunos meses, las detonaciones durante las horas de clase.<\/p>\n<p>A casi tres semanas del homicidio de Aide\u00e9 Mendoza Jer\u00f3nimo, ocurrido el 29 de abril cuando ella se encontraba tomando clases en el Edificio \u201cP\u201d de ese plantel y sin avances en las investigaciones de la Procuradur\u00eda General de Justicia (PGJ) de la Ciudad de M\u00e9xico, estudiantes y profesores lamentaron la actuaci\u00f3n de esa instancia y de las autoridades universitarias por terminar el semestre anticipadamente y con ello apostar por el olvido y la impunidad en el caso.<\/p>\n<p><img loading=\"lazy\" decoding=\"async\" data-attachment-id=\"33904\" data-permalink=\"https:\/\/www.grieta.org.mx\/index.php\/2019\/05\/22\/de-donde-vino-la-bala-que-mato-a-aidee-en-cch-oriente-ciudad-de-mexico\/cch-muerta\/\" data-orig-file=\"https:\/\/www.grieta.org.mx\/wp-content\/uploads\/2019\/05\/cch-muerta.jpg\" data-orig-size=\"1200,1645\" data-comments-opened=\"0\" data-image-meta=\"{&quot;aperture&quot;:&quot;0&quot;,&quot;credit&quot;:&quot;&quot;,&quot;camera&quot;:&quot;&quot;,&quot;caption&quot;:&quot;&quot;,&quot;created_timestamp&quot;:&quot;0&quot;,&quot;copyright&quot;:&quot;&quot;,&quot;focal_length&quot;:&quot;0&quot;,&quot;iso&quot;:&quot;0&quot;,&quot;shutter_speed&quot;:&quot;0&quot;,&quot;title&quot;:&quot;&quot;,&quot;orientation&quot;:&quot;0&quot;}\" data-image-title=\"cch-muerta\" data-image-description=\"\" data-image-caption=\"\" data-medium-file=\"https:\/\/www.grieta.org.mx\/wp-content\/uploads\/2019\/05\/cch-muerta-219x300.jpg\" data-large-file=\"https:\/\/www.grieta.org.mx\/wp-content\/uploads\/2019\/05\/cch-muerta-747x1024.jpg\" src=\"http:\/\/www.grieta.org.mx\/wp-content\/uploads\/2019\/05\/cch-muerta-219x300.jpg\" alt=\"\" width=\"419\" height=\"500\" class=\"alignleft size-medium wp-image-33904\" \/><\/p>\n<p>La principal hip\u00f3tesis de la PGJ es la una \u201cbala perdida\u201d, ello derivado de que se encontraron en la azotea del Edificio \u201cP\u201d, donde muri\u00f3 Aide\u00e9, varios \u201ccasquillos y ojivas de distintos calibres, entre ellos de nueve mil\u00edmetros\u201d, reconoci\u00f3 la procuradora Ernestina Godoy el pasado 4 de mayo.<\/p>\n<p>Ubicado en una zona de alta delincuencia y rodeado de colonias donde el tr\u00e1fico de armas y drogas son cotidianos, profesores y exalumnos confirmaron que por lo menos hasta hace algunos meses operaba un campo de tiro en las vecinas instalaciones de la Semar.<\/p>\n<p>La dependencia federal no ha realizado ning\u00fan pronunciamiento oficial y solamente la propia procuradora capitalina ha dicho que \u201cestamos en contacto con la Secretar\u00eda de Marina. El jefe de la Polic\u00eda de Investigaci\u00f3n habl\u00f3 con ellos y ellos no tienen ese tipo de arma que pudiera disparar este calibre\u201d.<\/p>\n<p>Al respecto el profesor del CCH-Oriente Pedro \u201cN\u201d, quien pide el anonimato por temor a represalias del director del plantel y de autoridades de la Universidad Nacional Aut\u00f3noma de M\u00e9xico (UNAM), dijo que se orden\u00f3 a todo el personal no declarar, ni comentar nada respecto al caso de Aide\u00e9 Mendoza, ello hasta que concluyan las investigaciones, e incluso se adelant\u00f3 la terminaci\u00f3n del semestre para evitar protestas y cuestionamientos de la comunidad del plantel.<\/p>\n<p>\u201cLas instalaciones de la Marina, todo el tiempo, desde que yo tengo conocimiento, por lo menos desde hace 30 a\u00f1os, han hecho pr\u00e1cticas de tiro. Yo estudie aqu\u00ed y antes, cuando no hab\u00eda tantos edificios construidos, se pod\u00eda observar el campo de tiro que estaba paralelo al CCH, junto a los campos de futbol\u201d, apunt\u00f3.<\/p>\n<p>Reynaldo Ortiz, exalumno del CCH-Oriente, confirm\u00f3 que desde hace a\u00f1os funcionaba un campo de tiro de la Semar junto a las instalaciones estudiantiles. \u201cDe hecho el campo de tiro estaba o a\u00fan est\u00e1 junto a los campos de futbol del CCH. S\u00f3lo una barda de piedra de menos de dos metros nos separaba, cuando jug\u00e1bamos o\u00edamos los disparos\u201d.<\/p>\n<p>El ahora licenciado en Derecho por la UNAM record\u00f3 que estudi\u00f3 en ese CCH de 1986 a 1989 y dijo que es evidente que a\u00fan se realizan pr\u00e1cticas de tiro en la Marina. \u201cTal vez ya no se escuchen tan claros los disparos por el ruido de los camiones y el Metrob\u00fas. Yo iba en el turno intermedio, del mediod\u00eda y eran constante las r\u00e1fagas que se escuchaban. Adem\u00e1s desde el segundo piso de los edificios de la escuela se ve\u00edan los stand de tiro de madera\u201d.<\/p>\n<p>Mar\u00eda Hern\u00e1ndez, alumna del sexto semestre, refiri\u00f3 que por las ma\u00f1anas y desde las canchas deportivas del CCH, por lo menos hace unos meses todav\u00eda se escuchaban las detonaciones. \u201cNo se ve nada porque hay una barda y un terreno bald\u00edo que nos separa, pero es evidente que alguien practicaba con armas de fuego\u201d.<\/p>\n<p>A su vez, el profesor Pedro \u201cN\u201d, dijo que en el primer dictamen de la PGJ informaron que \u201cencontraron diferentes casquillos, perd\u00f3n diferentes balas percutidas y perforaciones en los muros, lo que obviamente habla de que no es la primera vez que se escapan tiros de ah\u00ed, de la Marina, porque son las instalaciones m\u00e1s cercanas al CCH-Oriente, de hecho somos vecinos\u201d.<\/p>\n<p>\u201cYo doy clases en ese edificio, en el edificio \u201cP\u201d, donde ocurri\u00f3 el asesinato de Aide\u00e9 y yo ese d\u00eda no escuch\u00e9 ning\u00fan tiro. Incluso pregunt\u00e9 a mis alumnos y ellos tampoco escucharon absolutamente nada. Un tiro se escucha siempre, sea del calibre que sea y sobre todo este que es de nueve mil\u00edmetros\u201d, reconoci\u00f3.<\/p>\n<p>Dijo que s\u00ed ha escuchado en otras ocasiones disparos, \u201cdesde que era estudiante y ahora como profesor. S\u00ed hay un campo de tiro, si hay pr\u00e1cticas de tiro frecuentemente. Yo ya no he visto porque ya construyeron muchos edificios muy cercanos a la Marina, pero antes desde el CCH se observaban los blancos de madera, costales y las l\u00edneas desde donde se practicaban los tiros al interior de las instalaciones de la Marina\u201d.<\/p>\n<p>El profesor coment\u00f3 que es cierto que han reducido much\u00edsimo la intensidad de las pr\u00e1cticas de tiro, tal vez por el horario. \u201cPosiblemente lo hagan por la ma\u00f1ana y en la ma\u00f1ana se escuchaban m\u00e1s, cuando yo daba clases por la ma\u00f1ana\u201d.<\/p>\n<p>Cuestionado sobre la certeza de que a\u00fan exista dicho campo de tiro, el acad\u00e9mico de la UNAM acot\u00f3: \u201cno puedo afirmar que a\u00fan est\u00e9 el campo de tiro, pero antes se escuchaban claramente las detonaciones. Tal vez uno se acostumbre a esos ruidos y ya no los percibimos en el plantel\u201d.<\/p>\n<p>El mentor lament\u00f3 la tibieza de las autoridades del CCH-Oriente y de la Rector\u00eda de la UNAM ante este caso. \u201cYo estoy muy preocupado porque muchos de mis alumnos ya no quieren ir a clases, por el temor de que otra bala perdida les pueda tocar a ellos\u201d, est\u00e1n apostando a que termine el semestre y el caso de Aide\u00e9 Mendoza se olvide, con toda impunidad.<\/p>\n<p>\u201cYo estoy muy molesto por esta tibieza que nos pone en riesgo tambi\u00e9n a los maestros. El director del CCH-Oriente tambi\u00e9n ha sido omiso. Las instalaciones de la Marina y mucho menos un campo de tiro no tienen nada que hacer junto una escuela, junto una plantel de la UNAM, junto al CCH\u201d, agreg\u00f3.<\/p>\n<p>Mart\u00edn \u201cN\u201d, trabajador administrativo, confirm\u00f3 que desde siempre el personal de limpieza y mantenimiento les han informado, incluso al director del CCH-Oriente, V\u00edctor Efra\u00edn Terrazas, y al Sindicato de Trabajadores de la UNAM que han encontrado casquillos, balas, perforaciones en techos y paredes.<\/p>\n<p>\u201cEsto no es nuevo, lo que pasa es que hasta ahora hubo una tragedia. No te puedo decir m\u00e1s porque me corren, pero el riesgo es latente que sigan saliendo balas perdidas desde la Marina y nos toque a nosotros u otros alumnos\u201d, concluy\u00f3.<\/p>\n<p><a href=\"https:\/\/m.excelsior.com.mx\/comunidad\/de-donde-vino-la-bala-que-mato-a-aidee-en-cch-oriente\/1314374\/amp\">https:\/\/m.excelsior.com.mx\/comunidad\/de-donde-vino-la-bala-que-mato-a-aidee-en-cch-oriente\/1314374\/amp<\/a> <\/p>\n","protected":false},"excerpt":{"rendered":"<p>CIUDAD DE M\u00c9XICO Profesores, trabajadores, alumnos y exalumnos del Colegio de Ciencias y Humanidades (CCH) Oriente de la UNAM confirmaron que en las instalaciones de la Secretar\u00eda de la Marina-Armada &hellip; <a href=\"https:\/\/www.grieta.org.mx\/index.php\/2019\/05\/22\/de-donde-vino-la-bala-que-mato-a-aidee-en-cch-oriente-ciudad-de-mexico\/\" class=\"more-link\">Leer m\u00e1s<\/a><\/p>\n","protected":false},"author":2,"featured_media":33903,"comment_status":"closed","ping_status":"closed","sticky":false,"template":"","format":"standard","meta":{"ngg_post_thumbnail":0,"_jetpack_newsletter_access":"","_jetpack_dont_email_post_to_subs":false,"_jetpack_newsletter_tier_id":0,"_jetpack_memberships_contains_paywalled_content":false,"_jetpack_memberships_contains_paid_content":false,"footnotes":""},"categories":[80,14,1138,2,1823],"tags":[1867],"class_list":["post-33902","post","type-post","status-publish","format-standard","has-post-thumbnail","hentry","category-cintillo","category-ciudad-de-mexico","category-incremento-de-la-violencia-en-la-ciudad-de-mexico","category-noticias-nacionales","category-violencia-contra-estudiantes","tag-asesinato-de-estudiantes","entry"],"jetpack_featured_media_url":"https:\/\/www.grieta.org.mx\/wp-content\/uploads\/2019\/05\/2151469.jpg","jetpack_sharing_enabled":true,"jetpack_shortlink":"https:\/\/wp.me\/p7ZJR4-8OO","jetpack_likes_enabled":false,"jetpack-related-posts":[{"id":33023,"url":"https:\/\/www.grieta.org.mx\/index.php\/2019\/05\/01\/escuelas-de-la-unam-se-movilizan-por-feminicidio-de-aidee-mendoza-ciudad-de-mexico\/","url_meta":{"origin":33902,"position":0},"title":"Escuelas de la UNAM se movilizan por feminicidio de Aide\u00e9 Mendoza (Ciudad de M\u00e9xico)","author":"grieta","date":"1 mayo, 2019","format":false,"excerpt":"Redacci\u00f3n Pie de P\u00e1gina Los alumnos del CCH Oriente decidieron este martes enviar comisiones informativas a todos los planteles de la UNAM para coordinar las movilizaciones por el asesinato de Aide\u00e9 Mendoza. En al menos una docena de escuelas se realizaron actividades de protesta y en dos comenz\u00f3 un paro\u2026","rel":"","context":"En &quot;CINTILLO&quot;","block_context":{"text":"CINTILLO","link":"https:\/\/www.grieta.org.mx\/index.php\/category\/cintillo\/"},"img":{"alt_text":"","src":"https:\/\/i0.wp.com\/www.grieta.org.mx\/wp-content\/uploads\/2019\/05\/PDP_PAROUNAM_2018_MRZ-1140x570.jpg?resize=350%2C200&ssl=1","width":350,"height":200,"srcset":"https:\/\/i0.wp.com\/www.grieta.org.mx\/wp-content\/uploads\/2019\/05\/PDP_PAROUNAM_2018_MRZ-1140x570.jpg?resize=350%2C200&ssl=1 1x, https:\/\/i0.wp.com\/www.grieta.org.mx\/wp-content\/uploads\/2019\/05\/PDP_PAROUNAM_2018_MRZ-1140x570.jpg?resize=525%2C300&ssl=1 1.5x, https:\/\/i0.wp.com\/www.grieta.org.mx\/wp-content\/uploads\/2019\/05\/PDP_PAROUNAM_2018_MRZ-1140x570.jpg?resize=700%2C400&ssl=1 2x, https:\/\/i0.wp.com\/www.grieta.org.mx\/wp-content\/uploads\/2019\/05\/PDP_PAROUNAM_2018_MRZ-1140x570.jpg?resize=1050%2C600&ssl=1 3x"},"classes":[]},{"id":32782,"url":"https:\/\/www.grieta.org.mx\/index.php\/2019\/04\/29\/estudiante-del-cch-oriente-de-apenas-18-anos-fue-asesinada-con-arma-de-fuego-dice-pgj-cdmx\/","url_meta":{"origin":33902,"position":1},"title":"Estudiante del CCH Oriente, de apenas 18 a\u00f1os, fue asesinada con arma de fuego, dice PGJ-CdMx","author":"grieta","date":"29 abril, 2019","format":false,"excerpt":"Redacci\u00f3n\/Sin Embargo La Universidad Nacional Aut\u00f3noma de M\u00e9xico confirm\u00f3 la muerte de una estudiante del CCH Oriente. La m\u00e1xima casa de estudios identific\u00f3 a la v\u00edctima como Aide\u00e9 \u201cN\u201d, de 18 a\u00f1os de edad, mientras tanto, la Procuradur\u00eda General de Justicia de la Ciudad de M\u00e9xico, inform\u00f3 que la muerte\u2026","rel":"","context":"En &quot;CINTILLO&quot;","block_context":{"text":"CINTILLO","link":"https:\/\/www.grieta.org.mx\/index.php\/category\/cintillo\/"},"img":{"alt_text":"","src":"https:\/\/i0.wp.com\/www.grieta.org.mx\/wp-content\/uploads\/2019\/05\/cch-oriente-atentado.jpg?resize=350%2C200&ssl=1","width":350,"height":200,"srcset":"https:\/\/i0.wp.com\/www.grieta.org.mx\/wp-content\/uploads\/2019\/05\/cch-oriente-atentado.jpg?resize=350%2C200&ssl=1 1x, https:\/\/i0.wp.com\/www.grieta.org.mx\/wp-content\/uploads\/2019\/05\/cch-oriente-atentado.jpg?resize=525%2C300&ssl=1 1.5x, https:\/\/i0.wp.com\/www.grieta.org.mx\/wp-content\/uploads\/2019\/05\/cch-oriente-atentado.jpg?resize=700%2C400&ssl=1 2x, https:\/\/i0.wp.com\/www.grieta.org.mx\/wp-content\/uploads\/2019\/05\/cch-oriente-atentado.jpg?resize=1050%2C600&ssl=1 3x"},"classes":[]},{"id":44006,"url":"https:\/\/www.grieta.org.mx\/index.php\/2020\/02\/06\/suman-16-escuelas-de-la-unam-en-paro-ciudad-de-mexico\/","url_meta":{"origin":33902,"position":2},"title":"Suman 16 escuelas de la UNAM en paro (Ciudad de M\u00e9xico)","author":"grieta","date":"6 febrero, 2020","format":false,"excerpt":"Foto: Archivo El Universal Teresa Moreno \/ El Universal Hoy se entreg\u00f3 CCH Vallejo, pero el plantel Oriente va a paro de 72 horas; mientras en Prepa 9, paristas nuevamente impidieron el paso de la directora Gabriela Mart\u00ednez, quien llevaba la respuesta a su pliego petitorio que envi\u00f3 el rector\u2026","rel":"","context":"En &quot;CINTILLO&quot;","block_context":{"text":"CINTILLO","link":"https:\/\/www.grieta.org.mx\/index.php\/category\/cintillo\/"},"img":{"alt_text":"","src":"https:\/\/i0.wp.com\/www.grieta.org.mx\/wp-content\/uploads\/2020\/02\/UNAM_-suman-16-escuelas-en-paro-cdmx-feb.jpg?resize=350%2C200","width":350,"height":200},"classes":[]},{"id":40292,"url":"https:\/\/www.grieta.org.mx\/index.php\/2019\/10\/16\/estudiantes-del-cch-sur-anuncian-paros-por-caso-de-violacion-ciudad-de-mexico\/","url_meta":{"origin":33902,"position":3},"title":"Estudiantes del CCH Sur anuncian paros por caso de violaci\u00f3n (Ciudad de M\u00e9xico)","author":"grieta","date":"16 octubre, 2019","format":false,"excerpt":"LetraRoja M\u00e9xico. Estudiantes del Colegio de Ciencias y Humanidades (CCH) Sur anunciaron paro activo y una manifestaci\u00f3n para exigir justicia y seguridad por el caso de abuso sexual en contra de una sus estudiantes la semana pasada. En asamblea los estudiantes acordaron realizar un paro activo programado este viernes y\u2026","rel":"","context":"En &quot;CINTILLO&quot;","block_context":{"text":"CINTILLO","link":"https:\/\/www.grieta.org.mx\/index.php\/category\/cintillo\/"},"img":{"alt_text":"","src":"https:\/\/i0.wp.com\/www.grieta.org.mx\/wp-content\/uploads\/2019\/10\/Estudiantes-del-CCH-Sur-anuncian-paros-por-caso-de-violaci%C3%B3n-cdmx-oct.jpg?resize=350%2C200","width":350,"height":200},"classes":[]},{"id":43996,"url":"https:\/\/www.grieta.org.mx\/index.php\/2020\/02\/06\/entregan-cch-vallejo-tras-dos-dias-de-paro-ciudad-de-mexico\/","url_meta":{"origin":33902,"position":4},"title":"Entregan CCH Vallejo tras dos d\u00edas de paro (Ciudad de M\u00e9xico)","author":"grieta","date":"6 febrero, 2020","format":false,"excerpt":"El martes pasado, un grupo de alumnos decidi\u00f3 realizar un paro de labores. Foto: Cuartoscuro\/Archivo Notimex Las actividades acad\u00e9micas y administrativas se reanudar\u00e1n ma\u00f1ana viernes 7 en los horarios acostumbrados CIUDAD DE M\u00c9XICO. La Universidad Nacional Aut\u00f3noma de M\u00e9xico inform\u00f3 que esta tarde fueron entregadas a las autoridades las instalaciones\u2026","rel":"","context":"En &quot;CINTILLO&quot;","block_context":{"text":"CINTILLO","link":"https:\/\/www.grieta.org.mx\/index.php\/category\/cintillo\/"},"img":{"alt_text":"","src":"https:\/\/i0.wp.com\/www.grieta.org.mx\/wp-content\/uploads\/2020\/02\/Entregan-CCH-Vallejo-tras-dos-d%C3%ADas-de-paro-cdmx-feb.jpg?resize=350%2C200&ssl=1","width":350,"height":200,"srcset":"https:\/\/i0.wp.com\/www.grieta.org.mx\/wp-content\/uploads\/2020\/02\/Entregan-CCH-Vallejo-tras-dos-d%C3%ADas-de-paro-cdmx-feb.jpg?resize=350%2C200&ssl=1 1x, https:\/\/i0.wp.com\/www.grieta.org.mx\/wp-content\/uploads\/2020\/02\/Entregan-CCH-Vallejo-tras-dos-d%C3%ADas-de-paro-cdmx-feb.jpg?resize=525%2C300&ssl=1 1.5x"},"classes":[]},{"id":41420,"url":"https:\/\/www.grieta.org.mx\/index.php\/2019\/11\/19\/por-denuncias-de-acoso-cch-azcapotzalco-suspende-clases-este-miercoles-ciudad-de-mexico\/","url_meta":{"origin":33902,"position":5},"title":"Por denuncias de acoso, CCH Azcapotzalco suspende clases este mi\u00e9rcoles (Ciudad de M\u00e9xico)","author":"grieta","date":"19 noviembre, 2019","format":false,"excerpt":"Milenio Estudiantes realizaron una asamblea donde denunciaron casos de violencia de g\u00e9nero, por lo que autoridades informaron que el jueves y viernes la Unidad para la Atenci\u00f3n y Seguimiento de Denuncias estar\u00e1 en el plantel. La direcci\u00f3n del Colegio de Ciencias y Humanidades (CCH) Azcapotzalco inform\u00f3 que suspender\u00e1 las clases\u2026","rel":"","context":"En &quot;CINTILLO&quot;","block_context":{"text":"CINTILLO","link":"https:\/\/www.grieta.org.mx\/index.php\/category\/cintillo\/"},"img":{"alt_text":"","src":"https:\/\/i0.wp.com\/www.grieta.org.mx\/wp-content\/uploads\/2019\/11\/Por-denuncias-de-acoso-CCH-Azcapotzalco-suspende-clases-este-mi%C3%A9rcoles-cdmx-nov.jpg?resize=350%2C200&ssl=1","width":350,"height":200,"srcset":"https:\/\/i0.wp.com\/www.grieta.org.mx\/wp-content\/uploads\/2019\/11\/Por-denuncias-de-acoso-CCH-Azcapotzalco-suspende-clases-este-mi%C3%A9rcoles-cdmx-nov.jpg?resize=350%2C200&ssl=1 1x, https:\/\/i0.wp.com\/www.grieta.org.mx\/wp-content\/uploads\/2019\/11\/Por-denuncias-de-acoso-CCH-Azcapotzalco-suspende-clases-este-mi%C3%A9rcoles-cdmx-nov.jpg?resize=525%2C300&ssl=1 1.5x, https:\/\/i0.wp.com\/www.grieta.org.mx\/wp-content\/uploads\/2019\/11\/Por-denuncias-de-acoso-CCH-Azcapotzalco-suspende-clases-este-mi%C3%A9rcoles-cdmx-nov.jpg?resize=700%2C400&ssl=1 2x"},"classes":[]}],"_links":{"self":[{"href":"https:\/\/www.grieta.org.mx\/index.php\/wp-json\/wp\/v2\/posts\/33902","targetHints":{"allow":["GET"]}}],"collection":[{"href":"https:\/\/www.grieta.org.mx\/index.php\/wp-json\/wp\/v2\/posts"}],"about":[{"href":"https:\/\/www.grieta.org.mx\/index.php\/wp-json\/wp\/v2\/types\/post"}],"author":[{"embeddable":true,"href":"https:\/\/www.grieta.org.mx\/index.php\/wp-json\/wp\/v2\/users\/2"}],"replies":[{"embeddable":true,"href":"https:\/\/www.grieta.org.mx\/index.php\/wp-json\/wp\/v2\/comments?post=33902"}],"version-history":[{"count":1,"href":"https:\/\/www.grieta.org.mx\/index.php\/wp-json\/wp\/v2\/posts\/33902\/revisions"}],"predecessor-version":[{"id":33906,"href":"https:\/\/www.grieta.org.mx\/index.php\/wp-json\/wp\/v2\/posts\/33902\/revisions\/33906"}],"wp:featuredmedia":[{"embeddable":true,"href":"https:\/\/www.grieta.org.mx\/index.php\/wp-json\/wp\/v2\/media\/33903"}],"wp:attachment":[{"href":"https:\/\/www.grieta.org.mx\/index.php\/wp-json\/wp\/v2\/media?parent=33902"}],"wp:term":[{"taxonomy":"category","embeddable":true,"href":"https:\/\/www.grieta.org.mx\/index.php\/wp-json\/wp\/v2\/categories?post=33902"},{"taxonomy":"post_tag","embeddable":true,"href":"https:\/\/www.grieta.org.mx\/index.php\/wp-json\/wp\/v2\/tags?post=33902"}],"curies":[{"name":"wp","href":"https:\/\/api.w.org\/{rel}","templated":true}]}}