{"id":33872,"date":"2019-05-24T10:03:12","date_gmt":"2019-05-24T15:03:12","guid":{"rendered":"http:\/\/www.grieta.org.mx\/?p=33872"},"modified":"2019-05-26T10:29:30","modified_gmt":"2019-05-26T15:29:30","slug":"musica-y-baile-para-celebrar-la-resistencia-en-la-cafeteria-comandanta-ramona","status":"publish","type":"post","link":"https:\/\/www.grieta.org.mx\/index.php\/2019\/05\/24\/musica-y-baile-para-celebrar-la-resistencia-en-la-cafeteria-comandanta-ramona\/","title":{"rendered":"M\u00fasica y  baile para celebrar la resistencia en la Cafeter\u00eda Comandanta Ramona"},"content":{"rendered":"<p><img loading=\"lazy\" decoding=\"async\" data-attachment-id=\"33874\" data-permalink=\"https:\/\/www.grieta.org.mx\/index.php\/2019\/05\/24\/musica-y-baile-para-celebrar-la-resistencia-en-la-cafeteria-comandanta-ramona\/foto1b\/\" data-orig-file=\"https:\/\/www.grieta.org.mx\/wp-content\/uploads\/2019\/05\/Foto1B.jpg\" data-orig-size=\"539,400\" data-comments-opened=\"0\" data-image-meta=\"{&quot;aperture&quot;:&quot;2.2&quot;,&quot;credit&quot;:&quot;&quot;,&quot;camera&quot;:&quot;HTC Desire 650&quot;,&quot;caption&quot;:&quot;&quot;,&quot;created_timestamp&quot;:&quot;1558198392&quot;,&quot;copyright&quot;:&quot;&quot;,&quot;focal_length&quot;:&quot;3.81&quot;,&quot;iso&quot;:&quot;200&quot;,&quot;shutter_speed&quot;:&quot;0.041666666666667&quot;,&quot;title&quot;:&quot;&quot;,&quot;orientation&quot;:&quot;1&quot;}\" data-image-title=\"Foto1B\" data-image-description=\"\" data-image-caption=\"\" data-medium-file=\"https:\/\/www.grieta.org.mx\/wp-content\/uploads\/2019\/05\/Foto1B-300x223.jpg\" data-large-file=\"https:\/\/www.grieta.org.mx\/wp-content\/uploads\/2019\/05\/Foto1B.jpg\" class=\"aligncenter wp-image-33874 size-full\" src=\"http:\/\/www.grieta.org.mx\/wp-content\/uploads\/2019\/05\/Foto1B.jpg\" alt=\"\" width=\"539\" height=\"400\" srcset=\"https:\/\/www.grieta.org.mx\/wp-content\/uploads\/2019\/05\/Foto1B.jpg 539w, https:\/\/www.grieta.org.mx\/wp-content\/uploads\/2019\/05\/Foto1B-300x223.jpg 300w\" sizes=\"auto, (max-width: 539px) 100vw, 539px\" \/><\/p>\n<p>Colectivo Grieta, 24 de mayo de 2019.<br \/>\nEl pasado s\u00e1bado 18 de mayo en la cafeter\u00eda Comandanta Ramona varias decenas de personas se reunieron a celebrar la resistencia frente a la tormenta con m\u00fasica y baile. Desde las 17:00 hrs. comenz\u00f3 sonaron las percusiones y alientos de los grupos de salsa, Uno Ca\u00f1a y posteriormente Palo de Ron. Como parte de las actividades que cada s\u00e1bado se realizan en el Rinc\u00f3n Zapatista y Cafeter\u00eda Comandata Ramona, estos grupos de salsa pusieron su quehacer y su ritmo para apoyar la rebeld\u00eda frente al sistema capitalista. Sin importar lo reducido del espacio, en una escena propia del realismo m\u00e1gico se sumaban y sumaban instrumentos, micr\u00f3fonos, cables, m\u00fasicos, bailadores, comensales y mucho movimiento, la vida misma que celebramos y defendemos.<\/p>\n<p>&nbsp;<\/p>\n<p><img loading=\"lazy\" decoding=\"async\" data-attachment-id=\"33875\" data-permalink=\"https:\/\/www.grieta.org.mx\/index.php\/2019\/05\/24\/musica-y-baile-para-celebrar-la-resistencia-en-la-cafeteria-comandanta-ramona\/foto2b\/\" data-orig-file=\"https:\/\/www.grieta.org.mx\/wp-content\/uploads\/2019\/05\/Foto2B.jpg\" data-orig-size=\"1389,1031\" data-comments-opened=\"0\" data-image-meta=\"{&quot;aperture&quot;:&quot;2.2&quot;,&quot;credit&quot;:&quot;&quot;,&quot;camera&quot;:&quot;HTC Desire 650&quot;,&quot;caption&quot;:&quot;&quot;,&quot;created_timestamp&quot;:&quot;1558198888&quot;,&quot;copyright&quot;:&quot;&quot;,&quot;focal_length&quot;:&quot;3.81&quot;,&quot;iso&quot;:&quot;160&quot;,&quot;shutter_speed&quot;:&quot;0.041666666666667&quot;,&quot;title&quot;:&quot;&quot;,&quot;orientation&quot;:&quot;1&quot;}\" data-image-title=\"Foto2B\" data-image-description=\"\" data-image-caption=\"\" data-medium-file=\"https:\/\/www.grieta.org.mx\/wp-content\/uploads\/2019\/05\/Foto2B-300x223.jpg\" data-large-file=\"https:\/\/www.grieta.org.mx\/wp-content\/uploads\/2019\/05\/Foto2B-1024x760.jpg\" class=\"aligncenter wp-image-33875 size-large\" src=\"http:\/\/www.grieta.org.mx\/wp-content\/uploads\/2019\/05\/Foto2B-1024x760.jpg\" alt=\"\" width=\"1024\" height=\"760\" srcset=\"https:\/\/www.grieta.org.mx\/wp-content\/uploads\/2019\/05\/Foto2B-1024x760.jpg 1024w, https:\/\/www.grieta.org.mx\/wp-content\/uploads\/2019\/05\/Foto2B-300x223.jpg 300w, https:\/\/www.grieta.org.mx\/wp-content\/uploads\/2019\/05\/Foto2B-768x570.jpg 768w, https:\/\/www.grieta.org.mx\/wp-content\/uploads\/2019\/05\/Foto2B-674x500.jpg 674w, https:\/\/www.grieta.org.mx\/wp-content\/uploads\/2019\/05\/Foto2B.jpg 1389w\" sizes=\"auto, (max-width: 1024px) 100vw, 1024px\" \/><\/p>\n<p><img loading=\"lazy\" decoding=\"async\" data-attachment-id=\"33876\" data-permalink=\"https:\/\/www.grieta.org.mx\/index.php\/2019\/05\/24\/musica-y-baile-para-celebrar-la-resistencia-en-la-cafeteria-comandanta-ramona\/foto3b\/\" data-orig-file=\"https:\/\/www.grieta.org.mx\/wp-content\/uploads\/2019\/05\/Foto3B.jpg\" data-orig-size=\"1389,1031\" data-comments-opened=\"0\" data-image-meta=\"{&quot;aperture&quot;:&quot;2.2&quot;,&quot;credit&quot;:&quot;&quot;,&quot;camera&quot;:&quot;HTC Desire 650&quot;,&quot;caption&quot;:&quot;&quot;,&quot;created_timestamp&quot;:&quot;1558198426&quot;,&quot;copyright&quot;:&quot;&quot;,&quot;focal_length&quot;:&quot;3.81&quot;,&quot;iso&quot;:&quot;320&quot;,&quot;shutter_speed&quot;:&quot;0.041666666666667&quot;,&quot;title&quot;:&quot;&quot;,&quot;orientation&quot;:&quot;1&quot;}\" data-image-title=\"Foto3B\" data-image-description=\"\" data-image-caption=\"\" data-medium-file=\"https:\/\/www.grieta.org.mx\/wp-content\/uploads\/2019\/05\/Foto3B-300x223.jpg\" data-large-file=\"https:\/\/www.grieta.org.mx\/wp-content\/uploads\/2019\/05\/Foto3B-1024x760.jpg\" class=\"aligncenter wp-image-33876 size-large\" src=\"http:\/\/www.grieta.org.mx\/wp-content\/uploads\/2019\/05\/Foto3B-1024x760.jpg\" alt=\"\" width=\"1024\" height=\"760\" srcset=\"https:\/\/www.grieta.org.mx\/wp-content\/uploads\/2019\/05\/Foto3B-1024x760.jpg 1024w, https:\/\/www.grieta.org.mx\/wp-content\/uploads\/2019\/05\/Foto3B-300x223.jpg 300w, https:\/\/www.grieta.org.mx\/wp-content\/uploads\/2019\/05\/Foto3B-768x570.jpg 768w, https:\/\/www.grieta.org.mx\/wp-content\/uploads\/2019\/05\/Foto3B-674x500.jpg 674w, https:\/\/www.grieta.org.mx\/wp-content\/uploads\/2019\/05\/Foto3B.jpg 1389w\" sizes=\"auto, (max-width: 1024px) 100vw, 1024px\" \/><\/p>\n<p><img loading=\"lazy\" decoding=\"async\" data-attachment-id=\"33877\" data-permalink=\"https:\/\/www.grieta.org.mx\/index.php\/2019\/05\/24\/musica-y-baile-para-celebrar-la-resistencia-en-la-cafeteria-comandanta-ramona\/foto4b\/\" data-orig-file=\"https:\/\/www.grieta.org.mx\/wp-content\/uploads\/2019\/05\/Foto4B.jpg\" data-orig-size=\"1389,1031\" data-comments-opened=\"0\" data-image-meta=\"{&quot;aperture&quot;:&quot;2.2&quot;,&quot;credit&quot;:&quot;&quot;,&quot;camera&quot;:&quot;HTC Desire 650&quot;,&quot;caption&quot;:&quot;&quot;,&quot;created_timestamp&quot;:&quot;1558198401&quot;,&quot;copyright&quot;:&quot;&quot;,&quot;focal_length&quot;:&quot;3.81&quot;,&quot;iso&quot;:&quot;160&quot;,&quot;shutter_speed&quot;:&quot;0.041666666666667&quot;,&quot;title&quot;:&quot;&quot;,&quot;orientation&quot;:&quot;1&quot;}\" data-image-title=\"Foto4B\" data-image-description=\"\" data-image-caption=\"\" data-medium-file=\"https:\/\/www.grieta.org.mx\/wp-content\/uploads\/2019\/05\/Foto4B-300x223.jpg\" data-large-file=\"https:\/\/www.grieta.org.mx\/wp-content\/uploads\/2019\/05\/Foto4B-1024x760.jpg\" class=\"alignleft size-medium wp-image-33877\" src=\"http:\/\/www.grieta.org.mx\/wp-content\/uploads\/2019\/05\/Foto4B-300x223.jpg\" alt=\"\" width=\"300\" height=\"223\" srcset=\"https:\/\/www.grieta.org.mx\/wp-content\/uploads\/2019\/05\/Foto4B-300x223.jpg 300w, https:\/\/www.grieta.org.mx\/wp-content\/uploads\/2019\/05\/Foto4B-768x570.jpg 768w, https:\/\/www.grieta.org.mx\/wp-content\/uploads\/2019\/05\/Foto4B-1024x760.jpg 1024w, https:\/\/www.grieta.org.mx\/wp-content\/uploads\/2019\/05\/Foto4B-674x500.jpg 674w, https:\/\/www.grieta.org.mx\/wp-content\/uploads\/2019\/05\/Foto4B.jpg 1389w\" sizes=\"auto, (max-width: 300px) 100vw, 300px\" \/><\/p>\n","protected":false},"excerpt":{"rendered":"<p>Colectivo Grieta, 24 de mayo de 2019. El pasado s\u00e1bado 18 de mayo en la cafeter\u00eda Comandanta Ramona varias decenas de personas se reunieron a celebrar la resistencia frente a &hellip; <a href=\"https:\/\/www.grieta.org.mx\/index.php\/2019\/05\/24\/musica-y-baile-para-celebrar-la-resistencia-en-la-cafeteria-comandanta-ramona\/\" class=\"more-link\">Leer m\u00e1s<\/a><\/p>\n","protected":false},"author":2,"featured_media":33874,"comment_status":"closed","ping_status":"closed","sticky":false,"template":"","format":"standard","meta":{"ngg_post_thumbnail":0,"_jetpack_newsletter_access":"","_jetpack_dont_email_post_to_subs":false,"_jetpack_newsletter_tier_id":0,"_jetpack_memberships_contains_paywalled_content":false,"_jetpack_memberships_contains_paid_content":false,"footnotes":""},"categories":[80,14,2219],"tags":[461],"class_list":["post-33872","post","type-post","status-publish","format-standard","has-post-thumbnail","hentry","category-cintillo","category-ciudad-de-mexico","category-resistencias-en-la-ciudad-de-mexico","tag-resistencia","entry"],"jetpack_featured_media_url":"https:\/\/www.grieta.org.mx\/wp-content\/uploads\/2019\/05\/Foto1B.jpg","jetpack_sharing_enabled":true,"jetpack_shortlink":"https:\/\/wp.me\/p7ZJR4-8Ok","jetpack_likes_enabled":false,"jetpack-related-posts":[{"id":33090,"url":"https:\/\/www.grieta.org.mx\/index.php\/2019\/05\/08\/no-sucumbio-la-eternidad-en-la-cafeteria-comandanta-ramona\/","url_meta":{"origin":33872,"position":0},"title":"No sucumbi\u00f3 la eternidad\u2026 en la Cafeter\u00eda Comandanta Ramona.","author":"grieta","date":"8 mayo, 2019","format":false,"excerpt":"\u00a0 Colectivo Grieta \u00a0 El s\u00e1bado 4 de mayo en la Cafeter\u00eda Comandanta Ramona ubicada en la calle de Zapotecos 7, en la Colonia Obrera, se proyect\u00f3 la opera prima de Daniela Rea, llamada \u201cNo sucumbi\u00f3 la eternidad\u201d. En el documental se cuenta la historia de Alicia R\u00edos y Liliana\u2026","rel":"","context":"En &quot;CINTILLO&quot;","block_context":{"text":"CINTILLO","link":"https:\/\/www.grieta.org.mx\/index.php\/category\/cintillo\/"},"img":{"alt_text":"","src":"https:\/\/i0.wp.com\/www.grieta.org.mx\/wp-content\/uploads\/2019\/05\/f7c491d1-70b3-48a2-8a9d-0f7034ab4a0b.jpg?resize=350%2C200&ssl=1","width":350,"height":200,"srcset":"https:\/\/i0.wp.com\/www.grieta.org.mx\/wp-content\/uploads\/2019\/05\/f7c491d1-70b3-48a2-8a9d-0f7034ab4a0b.jpg?resize=350%2C200&ssl=1 1x, https:\/\/i0.wp.com\/www.grieta.org.mx\/wp-content\/uploads\/2019\/05\/f7c491d1-70b3-48a2-8a9d-0f7034ab4a0b.jpg?resize=525%2C300&ssl=1 1.5x, https:\/\/i0.wp.com\/www.grieta.org.mx\/wp-content\/uploads\/2019\/05\/f7c491d1-70b3-48a2-8a9d-0f7034ab4a0b.jpg?resize=700%2C400&ssl=1 2x, https:\/\/i0.wp.com\/www.grieta.org.mx\/wp-content\/uploads\/2019\/05\/f7c491d1-70b3-48a2-8a9d-0f7034ab4a0b.jpg?resize=1050%2C600&ssl=1 3x"},"classes":[]},{"id":32742,"url":"https:\/\/www.grieta.org.mx\/index.php\/2019\/04\/30\/por-un-mundo-donde-quepan-lxs-ninxs-celebran-a-lxs-ninxs-con-musica-baile-y-creatividad-en-el-festival-los-zapatitos-de-zapata\/","url_meta":{"origin":33872,"position":1},"title":"Por un mundo donde quepan las ni\u00f1as y los ni\u00f1os: m\u00fasica, baile y creatividad en el festival &#8220;Los zapatitos de Zapata&#8221;.","author":"grieta","date":"30 abril, 2019","format":false,"excerpt":"Colectivo Grieta, 30 de abril de 2019. El pasado 27 de abril en el local de Carmona y Valle #62 de la Ciudad de M\u00e9xico se desaroll\u00f3 un festival dedicado a las ni\u00f1as y a los ni\u00f1os, para cultivar la imaginaci\u00f3n y la alegr\u00eda. Como parte de este evento se\u2026","rel":"","context":"En &quot;CINTILLO&quot;","block_context":{"text":"CINTILLO","link":"https:\/\/www.grieta.org.mx\/index.php\/category\/cintillo\/"},"img":{"alt_text":"","src":"https:\/\/i0.wp.com\/www.grieta.org.mx\/wp-content\/uploads\/2019\/04\/2019-04-30-21.28.06.jpg?resize=350%2C200&ssl=1","width":350,"height":200,"srcset":"https:\/\/i0.wp.com\/www.grieta.org.mx\/wp-content\/uploads\/2019\/04\/2019-04-30-21.28.06.jpg?resize=350%2C200&ssl=1 1x, https:\/\/i0.wp.com\/www.grieta.org.mx\/wp-content\/uploads\/2019\/04\/2019-04-30-21.28.06.jpg?resize=525%2C300&ssl=1 1.5x, https:\/\/i0.wp.com\/www.grieta.org.mx\/wp-content\/uploads\/2019\/04\/2019-04-30-21.28.06.jpg?resize=700%2C400&ssl=1 2x, https:\/\/i0.wp.com\/www.grieta.org.mx\/wp-content\/uploads\/2019\/04\/2019-04-30-21.28.06.jpg?resize=1050%2C600&ssl=1 3x"},"classes":[]},{"id":41244,"url":"https:\/\/www.grieta.org.mx\/index.php\/2019\/11\/17\/celebracion-del-36-aniversario-del-ezln-en-la-ciudad-de-mexico\/","url_meta":{"origin":33872,"position":2},"title":"Celebraci\u00f3n del 36 aniversario del EZLN en la Ciudad de M\u00e9xico","author":"grieta","date":"17 noviembre, 2019","format":false,"excerpt":"Colectivo Grieta 17 de noviembre del 2019 \u201c[\u2026] la noche se ha adelantado debajo de los grandes \u00e1rboles y, ayudados por l\u00e1mparas de mano, estos hombres y mujeres ponen techo de pl\u00e1stico con un cord\u00f3n como travesa\u00f1o, amarran sus hamacas, buscan le\u00f1a seca y, prendi\u00e9ndole fuego a una bolsita de\u2026","rel":"","context":"En &quot;CINTILLO&quot;","block_context":{"text":"CINTILLO","link":"https:\/\/www.grieta.org.mx\/index.php\/category\/cintillo\/"},"img":{"alt_text":"","src":"https:\/\/i0.wp.com\/www.grieta.org.mx\/wp-content\/uploads\/2019\/11\/IMG_4138-2.jpg?resize=350%2C200&ssl=1","width":350,"height":200,"srcset":"https:\/\/i0.wp.com\/www.grieta.org.mx\/wp-content\/uploads\/2019\/11\/IMG_4138-2.jpg?resize=350%2C200&ssl=1 1x, https:\/\/i0.wp.com\/www.grieta.org.mx\/wp-content\/uploads\/2019\/11\/IMG_4138-2.jpg?resize=525%2C300&ssl=1 1.5x, https:\/\/i0.wp.com\/www.grieta.org.mx\/wp-content\/uploads\/2019\/11\/IMG_4138-2.jpg?resize=700%2C400&ssl=1 2x, https:\/\/i0.wp.com\/www.grieta.org.mx\/wp-content\/uploads\/2019\/11\/IMG_4138-2.jpg?resize=1050%2C600&ssl=1 3x, https:\/\/i0.wp.com\/www.grieta.org.mx\/wp-content\/uploads\/2019\/11\/IMG_4138-2.jpg?resize=1400%2C800&ssl=1 4x"},"classes":[]},{"id":41744,"url":"https:\/\/www.grieta.org.mx\/index.php\/2019\/12\/01\/a-sandunguear-vivos-y-muertos-celebracion-del-36-aniversario-del-ezln-en-la-ciudad-de-mexico\/","url_meta":{"origin":33872,"position":3},"title":"\u201cA sandunguear vivos y muertos\u201d: Celebraci\u00f3n del 36 aniversario del EZLN en la Ciudad de M\u00e9xico","author":"grieta","date":"1 diciembre, 2019","format":false,"excerpt":"Colectivo Grieta Como parte de las actividades que se est\u00e1n llevando a cabo en el Rinc\u00f3n Zapatista y Cafeter\u00eda Comandanta Ramona en el mes del 36 aniversario del Ejercito Zapatistas de Liberaci\u00f3n Nacional, el s\u00e1bado 23 de noviembre se realiz\u00f3 la exhibici\u00f3n del video \u201cCompARTE en 2018\u201d y la presentaci\u00f3n\u2026","rel":"","context":"En &quot;CINTILLO&quot;","block_context":{"text":"CINTILLO","link":"https:\/\/www.grieta.org.mx\/index.php\/category\/cintillo\/"},"img":{"alt_text":"","src":"https:\/\/i0.wp.com\/www.grieta.org.mx\/wp-content\/uploads\/2019\/12\/photo_2019-12-01_22-17-45.jpg?resize=350%2C200&ssl=1","width":350,"height":200,"srcset":"https:\/\/i0.wp.com\/www.grieta.org.mx\/wp-content\/uploads\/2019\/12\/photo_2019-12-01_22-17-45.jpg?resize=350%2C200&ssl=1 1x, https:\/\/i0.wp.com\/www.grieta.org.mx\/wp-content\/uploads\/2019\/12\/photo_2019-12-01_22-17-45.jpg?resize=525%2C300&ssl=1 1.5x, https:\/\/i0.wp.com\/www.grieta.org.mx\/wp-content\/uploads\/2019\/12\/photo_2019-12-01_22-17-45.jpg?resize=700%2C400&ssl=1 2x, https:\/\/i0.wp.com\/www.grieta.org.mx\/wp-content\/uploads\/2019\/12\/photo_2019-12-01_22-17-45.jpg?resize=1050%2C600&ssl=1 3x"},"classes":[]},{"id":32210,"url":"https:\/\/www.grieta.org.mx\/index.php\/2019\/04\/15\/salzapateando-diseno-salsa-y-resistencia-en-conmemoracion-del-asesinato-de-emiliano-zapata\/","url_meta":{"origin":33872,"position":4},"title":"Salzapateando: Dise\u00f1o, salsa y resistencia en conmemoraci\u00f3n del asesinato de Emiliano Zapata","author":"grieta","date":"15 abril, 2019","format":false,"excerpt":"Colectivo Grieta El pasado S\u00e1bado 13 de abril continuaron las actividades en conmemoraci\u00f3n del asesinato del General Emiliano Zapata. De la misma manera que hace 15 d\u00edas, el auditorio de Carmona y Valle se visti\u00f3 con una exposici\u00f3n, talleres de baile y m\u00fasica en un evento llamado \"Salzapateando\". Los talleres\u2026","rel":"","context":"En &quot;CINTILLO&quot;","block_context":{"text":"CINTILLO","link":"https:\/\/www.grieta.org.mx\/index.php\/category\/cintillo\/"},"img":{"alt_text":"","src":"https:\/\/i0.wp.com\/www.grieta.org.mx\/wp-content\/uploads\/2019\/04\/newproject_1_original.jpg?resize=350%2C200&ssl=1","width":350,"height":200,"srcset":"https:\/\/i0.wp.com\/www.grieta.org.mx\/wp-content\/uploads\/2019\/04\/newproject_1_original.jpg?resize=350%2C200&ssl=1 1x, https:\/\/i0.wp.com\/www.grieta.org.mx\/wp-content\/uploads\/2019\/04\/newproject_1_original.jpg?resize=525%2C300&ssl=1 1.5x, https:\/\/i0.wp.com\/www.grieta.org.mx\/wp-content\/uploads\/2019\/04\/newproject_1_original.jpg?resize=700%2C400&ssl=1 2x, https:\/\/i0.wp.com\/www.grieta.org.mx\/wp-content\/uploads\/2019\/04\/newproject_1_original.jpg?resize=1050%2C600&ssl=1 3x"},"classes":[]},{"id":31612,"url":"https:\/\/www.grieta.org.mx\/index.php\/2019\/04\/01\/arte-musica-y-baile-a-100-anos-del-asesinato-del-general-emiliano-zapata\/","url_meta":{"origin":33872,"position":5},"title":"Arte, m\u00fasica y baile a 100 a\u00f1os del asesinato del General Emiliano Zapata","author":"grieta","date":"1 abril, 2019","format":false,"excerpt":"Colectivo Grieta El s\u00e1bado 30 de marzo del 2019 se organiz\u00f3 una jornada de celebraci\u00f3n de la vida del General Emiliano Zapata a 100 a\u00f1os de su asesinato. A lo largo del d\u00eda en el auditorio de la calle Dr. Carmona y Valle en la colonia Doctores, se impartieron talleres\u2026","rel":"","context":"En &quot;CINTILLO&quot;","block_context":{"text":"CINTILLO","link":"https:\/\/www.grieta.org.mx\/index.php\/category\/cintillo\/"},"img":{"alt_text":"","src":"https:\/\/i0.wp.com\/www.grieta.org.mx\/wp-content\/uploads\/2019\/04\/photo_2019-04-02-12.40.09.jpeg?resize=350%2C200&ssl=1","width":350,"height":200,"srcset":"https:\/\/i0.wp.com\/www.grieta.org.mx\/wp-content\/uploads\/2019\/04\/photo_2019-04-02-12.40.09.jpeg?resize=350%2C200&ssl=1 1x, https:\/\/i0.wp.com\/www.grieta.org.mx\/wp-content\/uploads\/2019\/04\/photo_2019-04-02-12.40.09.jpeg?resize=525%2C300&ssl=1 1.5x, https:\/\/i0.wp.com\/www.grieta.org.mx\/wp-content\/uploads\/2019\/04\/photo_2019-04-02-12.40.09.jpeg?resize=700%2C400&ssl=1 2x, https:\/\/i0.wp.com\/www.grieta.org.mx\/wp-content\/uploads\/2019\/04\/photo_2019-04-02-12.40.09.jpeg?resize=1050%2C600&ssl=1 3x"},"classes":[]}],"_links":{"self":[{"href":"https:\/\/www.grieta.org.mx\/index.php\/wp-json\/wp\/v2\/posts\/33872","targetHints":{"allow":["GET"]}}],"collection":[{"href":"https:\/\/www.grieta.org.mx\/index.php\/wp-json\/wp\/v2\/posts"}],"about":[{"href":"https:\/\/www.grieta.org.mx\/index.php\/wp-json\/wp\/v2\/types\/post"}],"author":[{"embeddable":true,"href":"https:\/\/www.grieta.org.mx\/index.php\/wp-json\/wp\/v2\/users\/2"}],"replies":[{"embeddable":true,"href":"https:\/\/www.grieta.org.mx\/index.php\/wp-json\/wp\/v2\/comments?post=33872"}],"version-history":[{"count":1,"href":"https:\/\/www.grieta.org.mx\/index.php\/wp-json\/wp\/v2\/posts\/33872\/revisions"}],"predecessor-version":[{"id":33890,"href":"https:\/\/www.grieta.org.mx\/index.php\/wp-json\/wp\/v2\/posts\/33872\/revisions\/33890"}],"wp:featuredmedia":[{"embeddable":true,"href":"https:\/\/www.grieta.org.mx\/index.php\/wp-json\/wp\/v2\/media\/33874"}],"wp:attachment":[{"href":"https:\/\/www.grieta.org.mx\/index.php\/wp-json\/wp\/v2\/media?parent=33872"}],"wp:term":[{"taxonomy":"category","embeddable":true,"href":"https:\/\/www.grieta.org.mx\/index.php\/wp-json\/wp\/v2\/categories?post=33872"},{"taxonomy":"post_tag","embeddable":true,"href":"https:\/\/www.grieta.org.mx\/index.php\/wp-json\/wp\/v2\/tags?post=33872"}],"curies":[{"name":"wp","href":"https:\/\/api.w.org\/{rel}","templated":true}]}}