{"id":33842,"date":"2019-05-18T19:13:36","date_gmt":"2019-05-19T00:13:36","guid":{"rendered":"http:\/\/www.grieta.org.mx\/?p=33842"},"modified":"2019-05-23T19:24:28","modified_gmt":"2019-05-24T00:24:28","slug":"bloquean-sede-de-pemex-yucatan","status":"publish","type":"post","link":"https:\/\/www.grieta.org.mx\/index.php\/2019\/05\/18\/bloquean-sede-de-pemex-yucatan\/","title":{"rendered":"Bloquean sede de Pemex (Yucat\u00e1n)"},"content":{"rendered":"<p><img loading=\"lazy\" decoding=\"async\" data-attachment-id=\"33843\" data-permalink=\"https:\/\/www.grieta.org.mx\/index.php\/2019\/05\/18\/bloquean-sede-de-pemex-yucatan\/img-27405320\/\" data-orig-file=\"https:\/\/www.grieta.org.mx\/wp-content\/uploads\/2019\/05\/IMG-27405320.jpg\" data-orig-size=\"800,505\" data-comments-opened=\"0\" data-image-meta=\"{&quot;aperture&quot;:&quot;0&quot;,&quot;credit&quot;:&quot;&quot;,&quot;camera&quot;:&quot;&quot;,&quot;caption&quot;:&quot;&quot;,&quot;created_timestamp&quot;:&quot;0&quot;,&quot;copyright&quot;:&quot;&quot;,&quot;focal_length&quot;:&quot;0&quot;,&quot;iso&quot;:&quot;0&quot;,&quot;shutter_speed&quot;:&quot;0&quot;,&quot;title&quot;:&quot;&quot;,&quot;orientation&quot;:&quot;0&quot;}\" data-image-title=\"IMG-27405320\" data-image-description=\"\" data-image-caption=\"\" data-medium-file=\"https:\/\/www.grieta.org.mx\/wp-content\/uploads\/2019\/05\/IMG-27405320-300x189.jpg\" data-large-file=\"https:\/\/www.grieta.org.mx\/wp-content\/uploads\/2019\/05\/IMG-27405320.jpg\" src=\"http:\/\/www.grieta.org.mx\/wp-content\/uploads\/2019\/05\/IMG-27405320.jpg\" alt=\"\" width=\"800\" height=\"505\" class=\"alignleft size-full wp-image-33843\" srcset=\"https:\/\/www.grieta.org.mx\/wp-content\/uploads\/2019\/05\/IMG-27405320.jpg 800w, https:\/\/www.grieta.org.mx\/wp-content\/uploads\/2019\/05\/IMG-27405320-300x189.jpg 300w, https:\/\/www.grieta.org.mx\/wp-content\/uploads\/2019\/05\/IMG-27405320-768x485.jpg 768w, https:\/\/www.grieta.org.mx\/wp-content\/uploads\/2019\/05\/IMG-27405320-792x500.jpg 792w\" sizes=\"auto, (max-width: 800px) 100vw, 800px\" \/><\/p>\n<p>Emanuel Rinc\u00f3n Becerra\/Diario de Yucat\u00e1n<br \/>\nJubilados exigen servicios m\u00e9dicos que les adeudan<\/p>\n<p>\u00a1Ya nos carg\u00f3 el payaso!, exclam\u00f3 resignado un operador de un carro tanque el cual, sentado en la banqueta frente a las instalaciones de Pemex en la salida a Um\u00e1n, aguardaba turno para ingresar a la sede, al enterarse de que varios jubilados y pensionados de la petrolera bloqueaban los accesos y se mantendr\u00edan ah\u00ed todo el d\u00eda de ser necesario hasta que sus demandas sean atendidas y resueltas.<\/p>\n<p>Ni la torta de carne asada que desayunaba en ese instante fue suficiente para quitarle el mal sabor de boca que el hecho le produc\u00eda, pues no podr\u00eda cumplir el itinerario de su jornada.<\/p>\n<p>Una veintena de jubilados y pensionados del sindicato petrolero tom\u00f3 ayer en la ma\u00f1ana los acceso del centro de almacenamiento de Pemex, de donde salen las pipas que abastecen a todas las gasolineras de M\u00e9rida.<\/p>\n<p>Su objetivo fue protestar por el desamparo en que se encuentran respecto a servicios m\u00e9dicos desde los inicios de la reforma energ\u00e9tica del presidente Enrique Pe\u00f1a Nieto y que se agudiz\u00f3 en octubre pasado a falta de cl\u00ednicas y hospitales que les puedan brindar la atenci\u00f3n que requieren.<\/p>\n<p>Con veh\u00edculos particulares  y pancartas, a las ocho de la ma\u00f1ana los manifestantes cerraron la entrada y la salida del dep\u00f3sito de combustibles para llamar la atenci\u00f3n de la empresa, el sindicato, las autoridades y la opini\u00f3n p\u00fablica.<\/p>\n<p>Servio Rosado Aparicio, trabajador jubilado de Pemex, encabeza el grupo autodenominado \u201cPor mi Salud\u201d, que representa a los 1,300 trabajadores en Yucat\u00e1n que dieron sus mejores a\u00f1os a la empresa, desde personal administrativo hasta de plataformas, y que ahora no cuentan con servicios m\u00e9dicos, medicamentos y atenci\u00f3n de urgencias.<\/p>\n<p>Tan solo en el \u00faltimo mes, dos trabajadores jubilados perdieron la vida ante la imposibilidad de continuar sus tratamientos.<br \/>\nProblema laboral<\/p>\n<p>Las rejas del centro de distribuci\u00f3n de combustibles permanecen cerradas, al interior pipas cargadas con gasolina no pueden salir a surtir y personal de porter\u00eda sigue a la expectativa.<\/p>\n<p>Trabajadores operativos en apariencia laboran con normalidad aunque, seg\u00fan aseguran los que protestan, moralmente son solidarios con sus demandas porque eso tambi\u00e9n les afecta.<\/p>\n<p>En su caso, refirieron, se dice que los empleados temen que los sancionen o en el peor de los casos pierdan sus empleos.<\/p>\n<p>En Yucat\u00e1n hay 9,000 trabajadores de Pemex.<\/p>\n<p>Una patrulla de la Polic\u00eda Federal lleg\u00f3 al lugar, un agente se acerc\u00f3 al grupo y tom\u00f3 nota de cuanto se comenta y se lee en las mantas que expusieron bajo el ardiente sol.<\/p>\n<p>Minutos m\u00e1s tarde, dos camionetas de la SSP tambi\u00e9n arribaron solo para vigilar.<\/p>\n<p>\u201cEs una protesta pac\u00edfica para denunciar la grave situaci\u00f3n que como jubilados y pensionados nos aqueja, y que tiene que ver con los servicios m\u00e9dicos que en derecho nos corresponden y que no se brindan de forma adecuada, oportuna o suficiente\u201d, explic\u00f3 el se\u00f1or Rosado Aparicio.<\/p>\n<p>Los servicios m\u00e9dicos que recib\u00eda el personal de Pemex en Yucat\u00e1n tradicionalmente se brindaban en cl\u00ednicas y hospitales privados de la ciudad con los que la paraestatal y el sindicato petrolero ten\u00edan convenios.<\/p>\n<p>Esto cambi\u00f3 con la reforma energ\u00e9tica pe\u00f1ista, la petrolera deleg\u00f3 la prestaci\u00f3n de servicios m\u00e9dicos para su personal a la firma MAC la cual trabaja con distintos hospitales, cl\u00ednicas y m\u00e9dicos del pa\u00eds, pero que en Yucat\u00e1n no tiene presencia.<\/p>\n<p>\u201cHace mucho tiempo los trabajadores se atend\u00edan en el Centro M\u00e9dico de las Am\u00e9ricas, en el hospital Santa Elena o el Centro de Especialidades M\u00e9dicas, con la reforma energ\u00e9tica y las nuevas condiciones\u201d, dijo.<\/p>\n<p>\u201cLa empresa que brinda los servicios m\u00e9dicos nos env\u00eda al Centro de Especialidades M\u00e9dicas o al Star M\u00e9dica, pero al cabo de un tiempo nos dejan de atender porque los hospitales dejaron de recibir el pago por la atenci\u00f3n del personal de Pemex, tan solo al CEM le quedaron a deber 40 millones de pesos\u201d, coment\u00f3 el representante de \u201cPor mi salud\u201d.<\/p>\n<p>\u201cDesde octubre pasado las cosas empeoraron, para recibir atenci\u00f3n m\u00e9dica hay que ubicar de forma particular a alguno de los 15 m\u00e9dicos que se supone deben darnos atenci\u00f3n; y digo se supone porque aunque se dice que son 15 en realidad son solo siete que, en cuatro horas, deben atender a un promedio de 30 trabajadores diarios\u201d, agreg\u00f3.<\/p>\n<p>El problema es m\u00e1s complejo porque los m\u00e9dicos est\u00e1n dispersos por la ciudad y no dan servicio de urgencias ni cirug\u00edas.<\/p>\n<p>En este sentido los manifestantes se\u00f1alaron un presunto fraude en la prestaci\u00f3n del servicio m\u00e9dico porque, seg\u00fan dicen, los doctores que les atienden cobran $8,000 mensuales por cada paciente, pero MAC cobra a Pemex $300 por cada consulta.<\/p>\n<p>Los medicamentos son otro problema, las recetas se surten en la farmacia de Pemex en la avenida Col\u00f3n, que nunca est\u00e1 surtida y siempre les quedan a deber medicinas y tratamientos.<\/p>\n<p>Ah\u00ed se detecta otro presunto fraude: cada receta viene con un n\u00famero de folio, para efectos administrativos cada folio es como si fuera una consulta, de tal forma que si se emiten cuatro recetas, la firma MAC cobra a la petrolera como si se tratara de cuatro consultas.<\/p>\n<p>Las urgencias son otro problema: a falta de convenios con hospitales, los pacientes que requieren atenci\u00f3n de vida o muerte pueden ser canalizados a un hospital en Ciudad del Carmen o Tabasco o en el mejor de los escenarios, al hospital O\u2019Hor\u00e1n de M\u00e9rida.<\/p>\n<p>Los jubilados y pensionados advirtieron que muchos de ellos han visto como su patrimonio y todo el esfuerzo de su trabajo se pierde en cuesti\u00f3n de semanas a falta de servicios m\u00e9dicos de calidad, eficientes y oportunos.<\/p>\n<p>\u201cPor mi salud\u201d se ha manifestado en la sede del sindicato en las inmediaciones del Fraccionamiento del Parque, en la delegaci\u00f3n de bienestar social y entregado un documento al delegado Joaqu\u00edn D\u00edaz Mena, ante el consulado de Estados Unidos en M\u00e9rida y ahora cerraron los accesos de esas instalaciones Pemex.<\/p>\n<p>De no atenderse sus demandas, los inconformes advirtieron que cerrar\u00e1n hoy las mismas instalaciones y las de la carretera M\u00e9rida- Progreso.<\/p>\n<p>Incluso bloquear\u00edan el muelle fiscal del vecino puerto, donde opera una terminal de la petrolera.\u2014 <\/p>\n<p><a href=\"https:\/\/www.yucatan.com.mx\/merida\/bloquean-sede-de-pemex\" rel=\"noopener noreferrer\" target=\"_blank\">https:\/\/www.yucatan.com.mx\/merida\/bloquean-sede-de-pemex<\/a><\/p>\n","protected":false},"excerpt":{"rendered":"<p>Emanuel Rinc\u00f3n Becerra\/Diario de Yucat\u00e1n Jubilados exigen servicios m\u00e9dicos que les adeudan \u00a1Ya nos carg\u00f3 el payaso!, exclam\u00f3 resignado un operador de un carro tanque el cual, sentado en la &hellip; <a href=\"https:\/\/www.grieta.org.mx\/index.php\/2019\/05\/18\/bloquean-sede-de-pemex-yucatan\/\" class=\"more-link\">Leer m\u00e1s<\/a><\/p>\n","protected":false},"author":2,"featured_media":33843,"comment_status":"closed","ping_status":"closed","sticky":false,"template":"","format":"standard","meta":{"ngg_post_thumbnail":0,"_jetpack_newsletter_access":"","_jetpack_dont_email_post_to_subs":false,"_jetpack_newsletter_tier_id":0,"_jetpack_memberships_contains_paywalled_content":false,"_jetpack_memberships_contains_paid_content":false,"footnotes":""},"categories":[80,918,1105,2,83,36],"tags":[2367,125,831],"class_list":["post-33842","post","type-post","status-publish","format-standard","has-post-thumbnail","hentry","category-cintillo","category-privatizacion-del-sector-salud","category-desmantelamiento-del-sector-salud-en-yucatan","category-noticias-nacionales","category-temas-nacionales","category-yucatan","tag-crisis-en-el-sector-salud","tag-pemex","tag-sector-salud","entry"],"jetpack_featured_media_url":"https:\/\/www.grieta.org.mx\/wp-content\/uploads\/2019\/05\/IMG-27405320.jpg","jetpack_sharing_enabled":true,"jetpack_shortlink":"https:\/\/wp.me\/p7ZJR4-8NQ","jetpack_likes_enabled":false,"jetpack-related-posts":[{"id":46266,"url":"https:\/\/www.grieta.org.mx\/index.php\/2020\/03\/12\/con-ataudes-jubilados-de-pemex-protestan-contra-amlo-yucatan\/","url_meta":{"origin":33842,"position":0},"title":"Con ata\u00fades, jubilados de Pemex protestan contra AMLO (Yucat\u00e1n)","author":"grieta","date":"12 marzo, 2020","format":false,"excerpt":"Reporteros Hoy M\u00e8rida, Yucat\u00e0n; (ACOM).- Un grupo de jubilados y pensionados de Petr\u00f3leos Mexicanos (Pemex), pertenecientes al grupo \u201cLuchando por mi salud\u201d protestaron contra el presidente Andr\u00e9s Manuel L\u00f3pez Obrador, a quien acusaron de mentir debido a que no ha mejorado los servicios de salud para quienes dieron su vida\u2026","rel":"","context":"En &quot;CINTILLO&quot;","block_context":{"text":"CINTILLO","link":"https:\/\/www.grieta.org.mx\/index.php\/category\/cintillo\/"},"img":{"alt_text":"","src":"https:\/\/i0.wp.com\/www.grieta.org.mx\/wp-content\/uploads\/2020\/03\/JubiladosPemex-e1584501210159.png?resize=350%2C200&ssl=1","width":350,"height":200,"srcset":"https:\/\/i0.wp.com\/www.grieta.org.mx\/wp-content\/uploads\/2020\/03\/JubiladosPemex-e1584501210159.png?resize=350%2C200&ssl=1 1x, https:\/\/i0.wp.com\/www.grieta.org.mx\/wp-content\/uploads\/2020\/03\/JubiladosPemex-e1584501210159.png?resize=525%2C300&ssl=1 1.5x, https:\/\/i0.wp.com\/www.grieta.org.mx\/wp-content\/uploads\/2020\/03\/JubiladosPemex-e1584501210159.png?resize=700%2C400&ssl=1 2x"},"classes":[]},{"id":71263,"url":"https:\/\/www.grieta.org.mx\/index.php\/2025\/03\/11\/trabajadores-de-pemex-bloquean-entrada-al-aeropuerto-por-falta-de-medicamentos-yucatan\/","url_meta":{"origin":33842,"position":1},"title":"Trabajadores de Pemex bloquean entrada al Aeropuerto por falta de medicamentos (Yucat\u00e1n)","author":"grieta","date":"11 marzo, 2025","format":false,"excerpt":"Haz Ruido Jubilados y activos de la paraestatal aseguran que desde noviembre no les resurten las medicinas para tratar la diabetes, hipertensi\u00f3n y otras enfermedades del coraz\u00f3n. M\u00e9rida, Yucat\u00e1n, 11 de marzo de 2025.-Trabajadores jubilados y activos de Petr\u00f3leos Mexicanos (Pemex) bloquearon el acceso principal al Aeropuerto de M\u00e9rida a\u2026","rel":"","context":"En &quot;CINTILLO&quot;","block_context":{"text":"CINTILLO","link":"https:\/\/www.grieta.org.mx\/index.php\/category\/cintillo\/"},"img":{"alt_text":"","src":"https:\/\/i0.wp.com\/www.grieta.org.mx\/wp-content\/uploads\/2025\/03\/Bloqueo-e1741721184614.jpg?resize=350%2C200&ssl=1","width":350,"height":200,"srcset":"https:\/\/i0.wp.com\/www.grieta.org.mx\/wp-content\/uploads\/2025\/03\/Bloqueo-e1741721184614.jpg?resize=350%2C200&ssl=1 1x, https:\/\/i0.wp.com\/www.grieta.org.mx\/wp-content\/uploads\/2025\/03\/Bloqueo-e1741721184614.jpg?resize=525%2C300&ssl=1 1.5x, https:\/\/i0.wp.com\/www.grieta.org.mx\/wp-content\/uploads\/2025\/03\/Bloqueo-e1741721184614.jpg?resize=700%2C400&ssl=1 2x"},"classes":[]},{"id":33907,"url":"https:\/\/www.grieta.org.mx\/index.php\/2019\/05\/27\/nuevo-planton-en-planta-de-pemex-de-la-merida-uman-es-indefinido-dicen\/","url_meta":{"origin":33842,"position":2},"title":"Nuevo plant\u00f3n en planta de Pemex de la M\u00e9rida-Um\u00e1n; es indefinido, dicen","author":"grieta","date":"27 mayo, 2019","format":false,"excerpt":"Patricia Montalvo\/Yucat\u00e1n a la Mano Trabajadores en activo, jubilados y pensionados de Petr\u00f3leos Mexicanos cerraron esta ma\u00f1ana por tiempo indefinido el Centro de Distribuci\u00f3n de la principal empresa del Estado, ubicado en la carrera M\u00e9rida-Um\u00e1n, pues siguen padeciendo la falta de servicios m\u00e9dicos y hospitalizaci\u00f3n. En entrevista, Servio Rosado Aparicio\u2026","rel":"","context":"En &quot;CINTILLO&quot;","block_context":{"text":"CINTILLO","link":"https:\/\/www.grieta.org.mx\/index.php\/category\/cintillo\/"},"img":{"alt_text":"","src":"https:\/\/i0.wp.com\/www.grieta.org.mx\/wp-content\/uploads\/2019\/05\/PlantonPemex2.png?resize=350%2C200&ssl=1","width":350,"height":200,"srcset":"https:\/\/i0.wp.com\/www.grieta.org.mx\/wp-content\/uploads\/2019\/05\/PlantonPemex2.png?resize=350%2C200&ssl=1 1x, https:\/\/i0.wp.com\/www.grieta.org.mx\/wp-content\/uploads\/2019\/05\/PlantonPemex2.png?resize=525%2C300&ssl=1 1.5x, https:\/\/i0.wp.com\/www.grieta.org.mx\/wp-content\/uploads\/2019\/05\/PlantonPemex2.png?resize=700%2C400&ssl=1 2x"},"classes":[]},{"id":37021,"url":"https:\/\/www.grieta.org.mx\/index.php\/2019\/07\/24\/jubilados-de-pemex-bloquen-accesos-a-terminales-de-almacenamiento-en-yucatan\/","url_meta":{"origin":33842,"position":3},"title":"Jubilados de Pemex bloquen accesos a terminales de almacenamiento en Yucat\u00e1n","author":"grieta","date":"24 julio, 2019","format":false,"excerpt":"Rosa Santana\/Proceso M\u00c9RIDA, Yuc. (apro).- Jubilados y pensionados de Petr\u00f3leos Mexicanos (Pemex) bloquearon este mi\u00e9rcoles los accesos a las terminales de almacenamiento y reparto de combustible ubicadas en los municipios de Um\u00e1n y Progreso, para protestar por la suspensi\u00f3n de prestaciones m\u00e9dicas a las que tienen derecho. Este es el\u2026","rel":"","context":"En &quot;CINTILLO&quot;","block_context":{"text":"CINTILLO","link":"https:\/\/www.grieta.org.mx\/index.php\/category\/cintillo\/"},"img":{"alt_text":"","src":"https:\/\/i0.wp.com\/www.grieta.org.mx\/wp-content\/uploads\/2018\/03\/14524434_1106112876131411_958039263622046936_o.jpg?resize=350%2C200&ssl=1","width":350,"height":200,"srcset":"https:\/\/i0.wp.com\/www.grieta.org.mx\/wp-content\/uploads\/2018\/03\/14524434_1106112876131411_958039263622046936_o.jpg?resize=350%2C200&ssl=1 1x, https:\/\/i0.wp.com\/www.grieta.org.mx\/wp-content\/uploads\/2018\/03\/14524434_1106112876131411_958039263622046936_o.jpg?resize=525%2C300&ssl=1 1.5x, https:\/\/i0.wp.com\/www.grieta.org.mx\/wp-content\/uploads\/2018\/03\/14524434_1106112876131411_958039263622046936_o.jpg?resize=700%2C400&ssl=1 2x"},"classes":[]},{"id":65353,"url":"https:\/\/www.grieta.org.mx\/index.php\/2022\/09\/13\/jubilados-de-pemex-protestan-frente-a-la-embajada-de-eu-en-merida-exigen-atencion-medica-yucatan\/","url_meta":{"origin":33842,"position":4},"title":"Jubilados de Pemex protestan frente a la Embajada de EU en M\u00e9rida; exigen atenci\u00f3n m\u00e9dica (Yucat\u00e1n)","author":"grieta","date":"13 septiembre, 2022","format":false,"excerpt":"Por Esto! Un grupo de manifestantes se dieron cita en la calle 60 (esquina con calle 31), en M\u00e9rida, en protesta al incumplimiento de un contrato colectivo que les ha imposibilitado recibir atenci\u00f3n m\u00e9dica. Los inconformes, personas de la tercera edad, se\u00f1alan a la representante legal de la Empresa Productiva\u2026","rel":"","context":"En &quot;CINTILLO&quot;","block_context":{"text":"CINTILLO","link":"https:\/\/www.grieta.org.mx\/index.php\/category\/cintillo\/"},"img":{"alt_text":"","src":"https:\/\/i0.wp.com\/www.grieta.org.mx\/wp-content\/uploads\/2022\/10\/JubiladosPemex-e1664675095529.jpg?resize=350%2C200&ssl=1","width":350,"height":200,"srcset":"https:\/\/i0.wp.com\/www.grieta.org.mx\/wp-content\/uploads\/2022\/10\/JubiladosPemex-e1664675095529.jpg?resize=350%2C200&ssl=1 1x, https:\/\/i0.wp.com\/www.grieta.org.mx\/wp-content\/uploads\/2022\/10\/JubiladosPemex-e1664675095529.jpg?resize=525%2C300&ssl=1 1.5x, https:\/\/i0.wp.com\/www.grieta.org.mx\/wp-content\/uploads\/2022\/10\/JubiladosPemex-e1664675095529.jpg?resize=700%2C400&ssl=1 2x"},"classes":[]},{"id":50918,"url":"https:\/\/www.grieta.org.mx\/index.php\/2020\/06\/11\/jubilados-de-pemex-exigen-ser-atendidos-en-el-issste-de-merida\/","url_meta":{"origin":33842,"position":5},"title":"Jubilados de Pemex exigen ser atendidos en el ISSSTE de M\u00e9rida","author":"grieta","date":"11 junio, 2020","format":false,"excerpt":"Jubilados de Pemex protestaron frente al Consulado de Estados Unidos en M\u00e9rida. Foto: Tomada de video Peninsular Punto Medio Rosa Santana \/ Proceso M\u00c9RIDA, Yuc. (apro).- Jubilados y derechohabientes de Petr\u00f3leos Mexicanos (Pemex) de Yucat\u00e1n se plantaron este jueves frente al consulado de Estados Unidos para denunciar corrupci\u00f3n en los\u2026","rel":"","context":"En &quot;CINTILLO&quot;","block_context":{"text":"CINTILLO","link":"https:\/\/www.grieta.org.mx\/index.php\/category\/cintillo\/"},"img":{"alt_text":"","src":"https:\/\/i0.wp.com\/www.grieta.org.mx\/wp-content\/uploads\/2020\/06\/JubiladosPemex.png?resize=350%2C200&ssl=1","width":350,"height":200,"srcset":"https:\/\/i0.wp.com\/www.grieta.org.mx\/wp-content\/uploads\/2020\/06\/JubiladosPemex.png?resize=350%2C200&ssl=1 1x, https:\/\/i0.wp.com\/www.grieta.org.mx\/wp-content\/uploads\/2020\/06\/JubiladosPemex.png?resize=525%2C300&ssl=1 1.5x, https:\/\/i0.wp.com\/www.grieta.org.mx\/wp-content\/uploads\/2020\/06\/JubiladosPemex.png?resize=700%2C400&ssl=1 2x"},"classes":[]}],"_links":{"self":[{"href":"https:\/\/www.grieta.org.mx\/index.php\/wp-json\/wp\/v2\/posts\/33842","targetHints":{"allow":["GET"]}}],"collection":[{"href":"https:\/\/www.grieta.org.mx\/index.php\/wp-json\/wp\/v2\/posts"}],"about":[{"href":"https:\/\/www.grieta.org.mx\/index.php\/wp-json\/wp\/v2\/types\/post"}],"author":[{"embeddable":true,"href":"https:\/\/www.grieta.org.mx\/index.php\/wp-json\/wp\/v2\/users\/2"}],"replies":[{"embeddable":true,"href":"https:\/\/www.grieta.org.mx\/index.php\/wp-json\/wp\/v2\/comments?post=33842"}],"version-history":[{"count":1,"href":"https:\/\/www.grieta.org.mx\/index.php\/wp-json\/wp\/v2\/posts\/33842\/revisions"}],"predecessor-version":[{"id":33844,"href":"https:\/\/www.grieta.org.mx\/index.php\/wp-json\/wp\/v2\/posts\/33842\/revisions\/33844"}],"wp:featuredmedia":[{"embeddable":true,"href":"https:\/\/www.grieta.org.mx\/index.php\/wp-json\/wp\/v2\/media\/33843"}],"wp:attachment":[{"href":"https:\/\/www.grieta.org.mx\/index.php\/wp-json\/wp\/v2\/media?parent=33842"}],"wp:term":[{"taxonomy":"category","embeddable":true,"href":"https:\/\/www.grieta.org.mx\/index.php\/wp-json\/wp\/v2\/categories?post=33842"},{"taxonomy":"post_tag","embeddable":true,"href":"https:\/\/www.grieta.org.mx\/index.php\/wp-json\/wp\/v2\/tags?post=33842"}],"curies":[{"name":"wp","href":"https:\/\/api.w.org\/{rel}","templated":true}]}}