{"id":33839,"date":"2019-05-23T18:50:35","date_gmt":"2019-05-23T23:50:35","guid":{"rendered":"http:\/\/www.grieta.org.mx\/?p=33839"},"modified":"2019-05-23T18:50:35","modified_gmt":"2019-05-23T23:50:35","slug":"denuncian-instalacion-de-gasoducto-irregular-en-comunidad-indigena-de-lagos-de-moreno-jalisco","status":"publish","type":"post","link":"https:\/\/www.grieta.org.mx\/index.php\/2019\/05\/23\/denuncian-instalacion-de-gasoducto-irregular-en-comunidad-indigena-de-lagos-de-moreno-jalisco\/","title":{"rendered":"Denuncian instalaci\u00f3n de gasoducto irregular en comunidad ind\u00edgena de Lagos de Moreno, Jalisco"},"content":{"rendered":"<p><img loading=\"lazy\" decoding=\"async\" data-attachment-id=\"33840\" data-permalink=\"https:\/\/www.grieta.org.mx\/index.php\/2019\/05\/23\/denuncian-instalacion-de-gasoducto-irregular-en-comunidad-indigena-de-lagos-de-moreno-jalisco\/d7l4fetw0ai206e-1200x640\/\" data-orig-file=\"https:\/\/www.grieta.org.mx\/wp-content\/uploads\/2019\/05\/D7L4FETW0AI206E-1200x640.jpg\" data-orig-size=\"1200,640\" data-comments-opened=\"0\" data-image-meta=\"{&quot;aperture&quot;:&quot;0&quot;,&quot;credit&quot;:&quot;&quot;,&quot;camera&quot;:&quot;&quot;,&quot;caption&quot;:&quot;&quot;,&quot;created_timestamp&quot;:&quot;0&quot;,&quot;copyright&quot;:&quot;&quot;,&quot;focal_length&quot;:&quot;0&quot;,&quot;iso&quot;:&quot;0&quot;,&quot;shutter_speed&quot;:&quot;0&quot;,&quot;title&quot;:&quot;&quot;,&quot;orientation&quot;:&quot;0&quot;}\" data-image-title=\"D7L4FETW0AI206E-1200&amp;#215;640\" data-image-description=\"\" data-image-caption=\"\" data-medium-file=\"https:\/\/www.grieta.org.mx\/wp-content\/uploads\/2019\/05\/D7L4FETW0AI206E-1200x640-300x160.jpg\" data-large-file=\"https:\/\/www.grieta.org.mx\/wp-content\/uploads\/2019\/05\/D7L4FETW0AI206E-1200x640-1024x546.jpg\" class=\" wp-image-33840 aligncenter\" src=\"http:\/\/www.grieta.org.mx\/wp-content\/uploads\/2019\/05\/D7L4FETW0AI206E-1200x640.jpg\" alt=\"\" width=\"767\" height=\"409\" srcset=\"https:\/\/www.grieta.org.mx\/wp-content\/uploads\/2019\/05\/D7L4FETW0AI206E-1200x640.jpg 1200w, https:\/\/www.grieta.org.mx\/wp-content\/uploads\/2019\/05\/D7L4FETW0AI206E-1200x640-300x160.jpg 300w, https:\/\/www.grieta.org.mx\/wp-content\/uploads\/2019\/05\/D7L4FETW0AI206E-1200x640-768x410.jpg 768w, https:\/\/www.grieta.org.mx\/wp-content\/uploads\/2019\/05\/D7L4FETW0AI206E-1200x640-1024x546.jpg 1024w, https:\/\/www.grieta.org.mx\/wp-content\/uploads\/2019\/05\/D7L4FETW0AI206E-1200x640-938x500.jpg 938w\" sizes=\"auto, (max-width: 767px) 100vw, 767px\" \/><\/p>\n<p>Dalia Souza \/ Zona Docs<\/p>\n<p>La lucha que el pueblo ind\u00edgena de San Juan Bautista de La Laguna, Lagos de Moreno, realiza contra la instalaci\u00f3n de una red de gasoductos de la empresa Gas Natural del Noroeste S.A. de C.V en su comunidad, qued\u00f3 expuesta esta ma\u00f1ana en una rueda de prensa organizada por sus habitantes.<\/p>\n<p>Acompa\u00f1ados por la Uni\u00f3n de Pueblos y Organizaciones de Jalisco en Defensa del Agua, la Salud y el Territorio (UPOJAST); por el Comit\u00e9 Salvemos Temacapul\u00edn, Acasico y Palmarejo; y, por el Instituto Mexicano para el Desarrollo Comunitario A.C. (IMDEC), denunciaron la serie irregularidades y violaciones a derechos que han sufrido desde hace un a\u00f1o, luego de que esta empresa sonorense en complicidad con las autoridades municipales, iniciaron las labores de instalaci\u00f3n de una red de gasoductos dentro de su territorio, sus casas, su comunidad.<\/p>\n<p>De acuerdo con los representantes del Concejo General ind\u00edgena de San Juan Bautista de La Laguna, este proyecto energ\u00e9tico no fue consultado con los habitantes y, por lo tanto, no cuenta con su anuencia. Dos administraciones municipales han sabido del proyecto: la primera a cargo del pri\u00edsta Juan Alberto M\u00e1rquez de Anda (2015-2018) quien autoriz\u00f3 la obra y seg\u00fan advierten, recibi\u00f3 20 millones de pesos a cambio; la segunda -y actual- con el emecista Tecutli G\u00f3mez (2018-2021), mismo que se ha encargado de proteger los intereses de la empresa por sobre el bienestar de las personas que habitan esta comunidad.<\/p>\n<p>Seg\u00fan relat\u00f3 Pa\u00fal Mart\u00ednez Facio, integrante del Concejo y detenido arbitrariamente por elementos de la Fuerza \u00danica Jalisco, el pasado 13 de mayo cuando se manifestaba en contra de la instalaci\u00f3n del gasoducto, los primeros acercamientos con la empresa en febrero de 2018 fueron amistosos, sin embargo, con el tiempo fueron torn\u00e1ndose hostiles.<\/p>\n<p>Diversos ingenieros que manifestaron ser representantes de la empresa y encargados de la obra, negaron, incluso, que se tuviera conocimiento de la existencia de una comunidad dentro del plano de la ejecuci\u00f3n del proyecto. Y, si bien, dijeron mostrarse abiertos a las peticiones de la comunidad para no iniciar la instalaci\u00f3n, \u00e9stas se llevaron a cabo semanas despu\u00e9s.<\/p>\n<p>En cuatro ocasiones se han manifestado en contra de la instalaci\u00f3n de la red de gasoductos de la empresa Gas Natural del Noroeste, la \u00faltima vez que lo intentaron, cinco de sus habitantes fueron detenidos arbitrariamente por elementos de la Fuerza \u00danica Jalisco y acusados del delito de Resistencia de particulares.<\/p>\n<p><strong>Sin permisos federales y sin transparencia del proyecto<\/strong><\/p>\n<p>\u201cUn proceso oscuro\u201d rodea la instalaci\u00f3n de este gasoducto en la comunidad ind\u00edgena de San Juan de La Laguna, pues seg\u00fan advierte Pa\u00fal Mart\u00ednez, hay opacidad y nula transparencia en lo que respecta a la entrega de informaci\u00f3n y documentaci\u00f3n del proyecto:<\/p>\n<p>\u201cNunca se dio informaci\u00f3n sobre los trabajos que se realizar\u00edan en la zona y el impacto que estos tendr\u00edan en nuestras vidas. Esos documentos han sido una constante petici\u00f3n que no ha sido correspondida por el municipio y la empresa\u201d, sentenci\u00f3.<\/p>\n<p>Por su parte, refiere Marbella de Santiago, los permisos, licencias, planos y estudios de impacto ambiental fueron solicitados desde el primer momento a los representantes legales de la empresa Gas Natural del Noroeste, sin embargo, advierte la tambi\u00e9n integrante del Concejo Ind\u00edgena, estos no fueron entregados:<\/p>\n<p>\u201cLe solicit\u00e9 al licenciado Humberto Ram\u00edrez informaci\u00f3n sobre la obra, ya que como pueblo no nos hab\u00edan consultado; si bien, asegur\u00f3 tener la documentaci\u00f3n, no los entregaron\u201d.<\/p>\n<p>Tambi\u00e9n fueron requeridos a uno de los ingenieros de la obra, quien les mostr\u00f3 una licencia de construcci\u00f3n por un mill\u00f3n y medio de pesos, as\u00ed como, un plano que marcaba una zona geogr\u00e1fica distinta a la que corresponde el territorio de San Juan de La Laguna.<\/p>\n<p>Asimismo, las autoridades municipales han negado desde la administraci\u00f3n (2015-2018) la entrega de informaci\u00f3n. En aquel momento, dichos documentos fueron solicitados a Celia G\u00f3mez, encargada de la extinta direcci\u00f3n de Desarrollo Urbano. La funcionaria se encarg\u00f3 de s\u00f3lo mostrar un plano del proyecto que, igualmente, no corresponde con la licencia que previamente les hab\u00eda presentado la empresa.<\/p>\n<p>En el proceso de su exigencia y aunado a estos antecedentes, la comunidad y el Concejo Ind\u00edgena se han dado a la tarea de buscar m\u00e1s respuestas ante las inc\u00f3gnitas que les siguen embargando; esto les ha llevado a tocar las puertas de la Secretar\u00eda de Gobernaci\u00f3n (SEGOB).<\/p>\n<p>Seg\u00fan relat\u00f3 Liliana Mart\u00ednez, el jueves 16 de mayo acudieron al \u00e1rea de Atenci\u00f3n Ciudadana de la (SEGOB), donde expusieron que el gasoducto no cuenta con permisos para su ejecuci\u00f3n ante la Secretar\u00eda de Energ\u00eda y la Comisi\u00f3n Reguladora de Energ\u00eda; por lo que, esta dependencia del Gobierno federal se comprometi\u00f3 a llevar a cabo una investigaci\u00f3n para definir si el gasoducto cumple y cuenta con los requerimientos de ley o, si se trata de un proyecto energ\u00e9tico clandestino.<\/p>\n<p>De corroborar que el proyecto es irregular, el proceso ser\u00e1 llevado directamente por la Secretar\u00eda de Energ\u00eda, quien podr\u00eda emprender acciones contra los responsables. De lo contrario, si la obra cuenta con los permisos federales correspondientes, se har\u00e1 saber a la misma dependencia, que la comunidad est\u00e1 en contra de su ejecuci\u00f3n, explic\u00f3 Mart\u00ednez.<\/p>\n<p><strong>Una lucha por la vida y el agua<\/strong><\/p>\n<p>Los integrantes del Concejo de San Juan Bautista de La Laguna, sentencian que esta lucha que encabezan es por el derecho a la vida y al agua; es as\u00ed, seg\u00fan refieren, porque el espacio donde se pretende instalar el gasoducto, atraviesa no s\u00f3lo su comunidad, sino, adem\u00e1s, una de las cuencas hidrol\u00f3gicas m\u00e1s importantes del municipio de Lagos de Moreno cuya funci\u00f3n es abastecer a la mayor parte de la ciudad.<\/p>\n<p>\u201cEl gasoducto pasar\u00e1 cerca de la cuenca. Esto implica la privatizaci\u00f3n de un recurso universal y el cambio de uso de suelo de la habitacional al industrial\u201d se\u00f1alaron.<\/p>\n<p>En ese sentido, refieren que si bien, la empresa y el municipio hab\u00edan asegurado que el gasoducto ser\u00eda para uso dom\u00e9stico, de por medio se encuentran los tramites que ya se han realizado para modificar el uso de suelo del territorio, para convertirlo de habitacional a industrial. Una situaci\u00f3n que resulta incongruente y quiz\u00e1 poco estrat\u00e9gica, puesto que, advierten, la zona industrial se encuentra en el otro polo de la ciudad. Seg\u00fan han mencionado las autoridades locales y la empresa a los habitantes, la obra abastecer\u00e1 al Parque Industrial Colinas de Lagos; a la empresa de Jugos del Valle; y al Parque Industrial La Virgen.<\/p>\n<p><strong>De \u201ccompensaciones\u201d, amenazas y otras formas de represi\u00f3n<\/strong><\/p>\n<p>Frente a la casa de la se\u00f1ora Isidra Facio pasar\u00e1 un tramo de estos ductos de gas natural; ah\u00ed, afuerita de su puerta ya han comenzado con las excavaciones.<\/p>\n<p>Valiente y llena de impotencia, relata c\u00f3mo los ingenieros llegaban a ofrecerle 50 mil pesos por su propiedad, as\u00ed como subsanar cualquier otra \u201cnecesidad\u201d que ella tuviese:<\/p>\n<p>\u201cMe dec\u00edan, cu\u00e1les son sus necesidades\u201d<\/p>\n<p>Clara en su posicionamiento, les dijo que no y rechaz\u00f3 cualquier ofrecimiento econ\u00f3mico o material que pudieran ofrecerle:<\/p>\n<p>\u2013 \u201cyo les dije: aqu\u00ed ni siquiera hay drenaje y Ustedes quieren introducir el gas\u201d.<\/p>\n<p>A las solicitudes amables, siguieron las amenazas, el trato hostil y los intentos por atemorizar.<\/p>\n<p>Isidra recuerda como el delegado de su comunidad le asegur\u00f3 \u201cno tener la culpa\u201d de que ella viviera en ese lugar y, mucho menos, de las causas de su muerte, pues para \u00e9l, de \u201calgo hay que morir\u201d y si es por una fuga de gas o una explosi\u00f3n da lo mismo:<\/p>\n<p>\u201cEl delegado de la comunidad me dijo: Yo no tengo la culpa de que Usted viva ah\u00ed y si vamos a morir de algo que sea de achicharrados, as\u00ed que v\u00e1yase haciendo a la idea\u201d.<\/p>\n<p>Sumada a la presencia 24\/7 de elementos de seguridad p\u00fablica estatal y municipal, adscritos a la Fuerza \u00danica y a la polic\u00eda preventiva de Lagos de Moreno, respectivamente, \u201cprotegiendo\u201d la obra; otros actores de la escena de violencia en la ciudad, han comenzado a aparecer en los alrededores.<\/p>\n<p>\u201cNos sentimos impotentes, porque ya no podemos acercarnos porque estamos amenazados, el ingeniero trae gente que no anda bien y que trae armas\u201d.<\/p>\n<p>Luego de los acontecimientos del d\u00eda 13 de mayo, donde cinco miembros de la comunidad fueron detenidos arbitrariamente por elementos de la Fuerza \u00danica y la polic\u00eda municipal, luego de manifestarse en contra de la instalaci\u00f3n del gasoducto, el reforzamiento de la seguridad en la comunidad de San Juan Bautista de La Laguna ha sido insuperable; hasta 14 patrullas han rodeado la zona y junto con ello, se han instalado retenes para coaccionar a cualquiera que pretenda realizar cualquier acci\u00f3n que \u201ccontravenga\u201d la construcci\u00f3n del ducto de gas.<\/p>\n<p><strong>\u00bfQui\u00e9n es Gas Natural del Noroeste?<\/strong><\/p>\n<p>De acuerdo con su p\u00e1gina web, Gas Natural del Noroeste es una empresa mexicana que durante los \u00faltimos diez a\u00f1os se ha especializado en la construcci\u00f3n de gasoductos, transporte y distribuci\u00f3n de gas natural.<\/p>\n<p>Es parte de Grupo SIMSA y entre su lista de clientes tiene: 500 del sector industrial; 400 comerciales; y, 17 mil residenciales.<\/p>\n<p>Entre sus proyectos m\u00e1s reconocidos se encuentra la asignaci\u00f3n que obtuvo de la Comisi\u00f3n Federal de Electricidad (CFE) para la operaci\u00f3n del gasoducto Ramal en Hermosillo, Sonora.<\/p>\n<p>Otra m\u00e1s en los municipios de Xalapa, Coatepec y Emiliano Zapata en el estado de Veracruz, sobre el proyecto, la empresa fue acusada en 2018, por sobornar a los alcaldes Am\u00e9rico Z\u00fa\u00f1iga Mart\u00ednez (Xalapa); Daniel Olmos (Emiliano Zapata); y Ricardo Palacios Torres (Coatepec), para autorizar la obra.<\/p>\n<p><strong>Convocan a una Misi\u00f3n de Observaci\u00f3n Civil en San Juan Bautista de La Laguna<\/strong><\/p>\n<p>Con el objetivo de realizar un acompa\u00f1amiento solidario y hermanado, organizaciones de Jalisco y M\u00e9xico en la defensa del territorio y la vida, llevar\u00e1n a cabo este s\u00e1bado 25 de mayo, un ejercicio de observaci\u00f3n civil en la comunidad ind\u00edgena de San Juan Bautista de La Laguna; as\u00ed lo asegur\u00f3 Mar\u00eda Gonz\u00e1lez, coordinadora del Instituto Mexicano para el Desarrollo Comunitario A.C. (IMDEC).<\/p>\n<p>A la par, explic\u00f3, se busca sostener un di\u00e1logo abierto sobre el tema con el presidente municipal de Lagos de Moreno, Tecutli G\u00f3mez.<\/p>\n<p><strong>\u00bfD\u00f3nde queda la voluntad del pueblo?<\/strong><\/p>\n<p>Se pregunta Hugo Reyes L\u00f3pez, ex comisario del pueblo de San Juan Bautista de La Laguna y actual presidente del Consejo General del Pueblo Ind\u00edgena, tambi\u00e9n detenido arbitrariamente durante los eventos del 13 de mayo.<\/p>\n<p>Se lo cuestiona al gobernador del estado Enrique Alfaro, a quien le extiende un mensaje de exigencia para que, en su calidad de ejecutivo estatal, haga valer el derecho que la comunidad ind\u00edgena tiene para decidir sobre lo que sucede en su territorio:\u00a0\u201cEl pueblo de San Juan Bautista de La Laguna, no quiere gas natural en sus calles\u201d.<\/p>\n<p><a href=\"https:\/\/www.zonadocs.mx\/2019\/05\/23\/denuncian-instalacion-de-gasoducto-clandestino-en-comunidad-indigena-de-lagos-de-moreno-jalisco\/\">https:\/\/www.zonadocs.mx\/2019\/05\/23\/denuncian-instalacion-de-gasoducto-clandestino-en-comunidad-indigena-de-lagos-de-moreno-jalisco\/<\/a><\/p>\n","protected":false},"excerpt":{"rendered":"<p>Dalia Souza \/ Zona Docs La lucha que el pueblo ind\u00edgena de San Juan Bautista de La Laguna, Lagos de Moreno, realiza contra la instalaci\u00f3n de una red de gasoductos &hellip; <a href=\"https:\/\/www.grieta.org.mx\/index.php\/2019\/05\/23\/denuncian-instalacion-de-gasoducto-irregular-en-comunidad-indigena-de-lagos-de-moreno-jalisco\/\" class=\"more-link\">Leer m\u00e1s<\/a><\/p>\n","protected":false},"author":2,"featured_media":33840,"comment_status":"closed","ping_status":"closed","sticky":false,"template":"","format":"standard","meta":{"ngg_post_thumbnail":0,"_jetpack_newsletter_access":"","_jetpack_dont_email_post_to_subs":false,"_jetpack_newsletter_tier_id":0,"_jetpack_memberships_contains_paywalled_content":false,"_jetpack_memberships_contains_paid_content":false,"footnotes":""},"categories":[80,20,1782,2,2577],"tags":[350,2466,790],"class_list":["post-33839","post","type-post","status-publish","format-standard","has-post-thumbnail","hentry","category-cintillo","category-jalisco","category-lucha-y-resistencia-del-pueblo-en-jalisco","category-noticias-nacionales","category-resistencia-contra-instalacion-de-gasoducto","tag-gasoducto","tag-luchas-y-resistencias-de-pueblos-originarios","tag-pueblos-indigenas","entry"],"jetpack_featured_media_url":"https:\/\/www.grieta.org.mx\/wp-content\/uploads\/2019\/05\/D7L4FETW0AI206E-1200x640.jpg","jetpack_sharing_enabled":true,"jetpack_shortlink":"https:\/\/wp.me\/p7ZJR4-8NN","jetpack_likes_enabled":false,"jetpack-related-posts":[{"id":53250,"url":"https:\/\/www.grieta.org.mx\/index.php\/2020\/09\/09\/pobladores-de-lagos-de-moreno-piden-desmantelar-gasoducto-jalisco\/","url_meta":{"origin":33839,"position":0},"title":"Pobladores de Lagos de Moreno piden desmantelar gasoducto (Jalisco)","author":"grieta","date":"9 septiembre, 2020","format":false,"excerpt":"Foto: Ilustrativa, archivos OEM Viridiana Saavedra \/ El Occidental Integrantes del Consejo General de Pueblos Ind\u00edgenas de San Juan Bautista de la Laguna, en el municipio de Lagos de Moreno, pidieron a las autoridades su intervenci\u00f3n para desmantelar el gasoducto, asegurando que pone en riesgo la vida y el futuro\u2026","rel":"","context":"En &quot;CINTILLO&quot;","block_context":{"text":"CINTILLO","link":"https:\/\/www.grieta.org.mx\/index.php\/category\/cintillo\/"},"img":{"alt_text":"","src":"https:\/\/i0.wp.com\/www.grieta.org.mx\/wp-content\/uploads\/2020\/09\/gasoducto.png?resize=350%2C200&ssl=1","width":350,"height":200,"srcset":"https:\/\/i0.wp.com\/www.grieta.org.mx\/wp-content\/uploads\/2020\/09\/gasoducto.png?resize=350%2C200&ssl=1 1x, https:\/\/i0.wp.com\/www.grieta.org.mx\/wp-content\/uploads\/2020\/09\/gasoducto.png?resize=525%2C300&ssl=1 1.5x, https:\/\/i0.wp.com\/www.grieta.org.mx\/wp-content\/uploads\/2020\/09\/gasoducto.png?resize=700%2C400&ssl=1 2x"},"classes":[]},{"id":49669,"url":"https:\/\/www.grieta.org.mx\/index.php\/2020\/05\/17\/un-ano-despues-indigenas-de-san-juan-de-la-laguna-en-lagos-de-moreno-resisten-a-la-imposicion-de-gasoducto-jalisco\/","url_meta":{"origin":33839,"position":1},"title":"Un a\u00f1o despu\u00e9s: ind\u00edgenas de San Juan de la Laguna en lagos de moreno, resisten a la imposici\u00f3n de gasoducto (Jalisco)","author":"grieta","date":"17 mayo, 2020","format":false,"excerpt":"Foto: Zona Docs A un a\u00f1o de la detenci\u00f3n arbitraria de integrantes del Concejo General Ind\u00edgena de San Juan Bautista de la Laguna en Lagos de Moreno, Jalisco, la comunidad contin\u00faa resistiendo a la irrupci\u00f3n de una red de gasoductos a cargo de la empresa\u00a0Gas Natural del Noroeste S.A. de\u2026","rel":"","context":"En &quot;CINTILLO&quot;","block_context":{"text":"CINTILLO","link":"https:\/\/www.grieta.org.mx\/index.php\/category\/cintillo\/"},"img":{"alt_text":"","src":"https:\/\/i0.wp.com\/www.grieta.org.mx\/wp-content\/uploads\/2020\/05\/gasoducto-obras.jpg?resize=350%2C200&ssl=1","width":350,"height":200,"srcset":"https:\/\/i0.wp.com\/www.grieta.org.mx\/wp-content\/uploads\/2020\/05\/gasoducto-obras.jpg?resize=350%2C200&ssl=1 1x, https:\/\/i0.wp.com\/www.grieta.org.mx\/wp-content\/uploads\/2020\/05\/gasoducto-obras.jpg?resize=525%2C300&ssl=1 1.5x, https:\/\/i0.wp.com\/www.grieta.org.mx\/wp-content\/uploads\/2020\/05\/gasoducto-obras.jpg?resize=700%2C400&ssl=1 2x"},"classes":[]},{"id":63294,"url":"https:\/\/www.grieta.org.mx\/index.php\/2022\/01\/20\/a-traves-de-su-memoria-san-juan-bautista-de-la-laguna-lucha-por-su-autonomia-jalisco\/","url_meta":{"origin":33839,"position":2},"title":"A trav\u00e9s de su memoria, San Juan Bautista de la Laguna lucha por su autonom\u00eda (Jalisco)","author":"grieta","date":"20 enero, 2022","format":false,"excerpt":"Foto: \u00c1ngel Mendoza \u00c1ngel Mendoza\/ Pie de P\u00e1gina GUADALAJARA, JALISCO.- \u00a0La recomendaci\u00f3n\u00a0n\u00famero 26 del a\u00f1o 2020 de la Comisi\u00f3n Estatal de Derechos Humanos de Jalisco (CEDHJ)\u00a0menciona en los conceptos que la integran: \u201cViolaci\u00f3n de los derechos a la legalidad y seguridad jur\u00eddica, a la manifestaci\u00f3n pac\u00edfica, a la libertad personal,\u2026","rel":"","context":"En &quot;CINTILLO&quot;","block_context":{"text":"CINTILLO","link":"https:\/\/www.grieta.org.mx\/index.php\/category\/cintillo\/"},"img":{"alt_text":"","src":"https:\/\/i0.wp.com\/www.grieta.org.mx\/wp-content\/uploads\/2022\/02\/SanJuanBautista_Pueblo-originario_angel_melgoza1.jpg?resize=350%2C200&ssl=1","width":350,"height":200,"srcset":"https:\/\/i0.wp.com\/www.grieta.org.mx\/wp-content\/uploads\/2022\/02\/SanJuanBautista_Pueblo-originario_angel_melgoza1.jpg?resize=350%2C200&ssl=1 1x, https:\/\/i0.wp.com\/www.grieta.org.mx\/wp-content\/uploads\/2022\/02\/SanJuanBautista_Pueblo-originario_angel_melgoza1.jpg?resize=525%2C300&ssl=1 1.5x, https:\/\/i0.wp.com\/www.grieta.org.mx\/wp-content\/uploads\/2022\/02\/SanJuanBautista_Pueblo-originario_angel_melgoza1.jpg?resize=700%2C400&ssl=1 2x"},"classes":[]},{"id":34984,"url":"https:\/\/www.grieta.org.mx\/index.php\/2019\/06\/16\/denuncian-hostigamiento-policial-en-acto-cultural-contra-gasoducto-jalisco\/","url_meta":{"origin":33839,"position":3},"title":"Denuncian hostigamiento policial en acto cultural contra gasoducto (Jalisco)","author":"grieta","date":"16 junio, 2019","format":false,"excerpt":"Dario Pereira \/ El Diario NTR El hostigamiento policial hacia los habitantes de la comunidad de San Juan de la Laguna, municipio de Lagos de Moreno, que se oponen a la construcci\u00f3n de un gasoducto en el lugar, contin\u00faa. Como parte de las acciones de protesta contra el proyecto que\u2026","rel":"","context":"En &quot;CINTILLO&quot;","block_context":{"text":"CINTILLO","link":"https:\/\/www.grieta.org.mx\/index.php\/category\/cintillo\/"},"img":{"alt_text":"","src":"https:\/\/i0.wp.com\/www.grieta.org.mx\/wp-content\/uploads\/2019\/06\/DSCN7999-1024x768.jpg?resize=350%2C200&ssl=1","width":350,"height":200,"srcset":"https:\/\/i0.wp.com\/www.grieta.org.mx\/wp-content\/uploads\/2019\/06\/DSCN7999-1024x768.jpg?resize=350%2C200&ssl=1 1x, https:\/\/i0.wp.com\/www.grieta.org.mx\/wp-content\/uploads\/2019\/06\/DSCN7999-1024x768.jpg?resize=525%2C300&ssl=1 1.5x, https:\/\/i0.wp.com\/www.grieta.org.mx\/wp-content\/uploads\/2019\/06\/DSCN7999-1024x768.jpg?resize=700%2C400&ssl=1 2x"},"classes":[]},{"id":39650,"url":"https:\/\/www.grieta.org.mx\/index.php\/2019\/09\/22\/poblacion-de-juanacatlan-se-opone-a-gasoducto-y-termoelectrica-jalisco\/","url_meta":{"origin":33839,"position":4},"title":"Poblaci\u00f3n de Juanacatl\u00e1n se opone a gasoducto y termoel\u00e9ctrica (Jalisco)","author":"grieta","date":"22 septiembre, 2019","format":false,"excerpt":"Foto: Isaura L\u00f3pez Rebeca Nu\u00f1o, integrante del Colectivo Un Salto de Vida, denuncia que al instalarse estos proyectos, habr\u00eda da\u00f1os ambientales, agr\u00edcolas y en la salud de los habitantes Isaura L\u00f3pez Villalobos \/ UDGTV Juanacatl\u00e1n, Jalisco. La poblaci\u00f3n de Juanacatl\u00e1n se opone a los megaproyectos del gasoducto Villa de Reyes-Aguascalientes-Guadalajara\u2026","rel":"","context":"En &quot;CINTILLO&quot;","block_context":{"text":"CINTILLO","link":"https:\/\/www.grieta.org.mx\/index.php\/category\/cintillo\/"},"img":{"alt_text":"","src":"https:\/\/i0.wp.com\/www.grieta.org.mx\/wp-content\/uploads\/2019\/09\/Juanacatlan-ISaura-lopez.jpeg-cartel-696x522.jpeg?resize=350%2C200&ssl=1","width":350,"height":200,"srcset":"https:\/\/i0.wp.com\/www.grieta.org.mx\/wp-content\/uploads\/2019\/09\/Juanacatlan-ISaura-lopez.jpeg-cartel-696x522.jpeg?resize=350%2C200&ssl=1 1x, https:\/\/i0.wp.com\/www.grieta.org.mx\/wp-content\/uploads\/2019\/09\/Juanacatlan-ISaura-lopez.jpeg-cartel-696x522.jpeg?resize=525%2C300&ssl=1 1.5x"},"classes":[]},{"id":40349,"url":"https:\/\/www.grieta.org.mx\/index.php\/2019\/10\/16\/pide-congreso-nacional-indigena-unir-fuerzas-contra-el-despojo-en-jalisco\/","url_meta":{"origin":33839,"position":5},"title":"Pide Congreso Nacional Ind\u00edgena unir fuerzas contra el despojo en Jalisco","author":"grieta","date":"16 octubre, 2019","format":false,"excerpt":"Foto: Zona Docs Actualmente, colectivos y comunidades de todo Jalisco luchan contra el despojo de sus territorios y formas de vida por parte de los gobiernos, las empresas privadas e, incluso, el crimen organizado. Una de las amenazas m\u00e1s latentes son\u00a0el gasoducto Villa de Reyes-Aguascalientes-Guadalajara, as\u00ed como cuatro termoel\u00e9ctricas que\u2026","rel":"","context":"En &quot;CINTILLO&quot;","block_context":{"text":"CINTILLO","link":"https:\/\/www.grieta.org.mx\/index.php\/category\/cintillo\/"},"img":{"alt_text":"","src":"https:\/\/i0.wp.com\/www.grieta.org.mx\/wp-content\/uploads\/2019\/10\/result-1000x640.jpg?resize=350%2C200&ssl=1","width":350,"height":200,"srcset":"https:\/\/i0.wp.com\/www.grieta.org.mx\/wp-content\/uploads\/2019\/10\/result-1000x640.jpg?resize=350%2C200&ssl=1 1x, https:\/\/i0.wp.com\/www.grieta.org.mx\/wp-content\/uploads\/2019\/10\/result-1000x640.jpg?resize=525%2C300&ssl=1 1.5x, https:\/\/i0.wp.com\/www.grieta.org.mx\/wp-content\/uploads\/2019\/10\/result-1000x640.jpg?resize=700%2C400&ssl=1 2x"},"classes":[]}],"_links":{"self":[{"href":"https:\/\/www.grieta.org.mx\/index.php\/wp-json\/wp\/v2\/posts\/33839","targetHints":{"allow":["GET"]}}],"collection":[{"href":"https:\/\/www.grieta.org.mx\/index.php\/wp-json\/wp\/v2\/posts"}],"about":[{"href":"https:\/\/www.grieta.org.mx\/index.php\/wp-json\/wp\/v2\/types\/post"}],"author":[{"embeddable":true,"href":"https:\/\/www.grieta.org.mx\/index.php\/wp-json\/wp\/v2\/users\/2"}],"replies":[{"embeddable":true,"href":"https:\/\/www.grieta.org.mx\/index.php\/wp-json\/wp\/v2\/comments?post=33839"}],"version-history":[{"count":1,"href":"https:\/\/www.grieta.org.mx\/index.php\/wp-json\/wp\/v2\/posts\/33839\/revisions"}],"predecessor-version":[{"id":33841,"href":"https:\/\/www.grieta.org.mx\/index.php\/wp-json\/wp\/v2\/posts\/33839\/revisions\/33841"}],"wp:featuredmedia":[{"embeddable":true,"href":"https:\/\/www.grieta.org.mx\/index.php\/wp-json\/wp\/v2\/media\/33840"}],"wp:attachment":[{"href":"https:\/\/www.grieta.org.mx\/index.php\/wp-json\/wp\/v2\/media?parent=33839"}],"wp:term":[{"taxonomy":"category","embeddable":true,"href":"https:\/\/www.grieta.org.mx\/index.php\/wp-json\/wp\/v2\/categories?post=33839"},{"taxonomy":"post_tag","embeddable":true,"href":"https:\/\/www.grieta.org.mx\/index.php\/wp-json\/wp\/v2\/tags?post=33839"}],"curies":[{"name":"wp","href":"https:\/\/api.w.org\/{rel}","templated":true}]}}