{"id":33825,"date":"2019-05-22T19:35:53","date_gmt":"2019-05-23T00:35:53","guid":{"rendered":"http:\/\/www.grieta.org.mx\/?p=33825"},"modified":"2019-05-22T19:35:53","modified_gmt":"2019-05-23T00:35:53","slug":"la-austeridad-de-amlo-afectara-a-pasantes-de-medicina-y-enfermeria","status":"publish","type":"post","link":"https:\/\/www.grieta.org.mx\/index.php\/2019\/05\/22\/la-austeridad-de-amlo-afectara-a-pasantes-de-medicina-y-enfermeria\/","title":{"rendered":"La Austeridad de AMLO afectar\u00e1 a pasantes de medicina y enfermer\u00eda"},"content":{"rendered":"<p><img loading=\"lazy\" decoding=\"async\" data-attachment-id=\"33830\" data-permalink=\"https:\/\/www.grieta.org.mx\/index.php\/2019\/05\/22\/la-austeridad-de-amlo-afectara-a-pasantes-de-medicina-y-enfermeria\/mg_2358-156516-jpg_1619830263\/\" data-orig-file=\"https:\/\/www.grieta.org.mx\/wp-content\/uploads\/2019\/05\/mg_2358-156516.jpg_1619830263.jpg\" data-orig-size=\"1069,563\" data-comments-opened=\"0\" data-image-meta=\"{&quot;aperture&quot;:&quot;0&quot;,&quot;credit&quot;:&quot;&quot;,&quot;camera&quot;:&quot;&quot;,&quot;caption&quot;:&quot;&quot;,&quot;created_timestamp&quot;:&quot;0&quot;,&quot;copyright&quot;:&quot;&quot;,&quot;focal_length&quot;:&quot;0&quot;,&quot;iso&quot;:&quot;0&quot;,&quot;shutter_speed&quot;:&quot;0&quot;,&quot;title&quot;:&quot;&quot;,&quot;orientation&quot;:&quot;0&quot;}\" data-image-title=\"mg_2358-156516.jpg_1619830263\" data-image-description=\"\" data-image-caption=\"\" data-medium-file=\"https:\/\/www.grieta.org.mx\/wp-content\/uploads\/2019\/05\/mg_2358-156516.jpg_1619830263-300x158.jpg\" data-large-file=\"https:\/\/www.grieta.org.mx\/wp-content\/uploads\/2019\/05\/mg_2358-156516.jpg_1619830263-1024x539.jpg\" class=\" wp-image-33830 aligncenter\" src=\"http:\/\/www.grieta.org.mx\/wp-content\/uploads\/2019\/05\/mg_2358-156516.jpg_1619830263-300x158.jpg\" alt=\"\" width=\"767\" height=\"404\" srcset=\"https:\/\/www.grieta.org.mx\/wp-content\/uploads\/2019\/05\/mg_2358-156516.jpg_1619830263-300x158.jpg 300w, https:\/\/www.grieta.org.mx\/wp-content\/uploads\/2019\/05\/mg_2358-156516.jpg_1619830263-768x404.jpg 768w, https:\/\/www.grieta.org.mx\/wp-content\/uploads\/2019\/05\/mg_2358-156516.jpg_1619830263-1024x539.jpg 1024w, https:\/\/www.grieta.org.mx\/wp-content\/uploads\/2019\/05\/mg_2358-156516.jpg_1619830263-949x500.jpg 949w, https:\/\/www.grieta.org.mx\/wp-content\/uploads\/2019\/05\/mg_2358-156516.jpg_1619830263.jpg 1069w\" sizes=\"auto, (max-width: 767px) 100vw, 767px\" \/><\/p>\n<p><em>La Secretar\u00eda de Salud federal dio la orden de que\u00a0a partir del 1 de agosto del 2019\u00a0se reduzca a la mitad los apoyos a los estudiantes de medicina y enfermer\u00eda<\/em><\/p>\n<p>Abraham Arias Vallin \/ Tribuna<\/p>\n<p>Como se ve\u00eda venir, los cambios de la administraci\u00f3n actual hacen estragos en todas las \u00e1reas del pa\u00eds, \u00bfSer\u00e1 para bien?<\/p>\n<p>Como medidas de austeridad por parte del Gobierno de<strong>\u00a0Andr\u00e9s Manuel L\u00f3pez Obrador<\/strong>, como el ejecutor de dicha acci\u00f3n, La\u00a0<strong>Secretaria de Hacienda y Cr\u00e9dito P\u00fablico\u00a0<\/strong>recortar\u00e1 la mitad de las becas de los pasantes de servicio social de medicina y enfermer\u00eda que dan servicios en cl\u00ednicas y centros de salud en zonas rurales mientras que alumnos odont\u00f3logos, nutri\u00f3logos y sic\u00f3logos perder\u00e1n los recursos.<\/p>\n<p>La\u00a0<strong>Secretar\u00eda de Salud federal<\/strong>\u00a0dio la orden de que, a partir del 1 de agosto del 2019, se reduzca a la mitad los apoyos a los estudiantes de medicina y enfermer\u00eda, adem\u00e1s de que se cancelen en su totalidad los recursos destinados a los alumnos de odontolog\u00eda y otras \u00e1reas afines a la salud.<\/p>\n<p>Mediante el oficio\u00a0<strong>DGCES-DES357-2019<\/strong>\u00a0la dependencia solicita a las \u00e1reas m\u00e9dicas un informe del n\u00famero de alumnos que dan servicio a la poblaci\u00f3n por 900 o 3 mil 600 pesos, los cuales ser\u00e1n reducidos a la mitad s\u00f3lo en m\u00e9dicos y enfermeras, y las otras disciplinas no tendr\u00e1n derecho.<\/p>\n<p>Entre marzo y agosto, las instituciones de salud abren espacios para servicio social de los alumnos que est\u00e1n por terminar las carreras.<\/p>\n<p><a href=\"https:\/\/www.tribuna.com.mx\/politica\/La-Austeridad-de-AMLO-afectara-a-pasantes-de-medicina-y-enfermeria-20190522-0069.html\">https:\/\/www.tribuna.com.mx\/politica\/La-Austeridad-de-AMLO-afectara-a-pasantes-de-medicina-y-enfermeria-20190522-0069.html<\/a><\/p>\n","protected":false},"excerpt":{"rendered":"<p>La Secretar\u00eda de Salud federal dio la orden de que\u00a0a partir del 1 de agosto del 2019\u00a0se reduzca a la mitad los apoyos a los estudiantes de medicina y enfermer\u00eda &hellip; <a href=\"https:\/\/www.grieta.org.mx\/index.php\/2019\/05\/22\/la-austeridad-de-amlo-afectara-a-pasantes-de-medicina-y-enfermeria\/\" class=\"more-link\">Leer m\u00e1s<\/a><\/p>\n","protected":false},"author":2,"featured_media":33830,"comment_status":"closed","ping_status":"closed","sticky":false,"template":"","format":"standard","meta":{"ngg_post_thumbnail":0,"_jetpack_newsletter_access":"","_jetpack_dont_email_post_to_subs":false,"_jetpack_newsletter_tier_id":0,"_jetpack_memberships_contains_paywalled_content":false,"_jetpack_memberships_contains_paid_content":false,"footnotes":""},"categories":[80,918,2,83],"tags":[2367,1459,893,2576,530],"class_list":["post-33825","post","type-post","status-publish","format-standard","has-post-thumbnail","hentry","category-cintillo","category-privatizacion-del-sector-salud","category-noticias-nacionales","category-temas-nacionales","tag-crisis-en-el-sector-salud","tag-crisis-sector-salud","tag-privatizacion-de-la-salud","tag-reduccion-de-presupuesto-al-sector-salud","tag-trabajadores-de-la-salud","entry"],"jetpack_featured_media_url":"https:\/\/www.grieta.org.mx\/wp-content\/uploads\/2019\/05\/mg_2358-156516.jpg_1619830263.jpg","jetpack_sharing_enabled":true,"jetpack_shortlink":"https:\/\/wp.me\/p7ZJR4-8Nz","jetpack_likes_enabled":false,"jetpack-related-posts":[{"id":37328,"url":"https:\/\/www.grieta.org.mx\/index.php\/2019\/08\/01\/pasantes-de-enfermeria-y-medicina-exigen-mejoras-laborales-en-mexico\/","url_meta":{"origin":33825,"position":0},"title":"Pasantes de enfermer\u00eda y medicina exigen mejoras laborales en M\u00e9xico","author":"grieta","date":"1 agosto, 2019","format":false,"excerpt":"EFE CIUDAD DE M\u00c9XICO.- Estudiantes de enfermer\u00eda del Instituto Polit\u00e9cnico Nacional (IPN) y de la Universidad Nacional Aut\u00f3noma de M\u00e9xico (UNAM) se manifestaron este jueves en la Ciudad de M\u00e9xico para exigir mejoras laborales y respeto a sus derechos. Centenares de manifestantes exigieron a las autoridades una explicaci\u00f3n sobre c\u00f3mo\u2026","rel":"","context":"En &quot;CINTILLO&quot;","block_context":{"text":"CINTILLO","link":"https:\/\/www.grieta.org.mx\/index.php\/category\/cintillo\/"},"img":{"alt_text":"","src":"https:\/\/i0.wp.com\/www.grieta.org.mx\/wp-content\/uploads\/2019\/08\/M%C3%89XICO-SALUD_42152779.jpg?resize=350%2C200&ssl=1","width":350,"height":200,"srcset":"https:\/\/i0.wp.com\/www.grieta.org.mx\/wp-content\/uploads\/2019\/08\/M%C3%89XICO-SALUD_42152779.jpg?resize=350%2C200&ssl=1 1x, https:\/\/i0.wp.com\/www.grieta.org.mx\/wp-content\/uploads\/2019\/08\/M%C3%89XICO-SALUD_42152779.jpg?resize=525%2C300&ssl=1 1.5x, https:\/\/i0.wp.com\/www.grieta.org.mx\/wp-content\/uploads\/2019\/08\/M%C3%89XICO-SALUD_42152779.jpg?resize=700%2C400&ssl=1 2x, https:\/\/i0.wp.com\/www.grieta.org.mx\/wp-content\/uploads\/2019\/08\/M%C3%89XICO-SALUD_42152779.jpg?resize=1050%2C600&ssl=1 3x, https:\/\/i0.wp.com\/www.grieta.org.mx\/wp-content\/uploads\/2019\/08\/M%C3%89XICO-SALUD_42152779.jpg?resize=1400%2C800&ssl=1 4x"},"classes":[]},{"id":48604,"url":"https:\/\/www.grieta.org.mx\/index.php\/2020\/04\/28\/pide-universidad-de-nayarit-a-sector-salud-retirar-internos-durante-pandemia\/","url_meta":{"origin":33825,"position":1},"title":"Pide Universidad de Nayarit a sector Salud retirar internos durante pandemia","author":"grieta","date":"28 abril, 2020","format":false,"excerpt":"Foto: Cortes\u00eda Crys Ben\u00edtez \/ El Occidental Tepic, Nayarit.- Derivado del peligro que representa que los estudiantes se encuentren durante la pandemia, terminando sus estad\u00edas o servicio social, la Universidad Aut\u00f3noma de Nayarit (UAN), se pronuncia en contra de que sigan asistiendo, ya que ellos como instituci\u00f3n est\u00e1n obligada a\u2026","rel":"","context":"En &quot;CINTILLO&quot;","block_context":{"text":"CINTILLO","link":"https:\/\/www.grieta.org.mx\/index.php\/category\/cintillo\/"},"img":{"alt_text":"","src":"https:\/\/i0.wp.com\/www.grieta.org.mx\/wp-content\/uploads\/2020\/05\/uan.jpg?resize=350%2C200&ssl=1","width":350,"height":200,"srcset":"https:\/\/i0.wp.com\/www.grieta.org.mx\/wp-content\/uploads\/2020\/05\/uan.jpg?resize=350%2C200&ssl=1 1x, https:\/\/i0.wp.com\/www.grieta.org.mx\/wp-content\/uploads\/2020\/05\/uan.jpg?resize=525%2C300&ssl=1 1.5x, https:\/\/i0.wp.com\/www.grieta.org.mx\/wp-content\/uploads\/2020\/05\/uan.jpg?resize=700%2C400&ssl=1 2x"},"classes":[]},{"id":37466,"url":"https:\/\/www.grieta.org.mx\/index.php\/2019\/08\/01\/tambien-pasantes-de-medicina-de-guanajuato-se-unen-a-paro-nacional\/","url_meta":{"origin":33825,"position":2},"title":"Tambi\u00e9n pasantes de Medicina de Guanajuato se unen a paro nacional","author":"grieta","date":"1 agosto, 2019","format":false,"excerpt":"Reclaman 200 pasantes condiciones dignas; piden que las becas sean proporcionales a la carga de trabajo que tienen, y mayor seguridad. Por: Redacci\u00f3n AM Le\u00f3n Guanajuato 01 de Agosto de 2019 Le\u00f3n.- Decenas de estudiantes y pasantes de medicina del estado de Guanajuato, se manifestaron en las calles de Le\u00f3n,\u2026","rel":"","context":"En &quot;CINTILLO&quot;","block_context":{"text":"CINTILLO","link":"https:\/\/www.grieta.org.mx\/index.php\/category\/cintillo\/"},"img":{"alt_text":"","src":"https:\/\/i0.wp.com\/www.grieta.org.mx\/wp-content\/uploads\/2019\/08\/leon-protesta-estudiantes-pasantes-medicina.png?resize=350%2C200&ssl=1","width":350,"height":200,"srcset":"https:\/\/i0.wp.com\/www.grieta.org.mx\/wp-content\/uploads\/2019\/08\/leon-protesta-estudiantes-pasantes-medicina.png?resize=350%2C200&ssl=1 1x, https:\/\/i0.wp.com\/www.grieta.org.mx\/wp-content\/uploads\/2019\/08\/leon-protesta-estudiantes-pasantes-medicina.png?resize=525%2C300&ssl=1 1.5x, https:\/\/i0.wp.com\/www.grieta.org.mx\/wp-content\/uploads\/2019\/08\/leon-protesta-estudiantes-pasantes-medicina.png?resize=700%2C400&ssl=1 2x"},"classes":[]},{"id":47908,"url":"https:\/\/www.grieta.org.mx\/index.php\/2020\/04\/15\/ante-carencia-de-equipo-de-proteccion-retiran-a-internos-de-hospitales-nayarit\/","url_meta":{"origin":33825,"position":3},"title":"Ante carencia de equipo de protecci\u00f3n retiran a internos de hospitales (Nayarit)","author":"grieta","date":"15 abril, 2020","format":false,"excerpt":"Foto: Realidades de Nayarit Carecen de lo m\u00e1s indispensable para atender a la poblaci\u00f3n en plena pandemia Ver\u00f3nica Ram\u00edrez\/ Realidades de Nayarit Tepic, Nayarit.- Mi\u00e9rcoles 15 de abril del 2020.- La Federaci\u00f3n de Estudiantes de la Universidad Aut\u00f3noma de Nayarit (FEUAN) retira a los internos, pasantes y estudiantes de medicina\u2026","rel":"","context":"En &quot;CINTILLO&quot;","block_context":{"text":"CINTILLO","link":"https:\/\/www.grieta.org.mx\/index.php\/category\/cintillo\/"},"img":{"alt_text":"","src":"https:\/\/i0.wp.com\/www.grieta.org.mx\/wp-content\/uploads\/2020\/04\/Aar%C3%B3n-Verduzco.-L%C3%ADder-de-la-FEUAN.jpg?resize=350%2C200&ssl=1","width":350,"height":200,"srcset":"https:\/\/i0.wp.com\/www.grieta.org.mx\/wp-content\/uploads\/2020\/04\/Aar%C3%B3n-Verduzco.-L%C3%ADder-de-la-FEUAN.jpg?resize=350%2C200&ssl=1 1x, https:\/\/i0.wp.com\/www.grieta.org.mx\/wp-content\/uploads\/2020\/04\/Aar%C3%B3n-Verduzco.-L%C3%ADder-de-la-FEUAN.jpg?resize=525%2C300&ssl=1 1.5x, https:\/\/i0.wp.com\/www.grieta.org.mx\/wp-content\/uploads\/2020\/04\/Aar%C3%B3n-Verduzco.-L%C3%ADder-de-la-FEUAN.jpg?resize=700%2C400&ssl=1 2x"},"classes":[]},{"id":49326,"url":"https:\/\/www.grieta.org.mx\/index.php\/2020\/05\/12\/estudiantes-de-medicina-en-riesgo-nayarit\/","url_meta":{"origin":33825,"position":4},"title":"Estudiantes de Medicina en riesgo (Nayarit)","author":"grieta","date":"12 mayo, 2020","format":false,"excerpt":"Foto: Realidades de Nayarit Sus familiares est\u00e1n preocupados porque en los hospitales que se les asign\u00f3 para sus pr\u00e1cticas, no les dan equipo de protecci\u00f3n contra el Coronavirus Tepic, Nayarit.- Martes 12 de mayo del 2020.- Son alrededor de trescientos alumnos de medicina y\u00a0 enfermer\u00eda \u00a0los que est\u00e1n a punto\u2026","rel":"","context":"En &quot;CINTILLO&quot;","block_context":{"text":"CINTILLO","link":"https:\/\/www.grieta.org.mx\/index.php\/category\/cintillo\/"},"img":{"alt_text":"","src":"https:\/\/i0.wp.com\/www.grieta.org.mx\/wp-content\/uploads\/2020\/05\/ESTUDIANTES.jpg?resize=350%2C200&ssl=1","width":350,"height":200,"srcset":"https:\/\/i0.wp.com\/www.grieta.org.mx\/wp-content\/uploads\/2020\/05\/ESTUDIANTES.jpg?resize=350%2C200&ssl=1 1x, https:\/\/i0.wp.com\/www.grieta.org.mx\/wp-content\/uploads\/2020\/05\/ESTUDIANTES.jpg?resize=525%2C300&ssl=1 1.5x"},"classes":[]},{"id":34353,"url":"https:\/\/www.grieta.org.mx\/index.php\/2019\/05\/27\/desaparicion-de-plazas-para-medicos-pasantes-afectara-a-la-poblacion-queretaro\/","url_meta":{"origin":33825,"position":5},"title":"Desaparici\u00f3n de plazas para m\u00e9dicos pasantes afectar\u00e1 a la poblaci\u00f3n (Quer\u00e9taro)","author":"grieta","date":"27 mayo, 2019","format":false,"excerpt":"Francisco Vel\u00e1zquez Ram\u00edrez \/ C\u00f3digo Quer\u00e9taro La desaparici\u00f3n de plazas para m\u00e9dicos pasantes generar\u00e1 un impacto negativo en la poblaci\u00f3n,\u00a0ya que hay gente de escasos recursos en el pa\u00eds que no tiene acceso a los servicios de salud, pero tiene derecho a tener un m\u00e9dico pasante en su comunidad, sostuvo\u2026","rel":"","context":"En &quot;CINTILLO&quot;","block_context":{"text":"CINTILLO","link":"https:\/\/www.grieta.org.mx\/index.php\/category\/cintillo\/"},"img":{"alt_text":"","src":"https:\/\/i0.wp.com\/www.grieta.org.mx\/wp-content\/uploads\/2019\/06\/Desaparicion-de-plazas-para-medicos-pasantes-afectara-a-la-poblacion.jpg?resize=350%2C200&ssl=1","width":350,"height":200,"srcset":"https:\/\/i0.wp.com\/www.grieta.org.mx\/wp-content\/uploads\/2019\/06\/Desaparicion-de-plazas-para-medicos-pasantes-afectara-a-la-poblacion.jpg?resize=350%2C200&ssl=1 1x, https:\/\/i0.wp.com\/www.grieta.org.mx\/wp-content\/uploads\/2019\/06\/Desaparicion-de-plazas-para-medicos-pasantes-afectara-a-la-poblacion.jpg?resize=525%2C300&ssl=1 1.5x, https:\/\/i0.wp.com\/www.grieta.org.mx\/wp-content\/uploads\/2019\/06\/Desaparicion-de-plazas-para-medicos-pasantes-afectara-a-la-poblacion.jpg?resize=700%2C400&ssl=1 2x, https:\/\/i0.wp.com\/www.grieta.org.mx\/wp-content\/uploads\/2019\/06\/Desaparicion-de-plazas-para-medicos-pasantes-afectara-a-la-poblacion.jpg?resize=1050%2C600&ssl=1 3x"},"classes":[]}],"_links":{"self":[{"href":"https:\/\/www.grieta.org.mx\/index.php\/wp-json\/wp\/v2\/posts\/33825","targetHints":{"allow":["GET"]}}],"collection":[{"href":"https:\/\/www.grieta.org.mx\/index.php\/wp-json\/wp\/v2\/posts"}],"about":[{"href":"https:\/\/www.grieta.org.mx\/index.php\/wp-json\/wp\/v2\/types\/post"}],"author":[{"embeddable":true,"href":"https:\/\/www.grieta.org.mx\/index.php\/wp-json\/wp\/v2\/users\/2"}],"replies":[{"embeddable":true,"href":"https:\/\/www.grieta.org.mx\/index.php\/wp-json\/wp\/v2\/comments?post=33825"}],"version-history":[{"count":1,"href":"https:\/\/www.grieta.org.mx\/index.php\/wp-json\/wp\/v2\/posts\/33825\/revisions"}],"predecessor-version":[{"id":33831,"href":"https:\/\/www.grieta.org.mx\/index.php\/wp-json\/wp\/v2\/posts\/33825\/revisions\/33831"}],"wp:featuredmedia":[{"embeddable":true,"href":"https:\/\/www.grieta.org.mx\/index.php\/wp-json\/wp\/v2\/media\/33830"}],"wp:attachment":[{"href":"https:\/\/www.grieta.org.mx\/index.php\/wp-json\/wp\/v2\/media?parent=33825"}],"wp:term":[{"taxonomy":"category","embeddable":true,"href":"https:\/\/www.grieta.org.mx\/index.php\/wp-json\/wp\/v2\/categories?post=33825"},{"taxonomy":"post_tag","embeddable":true,"href":"https:\/\/www.grieta.org.mx\/index.php\/wp-json\/wp\/v2\/tags?post=33825"}],"curies":[{"name":"wp","href":"https:\/\/api.w.org\/{rel}","templated":true}]}}