{"id":33821,"date":"2019-05-22T18:26:21","date_gmt":"2019-05-22T23:26:21","guid":{"rendered":"http:\/\/www.grieta.org.mx\/?p=33821"},"modified":"2019-05-22T19:48:35","modified_gmt":"2019-05-23T00:48:35","slug":"por-recorte-presupuestal-hay-pocos-medicos-y-medicinas-en-24-estados","status":"publish","type":"post","link":"https:\/\/www.grieta.org.mx\/index.php\/2019\/05\/22\/por-recorte-presupuestal-hay-pocos-medicos-y-medicinas-en-24-estados\/","title":{"rendered":"Por recorte presupuestal hay pocos m\u00e9dicos y medicinas en 24 estados"},"content":{"rendered":"<p><img loading=\"lazy\" decoding=\"async\" data-attachment-id=\"33822\" data-permalink=\"https:\/\/www.grieta.org.mx\/index.php\/2019\/05\/22\/por-recorte-presupuestal-hay-pocos-medicos-y-medicinas-en-24-estados\/desabasto-de-medicamentos\/\" data-orig-file=\"https:\/\/www.grieta.org.mx\/wp-content\/uploads\/2019\/05\/desabasto-de-medicamentos.jpeg\" data-orig-size=\"1080,600\" data-comments-opened=\"0\" data-image-meta=\"{&quot;aperture&quot;:&quot;0&quot;,&quot;credit&quot;:&quot;&quot;,&quot;camera&quot;:&quot;&quot;,&quot;caption&quot;:&quot;&quot;,&quot;created_timestamp&quot;:&quot;0&quot;,&quot;copyright&quot;:&quot;&quot;,&quot;focal_length&quot;:&quot;0&quot;,&quot;iso&quot;:&quot;0&quot;,&quot;shutter_speed&quot;:&quot;0&quot;,&quot;title&quot;:&quot;&quot;,&quot;orientation&quot;:&quot;0&quot;}\" data-image-title=\"desabasto-de-medicamentos\" data-image-description=\"\" data-image-caption=\"\" data-medium-file=\"https:\/\/www.grieta.org.mx\/wp-content\/uploads\/2019\/05\/desabasto-de-medicamentos-300x167.jpeg\" data-large-file=\"https:\/\/www.grieta.org.mx\/wp-content\/uploads\/2019\/05\/desabasto-de-medicamentos-1024x569.jpeg\" class=\" wp-image-33822 aligncenter\" src=\"http:\/\/www.grieta.org.mx\/wp-content\/uploads\/2019\/05\/desabasto-de-medicamentos-300x167.jpeg\" alt=\"\" width=\"769\" height=\"428\" srcset=\"https:\/\/www.grieta.org.mx\/wp-content\/uploads\/2019\/05\/desabasto-de-medicamentos-300x167.jpeg 300w, https:\/\/www.grieta.org.mx\/wp-content\/uploads\/2019\/05\/desabasto-de-medicamentos-768x427.jpeg 768w, https:\/\/www.grieta.org.mx\/wp-content\/uploads\/2019\/05\/desabasto-de-medicamentos-1024x569.jpeg 1024w, https:\/\/www.grieta.org.mx\/wp-content\/uploads\/2019\/05\/desabasto-de-medicamentos-900x500.jpeg 900w, https:\/\/www.grieta.org.mx\/wp-content\/uploads\/2019\/05\/desabasto-de-medicamentos.jpeg 1080w\" sizes=\"auto, (max-width: 769px) 100vw, 769px\" \/><\/p>\n<p><em>Marchas de m\u00e9dicos residentes, renuncia del director y desabasto de medicamentos en el pa\u00eds \u00bfQu\u00e9 pasa en el sector salud?<\/em><\/p>\n<p>Karen \/ Plumas At\u00f3micas<\/p>\n<p>En los \u00faltimos d\u00edas se han dado a conocer <strong>las diversas consecuencias acerca de los recortes de presupuesto en el sector salud.<\/strong>\u00a0<strong>La m\u00e1s cr\u00edtica es el desabasto de medicamentos y el corte de personal m\u00e9dico, pues mantiene al borde de una crisis a 24 estados de la rep\u00fablica<\/strong>.<\/p>\n<p>El proyecto de naci\u00f3n de\u00a0<strong>la Cuarta Transformaci\u00f3n tiene como objetivo redistribuir el presupuesto de manera responsable y adecuada.<\/strong>\u00a0Asimismo,\u00a0<strong>precisa de austeridad para cumplir<\/strong>\u00a0con todos\u00a0<strong>los compromisos prometidos<\/strong>. Sin embargo,\u00a0<strong>es ingenuo pensar que estos recortes<\/strong>, sumados a la corrupci\u00f3n y falseo de bienes\u00a0<strong>no afecten al sistema de<\/strong>\u00a0<strong>salud.<\/strong><\/p>\n<p>Hace un mes\u00a0<strong>un grupo de m\u00e9dicos residentes march\u00f3 hacia el Palacio Nacional:\u00a0<\/strong>portaban un pliego petitorio en el que<strong>\u00a0ped\u00edan la resoluci\u00f3n de<\/strong>\u00a0problemas como el\u00a0<strong>desabasto de medicamentos<\/strong>,\u00a0<strong>retraso del pago de salarios<\/strong>\u00a0y la falta de claridad en algunos contratos.<\/p>\n<p>Estas demandas no se ven tan alejadas de los problemas que estados como\u00a0<strong>Tamaulipas, Guanajuato, Estado de M\u00e9xico, Veracruz y otros 20 estados presentan\u00a0<\/strong>en estos \u00faltimos meses:<\/p>\n<ul>\n<li>Desabasto de medicamentos<\/li>\n<li><strong>Reducci\u00f3n del personal m\u00e9dico<\/strong><\/li>\n<li>Falta de apoyos a pasantes<\/li>\n<li><strong>Cancelaci\u00f3n del aire acondicionado<\/strong><\/li>\n<li>Falta de personal administrativo<\/li>\n<li>Negativa a vacaciones o incapacidad<\/li>\n<li><strong>Falta de pagos<\/strong><\/li>\n<li><strong>Retraso en la entrega de medicamentos<\/strong><\/li>\n<\/ul>\n<p><strong>En Yucat\u00e1n<\/strong>, por ejemplo, l<strong>a pol\u00edtica de austeridad impidi\u00f3 que se utilizar\u00e1 el aire acondicionado dentro de las instalaciones.<\/strong><\/p>\n<p><strong>En Quintana Roo, al menos 45% de los trabajadores de la Secretar\u00eda de Salud no ser\u00e1n recontratados,<\/strong> mientras que 246 trabajadores del programa Prospera trabajar\u00e1n hasta diciembre del 2019.<\/p>\n<p><strong>En Veracruz\u00a0 se tiene un 50% de desabasto en retrovirales y medicamentos para el \u00e1rea de oncolog\u00eda.<\/strong>\u00a0Mientras, el personal administrativo no ha podido solicitar vacaciones o d\u00edas de incapacidad. (V\u00eda:\u00a0<em>Milenio<\/em>)<\/p>\n<p>Sin embargo, estos no son los \u00fanicos problemas que enfrenta el sector salud, e<strong>l delegado de Morena en Jalisco esta relacionado con casos de fraude y mal uso de programas sociales.<\/strong>\u00a0En este sentido, se le relaciona con nueve empresas farmac\u00e9uticas que generan ingresos millonarios. (V\u00eda:\u00a0<a href=\"https:\/\/www.animalpolitico.com\/2019\/05\/superdelegado-lomeli-empresas-farmaceuticas-gobierno\/\" target=\"_blank\" rel=\"noopener noreferrer\"><em>Animal Pol\u00edtico<\/em><\/a>)<\/p>\n<p>Aunque<strong>\u00a0el presidente ha sido cuestionado por estos hechos, ha dicho que s\u00f3lo de trata de \u2018griller\u00eda\u2019 y \u2018politiquer\u00eda\u2019<\/strong>, pero de ser necesario, se suspender\u00eda al funcionario durante las investigaciones.<\/p>\n<p>Ante este panorama es imprescindible preguntarnos \u00bfqu\u00e9 sucede con el sector salud?\u00a0<strong>\u00bfla pol\u00edtica de austeridad propuesta por la Cuarta transformaci\u00f3n en verdad ayudar\u00e1 a este sector?<\/strong><\/p>\n<p><a href=\"https:\/\/plumasatomicas.com\/noticias\/mexico\/por-recorte-presupuestal-hay-pocos-medicos-y-medicinas-en-24-estados\/\">https:\/\/plumasatomicas.com\/noticias\/mexico\/por-recorte-presupuestal-hay-pocos-medicos-y-medicinas-en-24-estados\/<\/a><\/p>\n","protected":false},"excerpt":{"rendered":"<p>Marchas de m\u00e9dicos residentes, renuncia del director y desabasto de medicamentos en el pa\u00eds \u00bfQu\u00e9 pasa en el sector salud? Karen \/ Plumas At\u00f3micas En los \u00faltimos d\u00edas se han &hellip; <a href=\"https:\/\/www.grieta.org.mx\/index.php\/2019\/05\/22\/por-recorte-presupuestal-hay-pocos-medicos-y-medicinas-en-24-estados\/\" class=\"more-link\">Leer m\u00e1s<\/a><\/p>\n","protected":false},"author":2,"featured_media":33822,"comment_status":"closed","ping_status":"closed","sticky":false,"template":"","format":"standard","meta":{"ngg_post_thumbnail":0,"_jetpack_newsletter_access":"","_jetpack_dont_email_post_to_subs":false,"_jetpack_newsletter_tier_id":0,"_jetpack_memberships_contains_paywalled_content":false,"_jetpack_memberships_contains_paid_content":false,"footnotes":""},"categories":[80,918,2,83],"tags":[2367,2473,893],"class_list":["post-33821","post","type-post","status-publish","format-standard","has-post-thumbnail","hentry","category-cintillo","category-privatizacion-del-sector-salud","category-noticias-nacionales","category-temas-nacionales","tag-crisis-en-el-sector-salud","tag-marcha-medicos","tag-privatizacion-de-la-salud","entry"],"jetpack_featured_media_url":"https:\/\/www.grieta.org.mx\/wp-content\/uploads\/2019\/05\/desabasto-de-medicamentos.jpeg","jetpack_sharing_enabled":true,"jetpack_shortlink":"https:\/\/wp.me\/p7ZJR4-8Nv","jetpack_likes_enabled":false,"jetpack-related-posts":[{"id":33846,"url":"https:\/\/www.grieta.org.mx\/index.php\/2019\/05\/22\/24-estados-en-crisis-de-doctores-y-medicamentos-en-el-issste-entre-ellos-colima\/","url_meta":{"origin":33821,"position":0},"title":"24 estados en crisis de doctores y medicamentos en el ISSSTE; entre ellos Colima","author":"grieta","date":"22 mayo, 2019","format":false,"excerpt":"CN COLIMANOTICIAS, 22 de mayo de 2019 M\u00e9xico.- Las afectaciones por los recortes al presupuesto del sector salud, que incluyen falta de m\u00e9dicos y enfermeras, escasez de medicamentos, reducci\u00f3n de apoyos a pasantes e incluso la cancelaci\u00f3n de aire acondicionado, se han extendido ya a hospitales de 24 estados, entre\u2026","rel":"","context":"En &quot;Baja California Sur&quot;","block_context":{"text":"Baja California Sur","link":"https:\/\/www.grieta.org.mx\/index.php\/category\/noticias-nacionales\/baja-california-sur\/"},"img":{"alt_text":"","src":"https:\/\/i0.wp.com\/www.grieta.org.mx\/wp-content\/uploads\/2019\/05\/directColimaNoticias.jpg?resize=350%2C200&ssl=1","width":350,"height":200,"srcset":"https:\/\/i0.wp.com\/www.grieta.org.mx\/wp-content\/uploads\/2019\/05\/directColimaNoticias.jpg?resize=350%2C200&ssl=1 1x, https:\/\/i0.wp.com\/www.grieta.org.mx\/wp-content\/uploads\/2019\/05\/directColimaNoticias.jpg?resize=525%2C300&ssl=1 1.5x, https:\/\/i0.wp.com\/www.grieta.org.mx\/wp-content\/uploads\/2019\/05\/directColimaNoticias.jpg?resize=700%2C400&ssl=1 2x"},"classes":[]},{"id":33935,"url":"https:\/\/www.grieta.org.mx\/index.php\/2019\/05\/20\/preocupa-reduccion-presupuestal-en-salud-a-derechohabientes-de-nl-nuevo-leon\/","url_meta":{"origin":33821,"position":1},"title":"Preocupa reducci\u00f3n presupuestal en salud a derechohabientes de NL (Nuevo Le\u00f3n)","author":"grieta","date":"20 mayo, 2019","format":false,"excerpt":"Francisco Z\u00fa\u00f1iga Esquivel \/ Multimedios Los ciudadanos se\u00f1alaron que desde hace tiempo el principal problema al que se enfrentan es la falta de medicamentos y atenci\u00f3n. MONTERREY.- Los recortes a los presupuestos de salud seguramente impactar\u00e1n m\u00e1s lo que ya est\u00e1 bastante afectado, consideraron derechohabientes de los hospitales p\u00fablicos, quienes\u2026","rel":"","context":"En &quot;CINTILLO&quot;","block_context":{"text":"CINTILLO","link":"https:\/\/www.grieta.org.mx\/index.php\/category\/cintillo\/"},"img":{"alt_text":"","src":"https:\/\/i0.wp.com\/www.grieta.org.mx\/wp-content\/uploads\/2019\/05\/Preocupa-reducci%C3%B3n-presupuestal-en-salud-a-derechohabientes-de-NL-may.jpg?resize=350%2C200&ssl=1","width":350,"height":200,"srcset":"https:\/\/i0.wp.com\/www.grieta.org.mx\/wp-content\/uploads\/2019\/05\/Preocupa-reducci%C3%B3n-presupuestal-en-salud-a-derechohabientes-de-NL-may.jpg?resize=350%2C200&ssl=1 1x, https:\/\/i0.wp.com\/www.grieta.org.mx\/wp-content\/uploads\/2019\/05\/Preocupa-reducci%C3%B3n-presupuestal-en-salud-a-derechohabientes-de-NL-may.jpg?resize=525%2C300&ssl=1 1.5x, https:\/\/i0.wp.com\/www.grieta.org.mx\/wp-content\/uploads\/2019\/05\/Preocupa-reducci%C3%B3n-presupuestal-en-salud-a-derechohabientes-de-NL-may.jpg?resize=700%2C400&ssl=1 2x, https:\/\/i0.wp.com\/www.grieta.org.mx\/wp-content\/uploads\/2019\/05\/Preocupa-reducci%C3%B3n-presupuestal-en-salud-a-derechohabientes-de-NL-may.jpg?resize=1050%2C600&ssl=1 3x"},"classes":[]},{"id":23022,"url":"https:\/\/www.grieta.org.mx\/index.php\/2018\/03\/17\/continua-desabasto-de-medicamentos-en-durango\/","url_meta":{"origin":33821,"position":2},"title":"Contin\u00faa desabasto de medicamentos en Durango","author":"grieta","date":"17 marzo, 2018","format":false,"excerpt":"Gilberto Lastra Guerrero\/Milenio La organizaci\u00f3n M\u00e9dicos Solidarios denuncia que sigue el desabasto de medicamento en el sistema estatal de salud. El entrevistado coment\u00f3 que se les anunci\u00f3 que en tres d\u00edas el desabasto de medicamento terminar\u00eda, pero se cumpli\u00f3 el plazo y no se logr\u00f3 el entregar los insumos para\u2026","rel":"","context":"En &quot;CINTILLO&quot;","block_context":{"text":"CINTILLO","link":"https:\/\/www.grieta.org.mx\/index.php\/category\/cintillo\/"},"img":{"alt_text":"","src":"https:\/\/i0.wp.com\/www.grieta.org.mx\/wp-content\/uploads\/2018\/05\/d5-2.jpg?resize=350%2C200&ssl=1","width":350,"height":200},"classes":[]},{"id":63408,"url":"https:\/\/www.grieta.org.mx\/index.php\/2022\/02\/17\/issste-colima-sin-abasto-suficiente-de-medicamentos-y-con-falta-de-medicos-especialistas\/","url_meta":{"origin":33821,"position":3},"title":"ISSSTE Colima sin abasto suficiente de medicamentos y con falta de m\u00e9dicos especialistas","author":"grieta","date":"17 febrero, 2022","format":false,"excerpt":"Foto: Cortes\u00eda Redacci\u00f3n \/ El Occidental Una situaci\u00f3n grave se presenta en el Instituto de Seguridad y Servicios Sociales de los Trabajadores del Estado (ISSSTE) Colima, ya que de acuerdo al presidente de la Asociaci\u00f3n de Jubilados, Pensionados y Adultos Mayores, Manuel Godina Velasco, existe un desabasto de medicamentos y\u2026","rel":"","context":"En &quot;CINTILLO&quot;","block_context":{"text":"CINTILLO","link":"https:\/\/www.grieta.org.mx\/index.php\/category\/cintillo\/"},"img":{"alt_text":"","src":"https:\/\/i0.wp.com\/www.grieta.org.mx\/wp-content\/uploads\/2022\/02\/ISSSTE-Colima.jpg?resize=350%2C200&ssl=1","width":350,"height":200,"srcset":"https:\/\/i0.wp.com\/www.grieta.org.mx\/wp-content\/uploads\/2022\/02\/ISSSTE-Colima.jpg?resize=350%2C200&ssl=1 1x, https:\/\/i0.wp.com\/www.grieta.org.mx\/wp-content\/uploads\/2022\/02\/ISSSTE-Colima.jpg?resize=525%2C300&ssl=1 1.5x, https:\/\/i0.wp.com\/www.grieta.org.mx\/wp-content\/uploads\/2022\/02\/ISSSTE-Colima.jpg?resize=700%2C400&ssl=1 2x"},"classes":[]},{"id":63839,"url":"https:\/\/www.grieta.org.mx\/index.php\/2022\/03\/22\/piden-renuncia-de-la-secretaria-de-salud-colima-por-desabasto-de-medicamentos-e-insumos\/","url_meta":{"origin":33821,"position":4},"title":"Piden renuncia de la secretaria de Salud Colima, por desabasto de medicamentos e insumos","author":"grieta","date":"22 marzo, 2022","format":false,"excerpt":"Foto: Edgardo Zamora Edgardo Zamora\u00a0 \/ El Occidental Una nueva manifestaci\u00f3n se dio por parte de\u00a0trabajadores contra la secretaria de Salud de Colima,\u00a0Martha Janeth Espinosa Mej\u00eda, esta vez por la falta de medicamentos e insumos. Fuera del Hospital Regional Universitario y encabezados por la dirigente de la Secci\u00f3n 30 del\u2026","rel":"","context":"En &quot;CINTILLO&quot;","block_context":{"text":"CINTILLO","link":"https:\/\/www.grieta.org.mx\/index.php\/category\/cintillo\/"},"img":{"alt_text":"","src":"https:\/\/i0.wp.com\/www.grieta.org.mx\/wp-content\/uploads\/2022\/03\/Solicitan-la-renuncia-de-la-secretaria-de-salud-de-Colima.jpg?resize=350%2C200&ssl=1","width":350,"height":200,"srcset":"https:\/\/i0.wp.com\/www.grieta.org.mx\/wp-content\/uploads\/2022\/03\/Solicitan-la-renuncia-de-la-secretaria-de-salud-de-Colima.jpg?resize=350%2C200&ssl=1 1x, https:\/\/i0.wp.com\/www.grieta.org.mx\/wp-content\/uploads\/2022\/03\/Solicitan-la-renuncia-de-la-secretaria-de-salud-de-Colima.jpg?resize=525%2C300&ssl=1 1.5x, https:\/\/i0.wp.com\/www.grieta.org.mx\/wp-content\/uploads\/2022\/03\/Solicitan-la-renuncia-de-la-secretaria-de-salud-de-Colima.jpg?resize=700%2C400&ssl=1 2x"},"classes":[]},{"id":37301,"url":"https:\/\/www.grieta.org.mx\/index.php\/2019\/07\/29\/los-ninos-se-quedan-sin-quimio-en-el-hospital-de-alta-especialidad-guanajuato\/","url_meta":{"origin":33821,"position":5},"title":"Los ni\u00f1os se quedan sin &#8216;quimio&#8217; en el Hospital de Alta Especialidad (Guanajuato)","author":"grieta","date":"29 julio, 2019","format":false,"excerpt":"Se agudiza la crisis por falta de medicamentos. El Secretario de Salud afirma, no obstante, que no puede confirmar la informaci\u00f3n publicada en la prensa local JORGE FLORES, La Silla Rota 29\/07\/2019 Se encienden las alarmas en el sector salud. La ausencia de vacunas y medicamentos se agudiza. Y los\u2026","rel":"","context":"En &quot;CINTILLO&quot;","block_context":{"text":"CINTILLO","link":"https:\/\/www.grieta.org.mx\/index.php\/category\/cintillo\/"},"img":{"alt_text":"","src":"https:\/\/i0.wp.com\/www.grieta.org.mx\/wp-content\/uploads\/2019\/08\/ninossinquimio-focus-0.03-0.39-983-557.jpg?resize=350%2C200&ssl=1","width":350,"height":200,"srcset":"https:\/\/i0.wp.com\/www.grieta.org.mx\/wp-content\/uploads\/2019\/08\/ninossinquimio-focus-0.03-0.39-983-557.jpg?resize=350%2C200&ssl=1 1x, https:\/\/i0.wp.com\/www.grieta.org.mx\/wp-content\/uploads\/2019\/08\/ninossinquimio-focus-0.03-0.39-983-557.jpg?resize=525%2C300&ssl=1 1.5x, https:\/\/i0.wp.com\/www.grieta.org.mx\/wp-content\/uploads\/2019\/08\/ninossinquimio-focus-0.03-0.39-983-557.jpg?resize=700%2C400&ssl=1 2x"},"classes":[]}],"_links":{"self":[{"href":"https:\/\/www.grieta.org.mx\/index.php\/wp-json\/wp\/v2\/posts\/33821","targetHints":{"allow":["GET"]}}],"collection":[{"href":"https:\/\/www.grieta.org.mx\/index.php\/wp-json\/wp\/v2\/posts"}],"about":[{"href":"https:\/\/www.grieta.org.mx\/index.php\/wp-json\/wp\/v2\/types\/post"}],"author":[{"embeddable":true,"href":"https:\/\/www.grieta.org.mx\/index.php\/wp-json\/wp\/v2\/users\/2"}],"replies":[{"embeddable":true,"href":"https:\/\/www.grieta.org.mx\/index.php\/wp-json\/wp\/v2\/comments?post=33821"}],"version-history":[{"count":1,"href":"https:\/\/www.grieta.org.mx\/index.php\/wp-json\/wp\/v2\/posts\/33821\/revisions"}],"predecessor-version":[{"id":33835,"href":"https:\/\/www.grieta.org.mx\/index.php\/wp-json\/wp\/v2\/posts\/33821\/revisions\/33835"}],"wp:featuredmedia":[{"embeddable":true,"href":"https:\/\/www.grieta.org.mx\/index.php\/wp-json\/wp\/v2\/media\/33822"}],"wp:attachment":[{"href":"https:\/\/www.grieta.org.mx\/index.php\/wp-json\/wp\/v2\/media?parent=33821"}],"wp:term":[{"taxonomy":"category","embeddable":true,"href":"https:\/\/www.grieta.org.mx\/index.php\/wp-json\/wp\/v2\/categories?post=33821"},{"taxonomy":"post_tag","embeddable":true,"href":"https:\/\/www.grieta.org.mx\/index.php\/wp-json\/wp\/v2\/tags?post=33821"}],"curies":[{"name":"wp","href":"https:\/\/api.w.org\/{rel}","templated":true}]}}