{"id":33731,"date":"2019-05-16T20:37:19","date_gmt":"2019-05-17T01:37:19","guid":{"rendered":"http:\/\/www.grieta.org.mx\/?p=33731"},"modified":"2019-05-20T20:48:51","modified_gmt":"2019-05-21T01:48:51","slug":"asesinan-al-reportero-francisco-romero-naca-naca-en-playa-del-carmen","status":"publish","type":"post","link":"https:\/\/www.grieta.org.mx\/index.php\/2019\/05\/16\/asesinan-al-reportero-francisco-romero-naca-naca-en-playa-del-carmen\/","title":{"rendered":"Asesinan al reportero Francisco Romero, \u00d1aca-\u00d1aca, en Playa del Carmen"},"content":{"rendered":"<p><img loading=\"lazy\" decoding=\"async\" data-attachment-id=\"33732\" data-permalink=\"https:\/\/www.grieta.org.mx\/index.php\/2019\/05\/16\/asesinan-al-reportero-francisco-romero-naca-naca-en-playa-del-carmen\/reportero-asesinado-playa-del-carmen\/\" data-orig-file=\"https:\/\/www.grieta.org.mx\/wp-content\/uploads\/2019\/05\/reportero-asesinado-playa-del-carmen.png\" data-orig-size=\"768,479\" data-comments-opened=\"0\" data-image-meta=\"{&quot;aperture&quot;:&quot;0&quot;,&quot;credit&quot;:&quot;&quot;,&quot;camera&quot;:&quot;&quot;,&quot;caption&quot;:&quot;&quot;,&quot;created_timestamp&quot;:&quot;0&quot;,&quot;copyright&quot;:&quot;&quot;,&quot;focal_length&quot;:&quot;0&quot;,&quot;iso&quot;:&quot;0&quot;,&quot;shutter_speed&quot;:&quot;0&quot;,&quot;title&quot;:&quot;&quot;,&quot;orientation&quot;:&quot;0&quot;}\" data-image-title=\"reportero-asesinado-playa-del-carmen\" data-image-description=\"\" data-image-caption=\"\" data-medium-file=\"https:\/\/www.grieta.org.mx\/wp-content\/uploads\/2019\/05\/reportero-asesinado-playa-del-carmen-300x187.png\" data-large-file=\"https:\/\/www.grieta.org.mx\/wp-content\/uploads\/2019\/05\/reportero-asesinado-playa-del-carmen.png\" src=\"http:\/\/www.grieta.org.mx\/wp-content\/uploads\/2019\/05\/reportero-asesinado-playa-del-carmen.png\" alt=\"\" width=\"768\" height=\"479\" class=\"alignleft size-full wp-image-33732\" srcset=\"https:\/\/www.grieta.org.mx\/wp-content\/uploads\/2019\/05\/reportero-asesinado-playa-del-carmen.png 768w, https:\/\/www.grieta.org.mx\/wp-content\/uploads\/2019\/05\/reportero-asesinado-playa-del-carmen-300x187.png 300w\" sizes=\"auto, (max-width: 768px) 100vw, 768px\" \/><\/p>\n<p>El Sol de M\u00e9xico Online<\/p>\n<p>Playa del Carmen, Quintana Roo.- Francisco Romero, reportero de cr\u00f3nica roja en Playa del Carmen conocido como \u00d1aca \u00d1aca, fue asesinado este jueves afuera del bar &#8220;La Gota&#8221;.<\/p>\n<p>Durante la madrugada se encontr\u00f3 su cuerpo junto a una motocicleta sobre la avenida 115, en el \u00e1rea conocida como \u201cLa Moneda\u201d, en la colonia Ejidal de Playa del Carmen.<\/p>\n<p>Seg\u00fan el informe del centro de seguridad, &#8220;al parecer se trata del reportero conocido como \u00d1aca \u00d1aca&#8221; y presentaba diversos golpes y apareci\u00f3 con el rostro desfigurado.<\/p>\n<p>Actualmente se desempe\u00f1aba como colaborador del portal digital Ocurri\u00f3 Aqu\u00ed y antes trabaj\u00f3 en el semanario Playa News, cuyos principales editores, Rub\u00e9n Pat y Jos\u00e9 Guadalupe Chan Dizib, fueron asesinados en 2018.<\/p>\n<p>Era portador adem\u00e1s de un bot\u00f3n de seguridad como parte del Mecanismo de Protecci\u00f3n a Periodistas que el Gobierno Federal le hab\u00eda entregado despu\u00e9s de reiteradas amenazas y agresiones.<\/p>\n<p>Un mes antes de haber presentado la denuncia, el 7 de marzo, los polic\u00edas municipales de Solidaridad lo detuvieron por decirles \u201cno sean corruptos\u201d, al atestiguar el momento en el que un agente le exig\u00eda 500 pesos a una persona para no ser detenida por una falta administrativa.<\/p>\n<p>Los polic\u00edas municipales lo arrestaron, espos\u00e1ndolo con violencia, como se puede ver en varios testimonios videograbados.<\/p>\n<p>El 11 de abril, denunci\u00f3 en redes sociales haber sido v\u00edctima de un levant\u00f3n por sujetos fuertemente armados, luego de realizar una transmisi\u00f3n en vivo a trav\u00e9s del Facebook, donde denunci\u00f3 p\u00fablicamente las amenazas que estaba recibiendo constantemente al ventilar asuntos de corrupci\u00f3n de polic\u00edas.<\/p>\n<p>El comunicador denunci\u00f3 que cuando se dirig\u00eda a realizar un reportaje y al transitar sobre la avenida 100 con calle 34, fue interceptado por tres sujetos que lo amagaron con un rev\u00f3lver para subirlo a la fuerza a una Camioneta tipo Van color Blanca de modelo antiguo.<\/p>\n<p>Despu\u00e9s de esa advertencia, de que \u201cpara la otra no la contaba\u201d, el 30 de abril el reportero fue v\u00edctima de un hackeo a su p\u00e1gina, la cual fue desaparecida poco antes de que a \u00e9l lo asesinaran.<\/p>\n<p>Cabe mencionar que Francisco Romero nunca fue reportero o trabajador de alguno de los medios de mayor penetraci\u00f3n en la entidad como lo son Novedades de Quintana Roo, Por Esto, Radio Turquesa o TVCun.<\/p>\n<p>Con la muerte de Romero, al menos nueve reporteros han sido asesinados en el pa\u00eds desde diciembre pasado, cuando asumi\u00f3 la Presidencia Andr\u00e9s Manuel L\u00f3pez Obrador.<\/p>\n<p>Durante el pasado sexenio de Enrique Pe\u00f1a Nieto (2012-2018) se cometieron 47 asesinatos de periodistas en M\u00e9xico, de los cuales 9 fueron en 2018, de un total de 2 mil 347 agresiones contra los medios de comunicaci\u00f3n.<\/p>\n<p>||Con informaci\u00f3n de Rafael Mart\u00ednez, Notimex y EFE||<\/p>\n<p><a href=\"https:\/\/www.elsoldemexico.com.mx\/republica\/sociedad\/asesinan-al-reportero-francisco-romero-naca-naca-en-playa-del-carmen-3628352.html\" rel=\"noopener noreferrer\" target=\"_blank\">https:\/\/www.elsoldemexico.com.mx\/republica\/sociedad\/asesinan-al-reportero-francisco-romero-naca-naca-en-playa-del-carmen-3628352.html<\/a><\/p>\n","protected":false},"excerpt":{"rendered":"<p>El Sol de M\u00e9xico Online Playa del Carmen, Quintana Roo.- Francisco Romero, reportero de cr\u00f3nica roja en Playa del Carmen conocido como \u00d1aca \u00d1aca, fue asesinado este jueves afuera del &hellip; <a href=\"https:\/\/www.grieta.org.mx\/index.php\/2019\/05\/16\/asesinan-al-reportero-francisco-romero-naca-naca-en-playa-del-carmen\/\" class=\"more-link\">Leer m\u00e1s<\/a><\/p>\n","protected":false},"author":2,"featured_media":33732,"comment_status":"closed","ping_status":"closed","sticky":false,"template":"","format":"standard","meta":{"ngg_post_thumbnail":0,"_jetpack_newsletter_access":"","_jetpack_dont_email_post_to_subs":false,"_jetpack_newsletter_tier_id":0,"_jetpack_memberships_contains_paywalled_content":false,"_jetpack_memberships_contains_paid_content":false,"footnotes":""},"categories":[80,2,28,83,88,1372],"tags":[2331],"class_list":["post-33731","post","type-post","status-publish","format-standard","has-post-thumbnail","hentry","category-cintillo","category-noticias-nacionales","category-quintana-roo","category-temas-nacionales","category-violencia-contra-periodistas","category-violencia-contra-periodistas-en-quintana-roo","tag-violencia-conta-periodistas","entry"],"jetpack_featured_media_url":"https:\/\/www.grieta.org.mx\/wp-content\/uploads\/2019\/05\/reportero-asesinado-playa-del-carmen.png","jetpack_sharing_enabled":true,"jetpack_shortlink":"https:\/\/wp.me\/p7ZJR4-8M3","jetpack_likes_enabled":false,"jetpack-related-posts":[{"id":63184,"url":"https:\/\/www.grieta.org.mx\/index.php\/2022\/01\/25\/se-manifiestan-en-playa-del-carmen-por-el-asesinato-de-la-periodista-lourdes-maldonado-quintana-roo\/","url_meta":{"origin":33731,"position":0},"title":"Se manifiestan en Playa del Carmen por el asesinato de la periodista Lourdes Maldonado (Quintana Roo)","author":"grieta","date":"25 enero, 2022","format":false,"excerpt":"Fernando Morcillo \/ PorEsto! Reporteros acudieron al Palacio Municipal de Playa del Carmen para exigir justicia por el asesinato de la Lourdes Maldonado, periodista asesinada en Baja California, adem\u00e1s de tener condiciones seguras para trabajar Reporteros de Playa del Carmen se manifiestan en los bajos del Palacio Municipal, como parte\u2026","rel":"","context":"En &quot;CINTILLO&quot;","block_context":{"text":"CINTILLO","link":"https:\/\/www.grieta.org.mx\/index.php\/category\/cintillo\/"},"img":{"alt_text":"","src":"https:\/\/i0.wp.com\/www.grieta.org.mx\/wp-content\/uploads\/2022\/01\/PlayaPeriodistas-e1643308857279.png?resize=350%2C200&ssl=1","width":350,"height":200,"srcset":"https:\/\/i0.wp.com\/www.grieta.org.mx\/wp-content\/uploads\/2022\/01\/PlayaPeriodistas-e1643308857279.png?resize=350%2C200&ssl=1 1x, https:\/\/i0.wp.com\/www.grieta.org.mx\/wp-content\/uploads\/2022\/01\/PlayaPeriodistas-e1643308857279.png?resize=525%2C300&ssl=1 1.5x, https:\/\/i0.wp.com\/www.grieta.org.mx\/wp-content\/uploads\/2022\/01\/PlayaPeriodistas-e1643308857279.png?resize=700%2C400&ssl=1 2x"},"classes":[]},{"id":25103,"url":"https:\/\/www.grieta.org.mx\/index.php\/2018\/07\/24\/asesinan-a-reportero-en-playa-del-carmen-es-el-segundo-en-un-mes-en-q-roo\/","url_meta":{"origin":33731,"position":1},"title":"Asesinan a reportero en Playa del Carmen; es el segundo en un mes en Q. Roo","author":"grieta","date":"24 julio, 2018","format":false,"excerpt":"Sergio Caballero\/Proceso CANCUN, Q. Roo (apro).- El periodista Rub\u00e9n Pat, especializado en nota roja y propietario del portal Semanario Playa News, fue asesinado esta madrugada de varios tiros, en el casco antiguo de Playa del Carmen. De acuerdo con los primeros reportes, a las 5:48 horas de hoy, la Polic\u00eda\u2026","rel":"","context":"En &quot;CINTILLO&quot;","block_context":{"text":"CINTILLO","link":"https:\/\/www.grieta.org.mx\/index.php\/category\/cintillo\/"},"img":{"alt_text":"","src":"https:\/\/i0.wp.com\/www.grieta.org.mx\/wp-content\/uploads\/2018\/07\/pat-1078x808.jpg?resize=350%2C200&ssl=1","width":350,"height":200,"srcset":"https:\/\/i0.wp.com\/www.grieta.org.mx\/wp-content\/uploads\/2018\/07\/pat-1078x808.jpg?resize=350%2C200&ssl=1 1x, https:\/\/i0.wp.com\/www.grieta.org.mx\/wp-content\/uploads\/2018\/07\/pat-1078x808.jpg?resize=525%2C300&ssl=1 1.5x, https:\/\/i0.wp.com\/www.grieta.org.mx\/wp-content\/uploads\/2018\/07\/pat-1078x808.jpg?resize=700%2C400&ssl=1 2x, https:\/\/i0.wp.com\/www.grieta.org.mx\/wp-content\/uploads\/2018\/07\/pat-1078x808.jpg?resize=1050%2C600&ssl=1 3x"},"classes":[]},{"id":3601,"url":"https:\/\/www.grieta.org.mx\/index.php\/2015\/09\/14\/reactivan-proyecto-turistico-en-playa-del-carmen-quintana-roo\/","url_meta":{"origin":33731,"position":2},"title":"Reactivan proyecto tur\u00edstico en Playa del Carmen, Quintana Roo","author":"grieta","date":"14 septiembre, 2015","format":false,"excerpt":"14\/09\/15. Sacan de la \u2018congeladora\u2019 proyecto tur\u00edstico: despu\u00e9s de 2 a\u00f1os, retoman construcci\u00f3n del complejo Kanai en la Riviera MayaNoticaribe 03\/09\/12. Megaproyecto hotelero Kanai iniciar\u00e1 en el 2013 en Quintana RooEl Economista","rel":"","context":"En &quot;NOTICIAS NACIONALES&quot;","block_context":{"text":"NOTICIAS NACIONALES","link":"https:\/\/www.grieta.org.mx\/index.php\/category\/noticias-nacionales\/"},"img":{"alt_text":"","src":"https:\/\/i0.wp.com\/www.grieta.org.mx\/wp-content\/uploads\/2018\/03\/14524434_1106112876131411_958039263622046936_o.jpg?resize=350%2C200&ssl=1","width":350,"height":200,"srcset":"https:\/\/i0.wp.com\/www.grieta.org.mx\/wp-content\/uploads\/2018\/03\/14524434_1106112876131411_958039263622046936_o.jpg?resize=350%2C200&ssl=1 1x, https:\/\/i0.wp.com\/www.grieta.org.mx\/wp-content\/uploads\/2018\/03\/14524434_1106112876131411_958039263622046936_o.jpg?resize=525%2C300&ssl=1 1.5x, https:\/\/i0.wp.com\/www.grieta.org.mx\/wp-content\/uploads\/2018\/03\/14524434_1106112876131411_958039263622046936_o.jpg?resize=700%2C400&ssl=1 2x"},"classes":[]},{"id":45986,"url":"https:\/\/www.grieta.org.mx\/index.php\/2020\/03\/08\/somos-la-voz-de-las-que-no-estan-marchan-al-menos-mil-500-mujeres-en-playa-del-carmen-contra-la-violencia-de-genero\/","url_meta":{"origin":33731,"position":3},"title":"\u201cSomos la voz de las que no est\u00e1n\u201d: Marchan al menos mil 500 mujeres en Playa del Carmen contra la violencia de g\u00e9nero","author":"grieta","date":"8 marzo, 2020","format":false,"excerpt":"Noticaribe PLAYA DEL CARMEN, MX.- Un contingente de al menos mil 500 mujeres, marcharon a lo largo de la Quinta Avenida, hasta llegar a la Plaza 28 de Julio, donde, frente al Palacio Municipal, familiares de v\u00edctimas de violencia contaron sus experiencias y exigieron un cese a las agresiones de\u2026","rel":"","context":"En &quot;CINTILLO&quot;","block_context":{"text":"CINTILLO","link":"https:\/\/www.grieta.org.mx\/index.php\/category\/cintillo\/"},"img":{"alt_text":"","src":"https:\/\/i0.wp.com\/www.grieta.org.mx\/wp-content\/uploads\/2020\/03\/MujeresPlayaDelCarmen8Mzo.png?resize=350%2C200&ssl=1","width":350,"height":200,"srcset":"https:\/\/i0.wp.com\/www.grieta.org.mx\/wp-content\/uploads\/2020\/03\/MujeresPlayaDelCarmen8Mzo.png?resize=350%2C200&ssl=1 1x, https:\/\/i0.wp.com\/www.grieta.org.mx\/wp-content\/uploads\/2020\/03\/MujeresPlayaDelCarmen8Mzo.png?resize=525%2C300&ssl=1 1.5x, https:\/\/i0.wp.com\/www.grieta.org.mx\/wp-content\/uploads\/2020\/03\/MujeresPlayaDelCarmen8Mzo.png?resize=700%2C400&ssl=1 2x"},"classes":[]},{"id":24082,"url":"https:\/\/www.grieta.org.mx\/index.php\/2018\/06\/29\/onu-llama-a-investigar-a-fondo-asesinato-de-periodista-en-quintana-roo\/","url_meta":{"origin":33731,"position":4},"title":"ONU llama a investigar a fondo asesinato de periodista en Quintana Roo","author":"grieta","date":"29 junio, 2018","format":false,"excerpt":"La oficina de Derechos Humanos de las Naciones Unidas en M\u00e9xico conden\u00f3 el homicidio del periodista Jos\u00e9 Guadalupe Chan Dzib, ocurrido el pasado viernes 29 de junio en Felipe Carrillo Puerto, Quintana Roo La Oficina en M\u00e9xico del Alto Comisionado de las Naciones Unidas para los Derechos Humanos (ONU-DH) conden\u00f3\u2026","rel":"","context":"En &quot;CINTILLO&quot;","block_context":{"text":"CINTILLO","link":"https:\/\/www.grieta.org.mx\/index.php\/category\/cintillo\/"},"img":{"alt_text":"","src":"https:\/\/i0.wp.com\/www.grieta.org.mx\/wp-content\/uploads\/2018\/07\/QRooPeriodista.png?resize=350%2C200&ssl=1","width":350,"height":200,"srcset":"https:\/\/i0.wp.com\/www.grieta.org.mx\/wp-content\/uploads\/2018\/07\/QRooPeriodista.png?resize=350%2C200&ssl=1 1x, https:\/\/i0.wp.com\/www.grieta.org.mx\/wp-content\/uploads\/2018\/07\/QRooPeriodista.png?resize=525%2C300&ssl=1 1.5x"},"classes":[]},{"id":68742,"url":"https:\/\/www.grieta.org.mx\/index.php\/2024\/03\/08\/colectivos-de-mujeres-marchan-en-playa-del-carmen-y-tulum-quintana-roo\/","url_meta":{"origin":33731,"position":5},"title":"Colectivos de mujeres marchan en Playa del Carmen y Tulum (Quintana Roo)","author":"grieta","date":"8 marzo, 2024","format":false,"excerpt":"Ra\u00fal Gamboa\/Quadrat\u00edn Quintana Roo SOLIDARIDAD, QRoo, 8 de marzo de 2024.- Cientos de mujeres marcharon este viernes para celebrar y reclamar sus derechos en el D\u00eda Internacional de la Mujer. En Tulum, el colectivo march\u00f3 por la avenida principal de la ciudad mientras coreaban frases como \u201c\u00a1Ni una m\u00e1s, ni\u2026","rel":"","context":"En &quot;CINTILLO&quot;","block_context":{"text":"CINTILLO","link":"https:\/\/www.grieta.org.mx\/index.php\/category\/cintillo\/"},"img":{"alt_text":"","src":"https:\/\/i0.wp.com\/www.grieta.org.mx\/wp-content\/uploads\/2024\/04\/MujeresTulum-e1712177947596.jpg?resize=350%2C200&ssl=1","width":350,"height":200,"srcset":"https:\/\/i0.wp.com\/www.grieta.org.mx\/wp-content\/uploads\/2024\/04\/MujeresTulum-e1712177947596.jpg?resize=350%2C200&ssl=1 1x, https:\/\/i0.wp.com\/www.grieta.org.mx\/wp-content\/uploads\/2024\/04\/MujeresTulum-e1712177947596.jpg?resize=525%2C300&ssl=1 1.5x, https:\/\/i0.wp.com\/www.grieta.org.mx\/wp-content\/uploads\/2024\/04\/MujeresTulum-e1712177947596.jpg?resize=700%2C400&ssl=1 2x"},"classes":[]}],"_links":{"self":[{"href":"https:\/\/www.grieta.org.mx\/index.php\/wp-json\/wp\/v2\/posts\/33731","targetHints":{"allow":["GET"]}}],"collection":[{"href":"https:\/\/www.grieta.org.mx\/index.php\/wp-json\/wp\/v2\/posts"}],"about":[{"href":"https:\/\/www.grieta.org.mx\/index.php\/wp-json\/wp\/v2\/types\/post"}],"author":[{"embeddable":true,"href":"https:\/\/www.grieta.org.mx\/index.php\/wp-json\/wp\/v2\/users\/2"}],"replies":[{"embeddable":true,"href":"https:\/\/www.grieta.org.mx\/index.php\/wp-json\/wp\/v2\/comments?post=33731"}],"version-history":[{"count":1,"href":"https:\/\/www.grieta.org.mx\/index.php\/wp-json\/wp\/v2\/posts\/33731\/revisions"}],"predecessor-version":[{"id":33733,"href":"https:\/\/www.grieta.org.mx\/index.php\/wp-json\/wp\/v2\/posts\/33731\/revisions\/33733"}],"wp:featuredmedia":[{"embeddable":true,"href":"https:\/\/www.grieta.org.mx\/index.php\/wp-json\/wp\/v2\/media\/33732"}],"wp:attachment":[{"href":"https:\/\/www.grieta.org.mx\/index.php\/wp-json\/wp\/v2\/media?parent=33731"}],"wp:term":[{"taxonomy":"category","embeddable":true,"href":"https:\/\/www.grieta.org.mx\/index.php\/wp-json\/wp\/v2\/categories?post=33731"},{"taxonomy":"post_tag","embeddable":true,"href":"https:\/\/www.grieta.org.mx\/index.php\/wp-json\/wp\/v2\/tags?post=33731"}],"curies":[{"name":"wp","href":"https:\/\/api.w.org\/{rel}","templated":true}]}}