{"id":33721,"date":"2019-05-11T18:44:23","date_gmt":"2019-05-11T23:44:23","guid":{"rendered":"http:\/\/www.grieta.org.mx\/?p=33721"},"modified":"2019-05-20T18:49:04","modified_gmt":"2019-05-20T23:49:04","slug":"fue-un-ecocidio-premeditado-vecinos-del-pueblo-de-xoco-narran-tala-irregular-de-arboles-ciudad-de-mexico","status":"publish","type":"post","link":"https:\/\/www.grieta.org.mx\/index.php\/2019\/05\/11\/fue-un-ecocidio-premeditado-vecinos-del-pueblo-de-xoco-narran-tala-irregular-de-arboles-ciudad-de-mexico\/","title":{"rendered":"\u201cFue un ecocidio premeditado\u201d: vecinos del Pueblo de Xoco narran tala irregular de \u00e1rboles (Ciudad de M\u00e9xico)"},"content":{"rendered":"<p><img loading=\"lazy\" decoding=\"async\" data-attachment-id=\"33723\" data-permalink=\"https:\/\/www.grieta.org.mx\/index.php\/2019\/05\/11\/fue-un-ecocidio-premeditado-vecinos-del-pueblo-de-xoco-narran-tala-irregular-de-arboles-ciudad-de-mexico\/2876f1a5-e16b-4770-a4b1-1d041ec12f56\/\" data-orig-file=\"https:\/\/www.grieta.org.mx\/wp-content\/uploads\/2019\/05\/2876F1A5-E16B-4770-A4B1-1D041EC12F56.jpeg\" data-orig-size=\"960,500\" data-comments-opened=\"0\" data-image-meta=\"{&quot;aperture&quot;:&quot;5.6&quot;,&quot;credit&quot;:&quot;&quot;,&quot;camera&quot;:&quot;Canon EOS 7D&quot;,&quot;caption&quot;:&quot;&quot;,&quot;created_timestamp&quot;:&quot;1557385164&quot;,&quot;copyright&quot;:&quot;&quot;,&quot;focal_length&quot;:&quot;35&quot;,&quot;iso&quot;:&quot;400&quot;,&quot;shutter_speed&quot;:&quot;0.008&quot;,&quot;title&quot;:&quot;&quot;,&quot;orientation&quot;:&quot;1&quot;}\" data-image-title=\"2876F1A5-E16B-4770-A4B1-1D041EC12F56\" data-image-description=\"\" data-image-caption=\"\" data-medium-file=\"https:\/\/www.grieta.org.mx\/wp-content\/uploads\/2019\/05\/2876F1A5-E16B-4770-A4B1-1D041EC12F56-300x156.jpeg\" data-large-file=\"https:\/\/www.grieta.org.mx\/wp-content\/uploads\/2019\/05\/2876F1A5-E16B-4770-A4B1-1D041EC12F56.jpeg\" src=\"http:\/\/www.grieta.org.mx\/wp-content\/uploads\/2019\/05\/2876F1A5-E16B-4770-A4B1-1D041EC12F56.jpeg\" alt=\"\" width=\"860\" height=\"400\" class=\"alignleft size-full wp-image-33723\" \/><\/p>\n<p>Siboney Flores\/Animal Pol\u00edtico<\/p>\n<blockquote><p>Vecino cuentan como apenas un d\u00eda antes de lo que llaman uno de los peores \u201cecocidios\u201d de la ciudad, se percataron que los trabajadores de la constructora ya hab\u00edan talado \u00e1rboles.<\/p><\/blockquote>\n<p>A los vecinos del Pueblo de Xoco nadie les saca de la cabeza que la tala de 54 \u00e1rboles por parte de un grupo de trabajadores de la empresa M\u00edtikah fue un \u201cecocidio\u201d premeditado.<\/p>\n<p>\u201cMe mat\u00f3 M\u00edtikah\u201d, pintaron los vecinos en uno de los \u00e1rboles talados en la calle Real de Mayorazgo, alcald\u00eda de Benito Ju\u00e1rez, luego que, el pasado s\u00e1bado 4 de mayo, autoridades capitalinas detuvieran a 9 trabajadores de la empresa que desde hace a\u00f1os construye un complejo habitacional en esa zona<\/p>\n<p>Los vecinos saben de lo que hablan. Apenas un d\u00eda antes de lo que llaman uno de los peores \u201cecocidios\u201d de la ciudad, se percataron que los trabajadores de la constructora hab\u00edan talado 7 \u00e1rboles. Eran los m\u00e1s peque\u00f1os y delgados, de acuerdo con sus propios testimonios.<\/p>\n<p>Inmediatamente algunos de los habitantes del pueblo notificaron al resto de sus vecinos por WhatsApp, por lo que comenzaron a movilizarse para evitar la tala de m\u00e1s \u00e1rboles.  <\/p>\n<p>Al notar la inconformidad de los vecinos la plantilla de trabajadores detuvo la operaci\u00f3n.<\/p>\n<p>Los habitantes de Xoco planeaban hacer una denuncia de manera formal para el lunes 6 de mayo, pero al d\u00eda siguiente de la primera tala, el s\u00e1bado 4 de mayo, los trabajadores de la constructora regresaron con una nueva estrategia.<\/p>\n<p>Para evitar el rechazo de los vecinos colocaron, por la madrugada, dos hileras de vallas met\u00e1licas para obstruir la vista y el acceso en el camell\u00f3n donde estaban los \u00e1rboles.<\/p>\n<p>A las 4 de la madrugada del s\u00e1bado, uno de los vecinos not\u00f3 las vallas y alert\u00f3 por WhatsApp lo que estaba sucediendo. A las 7 de la ma\u00f1ana otro vecino corrobor\u00f3 el cerco, pero dijo desconocer que estaba ocurriendo.<\/p>\n<p>Fue hasta a las 8:45 de la ma\u00f1ana que otros vecinos subieron al grupo fotograf\u00edas de camionetas con logotipos tapados y con los \u00e1rboles talados.<\/p>\n<p>Al ver lo que estaba ocurriendo, los vecinos quisieron enfrentar a los trabajadores pero no pudieron porque las vallas met\u00e1licas les imped\u00edan el paso. Inmediatamente alertaron a dos patrullas que atendieron el hecho.<\/p>\n<p>Los trabajadores mostraron un permiso por parte de la alcald\u00eda y las patrullas se retiraron.<\/p>\n<p>A las 11:00 de la ma\u00f1ana los vecinos confirmaron que se hab\u00edan talado 54 \u00e1rboles.<\/p>\n<p>Protecci\u00f3n Civil de la Ciudad de M\u00e9xico se acerc\u00f3 a la zona y detuvieron algunas camionetas. En ese momento fueron detenidos 9 empleados de M\u00edtikah.<\/p>\n<p>Los vecinos se sorprendieron al percatarse que solo se hab\u00eda detenido a nueve personas, porque, dijeron, hab\u00eda entre 70 y 80 trabajadores en la tala de \u00e1rboles.<\/p>\n<p>Ren\u00e9 Rivas, representante del pueblo de Xoco y vecino de la colonia General Pedro Mar\u00eda Anaya, coment\u00f3 que \u201cnunca\u201d se imaginaron que se atrevieran a cortar tantos \u00e1rboles.<\/p>\n<p>\u201cAl principio que cortaron 7 \u00e1rboles fue dif\u00edcil movilizarnos porque no sab\u00edamos si les estorbaban y pensamos que era lo \u00fanico que iban a cortar\u2026 tambi\u00e9n fue dif\u00edcil como asamblea porque deb\u00edamos esperar para saber qu\u00e9 estaba sucediendo\u201d.<\/p>\n<p>Yolanda Garc\u00e9s y Ofer S\u00e1nchez, habitantes de Xoco, aseguraron que los \u00e1rboles no pudieron ser cortados por tener alguna plaga o estar en mal estado, pues se encontraban en buenas condiciones. Mientras que un testigo que labora por la zona asegur\u00f3 que los arboles estaban descuidados.<\/p>\n<p>Adem\u00e1s de los \u00e1rboles talados en el camell\u00f3n de Real de Mayorazgo, un recorrido realizado por Animal Pol\u00edtico se constat\u00f3 que existen 220 maceteros con \u00e1rboles, colocados por la Alcald\u00eda Benito Ju\u00e1rez.<\/p>\n<p>De ese total, 133 no cuentan con \u00e1rbol o est\u00e1n talados. Solo dos se encuentran en buen estado y el resto est\u00e1n descuidados.<\/p>\n<p>Los maceteros est\u00e1n instalados en las salidas del metro Coyoac\u00e1n, y en la extensi\u00f3n de la entrada por Avenida Universidad, a la altura de las oficinas de la Secretar\u00eda de Educaci\u00f3n P\u00fablica (SEP).<\/p>\n<p>En la zona existen 26 negocios de comida, entre puestos y vendedores ambulantes. Algunos de ellos colocan en medio de los maceteros sus productos para preparar alimentos o colocar sus utensilios de trabajo.<\/p>\n<p><a href=\"https:\/\/www.animalpolitico.com\/2019\/05\/tala-arboles-mitikah-vecinos\/\">https:\/\/www.animalpolitico.com\/2019\/05\/tala-arboles-mitikah-vecinos\/<\/a><\/p>\n","protected":false},"excerpt":{"rendered":"<p>Siboney Flores\/Animal Pol\u00edtico Vecino cuentan como apenas un d\u00eda antes de lo que llaman uno de los peores \u201cecocidios\u201d de la ciudad, se percataron que los trabajadores de la constructora &hellip; <a href=\"https:\/\/www.grieta.org.mx\/index.php\/2019\/05\/11\/fue-un-ecocidio-premeditado-vecinos-del-pueblo-de-xoco-narran-tala-irregular-de-arboles-ciudad-de-mexico\/\" class=\"more-link\">Leer m\u00e1s<\/a><\/p>\n","protected":false},"author":2,"featured_media":33723,"comment_status":"closed","ping_status":"closed","sticky":false,"template":"","format":"standard","meta":{"ngg_post_thumbnail":0,"_jetpack_newsletter_access":"","_jetpack_dont_email_post_to_subs":false,"_jetpack_newsletter_tier_id":0,"_jetpack_memberships_contains_paywalled_content":false,"_jetpack_memberships_contains_paid_content":false,"footnotes":""},"categories":[80,14,1044,2],"tags":[2568,2569],"class_list":["post-33721","post","type-post","status-publish","format-standard","has-post-thumbnail","hentry","category-cintillo","category-ciudad-de-mexico","category-desarrollos-inmobiliarios-en-la-ciudad-de-mexico","category-noticias-nacionales","tag-mitikah","tag-tala-de-arboles","entry"],"jetpack_featured_media_url":"https:\/\/www.grieta.org.mx\/wp-content\/uploads\/2019\/05\/2876F1A5-E16B-4770-A4B1-1D041EC12F56.jpeg","jetpack_sharing_enabled":true,"jetpack_shortlink":"https:\/\/wp.me\/p7ZJR4-8LT","jetpack_likes_enabled":false,"jetpack-related-posts":[{"id":41934,"url":"https:\/\/www.grieta.org.mx\/index.php\/2019\/12\/03\/plan-de-mitikah-requiere-talar-60-arboles-mas-denuncian-ciudad-de-mexico\/","url_meta":{"origin":33721,"position":0},"title":"Plan de M\u00edtikah requiere talar 60 \u00e1rboles m\u00e1s, denuncian (Ciudad de M\u00e9xico)","author":"grieta","date":"3 diciembre, 2019","format":false,"excerpt":"La Silla Rota De acuerdo con un proyecto presentado por la Secretar\u00eda de Medio Ambiente a los habitantes de Xoco, el pozo se construir\u00eda en el \u00e1rea donde se ubicaba el Centro La posible construcci\u00f3n de un pozo de agua, como parte de las obras de mitigaci\u00f3n por el desarrollo\u2026","rel":"","context":"En &quot;CINTILLO&quot;","block_context":{"text":"CINTILLO","link":"https:\/\/www.grieta.org.mx\/index.php\/category\/cintillo\/"},"img":{"alt_text":"","src":"https:\/\/i0.wp.com\/www.grieta.org.mx\/wp-content\/uploads\/2019\/12\/Plan-de-M%C3%ADtikah-requiere-talar-60-cdmx-dic.jpg?resize=350%2C200","width":350,"height":200},"classes":[]},{"id":61095,"url":"https:\/\/www.grieta.org.mx\/index.php\/2021\/08\/14\/bajo-aviso-no-hay-delito-vecinos-de-xoco-remueven-tapiales-de-la-constructora-mitikah-ciudad-de-mexico\/","url_meta":{"origin":33721,"position":1},"title":"Bajo aviso no hay delito: vecinos de Xoco remueven tapiales de la constructora Mitikah (Ciudad de M\u00e9xico)","author":"grieta","date":"14 agosto, 2021","format":false,"excerpt":"Desde febrero pasado, la Asamblea del Pueblo de Xoco solicit\u00f3 al gobierno de la Ciudad de M\u00e9xico la remoci\u00f3n de los tapiales que la constructora Fibra UNO, responsable del complejo de torres Mitikah, pues obstaculizan el paso de la calle. Ante la falta de respuesta, pusieron manos a la obra.\u2026","rel":"","context":"En &quot;CINTILLO&quot;","block_context":{"text":"CINTILLO","link":"https:\/\/www.grieta.org.mx\/index.php\/category\/cintillo\/"},"img":{"alt_text":"","src":"https:\/\/i0.wp.com\/www.grieta.org.mx\/wp-content\/uploads\/2021\/08\/pdp_mitikah_arturocontreras02.jpg?resize=350%2C200&ssl=1","width":350,"height":200,"srcset":"https:\/\/i0.wp.com\/www.grieta.org.mx\/wp-content\/uploads\/2021\/08\/pdp_mitikah_arturocontreras02.jpg?resize=350%2C200&ssl=1 1x, https:\/\/i0.wp.com\/www.grieta.org.mx\/wp-content\/uploads\/2021\/08\/pdp_mitikah_arturocontreras02.jpg?resize=525%2C300&ssl=1 1.5x, https:\/\/i0.wp.com\/www.grieta.org.mx\/wp-content\/uploads\/2021\/08\/pdp_mitikah_arturocontreras02.jpg?resize=700%2C400&ssl=1 2x, https:\/\/i0.wp.com\/www.grieta.org.mx\/wp-content\/uploads\/2021\/08\/pdp_mitikah_arturocontreras02.jpg?resize=1050%2C600&ssl=1 3x"},"classes":[]},{"id":42390,"url":"https:\/\/www.grieta.org.mx\/index.php\/2019\/12\/16\/gobiernos-de-4t-y-cdmx-avalan-pozo-con-veda-a-mitikah-diario-chuparia-211-mil-litros-de-agua\/","url_meta":{"origin":33721,"position":2},"title":"Gobiernos de 4T y CdMx avalan pozo con veda a Mitikah; diario chupar\u00eda 211 mil litros de agua","author":"grieta","date":"16 diciembre, 2019","format":false,"excerpt":"Vista a\u00e9rea del complejo M\u00edtikah. Foto: Isaac Esquivel, Cuartoscuro \u00a0 Francisco ORt\u00edz Pardo \/ Sin Embargo \u00a0 En documentos oficiales que fueron entregados en la Ventanilla \u00danica Delegacional consta que la llamada Torre Mitikah del consorcio Fibra Uno, que tendr\u00e1 260 metros de altura y 504 mil 594 metros cuadrados\u2026","rel":"","context":"En &quot;CINTILLO&quot;","block_context":{"text":"CINTILLO","link":"https:\/\/www.grieta.org.mx\/index.php\/category\/cintillo\/"},"img":{"alt_text":"","src":"https:\/\/i0.wp.com\/www.grieta.org.mx\/wp-content\/uploads\/2019\/12\/Gobiernos-de-4T-y-CdMx-avalan-pozo-con-veda-a-Mitikah-diario-chupar%C3%ADa-211-mil-litros-de-agua-cdmx-dic.jpg?resize=350%2C200&ssl=1","width":350,"height":200,"srcset":"https:\/\/i0.wp.com\/www.grieta.org.mx\/wp-content\/uploads\/2019\/12\/Gobiernos-de-4T-y-CdMx-avalan-pozo-con-veda-a-Mitikah-diario-chupar%C3%ADa-211-mil-litros-de-agua-cdmx-dic.jpg?resize=350%2C200&ssl=1 1x, https:\/\/i0.wp.com\/www.grieta.org.mx\/wp-content\/uploads\/2019\/12\/Gobiernos-de-4T-y-CdMx-avalan-pozo-con-veda-a-Mitikah-diario-chupar%C3%ADa-211-mil-litros-de-agua-cdmx-dic.jpg?resize=525%2C300&ssl=1 1.5x, https:\/\/i0.wp.com\/www.grieta.org.mx\/wp-content\/uploads\/2019\/12\/Gobiernos-de-4T-y-CdMx-avalan-pozo-con-veda-a-Mitikah-diario-chupar%C3%ADa-211-mil-litros-de-agua-cdmx-dic.jpg?resize=700%2C400&ssl=1 2x, https:\/\/i0.wp.com\/www.grieta.org.mx\/wp-content\/uploads\/2019\/12\/Gobiernos-de-4T-y-CdMx-avalan-pozo-con-veda-a-Mitikah-diario-chupar%C3%ADa-211-mil-litros-de-agua-cdmx-dic.jpg?resize=1050%2C600&ssl=1 3x"},"classes":[]},{"id":60897,"url":"https:\/\/www.grieta.org.mx\/index.php\/2021\/07\/30\/por-protestar-contra-mitikah-detienen-a-activista-de-xoco-ciudad-de-mexico\/","url_meta":{"origin":33721,"position":3},"title":"Por protestar contra M\u00edtikah, detienen a activista de Xoco (Ciudad de M\u00e9xico)","author":"grieta","date":"30 julio, 2021","format":false,"excerpt":"Texto: Arturo Contreras Camero Fotos : Especial Pie de P\u00e1gina \u00c1lvaro Antonio Rosales Gaddar coordinador de la Asamblea del Pueblo Originario de Xoco fue detenido despu\u00e9s de tres d\u00edas de protestas en contra de las obras que se desarrollan en esa colonia para la construcci\u00f3n del megaproyecto urbano conocido como\u2026","rel":"","context":"En &quot;Abuso policiaco y tortura en la Ciudad de M\u00e9xico&quot;","block_context":{"text":"Abuso policiaco y tortura en la Ciudad de M\u00e9xico","link":"https:\/\/www.grieta.org.mx\/index.php\/category\/noticias-nacionales\/ciudad-de-mexico\/abuso-policiaco-y-tortura-en-la-ciudad-de-mexico\/"},"img":{"alt_text":"","src":"https:\/\/i0.wp.com\/www.grieta.org.mx\/wp-content\/uploads\/2021\/08\/Por-protestar-contra-Mitikah-detienen-a-activista-de-Xoco-cdmx-ago.jpg?resize=350%2C200&ssl=1","width":350,"height":200,"srcset":"https:\/\/i0.wp.com\/www.grieta.org.mx\/wp-content\/uploads\/2021\/08\/Por-protestar-contra-Mitikah-detienen-a-activista-de-Xoco-cdmx-ago.jpg?resize=350%2C200&ssl=1 1x, https:\/\/i0.wp.com\/www.grieta.org.mx\/wp-content\/uploads\/2021\/08\/Por-protestar-contra-Mitikah-detienen-a-activista-de-Xoco-cdmx-ago.jpg?resize=525%2C300&ssl=1 1.5x, https:\/\/i0.wp.com\/www.grieta.org.mx\/wp-content\/uploads\/2021\/08\/Por-protestar-contra-Mitikah-detienen-a-activista-de-Xoco-cdmx-ago.jpg?resize=700%2C400&ssl=1 2x"},"classes":[]},{"id":63271,"url":"https:\/\/www.grieta.org.mx\/index.php\/2022\/02\/02\/mitikah-muestra-musculo-contra-vecinos-ciudad-de-mexico\/","url_meta":{"origin":33721,"position":4},"title":"M\u00edtikah muestra m\u00fasculo contra vecinos (Ciudad de M\u00e9xico)","author":"grieta","date":"2 febrero, 2022","format":false,"excerpt":"Texto y foto: Arturo Contreras Camero \/ Pie de P\u00e1gina Durante una protesta pac\u00edfica en contra de las obras del complejo urbano M\u00edtikah, al sitio de trabajo llegaron cientos de personas que, vestidas como obreros, resguardaron las obras que se llevan sobre la calle Real de Mayorazgo CIUDAD DE M\u00c9XICO.-\u2026","rel":"","context":"En &quot;CINTILLO&quot;","block_context":{"text":"CINTILLO","link":"https:\/\/www.grieta.org.mx\/index.php\/category\/cintillo\/"},"img":{"alt_text":"","src":"https:\/\/i0.wp.com\/www.grieta.org.mx\/wp-content\/uploads\/2022\/02\/Mitikah-muestra-musculo-contra-vecinos-cdmx-feb.jpg?resize=350%2C200&ssl=1","width":350,"height":200,"srcset":"https:\/\/i0.wp.com\/www.grieta.org.mx\/wp-content\/uploads\/2022\/02\/Mitikah-muestra-musculo-contra-vecinos-cdmx-feb.jpg?resize=350%2C200&ssl=1 1x, https:\/\/i0.wp.com\/www.grieta.org.mx\/wp-content\/uploads\/2022\/02\/Mitikah-muestra-musculo-contra-vecinos-cdmx-feb.jpg?resize=525%2C300&ssl=1 1.5x, https:\/\/i0.wp.com\/www.grieta.org.mx\/wp-content\/uploads\/2022\/02\/Mitikah-muestra-musculo-contra-vecinos-cdmx-feb.jpg?resize=700%2C400&ssl=1 2x"},"classes":[]},{"id":34156,"url":"https:\/\/www.grieta.org.mx\/index.php\/2019\/05\/19\/xoco-el-pueblo-desplazado-por-la-torre-mitikah-ciudad-de-mexico\/","url_meta":{"origin":33721,"position":5},"title":"Xoco, el pueblo desplazado por la Torre M\u00edtikah (Ciudad de M\u00e9xico)","author":"grieta","date":"19 mayo, 2019","format":false,"excerpt":"Cecilia Nava\/El sol de M\u00e9xico M\u00edtikah promete a sus inquilinos tener la torre residencial m\u00e1s grande de la Ciudad de M\u00e9xico M\u00edtikah, torre residencial en construcci\u00f3n -proyectada para ser el rascacielos m\u00e1s alto de la ciudad con 276.3 metros de altura y 67 pisos-, por ahora se encuentra parada por\u2026","rel":"","context":"En &quot;CINTILLO&quot;","block_context":{"text":"CINTILLO","link":"https:\/\/www.grieta.org.mx\/index.php\/category\/cintillo\/"},"img":{"alt_text":"","src":"https:\/\/i0.wp.com\/www.grieta.org.mx\/wp-content\/uploads\/2019\/06\/desplazados-1.jpg?resize=350%2C200&ssl=1","width":350,"height":200,"srcset":"https:\/\/i0.wp.com\/www.grieta.org.mx\/wp-content\/uploads\/2019\/06\/desplazados-1.jpg?resize=350%2C200&ssl=1 1x, https:\/\/i0.wp.com\/www.grieta.org.mx\/wp-content\/uploads\/2019\/06\/desplazados-1.jpg?resize=525%2C300&ssl=1 1.5x, https:\/\/i0.wp.com\/www.grieta.org.mx\/wp-content\/uploads\/2019\/06\/desplazados-1.jpg?resize=700%2C400&ssl=1 2x"},"classes":[]}],"_links":{"self":[{"href":"https:\/\/www.grieta.org.mx\/index.php\/wp-json\/wp\/v2\/posts\/33721","targetHints":{"allow":["GET"]}}],"collection":[{"href":"https:\/\/www.grieta.org.mx\/index.php\/wp-json\/wp\/v2\/posts"}],"about":[{"href":"https:\/\/www.grieta.org.mx\/index.php\/wp-json\/wp\/v2\/types\/post"}],"author":[{"embeddable":true,"href":"https:\/\/www.grieta.org.mx\/index.php\/wp-json\/wp\/v2\/users\/2"}],"replies":[{"embeddable":true,"href":"https:\/\/www.grieta.org.mx\/index.php\/wp-json\/wp\/v2\/comments?post=33721"}],"version-history":[{"count":1,"href":"https:\/\/www.grieta.org.mx\/index.php\/wp-json\/wp\/v2\/posts\/33721\/revisions"}],"predecessor-version":[{"id":33725,"href":"https:\/\/www.grieta.org.mx\/index.php\/wp-json\/wp\/v2\/posts\/33721\/revisions\/33725"}],"wp:featuredmedia":[{"embeddable":true,"href":"https:\/\/www.grieta.org.mx\/index.php\/wp-json\/wp\/v2\/media\/33723"}],"wp:attachment":[{"href":"https:\/\/www.grieta.org.mx\/index.php\/wp-json\/wp\/v2\/media?parent=33721"}],"wp:term":[{"taxonomy":"category","embeddable":true,"href":"https:\/\/www.grieta.org.mx\/index.php\/wp-json\/wp\/v2\/categories?post=33721"},{"taxonomy":"post_tag","embeddable":true,"href":"https:\/\/www.grieta.org.mx\/index.php\/wp-json\/wp\/v2\/tags?post=33721"}],"curies":[{"name":"wp","href":"https:\/\/api.w.org\/{rel}","templated":true}]}}