{"id":33694,"date":"2019-05-02T08:54:49","date_gmt":"2019-05-02T13:54:49","guid":{"rendered":"http:\/\/www.grieta.org.mx\/?p=33694"},"modified":"2019-05-19T09:03:45","modified_gmt":"2019-05-19T14:03:45","slug":"matan-a-madre-e-hijo-en-zona-critica-de-chihuahua-para-defensores-del-bosque","status":"publish","type":"post","link":"https:\/\/www.grieta.org.mx\/index.php\/2019\/05\/02\/matan-a-madre-e-hijo-en-zona-critica-de-chihuahua-para-defensores-del-bosque\/","title":{"rendered":"Matan a madre e hijo en zona cr\u00edtica de Chihuahua para defensores del bosque"},"content":{"rendered":"<p>Patricia Mayorga\/ PROCESO<\/p>\n<blockquote><p>CIUDAD DE M\u00c9XICO (apro). \u2013 Sujetos armados asesinaron a Otilia Mart\u00ednez Cruz, de 60 a\u00f1os, y a su hijo, Gregorio Chaparro Cruz, de 20, en una rancher\u00eda ubicada en el municipio de Guadalupe y Calvo, Chihuahua, uno de los puntos del Tri\u00e1ngulo Dorado donde han perdido la vida activistas ind\u00edgenas por el s\u00f3lo hecho de defender sus tierras.<\/p><\/blockquote>\n<p>De acuerdo con un testigo presencial que ya declar\u00f3 ante los elementos de la Agencia Estatal de Investigaci\u00f3n de la Fiscal\u00eda Zona Sur, tres hombres armados de un grupo conocido como \u2018Los Chorohuis\u2019, llegaron a la casa de las v\u00edctimas y les dispararon en el exterior.<\/p>\n<p>Uno de los homicidas responde al nombre de Ram\u00f3n Muela Loera.<\/p>\n<p>El doble asesinato se registr\u00f3 en la rancher\u00eda de El Chapote de la comunidad Coloradas de la Virgen, de la secci\u00f3n de Baborigame, municipio de Guadalupe y Calvo.<\/p>\n<p>Los cuerpos ten\u00edan varias lesiones ocasionadas por armas de fuego en distintas partes y fueron trasladados a la cabecera municipal de Guadalupe y Calvo, para practicarles la necropsia.<\/p>\n<p>En el lugar, embalaron seis casquillos percutidos de armas con calibre 7.62 \u00d7 39 y uno m\u00e1s percutido, calibre .223.<\/p>\n<p>En Coloradas de la Virgen y en la comunidad hermana de Chor\u00e9achi del mismo municipio, han asesinado a por lo menos diez defensores del bosque y del territorio a partir de 2013, pero la lucha que han sostenido tiene m\u00e1s de tres d\u00e9cadas. El primer l\u00edder que asesinaron fue Julio Baldenegro en 1986 y 30 a\u00f1os despu\u00e9s, mataron tambi\u00e9n a su hijo Isidro Baldenegro L\u00f3pez, el 15 de enero de 2017. A Isidro le entregaron el premio Goldman 2005, por defender su tierra.<\/p>\n<p>Las dos comunidades, Coloradas de la Virgen y Chor\u00e9achi, tienen medidas cautelares, esta \u00faltima, ordenada por la Comisi\u00f3n Interamericana de Derechos Humanos y aun as\u00ed el 1 de febrero de 2017 asesinaron a Juan Ontiveros, otro l\u00edder ind\u00edgena de esa comunidad.<\/p>\n<p>El \u00faltimo l\u00edder ind\u00edgena asesinado en Coloradas de la Virgen fue Juli\u00e1n Carrillo Mart\u00ednez, el 24 de octubre del a\u00f1o pasado. \u00c9l ten\u00eda medidas cautelares del Mecanismo federal de protecci\u00f3n a periodistas y derechohumanistas.<\/p>\n<p>Como consecuencia de los homicidios, desde 2013, han huido de esa tierra decenas de familias, por amenazas. Hasta ahora no han podido regresar quienes han sido desplazados de manera forzada.<\/p>\n<p>La Fiscal\u00eda General del Estado ha llevado a tres personas como presuntos homicidas de Juan Ontiveros, Isidro Baldenegro y de Juli\u00e1n Carrillo, respectivamente.<\/p>\n<p>En el caso del homicida de Isidro Baldenegro, Juan Javier Cornejo P\u00e1ez, \u00e9ste fue sentenciado a 11 a\u00f1os de prisi\u00f3n el pasado 21 de febrero.<\/p>\n<p>El 1 de febrero detuvieron a Feliciano R.M. como presunto asesino de Juli\u00e1n Carrillo, el proceso penal contin\u00faa y el mes pasado, aprehendieron a Rosal\u00edo Joel M.P. como autor de la muerte de Juan Ontiveros, pero fue liberado por una jueza de Control en la audiencia de vinculaci\u00f3n a proceso.<\/p>\n<p>La asociaci\u00f3n Alianza Sierra Madre, quien acompa\u00f1a y asesora a Coloradas de la Virgen y a Chor\u00e9achi en las denuncias penales y agrarias, advirti\u00f3 el riesgo que corre la comunidad de Chor\u00e9achi con la liberaci\u00f3n del presunto homicida.<\/p>\n<p>La misma organizaci\u00f3n derechohumanista ha advertido que no basta con detener a un autor material, ya que hay elementos suficientes y declaraciones de pobladores, que evidencian que las comunidades completas son v\u00edctimas por la defensa ambiental y como tal, se deben investigar esos homicidios para dar con otros autores materiales y sobre todo, con los intelectuales, as\u00ed como autoridades que han solapado y generado los \u00edndices de impunidad.<\/p>\n<p><a href=\"https:\/\/www.proceso.com.mx\/582269\/matan-a-madre-e-hijo-en-zona-critica-de-chihuahua-para-defensores-del-bosque\" target=\"_blank\" rel=\"noopener noreferrer\">https:\/\/www.proceso.com.mx\/582269\/matan-a-madre-e-hijo-en-zona-critica-de-chihuahua-para-defensores-del-bosque<\/a><\/p>\n","protected":false},"excerpt":{"rendered":"<p>Patricia Mayorga\/ PROCESO CIUDAD DE M\u00c9XICO (apro). \u2013 Sujetos armados asesinaron a Otilia Mart\u00ednez Cruz, de 60 a\u00f1os, y a su hijo, Gregorio Chaparro Cruz, de 20, en una rancher\u00eda &hellip; <a href=\"https:\/\/www.grieta.org.mx\/index.php\/2019\/05\/02\/matan-a-madre-e-hijo-en-zona-critica-de-chihuahua-para-defensores-del-bosque\/\" class=\"more-link\">Leer m\u00e1s<\/a><\/p>\n","protected":false},"author":2,"featured_media":21928,"comment_status":"closed","ping_status":"closed","sticky":false,"template":"","format":"standard","meta":{"ngg_post_thumbnail":0,"_jetpack_newsletter_access":"","_jetpack_dont_email_post_to_subs":false,"_jetpack_newsletter_tier_id":0,"_jetpack_memberships_contains_paywalled_content":false,"_jetpack_memberships_contains_paid_content":false,"footnotes":""},"categories":[12,80,1029,1278,2,83,1914],"tags":[1836,1835,1715,2563,2564,591],"class_list":["post-33694","post","type-post","status-publish","format-standard","has-post-thumbnail","hentry","category-chihuahua","category-cintillo","category-conflictos-y-resistencias-del-pueblo-raramuri","category-despojo-de-tierras-y-territorios","category-noticias-nacionales","category-temas-nacionales","category-violencia-contra-defensores-de-derechos-humanos-y-ecologistas-en-chihuahua","tag-asesinatos-de-raramuris","tag-lideres-tarahumaras-asesinados","tag-pueblo-raramuri","tag-pueblo-tarahumara","tag-raramuris-desplazados-por-violencia","tag-sierra-tarahumara","entry"],"jetpack_featured_media_url":"https:\/\/www.grieta.org.mx\/wp-content\/uploads\/2018\/03\/14524434_1106112876131411_958039263622046936_o.jpg","jetpack_sharing_enabled":true,"jetpack_shortlink":"https:\/\/wp.me\/p7ZJR4-8Ls","jetpack_likes_enabled":false,"jetpack-related-posts":[{"id":33741,"url":"https:\/\/www.grieta.org.mx\/index.php\/2019\/04\/25\/secuestran-al-hijo-de-cruz-sanchez-defensor-indigena-en-chihuahua\/","url_meta":{"origin":33694,"position":0},"title":"Secuestran al hijo de Cruz S\u00e1nchez, defensor ind\u00edgena en Chihuahua","author":"grieta","date":"25 abril, 2019","format":false,"excerpt":"Hombres armados sacaron a la fuerza de su casa a Joel S\u00e1nchez. La familia es parte de la comunidad El Manzano, cuyos habitantes son v\u00edctimas de desplazamiento por la violencia del crimen organizado. Redacci\u00f3n\/ ANIMAL POL\u00cdTICO Hombres armados secuestraron este mi\u00e9rcoles a Joel S\u00e1nchez Cruz, hijo del defensor y activista\u2026","rel":"","context":"En &quot;Chihuahua&quot;","block_context":{"text":"Chihuahua","link":"https:\/\/www.grieta.org.mx\/index.php\/category\/noticias-nacionales\/chihuahua\/"},"img":{"alt_text":"","src":"https:\/\/i0.wp.com\/www.grieta.org.mx\/wp-content\/uploads\/2019\/05\/Secuestro.jpg?resize=350%2C200&ssl=1","width":350,"height":200,"srcset":"https:\/\/i0.wp.com\/www.grieta.org.mx\/wp-content\/uploads\/2019\/05\/Secuestro.jpg?resize=350%2C200&ssl=1 1x, https:\/\/i0.wp.com\/www.grieta.org.mx\/wp-content\/uploads\/2019\/05\/Secuestro.jpg?resize=525%2C300&ssl=1 1.5x, https:\/\/i0.wp.com\/www.grieta.org.mx\/wp-content\/uploads\/2019\/05\/Secuestro.jpg?resize=700%2C400&ssl=1 2x, https:\/\/i0.wp.com\/www.grieta.org.mx\/wp-content\/uploads\/2019\/05\/Secuestro.jpg?resize=1050%2C600&ssl=1 3x, https:\/\/i0.wp.com\/www.grieta.org.mx\/wp-content\/uploads\/2019\/05\/Secuestro.jpg?resize=1400%2C800&ssl=1 4x"},"classes":[]},{"id":33698,"url":"https:\/\/www.grieta.org.mx\/index.php\/2019\/05\/17\/mexico-asesinan-a-madre-e-hijo-defensores-de-tierra-y-territorio-de-la-sierra-tarahumara-y-familiares-de-lider-julian-carrillo-martinez-asesinado-en-2018\/","url_meta":{"origin":33694,"position":1},"title":"M\u00e9xico: Asesinan a madre e hijo, defensores de tierra y territorio de la Sierra Tarahumara y familiares de l\u00edder Juli\u00e1n Carrillo Mart\u00ednez asesinado en 2018","author":"grieta","date":"17 mayo, 2019","format":false,"excerpt":"BUSINESS-HUMANRIGHT\/ LA JORNADA \u201cMatan a madre e hijo, defensores de bosques en Chihuahua\u201d, 4 de mayo de 2019 \u2026Asesinos a sueldo ultimaron a Otilia Mart\u00ednez Cruz\u2026y a su hijo Gregorio Chaparro Cruz, de 20, en el municipio de Guadalupe y Calvo, en los l\u00edmites de Chihuahua y Sinaloa. Las v\u00edctimas\u2026","rel":"","context":"En &quot;Chihuahua&quot;","block_context":{"text":"Chihuahua","link":"https:\/\/www.grieta.org.mx\/index.php\/category\/noticias-nacionales\/chihuahua\/"},"img":{"alt_text":"","src":"https:\/\/i0.wp.com\/www.grieta.org.mx\/wp-content\/uploads\/2018\/03\/14524434_1106112876131411_958039263622046936_o.jpg?resize=350%2C200&ssl=1","width":350,"height":200,"srcset":"https:\/\/i0.wp.com\/www.grieta.org.mx\/wp-content\/uploads\/2018\/03\/14524434_1106112876131411_958039263622046936_o.jpg?resize=350%2C200&ssl=1 1x, https:\/\/i0.wp.com\/www.grieta.org.mx\/wp-content\/uploads\/2018\/03\/14524434_1106112876131411_958039263622046936_o.jpg?resize=525%2C300&ssl=1 1.5x, https:\/\/i0.wp.com\/www.grieta.org.mx\/wp-content\/uploads\/2018\/03\/14524434_1106112876131411_958039263622046936_o.jpg?resize=700%2C400&ssl=1 2x"},"classes":[]},{"id":33754,"url":"https:\/\/www.grieta.org.mx\/index.php\/2017\/02\/03\/fiscalia-de-chihuahua-entorpece-investigacion-del-asesinato-del-raramuri-ontiveros-ong\/","url_meta":{"origin":33694,"position":2},"title":"Fiscal\u00eda de Chihuahua entorpece investigaci\u00f3n del asesinato del rar\u00e1muri Ontiveros: ONG","author":"grieta","date":"3 febrero, 2017","format":false,"excerpt":"Nancy Flores\/ CONTRAL\u00cdNEA \u00a0 M\u00e1s de 20 organizaciones de defensor\u00eda de los derechos humanos se\u00f1alan a la Fiscal\u00eda General del Estado de Chihuahua (FGE) por entorpecer las investigaciones en torno al asesinato del defensor del medio ambiente Juan Ontiveros Ramos, ocurrido el pasado 1 de febrero en el municipio Guadalupe\u2026","rel":"","context":"En &quot;Chihuahua&quot;","block_context":{"text":"Chihuahua","link":"https:\/\/www.grieta.org.mx\/index.php\/category\/noticias-nacionales\/chihuahua\/"},"img":{"alt_text":"","src":"https:\/\/i0.wp.com\/www.grieta.org.mx\/wp-content\/uploads\/2018\/03\/14524434_1106112876131411_958039263622046936_o.jpg?resize=350%2C200&ssl=1","width":350,"height":200,"srcset":"https:\/\/i0.wp.com\/www.grieta.org.mx\/wp-content\/uploads\/2018\/03\/14524434_1106112876131411_958039263622046936_o.jpg?resize=350%2C200&ssl=1 1x, https:\/\/i0.wp.com\/www.grieta.org.mx\/wp-content\/uploads\/2018\/03\/14524434_1106112876131411_958039263622046936_o.jpg?resize=525%2C300&ssl=1 1.5x, https:\/\/i0.wp.com\/www.grieta.org.mx\/wp-content\/uploads\/2018\/03\/14524434_1106112876131411_958039263622046936_o.jpg?resize=700%2C400&ssl=1 2x"},"classes":[]},{"id":33687,"url":"https:\/\/www.grieta.org.mx\/index.php\/2019\/05\/03\/asesinan-a-madre-e-hijo-en-zona-de-activistas-chihuahua\/","url_meta":{"origin":33694,"position":3},"title":"Asesinan a madre e hijo en zona de activistas (Chihuahua)","author":"grieta","date":"3 mayo, 2019","format":false,"excerpt":"Eran defensores del bosque en la sierra de Chihuahua D. Ortega \/ M. Escogido \/ EL DIARIO Chihuahua.- Otilia Mart\u00ednez Cruz y Gregorio Chaparro Cruz, madre e hijo, fueron asesinados en una zona en que han muerto defensores del bosque, en la Sierra Tarahumara, en la localidad de El Chapote,\u2026","rel":"","context":"En &quot;Chihuahua&quot;","block_context":{"text":"Chihuahua","link":"https:\/\/www.grieta.org.mx\/index.php\/category\/noticias-nacionales\/chihuahua\/"},"img":{"alt_text":"","src":"https:\/\/i0.wp.com\/www.grieta.org.mx\/wp-content\/uploads\/2018\/03\/14524434_1106112876131411_958039263622046936_o.jpg?resize=350%2C200&ssl=1","width":350,"height":200,"srcset":"https:\/\/i0.wp.com\/www.grieta.org.mx\/wp-content\/uploads\/2018\/03\/14524434_1106112876131411_958039263622046936_o.jpg?resize=350%2C200&ssl=1 1x, https:\/\/i0.wp.com\/www.grieta.org.mx\/wp-content\/uploads\/2018\/03\/14524434_1106112876131411_958039263622046936_o.jpg?resize=525%2C300&ssl=1 1.5x, https:\/\/i0.wp.com\/www.grieta.org.mx\/wp-content\/uploads\/2018\/03\/14524434_1106112876131411_958039263622046936_o.jpg?resize=700%2C400&ssl=1 2x"},"classes":[]},{"id":33690,"url":"https:\/\/www.grieta.org.mx\/index.php\/2018\/10\/25\/asesinan-a-defensor-raramuri-en-chihuahua-en-dos-anos-mataron-a-5-de-sus-familiares\/","url_meta":{"origin":33694,"position":4},"title":"Asesinan a defensor rar\u00e1muri en Chihuahua; en dos a\u00f1os mataron a 5 de sus familiares","author":"grieta","date":"25 octubre, 2018","format":false,"excerpt":"Desde 2007 Juli\u00e1n Carrillo luchaba contra la explotaci\u00f3n de recursos naturales en los territorios ancestrales de la zona; en 2016 comenzaron las amenazas y los ataques. Mataron a dos de sus sobrinos, a su hijo y a su yerno. Amnist\u00eda Internacional exige justicia. Redacci\u00f3n\/ ANIMAL POL\u00cdTICO Durante la noche de\u2026","rel":"","context":"En &quot;Chihuahua&quot;","block_context":{"text":"Chihuahua","link":"https:\/\/www.grieta.org.mx\/index.php\/category\/noticias-nacionales\/chihuahua\/"},"img":{"alt_text":"","src":"https:\/\/i0.wp.com\/www.grieta.org.mx\/wp-content\/uploads\/2019\/05\/Raramuris_Semana_Santa-15-e1540496349621.jpg?resize=350%2C200&ssl=1","width":350,"height":200,"srcset":"https:\/\/i0.wp.com\/www.grieta.org.mx\/wp-content\/uploads\/2019\/05\/Raramuris_Semana_Santa-15-e1540496349621.jpg?resize=350%2C200&ssl=1 1x, https:\/\/i0.wp.com\/www.grieta.org.mx\/wp-content\/uploads\/2019\/05\/Raramuris_Semana_Santa-15-e1540496349621.jpg?resize=525%2C300&ssl=1 1.5x, https:\/\/i0.wp.com\/www.grieta.org.mx\/wp-content\/uploads\/2019\/05\/Raramuris_Semana_Santa-15-e1540496349621.jpg?resize=700%2C400&ssl=1 2x, https:\/\/i0.wp.com\/www.grieta.org.mx\/wp-content\/uploads\/2019\/05\/Raramuris_Semana_Santa-15-e1540496349621.jpg?resize=1050%2C600&ssl=1 3x, https:\/\/i0.wp.com\/www.grieta.org.mx\/wp-content\/uploads\/2019\/05\/Raramuris_Semana_Santa-15-e1540496349621.jpg?resize=1400%2C800&ssl=1 4x"},"classes":[]},{"id":27359,"url":"https:\/\/www.grieta.org.mx\/index.php\/2018\/10\/25\/asesinan-a-defensor-raramuri-en-la-sierra-de-chihuahua\/","url_meta":{"origin":33694,"position":5},"title":"Asesinan a defensor rar\u00e1muri en la sierra de Chihuahua","author":"grieta","date":"25 octubre, 2018","format":false,"excerpt":"Tomada de Amnist\u00eda Internacional. REDACCI\u00d3N\/EL Diario de Chihuahua Chihuahua.- Durante la noche de este mi\u00e9rcoles, Juli\u00e1n Carrillo, defensor rar\u00e1muri de tierra y territorio del municipio Coloradas de la Virgen, Chihuahua, fue asesinado por un grupo de hombres armados. En entrevista para Animal Pol\u00edtico, Erika Guevara Rosas, directora para las Am\u00e9ricas\u2026","rel":"","context":"En &quot;Chihuahua&quot;","block_context":{"text":"Chihuahua","link":"https:\/\/www.grieta.org.mx\/index.php\/category\/noticias-nacionales\/chihuahua\/"},"img":{"alt_text":"","src":"https:\/\/i0.wp.com\/www.grieta.org.mx\/wp-content\/uploads\/2018\/10\/JULIAN-CARRILLO-RAR%C3%81MURI.jpg?resize=350%2C200&ssl=1","width":350,"height":200,"srcset":"https:\/\/i0.wp.com\/www.grieta.org.mx\/wp-content\/uploads\/2018\/10\/JULIAN-CARRILLO-RAR%C3%81MURI.jpg?resize=350%2C200&ssl=1 1x, https:\/\/i0.wp.com\/www.grieta.org.mx\/wp-content\/uploads\/2018\/10\/JULIAN-CARRILLO-RAR%C3%81MURI.jpg?resize=525%2C300&ssl=1 1.5x, https:\/\/i0.wp.com\/www.grieta.org.mx\/wp-content\/uploads\/2018\/10\/JULIAN-CARRILLO-RAR%C3%81MURI.jpg?resize=700%2C400&ssl=1 2x"},"classes":[]}],"_links":{"self":[{"href":"https:\/\/www.grieta.org.mx\/index.php\/wp-json\/wp\/v2\/posts\/33694","targetHints":{"allow":["GET"]}}],"collection":[{"href":"https:\/\/www.grieta.org.mx\/index.php\/wp-json\/wp\/v2\/posts"}],"about":[{"href":"https:\/\/www.grieta.org.mx\/index.php\/wp-json\/wp\/v2\/types\/post"}],"author":[{"embeddable":true,"href":"https:\/\/www.grieta.org.mx\/index.php\/wp-json\/wp\/v2\/users\/2"}],"replies":[{"embeddable":true,"href":"https:\/\/www.grieta.org.mx\/index.php\/wp-json\/wp\/v2\/comments?post=33694"}],"version-history":[{"count":1,"href":"https:\/\/www.grieta.org.mx\/index.php\/wp-json\/wp\/v2\/posts\/33694\/revisions"}],"predecessor-version":[{"id":33695,"href":"https:\/\/www.grieta.org.mx\/index.php\/wp-json\/wp\/v2\/posts\/33694\/revisions\/33695"}],"wp:featuredmedia":[{"embeddable":true,"href":"https:\/\/www.grieta.org.mx\/index.php\/wp-json\/wp\/v2\/media\/21928"}],"wp:attachment":[{"href":"https:\/\/www.grieta.org.mx\/index.php\/wp-json\/wp\/v2\/media?parent=33694"}],"wp:term":[{"taxonomy":"category","embeddable":true,"href":"https:\/\/www.grieta.org.mx\/index.php\/wp-json\/wp\/v2\/categories?post=33694"},{"taxonomy":"post_tag","embeddable":true,"href":"https:\/\/www.grieta.org.mx\/index.php\/wp-json\/wp\/v2\/tags?post=33694"}],"curies":[{"name":"wp","href":"https:\/\/api.w.org\/{rel}","templated":true}]}}