{"id":33662,"date":"2019-05-18T03:08:58","date_gmt":"2019-05-18T08:08:58","guid":{"rendered":"http:\/\/www.grieta.org.mx\/?p=33662"},"modified":"2019-05-19T22:28:05","modified_gmt":"2019-05-20T03:28:05","slug":"en-sonora-56-plantas-en-riesgo-de-extincion-por-exploraciones-mineras-ampliacion-de-carreteras-y-desarrollos-turisticos","status":"publish","type":"post","link":"https:\/\/www.grieta.org.mx\/index.php\/2019\/05\/18\/en-sonora-56-plantas-en-riesgo-de-extincion-por-exploraciones-mineras-ampliacion-de-carreteras-y-desarrollos-turisticos\/","title":{"rendered":"En Sonora 56 plantas en riesgo de extinci\u00f3n por exploraciones mineras, ampliaci\u00f3n de carreteras y desarrollos tur\u00edsticos"},"content":{"rendered":"<p><img loading=\"lazy\" decoding=\"async\" data-attachment-id=\"33663\" data-permalink=\"https:\/\/www.grieta.org.mx\/index.php\/2019\/05\/18\/en-sonora-56-plantas-en-riesgo-de-extincion-por-exploraciones-mineras-ampliacion-de-carreteras-y-desarrollos-turisticos\/plantas-sonora\/\" data-orig-file=\"https:\/\/www.grieta.org.mx\/wp-content\/uploads\/2019\/05\/plantas-sonora.jpg\" data-orig-size=\"900,506\" data-comments-opened=\"0\" data-image-meta=\"{&quot;aperture&quot;:&quot;0&quot;,&quot;credit&quot;:&quot;&quot;,&quot;camera&quot;:&quot;&quot;,&quot;caption&quot;:&quot;&quot;,&quot;created_timestamp&quot;:&quot;0&quot;,&quot;copyright&quot;:&quot;&quot;,&quot;focal_length&quot;:&quot;0&quot;,&quot;iso&quot;:&quot;0&quot;,&quot;shutter_speed&quot;:&quot;0&quot;,&quot;title&quot;:&quot;&quot;,&quot;orientation&quot;:&quot;0&quot;}\" data-image-title=\"plantas sonora\" data-image-description=\"\" data-image-caption=\"\" data-medium-file=\"https:\/\/www.grieta.org.mx\/wp-content\/uploads\/2019\/05\/plantas-sonora-300x169.jpg\" data-large-file=\"https:\/\/www.grieta.org.mx\/wp-content\/uploads\/2019\/05\/plantas-sonora.jpg\" src=\"http:\/\/www.grieta.org.mx\/wp-content\/uploads\/2019\/05\/plantas-sonora.jpg\" alt=\"\" width=\"900\" height=\"506\" class=\"alignleft size-full wp-image-33663\" srcset=\"https:\/\/www.grieta.org.mx\/wp-content\/uploads\/2019\/05\/plantas-sonora.jpg 900w, https:\/\/www.grieta.org.mx\/wp-content\/uploads\/2019\/05\/plantas-sonora-300x169.jpg 300w, https:\/\/www.grieta.org.mx\/wp-content\/uploads\/2019\/05\/plantas-sonora-768x432.jpg 768w, https:\/\/www.grieta.org.mx\/wp-content\/uploads\/2019\/05\/plantas-sonora-889x500.jpg 889w\" sizes=\"auto, (max-width: 900px) 100vw, 900px\" \/><\/p>\n<p>En Sonora, existen 56 especies de plantas que se encuentran en riesgo de extinguirse, incluso las que est\u00e1n bajo una protecci\u00f3n especial, como el pinabete, guayac\u00e1n, mangle blanco y la palma de la virgen.<\/p>\n<p>Las exploraciones mineras, la ampliaci\u00f3n de carreteras, los desarrollos tur\u00edsticos, el desmonte, las tradiciones y las costumbres o creencias, forman parte de las pr\u00e1cticas que han puesto bajo amenaza a 56 de las m\u00e1s de 3 mil 600 especies que integran parte de la biodiversidad en la entidad.<\/p>\n<p>Alf Enrique Meling L\u00f3pez, especialista en el \u00e1rea de Ecolog\u00eda Vegetal, Costera y Marina e integrante del cuerpo de investigadores de la Universidad de Sonora en el Departamento de Investigaciones Cient\u00edficas y Tecnol\u00f3gicas (Dictus), coment\u00f3 que especialmente en los pueblos ind\u00edgenas, las plantas son utilizadas como sustancias medicinales.<\/p>\n<figure id=\"attachment_33664\" aria-describedby=\"caption-attachment-33664\" style=\"width: 300px\" class=\"wp-caption alignleft\"><img loading=\"lazy\" decoding=\"async\" data-attachment-id=\"33664\" data-permalink=\"https:\/\/www.grieta.org.mx\/index.php\/2019\/05\/18\/en-sonora-56-plantas-en-riesgo-de-extincion-por-exploraciones-mineras-ampliacion-de-carreteras-y-desarrollos-turisticos\/plantas-sonora-1\/\" data-orig-file=\"https:\/\/www.grieta.org.mx\/wp-content\/uploads\/2019\/05\/Plantas-sonora-1.jpg\" data-orig-size=\"300,168\" data-comments-opened=\"0\" data-image-meta=\"{&quot;aperture&quot;:&quot;0&quot;,&quot;credit&quot;:&quot;&quot;,&quot;camera&quot;:&quot;&quot;,&quot;caption&quot;:&quot;&quot;,&quot;created_timestamp&quot;:&quot;0&quot;,&quot;copyright&quot;:&quot;&quot;,&quot;focal_length&quot;:&quot;0&quot;,&quot;iso&quot;:&quot;0&quot;,&quot;shutter_speed&quot;:&quot;0&quot;,&quot;title&quot;:&quot;&quot;,&quot;orientation&quot;:&quot;0&quot;}\" data-image-title=\"Plantas sonora 1\" data-image-description=\"\" data-image-caption=\"&lt;p&gt;Tronco de palo fierro&lt;\/p&gt;\n\" data-medium-file=\"https:\/\/www.grieta.org.mx\/wp-content\/uploads\/2019\/05\/Plantas-sonora-1-300x168.jpg\" data-large-file=\"https:\/\/www.grieta.org.mx\/wp-content\/uploads\/2019\/05\/Plantas-sonora-1.jpg\" src=\"http:\/\/www.grieta.org.mx\/wp-content\/uploads\/2019\/05\/Plantas-sonora-1.jpg\" alt=\"\" width=\"300\" height=\"168\" class=\"size-full wp-image-33664\" \/><figcaption id=\"caption-attachment-33664\" class=\"wp-caption-text\">Tronco de palo fierro<\/figcaption><\/figure>\n<figure id=\"attachment_33665\" aria-describedby=\"caption-attachment-33665\" style=\"width: 700px\" class=\"wp-caption alignleft\"><img loading=\"lazy\" decoding=\"async\" data-attachment-id=\"33665\" data-permalink=\"https:\/\/www.grieta.org.mx\/index.php\/2019\/05\/18\/en-sonora-56-plantas-en-riesgo-de-extincion-por-exploraciones-mineras-ampliacion-de-carreteras-y-desarrollos-turisticos\/plantas-sonora-3\/\" data-orig-file=\"https:\/\/www.grieta.org.mx\/wp-content\/uploads\/2019\/05\/Plantas-sonora-3.jpg\" data-orig-size=\"700,466\" data-comments-opened=\"0\" data-image-meta=\"{&quot;aperture&quot;:&quot;4&quot;,&quot;credit&quot;:&quot;&quot;,&quot;camera&quot;:&quot;Canon EOS 60D&quot;,&quot;caption&quot;:&quot;&quot;,&quot;created_timestamp&quot;:&quot;1551373658&quot;,&quot;copyright&quot;:&quot;&quot;,&quot;focal_length&quot;:&quot;17&quot;,&quot;iso&quot;:&quot;200&quot;,&quot;shutter_speed&quot;:&quot;0.00025&quot;,&quot;title&quot;:&quot;&quot;,&quot;orientation&quot;:&quot;1&quot;}\" data-image-title=\"Plantas sonora 3\" data-image-description=\"\" data-image-caption=\"&lt;p&gt;Rama blanca&lt;\/p&gt;\n\" data-medium-file=\"https:\/\/www.grieta.org.mx\/wp-content\/uploads\/2019\/05\/Plantas-sonora-3-300x200.jpg\" data-large-file=\"https:\/\/www.grieta.org.mx\/wp-content\/uploads\/2019\/05\/Plantas-sonora-3.jpg\" src=\"http:\/\/www.grieta.org.mx\/wp-content\/uploads\/2019\/05\/Plantas-sonora-3.jpg\" alt=\"\" width=\"700\" height=\"466\" class=\"size-full wp-image-33665\" srcset=\"https:\/\/www.grieta.org.mx\/wp-content\/uploads\/2019\/05\/Plantas-sonora-3.jpg 700w, https:\/\/www.grieta.org.mx\/wp-content\/uploads\/2019\/05\/Plantas-sonora-3-300x200.jpg 300w\" sizes=\"auto, (max-width: 700px) 100vw, 700px\" \/><figcaption id=\"caption-attachment-33665\" class=\"wp-caption-text\">Rama blanca<\/figcaption><\/figure>\n<figure id=\"attachment_33666\" aria-describedby=\"caption-attachment-33666\" style=\"width: 700px\" class=\"wp-caption alignleft\"><img loading=\"lazy\" decoding=\"async\" data-attachment-id=\"33666\" data-permalink=\"https:\/\/www.grieta.org.mx\/index.php\/2019\/05\/18\/en-sonora-56-plantas-en-riesgo-de-extincion-por-exploraciones-mineras-ampliacion-de-carreteras-y-desarrollos-turisticos\/plantas-sonora-4\/\" data-orig-file=\"https:\/\/www.grieta.org.mx\/wp-content\/uploads\/2019\/05\/Plantas-sonora-4.jpg\" data-orig-size=\"700,525\" data-comments-opened=\"0\" data-image-meta=\"{&quot;aperture&quot;:&quot;4.1&quot;,&quot;credit&quot;:&quot;&quot;,&quot;camera&quot;:&quot;KODAK P880 ZOOM DIGITAL CAMERA&quot;,&quot;caption&quot;:&quot;&quot;,&quot;created_timestamp&quot;:&quot;1215457652&quot;,&quot;copyright&quot;:&quot;&quot;,&quot;focal_length&quot;:&quot;29.4&quot;,&quot;iso&quot;:&quot;100&quot;,&quot;shutter_speed&quot;:&quot;0.008&quot;,&quot;title&quot;:&quot;&quot;,&quot;orientation&quot;:&quot;1&quot;}\" data-image-title=\"Plantas sonora 4\" data-image-description=\"\" data-image-caption=\"&lt;p&gt;Card\u00f3n&lt;\/p&gt;\n\" data-medium-file=\"https:\/\/www.grieta.org.mx\/wp-content\/uploads\/2019\/05\/Plantas-sonora-4-300x225.jpg\" data-large-file=\"https:\/\/www.grieta.org.mx\/wp-content\/uploads\/2019\/05\/Plantas-sonora-4.jpg\" src=\"http:\/\/www.grieta.org.mx\/wp-content\/uploads\/2019\/05\/Plantas-sonora-4.jpg\" alt=\"\" width=\"700\" height=\"525\" class=\"size-full wp-image-33666\" srcset=\"https:\/\/www.grieta.org.mx\/wp-content\/uploads\/2019\/05\/Plantas-sonora-4.jpg 700w, https:\/\/www.grieta.org.mx\/wp-content\/uploads\/2019\/05\/Plantas-sonora-4-300x225.jpg 300w, https:\/\/www.grieta.org.mx\/wp-content\/uploads\/2019\/05\/Plantas-sonora-4-667x500.jpg 667w\" sizes=\"auto, (max-width: 700px) 100vw, 700px\" \/><figcaption id=\"caption-attachment-33666\" class=\"wp-caption-text\">Card\u00f3n<\/figcaption><\/figure>\n<figure id=\"attachment_33667\" aria-describedby=\"caption-attachment-33667\" style=\"width: 700px\" class=\"wp-caption alignleft\"><img loading=\"lazy\" decoding=\"async\" data-attachment-id=\"33667\" data-permalink=\"https:\/\/www.grieta.org.mx\/index.php\/2019\/05\/18\/en-sonora-56-plantas-en-riesgo-de-extincion-por-exploraciones-mineras-ampliacion-de-carreteras-y-desarrollos-turisticos\/flores-de-palo-verde-1\/\" data-orig-file=\"https:\/\/www.grieta.org.mx\/wp-content\/uploads\/2019\/05\/flores-de-palo-verde-1.jpg\" data-orig-size=\"700,525\" data-comments-opened=\"0\" data-image-meta=\"{&quot;aperture&quot;:&quot;4.1&quot;,&quot;credit&quot;:&quot;&quot;,&quot;camera&quot;:&quot;KODAK P880 ZOOM DIGITAL CAMERA&quot;,&quot;caption&quot;:&quot;&quot;,&quot;created_timestamp&quot;:&quot;1215507841&quot;,&quot;copyright&quot;:&quot;&quot;,&quot;focal_length&quot;:&quot;29.4&quot;,&quot;iso&quot;:&quot;64&quot;,&quot;shutter_speed&quot;:&quot;0.00625&quot;,&quot;title&quot;:&quot;&quot;,&quot;orientation&quot;:&quot;1&quot;}\" data-image-title=\"flores-de-palo-verde-1\" data-image-description=\"\" data-image-caption=\"&lt;p&gt;Flores de palo verde&lt;\/p&gt;\n\" data-medium-file=\"https:\/\/www.grieta.org.mx\/wp-content\/uploads\/2019\/05\/flores-de-palo-verde-1-300x225.jpg\" data-large-file=\"https:\/\/www.grieta.org.mx\/wp-content\/uploads\/2019\/05\/flores-de-palo-verde-1.jpg\" src=\"http:\/\/www.grieta.org.mx\/wp-content\/uploads\/2019\/05\/flores-de-palo-verde-1.jpg\" alt=\"\" width=\"700\" height=\"525\" class=\"size-full wp-image-33667\" srcset=\"https:\/\/www.grieta.org.mx\/wp-content\/uploads\/2019\/05\/flores-de-palo-verde-1.jpg 700w, https:\/\/www.grieta.org.mx\/wp-content\/uploads\/2019\/05\/flores-de-palo-verde-1-300x225.jpg 300w, https:\/\/www.grieta.org.mx\/wp-content\/uploads\/2019\/05\/flores-de-palo-verde-1-667x500.jpg 667w\" sizes=\"auto, (max-width: 700px) 100vw, 700px\" \/><figcaption id=\"caption-attachment-33667\" class=\"wp-caption-text\">Flores de palo verde<\/figcaption><\/figure>\n<figure id=\"attachment_33668\" aria-describedby=\"caption-attachment-33668\" style=\"width: 700px\" class=\"wp-caption alignleft\"><img loading=\"lazy\" decoding=\"async\" data-attachment-id=\"33668\" data-permalink=\"https:\/\/www.grieta.org.mx\/index.php\/2019\/05\/18\/en-sonora-56-plantas-en-riesgo-de-extincion-por-exploraciones-mineras-ampliacion-de-carreteras-y-desarrollos-turisticos\/plantas-sonora-7\/\" data-orig-file=\"https:\/\/www.grieta.org.mx\/wp-content\/uploads\/2019\/05\/Plantas-sonora-7.jpg\" data-orig-size=\"700,393\" data-comments-opened=\"0\" data-image-meta=\"{&quot;aperture&quot;:&quot;2.2&quot;,&quot;credit&quot;:&quot;&quot;,&quot;camera&quot;:&quot;LG-H650&quot;,&quot;caption&quot;:&quot;&quot;,&quot;created_timestamp&quot;:&quot;1500812129&quot;,&quot;copyright&quot;:&quot;&quot;,&quot;focal_length&quot;:&quot;3.75&quot;,&quot;iso&quot;:&quot;50&quot;,&quot;shutter_speed&quot;:&quot;0.0011848341232227&quot;,&quot;title&quot;:&quot;&quot;,&quot;orientation&quot;:&quot;1&quot;}\" data-image-title=\"Plantas sonora 7\" data-image-description=\"\" data-image-caption=\"&lt;p&gt;Flores de mangle negro&lt;\/p&gt;\n\" data-medium-file=\"https:\/\/www.grieta.org.mx\/wp-content\/uploads\/2019\/05\/Plantas-sonora-7-300x168.jpg\" data-large-file=\"https:\/\/www.grieta.org.mx\/wp-content\/uploads\/2019\/05\/Plantas-sonora-7.jpg\" src=\"http:\/\/www.grieta.org.mx\/wp-content\/uploads\/2019\/05\/Plantas-sonora-7.jpg\" alt=\"\" width=\"700\" height=\"393\" class=\"size-full wp-image-33668\" srcset=\"https:\/\/www.grieta.org.mx\/wp-content\/uploads\/2019\/05\/Plantas-sonora-7.jpg 700w, https:\/\/www.grieta.org.mx\/wp-content\/uploads\/2019\/05\/Plantas-sonora-7-300x168.jpg 300w\" sizes=\"auto, (max-width: 700px) 100vw, 700px\" \/><figcaption id=\"caption-attachment-33668\" class=\"wp-caption-text\">Flores de mangle negro<\/figcaption><\/figure>\n<figure id=\"attachment_33669\" aria-describedby=\"caption-attachment-33669\" style=\"width: 1024px\" class=\"wp-caption alignleft\"><img loading=\"lazy\" decoding=\"async\" data-attachment-id=\"33669\" data-permalink=\"https:\/\/www.grieta.org.mx\/index.php\/2019\/05\/18\/en-sonora-56-plantas-en-riesgo-de-extincion-por-exploraciones-mineras-ampliacion-de-carreteras-y-desarrollos-turisticos\/plantas-sonora-5\/\" data-orig-file=\"https:\/\/www.grieta.org.mx\/wp-content\/uploads\/2019\/05\/Plantas-sonora-5.jpg\" data-orig-size=\"2048,1365\" data-comments-opened=\"0\" data-image-meta=\"{&quot;aperture&quot;:&quot;0&quot;,&quot;credit&quot;:&quot;&quot;,&quot;camera&quot;:&quot;&quot;,&quot;caption&quot;:&quot;&quot;,&quot;created_timestamp&quot;:&quot;0&quot;,&quot;copyright&quot;:&quot;&quot;,&quot;focal_length&quot;:&quot;0&quot;,&quot;iso&quot;:&quot;0&quot;,&quot;shutter_speed&quot;:&quot;0&quot;,&quot;title&quot;:&quot;&quot;,&quot;orientation&quot;:&quot;0&quot;}\" data-image-title=\"Plantas sonora 5\" data-image-description=\"\" data-image-caption=\"&lt;p&gt;Flor de goberndora&lt;\/p&gt;\n\" data-medium-file=\"https:\/\/www.grieta.org.mx\/wp-content\/uploads\/2019\/05\/Plantas-sonora-5-300x200.jpg\" data-large-file=\"https:\/\/www.grieta.org.mx\/wp-content\/uploads\/2019\/05\/Plantas-sonora-5-1024x683.jpg\" src=\"http:\/\/www.grieta.org.mx\/wp-content\/uploads\/2019\/05\/Plantas-sonora-5-1024x683.jpg\" alt=\"\" width=\"1024\" height=\"683\" class=\"size-large wp-image-33669\" srcset=\"https:\/\/www.grieta.org.mx\/wp-content\/uploads\/2019\/05\/Plantas-sonora-5-1024x683.jpg 1024w, https:\/\/www.grieta.org.mx\/wp-content\/uploads\/2019\/05\/Plantas-sonora-5-300x200.jpg 300w, https:\/\/www.grieta.org.mx\/wp-content\/uploads\/2019\/05\/Plantas-sonora-5-768x512.jpg 768w, https:\/\/www.grieta.org.mx\/wp-content\/uploads\/2019\/05\/Plantas-sonora-5-750x500.jpg 750w, https:\/\/www.grieta.org.mx\/wp-content\/uploads\/2019\/05\/Plantas-sonora-5.jpg 2048w\" sizes=\"auto, (max-width: 1024px) 100vw, 1024px\" \/><figcaption id=\"caption-attachment-33669\" class=\"wp-caption-text\">Flor de goberndora<\/figcaption><\/figure>\n<figure id=\"attachment_33670\" aria-describedby=\"caption-attachment-33670\" style=\"width: 800px\" class=\"wp-caption alignleft\"><img loading=\"lazy\" decoding=\"async\" data-attachment-id=\"33670\" data-permalink=\"https:\/\/www.grieta.org.mx\/index.php\/2019\/05\/18\/en-sonora-56-plantas-en-riesgo-de-extincion-por-exploraciones-mineras-ampliacion-de-carreteras-y-desarrollos-turisticos\/plantas-sonora-6\/\" data-orig-file=\"https:\/\/www.grieta.org.mx\/wp-content\/uploads\/2019\/05\/Plantas-sonora-6.jpg\" data-orig-size=\"800,600\" data-comments-opened=\"0\" data-image-meta=\"{&quot;aperture&quot;:&quot;0&quot;,&quot;credit&quot;:&quot;&quot;,&quot;camera&quot;:&quot;&quot;,&quot;caption&quot;:&quot;Unas 56 especies de plantas de Sonora en peligro de extinci\\u00f3n por mineras y desarrollos tur\\u00edsticos \/ Flor de Choya. (Proyecto Puente)&quot;,&quot;created_timestamp&quot;:&quot;0&quot;,&quot;copyright&quot;:&quot;&quot;,&quot;focal_length&quot;:&quot;0&quot;,&quot;iso&quot;:&quot;0&quot;,&quot;shutter_speed&quot;:&quot;0&quot;,&quot;title&quot;:&quot;&quot;,&quot;orientation&quot;:&quot;1&quot;}\" data-image-title=\"Plantas sonora 6\" data-image-description=\"\" data-image-caption=\"&lt;p&gt;Flor de choya&lt;\/p&gt;\n\" data-medium-file=\"https:\/\/www.grieta.org.mx\/wp-content\/uploads\/2019\/05\/Plantas-sonora-6-300x225.jpg\" data-large-file=\"https:\/\/www.grieta.org.mx\/wp-content\/uploads\/2019\/05\/Plantas-sonora-6.jpg\" src=\"http:\/\/www.grieta.org.mx\/wp-content\/uploads\/2019\/05\/Plantas-sonora-6.jpg\" alt=\"\" width=\"800\" height=\"600\" class=\"size-full wp-image-33670\" srcset=\"https:\/\/www.grieta.org.mx\/wp-content\/uploads\/2019\/05\/Plantas-sonora-6.jpg 800w, https:\/\/www.grieta.org.mx\/wp-content\/uploads\/2019\/05\/Plantas-sonora-6-300x225.jpg 300w, https:\/\/www.grieta.org.mx\/wp-content\/uploads\/2019\/05\/Plantas-sonora-6-768x576.jpg 768w, https:\/\/www.grieta.org.mx\/wp-content\/uploads\/2019\/05\/Plantas-sonora-6-667x500.jpg 667w\" sizes=\"auto, (max-width: 800px) 100vw, 800px\" \/><figcaption id=\"caption-attachment-33670\" class=\"wp-caption-text\">Flor de choya<\/figcaption><\/figure>\n<figure id=\"attachment_33671\" aria-describedby=\"caption-attachment-33671\" style=\"width: 700px\" class=\"wp-caption alignleft\"><img loading=\"lazy\" decoding=\"async\" data-attachment-id=\"33671\" data-permalink=\"https:\/\/www.grieta.org.mx\/index.php\/2019\/05\/18\/en-sonora-56-plantas-en-riesgo-de-extincion-por-exploraciones-mineras-ampliacion-de-carreteras-y-desarrollos-turisticos\/plantas-sonora-8\/\" data-orig-file=\"https:\/\/www.grieta.org.mx\/wp-content\/uploads\/2019\/05\/Plantas-sonora-8.jpg\" data-orig-size=\"700,466\" data-comments-opened=\"0\" data-image-meta=\"{&quot;aperture&quot;:&quot;0&quot;,&quot;credit&quot;:&quot;&quot;,&quot;camera&quot;:&quot;&quot;,&quot;caption&quot;:&quot;&quot;,&quot;created_timestamp&quot;:&quot;0&quot;,&quot;copyright&quot;:&quot;&quot;,&quot;focal_length&quot;:&quot;0&quot;,&quot;iso&quot;:&quot;0&quot;,&quot;shutter_speed&quot;:&quot;0&quot;,&quot;title&quot;:&quot;&quot;,&quot;orientation&quot;:&quot;1&quot;}\" data-image-title=\"Plantas sonora 8\" data-image-description=\"\" data-image-caption=\"&lt;p&gt;Pasiflora&lt;\/p&gt;\n\" data-medium-file=\"https:\/\/www.grieta.org.mx\/wp-content\/uploads\/2019\/05\/Plantas-sonora-8-300x200.jpg\" data-large-file=\"https:\/\/www.grieta.org.mx\/wp-content\/uploads\/2019\/05\/Plantas-sonora-8.jpg\" src=\"http:\/\/www.grieta.org.mx\/wp-content\/uploads\/2019\/05\/Plantas-sonora-8.jpg\" alt=\"\" width=\"700\" height=\"466\" class=\"size-full wp-image-33671\" srcset=\"https:\/\/www.grieta.org.mx\/wp-content\/uploads\/2019\/05\/Plantas-sonora-8.jpg 700w, https:\/\/www.grieta.org.mx\/wp-content\/uploads\/2019\/05\/Plantas-sonora-8-300x200.jpg 300w\" sizes=\"auto, (max-width: 700px) 100vw, 700px\" \/><figcaption id=\"caption-attachment-33671\" class=\"wp-caption-text\">Pasiflora<\/figcaption><\/figure>\n<figure id=\"attachment_33672\" aria-describedby=\"caption-attachment-33672\" style=\"width: 700px\" class=\"wp-caption alignleft\"><img loading=\"lazy\" decoding=\"async\" data-attachment-id=\"33672\" data-permalink=\"https:\/\/www.grieta.org.mx\/index.php\/2019\/05\/18\/en-sonora-56-plantas-en-riesgo-de-extincion-por-exploraciones-mineras-ampliacion-de-carreteras-y-desarrollos-turisticos\/plantas-sonora-9\/\" data-orig-file=\"https:\/\/www.grieta.org.mx\/wp-content\/uploads\/2019\/05\/Plantas-sonora-9.jpg\" data-orig-size=\"700,393\" data-comments-opened=\"0\" data-image-meta=\"{&quot;aperture&quot;:&quot;6.3&quot;,&quot;credit&quot;:&quot;&quot;,&quot;camera&quot;:&quot;ST77 \/ ST79&quot;,&quot;caption&quot;:&quot;&quot;,&quot;created_timestamp&quot;:&quot;1519725159&quot;,&quot;copyright&quot;:&quot;COPYRIGHT, 2011&quot;,&quot;focal_length&quot;:&quot;22.5&quot;,&quot;iso&quot;:&quot;80&quot;,&quot;shutter_speed&quot;:&quot;0.004&quot;,&quot;title&quot;:&quot;&quot;,&quot;orientation&quot;:&quot;1&quot;}\" data-image-title=\"Plantas sonora 9\" data-image-description=\"\" data-image-caption=\"&lt;p&gt;Flores de ceiba&lt;\/p&gt;\n\" data-medium-file=\"https:\/\/www.grieta.org.mx\/wp-content\/uploads\/2019\/05\/Plantas-sonora-9-300x168.jpg\" data-large-file=\"https:\/\/www.grieta.org.mx\/wp-content\/uploads\/2019\/05\/Plantas-sonora-9.jpg\" src=\"http:\/\/www.grieta.org.mx\/wp-content\/uploads\/2019\/05\/Plantas-sonora-9.jpg\" alt=\"\" width=\"700\" height=\"393\" class=\"size-full wp-image-33672\" srcset=\"https:\/\/www.grieta.org.mx\/wp-content\/uploads\/2019\/05\/Plantas-sonora-9.jpg 700w, https:\/\/www.grieta.org.mx\/wp-content\/uploads\/2019\/05\/Plantas-sonora-9-300x168.jpg 300w\" sizes=\"auto, (max-width: 700px) 100vw, 700px\" \/><figcaption id=\"caption-attachment-33672\" class=\"wp-caption-text\">Flores de ceiba<\/figcaption><\/figure>\n<p>Si bien es cierto que, tanto las plantas como los animales forman parte importante del consumo de alimentos del ser humano, es sobre todo en estos lugares donde tambi\u00e9n se usan en ceremonias y como parte de curaciones.<\/p>\n<p>Aunque la mayor\u00eda de los integrantes de estos pueblos no hacen uso de las plantas sin antes pedir permiso a la tierra y mostrar su respeto, la realidad es que se pone en riesgo su preservaci\u00f3n.<\/p>\n<p>En la ciudad, es la desinformaci\u00f3n un factor de riesgo a\u00fan mayor. El ciudadano desconoce a las especies, las confunde o las usa como un producto que genera ingresos econ\u00f3micos, por ejemplo los cactus que ahora son vendidos como parte de una decoraci\u00f3n.<\/p>\n<p>\u201cPiensan o creen que son medicinales y arranca toda la planta, la destruyen y vienen a la ciudad a venderlas o ya la mataron. Tambi\u00e9n es parte del desconocimiento. El morbo tambi\u00e9n juega un papel muy importante, por ejemplo el peyote ya est\u00e1 casi desaparecido del ambiente natural. Hay muchas plantas t\u00f3xicas y que tienen ese tipo de sustancias, hay gente que sabe porque lo hizo en su estado o en su pa\u00eds y como aqu\u00ed hay muchas especies que se parecen, van por ellas\u201d.<\/p>\n<p>Las especies predominantes en la entidad, del grupo de 3 mil 600, son los zacates, las leguminosas, espinosas y cact\u00e1ceas y, aunque no todos, algunos integrantes de la familia de los cactus s\u00ed est\u00e1n en riesgo de desaparecer.<\/p>\n<p>Meling L\u00f3pez detall\u00f3 que el proceso de reproducci\u00f3n de una planta es mucho m\u00e1s f\u00e1cil que el proceso que se debe seguir para reproducir a un animal.<\/p>\n<p>\u201cSe pueden reproducir por semilla o por clon, a trav\u00e9s de un podito que se pone en la tierra, da ra\u00edz y se reproduce, mientras que los animales tienen que ser por reproducci\u00f3n sexual. Es una de las ventajas que tienen las plantas y uno puede a ir al monte e agarrar el trozo y poderla reproducir, aunque no siempre se va a dejar\u201d.<\/p>\n<p>Dentro de las especies de plantas, y dentro de una cadena de protecci\u00f3n existen familias de \u00e1rboles que dan sombra y cuidado a otras especies m\u00e1s peque\u00f1as.<\/p>\n<p>Por ejemplo, un solo \u00e1rbol Palo Fierro mantiene protegidas a 165 especies; de no haberse implementado una ley de protecci\u00f3n bajo la norma NOM-059-SEMARNAT- 2010 de la Secretar\u00eda de Medio Ambiente y Recursos Naturales, estar\u00edan en riesgo de desaparici\u00f3n no solo una, sino 166 especies en total.<\/p>\n<p>La deforestaci\u00f3n, el agua de lluvia que cae en otros lugares o llega como tormenta produciendo una erosi\u00f3n y otros factores clim\u00e1ticos influyen tambi\u00e9n en que los ecosistemas corran el riesgo de alterarse por la desaparici\u00f3n de una o varias especies dentro de las familias de plantas.<\/p>\n<p>El especialista se\u00f1al\u00f3 que es importante impulsar temas de concientizaci\u00f3n y sensibilizaci\u00f3n ambiental desde los primeros niveles de educaci\u00f3n, donde no basta con impartir temas sin abundar ni profundizar en ellos.<\/p>\n<p>\u201cYo creo que en los programas escolares deber\u00eda haber mucho de eso, pero la gente ahorita no entiende\u201d, comparti\u00f3.<\/p>\n<p>Lista completa de las especies en amenaza dentro del territorio sonorense:<\/p>\n<p>El pinabete, de la sierra de los Ajos y el Tigre; tres especies del agave parviflora en Mayocoba, de M\u00e1tape a Moctezuma y en el sur de Arizona; agave polianthiflora en Y\u00e9cora; amourexia palmatifida o la saya; avicennia germinans o mangle negro en la costa del Golfo de California hacia Puerto Lobos; la brahea n\u00edtida al este y sur de Sonora.<\/p>\n<p>Mangle de la especie conocarpus erecta, al sur de Sonora; crusea coronata al este y sur de la entidad; cupressus lusitanica en Y\u00e9cora; dioon edule o la palma de la virgen en el \u00e1rea de \u00c1lamos; echinocereus bristolii y echinocereus lauii cerca de Soyopa y al suroeste de Mayocoba.<\/p>\n<p>Echinocereus leucanthus al sur de la entidad y Sinaloa; echinocereus subinermis en la sierra de \u00c1lamos; eichhornia azurea en los canales del sur de Sonora; cactus echinomastus erectocentrus var. acunensis del desierto cerca de Sonoyta.<\/p>\n<p>Echinomastus interextus cerca de Agua Prieta; Erythea aculeata al sur de Sonora; ferocactus cylindraceus al noreste de la entidad; galium pilosum, guaiacum coulteri en bosque de la sierra de los Ajos y en el desierto sonorense, respectivamente; hamatocactus uncinatus en Caborca; juglans major al noreste.<\/p>\n<p>Lagunacularia racemosa; lilium parryi en la sierra de Los Ajos; litsea glaucescens al este; mamillaria boolii al oeste; mammillaria hertrichiana; mammillaria johnstonni al oeste; mammillaria marksiana, mamillaria miegiana, mammillaria saboae en el sur y este de Sonora.<\/p>\n<p>Mammillaria yaquensis al sur; manfreda palifolia al sureste; olneyta tesota al centro y noroeste; oserya coulteriana al sur; ostrya virginiana al norte; peniocereus greggi; peniocereus marianus; pinus flexilis al este y noreste de Sonora; psilotum complanatum al noreste de \u00c1lamos; rhizophora mangle; rumex orthoneurus en la sierra de los Ajos.<\/p>\n<p>Sabal uresana al este-centro hacia el sureste de Sonora y en la regi\u00f3n de San Carlos; selaginella porphyrospora; smilacina racemosa y smilacina stellata, ambas en la sierra de los Ajos; tabebuia chrysantha.<\/p>\n<p>Tabbeuia palmeri o amapa morada; thermopsis montana, una hierba perenne; tilia mexicana; trifolium wormskioldii; tripsacum zopilotense; yucca grandiflora y zigadenus virescens.<\/p>\n<p><a href=\"https:\/\/proyectopuente.com.mx\/2019\/04\/12\/56-plantas-en-sonora-podrian-extinguirse-por-exploraciones-mineras-ampliacion-de-carreteras-y-desarrollos-turisticos\/\" rel=\"noopener noreferrer\" target=\"_blank\">https:\/\/proyectopuente.com.mx\/2019\/04\/12\/56-plantas-en-sonora-podrian-extinguirse-por-exploraciones-mineras-ampliacion-de-carreteras-y-desarrollos-turisticos\/<\/a><\/p>\n","protected":false},"excerpt":{"rendered":"<p>En Sonora, existen 56 especies de plantas que se encuentran en riesgo de extinguirse, incluso las que est\u00e1n bajo una protecci\u00f3n especial, como el pinabete, guayac\u00e1n, mangle blanco y la &hellip; <a href=\"https:\/\/www.grieta.org.mx\/index.php\/2019\/05\/18\/en-sonora-56-plantas-en-riesgo-de-extincion-por-exploraciones-mineras-ampliacion-de-carreteras-y-desarrollos-turisticos\/\" class=\"more-link\">Leer m\u00e1s<\/a><\/p>\n","protected":false},"author":2,"featured_media":21928,"comment_status":"closed","ping_status":"closed","sticky":false,"template":"","format":"standard","meta":{"ngg_post_thumbnail":0,"_jetpack_newsletter_access":"","_jetpack_dont_email_post_to_subs":false,"_jetpack_newsletter_tier_id":0,"_jetpack_memberships_contains_paywalled_content":false,"_jetpack_memberships_contains_paid_content":false,"footnotes":""},"categories":[80],"tags":[],"class_list":["post-33662","post","type-post","status-publish","format-standard","has-post-thumbnail","hentry","category-cintillo","entry"],"jetpack_featured_media_url":"https:\/\/www.grieta.org.mx\/wp-content\/uploads\/2018\/03\/14524434_1106112876131411_958039263622046936_o.jpg","jetpack_sharing_enabled":true,"jetpack_shortlink":"https:\/\/wp.me\/p7ZJR4-8KW","jetpack_likes_enabled":false,"jetpack-related-posts":[{"id":67031,"url":"https:\/\/www.grieta.org.mx\/index.php\/2023\/06\/16\/aun-con-resistencia-mexico-emite-concesiones-mineras-hasta-en-areas-protegidas-oaxaca\/","url_meta":{"origin":33662,"position":0},"title":"A\u00fan con resistencia, M\u00e9xico emite concesiones mineras hasta en \u00e1reas protegidas (Oaxaca)","author":"grieta","date":"16 junio, 2023","format":false,"excerpt":"Imagen: Avispa Midia Santiago Navarro \/ Avispa Midia Keving Hern\u00e1n S\u00e1nchez es un ind\u00edgena zoque de San Miguel Chimalapas que dej\u00f3 su comunidad a temprana edad para migrar hacia la ciudad capital de Oaxaca para aprender literatura. Pero nunca imagin\u00f3 que al graduarse y regresar a su territorio tendr\u00eda que\u2026","rel":"","context":"En &quot;CINTILLO&quot;","block_context":{"text":"CINTILLO","link":"https:\/\/www.grieta.org.mx\/index.php\/category\/cintillo\/"},"img":{"alt_text":"","src":"https:\/\/i0.wp.com\/www.grieta.org.mx\/wp-content\/uploads\/2023\/06\/Portada-e1674111505571.jpg?resize=350%2C200&ssl=1","width":350,"height":200,"srcset":"https:\/\/i0.wp.com\/www.grieta.org.mx\/wp-content\/uploads\/2023\/06\/Portada-e1674111505571.jpg?resize=350%2C200&ssl=1 1x, https:\/\/i0.wp.com\/www.grieta.org.mx\/wp-content\/uploads\/2023\/06\/Portada-e1674111505571.jpg?resize=525%2C300&ssl=1 1.5x, https:\/\/i0.wp.com\/www.grieta.org.mx\/wp-content\/uploads\/2023\/06\/Portada-e1674111505571.jpg?resize=700%2C400&ssl=1 2x, https:\/\/i0.wp.com\/www.grieta.org.mx\/wp-content\/uploads\/2023\/06\/Portada-e1674111505571.jpg?resize=1050%2C600&ssl=1 3x"},"classes":[]},{"id":6493,"url":"https:\/\/www.grieta.org.mx\/index.php\/2015\/09\/07\/frisco-ampliara-exploraciones-en-aguascalientes\/","url_meta":{"origin":33662,"position":1},"title":"Frisco ampliar\u00e1 exploraciones en Aguascalientes","author":"grieta","date":"7 septiembre, 2015","format":false,"excerpt":"Aguascalientes, Ags.- Minera Frisco anunci\u00f3 que arrancar\u00e1 en Aguascalientes una nueva fase de exploraci\u00f3n para ampliar la vida \u00fatil de las dos unidades que tiene en el estado. Alejandro Aboumrad Gonz\u00e1lez, Director General de Frisco, anunci\u00f3 que buscar\u00e1n a\u00f1adir a los proyectos que actualmente llevan a cabo, que son la\u2026","rel":"","context":"En &quot;Aguascalientes&quot;","block_context":{"text":"Aguascalientes","link":"https:\/\/www.grieta.org.mx\/index.php\/category\/noticias-nacionales\/aguascalientes\/"},"img":{"alt_text":"","src":"https:\/\/i0.wp.com\/www.grieta.org.mx\/wp-content\/uploads\/2018\/03\/14524434_1106112876131411_958039263622046936_o.jpg?resize=350%2C200&ssl=1","width":350,"height":200,"srcset":"https:\/\/i0.wp.com\/www.grieta.org.mx\/wp-content\/uploads\/2018\/03\/14524434_1106112876131411_958039263622046936_o.jpg?resize=350%2C200&ssl=1 1x, https:\/\/i0.wp.com\/www.grieta.org.mx\/wp-content\/uploads\/2018\/03\/14524434_1106112876131411_958039263622046936_o.jpg?resize=525%2C300&ssl=1 1.5x, https:\/\/i0.wp.com\/www.grieta.org.mx\/wp-content\/uploads\/2018\/03\/14524434_1106112876131411_958039263622046936_o.jpg?resize=700%2C400&ssl=1 2x"},"classes":[]},{"id":3922,"url":"https:\/\/www.grieta.org.mx\/index.php\/2015\/10\/20\/cierran-en-tulum-quintana-roo-nueve-proyectos-turisticos\/","url_meta":{"origin":33662,"position":2},"title":"Cierran en Tulum, Quintana Roo, nueve proyectos tur\u00edsticos","author":"grieta","date":"20 octubre, 2015","format":false,"excerpt":"CIUDAD DE M\u00c9XICO (20\/OCT\/2015).- Las autoridades mexicanas clausuraron nueve proyectos tur\u00edsticos en el \u00e1rea natural protegida de Tulum, en el estado de Quintana Roo, por afectaciones a la flora y la fauna silvestre de la zona. La Procuradur\u00eda Federal de Protecci\u00f3n al Ambiente (Profepa) indic\u00f3 hoy en un comunicado que\u2026","rel":"","context":"En &quot;CINTILLO&quot;","block_context":{"text":"CINTILLO","link":"https:\/\/www.grieta.org.mx\/index.php\/category\/cintillo\/"},"img":{"alt_text":"","src":"https:\/\/i0.wp.com\/www.grieta.org.mx\/wp-content\/uploads\/2018\/03\/14524434_1106112876131411_958039263622046936_o.jpg?resize=350%2C200&ssl=1","width":350,"height":200,"srcset":"https:\/\/i0.wp.com\/www.grieta.org.mx\/wp-content\/uploads\/2018\/03\/14524434_1106112876131411_958039263622046936_o.jpg?resize=350%2C200&ssl=1 1x, https:\/\/i0.wp.com\/www.grieta.org.mx\/wp-content\/uploads\/2018\/03\/14524434_1106112876131411_958039263622046936_o.jpg?resize=525%2C300&ssl=1 1.5x, https:\/\/i0.wp.com\/www.grieta.org.mx\/wp-content\/uploads\/2018\/03\/14524434_1106112876131411_958039263622046936_o.jpg?resize=700%2C400&ssl=1 2x"},"classes":[]},{"id":8473,"url":"https:\/\/www.grieta.org.mx\/index.php\/2015\/04\/15\/boletin-de-prensa-pone-minera-en-riesgo-sitios-sagrados-de-la-comunidad-comcaac\/","url_meta":{"origin":33662,"position":3},"title":"Bolet\u00edn de prensa.- Pone minera en riesgo sitios sagrados de la comunidad Comc\u00e1ac","author":"grieta","date":"15 abril, 2015","format":false,"excerpt":"Publicado en abril 15, 2015 Pone minera en riesgo sitios sagrados de la comunidad Comc\u00e1ac Hermosillo, Sonora, a 15 de abril de 2015. Los Defensores del Territorio Comc\u00e1ac y la Red Mexicana de Afectados por la Miner\u00eda hacemos un llamado al Gobierno del Estado de Sonora, para que proh\u00edba a\u2026","rel":"","context":"En &quot;CINTILLO&quot;","block_context":{"text":"CINTILLO","link":"https:\/\/www.grieta.org.mx\/index.php\/category\/cintillo\/"},"img":{"alt_text":"","src":"https:\/\/i0.wp.com\/www.grieta.org.mx\/wp-content\/uploads\/2018\/03\/14524434_1106112876131411_958039263622046936_o.jpg?resize=350%2C200&ssl=1","width":350,"height":200,"srcset":"https:\/\/i0.wp.com\/www.grieta.org.mx\/wp-content\/uploads\/2018\/03\/14524434_1106112876131411_958039263622046936_o.jpg?resize=350%2C200&ssl=1 1x, https:\/\/i0.wp.com\/www.grieta.org.mx\/wp-content\/uploads\/2018\/03\/14524434_1106112876131411_958039263622046936_o.jpg?resize=525%2C300&ssl=1 1.5x, https:\/\/i0.wp.com\/www.grieta.org.mx\/wp-content\/uploads\/2018\/03\/14524434_1106112876131411_958039263622046936_o.jpg?resize=700%2C400&ssl=1 2x"},"classes":[]},{"id":45092,"url":"https:\/\/www.grieta.org.mx\/index.php\/2020\/02\/12\/gobierno-se-guarda-cuatro-concesiones-mineras-de-litio-sonora-jalisco-y-puebla\/","url_meta":{"origin":33662,"position":4},"title":"Gobierno se &#8216;guarda&#8217; cuatro concesiones mineras de litio (Sonora, Jalisco y Puebla)","author":"Admin","date":"12 febrero, 2020","format":false,"excerpt":"Axel S\u00e1nchez \/ El Financiero El Gobierno federal reserv\u00f3 cuatro concesiones mineras de litio para que el Servicio Geol\u00f3gico Mexicano (SGM) realice la exploraci\u00f3n necesaria debido al alto inter\u00e9s de inversionistas nacionales y extranjeros por extraer ese material, dijo este mi\u00e9rcoles Francisco Quiroga, subsecretario de Miner\u00eda en la Secretar\u00eda de\u2026","rel":"","context":"En &quot;CINTILLO&quot;","block_context":{"text":"CINTILLO","link":"https:\/\/www.grieta.org.mx\/index.php\/category\/cintillo\/"},"img":{"alt_text":"","src":"https:\/\/i0.wp.com\/www.grieta.org.mx\/wp-content\/uploads\/2020\/02\/Captura-de-pantalla-2020-02-25-a-las-10.58.15-a.m..png?resize=350%2C200&ssl=1","width":350,"height":200,"srcset":"https:\/\/i0.wp.com\/www.grieta.org.mx\/wp-content\/uploads\/2020\/02\/Captura-de-pantalla-2020-02-25-a-las-10.58.15-a.m..png?resize=350%2C200&ssl=1 1x, https:\/\/i0.wp.com\/www.grieta.org.mx\/wp-content\/uploads\/2020\/02\/Captura-de-pantalla-2020-02-25-a-las-10.58.15-a.m..png?resize=525%2C300&ssl=1 1.5x, https:\/\/i0.wp.com\/www.grieta.org.mx\/wp-content\/uploads\/2020\/02\/Captura-de-pantalla-2020-02-25-a-las-10.58.15-a.m..png?resize=700%2C400&ssl=1 2x"},"classes":[]},{"id":60941,"url":"https:\/\/www.grieta.org.mx\/index.php\/2021\/08\/09\/mexico-la-permanente-batalla-de-los-yaquis-contra-el-despojo\/","url_meta":{"origin":33662,"position":5},"title":"M\u00e9xico: la permanente batalla de los yaquis contra el despojo","author":"grieta","date":"9 agosto, 2021","format":false,"excerpt":"Las constantes denuncias de represi\u00f3n, asesinatos y desaparici\u00f3n forzada que padecen los yaquis no encuentran eco entre las autoridades mexicanas, las cuales se limitan a registrar los hechos y abrir carpetas de investigaci\u00f3n con escasos resultados. Archivo Cuartoscuro PorCarmen Garc\u00eda Bermejo | Mongabay Latam \u00a08 de agosto, 2021 Hablar de\u2026","rel":"","context":"En &quot;Desaparecidos en Sonora&quot;","block_context":{"text":"Desaparecidos en Sonora","link":"https:\/\/www.grieta.org.mx\/index.php\/category\/noticias-nacionales\/sonora\/desaparecidos-en-sonora\/"},"img":{"alt_text":"","src":"https:\/\/i0.wp.com\/www.grieta.org.mx\/wp-content\/uploads\/2021\/08\/cuartoscuro_771020_digital.jpeg?resize=350%2C200&ssl=1","width":350,"height":200,"srcset":"https:\/\/i0.wp.com\/www.grieta.org.mx\/wp-content\/uploads\/2021\/08\/cuartoscuro_771020_digital.jpeg?resize=350%2C200&ssl=1 1x, https:\/\/i0.wp.com\/www.grieta.org.mx\/wp-content\/uploads\/2021\/08\/cuartoscuro_771020_digital.jpeg?resize=525%2C300&ssl=1 1.5x, https:\/\/i0.wp.com\/www.grieta.org.mx\/wp-content\/uploads\/2021\/08\/cuartoscuro_771020_digital.jpeg?resize=700%2C400&ssl=1 2x, https:\/\/i0.wp.com\/www.grieta.org.mx\/wp-content\/uploads\/2021\/08\/cuartoscuro_771020_digital.jpeg?resize=1050%2C600&ssl=1 3x"},"classes":[]}],"_links":{"self":[{"href":"https:\/\/www.grieta.org.mx\/index.php\/wp-json\/wp\/v2\/posts\/33662","targetHints":{"allow":["GET"]}}],"collection":[{"href":"https:\/\/www.grieta.org.mx\/index.php\/wp-json\/wp\/v2\/posts"}],"about":[{"href":"https:\/\/www.grieta.org.mx\/index.php\/wp-json\/wp\/v2\/types\/post"}],"author":[{"embeddable":true,"href":"https:\/\/www.grieta.org.mx\/index.php\/wp-json\/wp\/v2\/users\/2"}],"replies":[{"embeddable":true,"href":"https:\/\/www.grieta.org.mx\/index.php\/wp-json\/wp\/v2\/comments?post=33662"}],"version-history":[{"count":1,"href":"https:\/\/www.grieta.org.mx\/index.php\/wp-json\/wp\/v2\/posts\/33662\/revisions"}],"predecessor-version":[{"id":33712,"href":"https:\/\/www.grieta.org.mx\/index.php\/wp-json\/wp\/v2\/posts\/33662\/revisions\/33712"}],"wp:featuredmedia":[{"embeddable":true,"href":"https:\/\/www.grieta.org.mx\/index.php\/wp-json\/wp\/v2\/media\/21928"}],"wp:attachment":[{"href":"https:\/\/www.grieta.org.mx\/index.php\/wp-json\/wp\/v2\/media?parent=33662"}],"wp:term":[{"taxonomy":"category","embeddable":true,"href":"https:\/\/www.grieta.org.mx\/index.php\/wp-json\/wp\/v2\/categories?post=33662"},{"taxonomy":"post_tag","embeddable":true,"href":"https:\/\/www.grieta.org.mx\/index.php\/wp-json\/wp\/v2\/tags?post=33662"}],"curies":[{"name":"wp","href":"https:\/\/api.w.org\/{rel}","templated":true}]}}