{"id":33643,"date":"2016-08-22T01:10:27","date_gmt":"2016-08-22T06:10:27","guid":{"rendered":"http:\/\/www.grieta.org.mx\/?p=33643"},"modified":"2019-05-18T01:42:25","modified_gmt":"2019-05-18T06:42:25","slug":"contaminacion-despojo-y-negligencia-las-acusaciones-contra-grupo-mexico-en-sonora-2","status":"publish","type":"post","link":"https:\/\/www.grieta.org.mx\/index.php\/2016\/08\/22\/contaminacion-despojo-y-negligencia-las-acusaciones-contra-grupo-mexico-en-sonora-2\/","title":{"rendered":"Contaminaci\u00f3n, despojo y negligencia: las acusaciones contra Grupo M\u00e9xico en Sonora"},"content":{"rendered":"<blockquote><p>Grupo M\u00e9xico ha sido se\u00f1alado por hechos como el derrame en los r\u00edos Bacanuchi y Sonora en agosto de 2014, y otras afectaciones a comunidades.<\/p><\/blockquote>\n<p><img loading=\"lazy\" decoding=\"async\" data-attachment-id=\"33647\" data-permalink=\"https:\/\/www.grieta.org.mx\/index.php\/2016\/08\/22\/contaminacion-despojo-y-negligencia-las-acusaciones-contra-grupo-mexico-en-sonora-2\/grupo-mexico\/\" data-orig-file=\"https:\/\/www.grieta.org.mx\/wp-content\/uploads\/2019\/05\/Grupo-Mexico.jpg\" data-orig-size=\"1200,616\" data-comments-opened=\"0\" data-image-meta=\"{&quot;aperture&quot;:&quot;0&quot;,&quot;credit&quot;:&quot;&quot;,&quot;camera&quot;:&quot;&quot;,&quot;caption&quot;:&quot;&quot;,&quot;created_timestamp&quot;:&quot;0&quot;,&quot;copyright&quot;:&quot;&quot;,&quot;focal_length&quot;:&quot;0&quot;,&quot;iso&quot;:&quot;0&quot;,&quot;shutter_speed&quot;:&quot;0&quot;,&quot;title&quot;:&quot;&quot;,&quot;orientation&quot;:&quot;0&quot;}\" data-image-title=\"Grupo-Mexico\" data-image-description=\"\" data-image-caption=\"\" data-medium-file=\"https:\/\/www.grieta.org.mx\/wp-content\/uploads\/2019\/05\/Grupo-Mexico-300x154.jpg\" data-large-file=\"https:\/\/www.grieta.org.mx\/wp-content\/uploads\/2019\/05\/Grupo-Mexico-1024x526.jpg\" class=\"alignleft size-large wp-image-33647\" src=\"http:\/\/www.grieta.org.mx\/wp-content\/uploads\/2019\/05\/Grupo-Mexico-1024x526.jpg\" alt=\"\" width=\"1024\" height=\"526\" srcset=\"https:\/\/www.grieta.org.mx\/wp-content\/uploads\/2019\/05\/Grupo-Mexico-1024x526.jpg 1024w, https:\/\/www.grieta.org.mx\/wp-content\/uploads\/2019\/05\/Grupo-Mexico-300x154.jpg 300w, https:\/\/www.grieta.org.mx\/wp-content\/uploads\/2019\/05\/Grupo-Mexico-768x394.jpg 768w, https:\/\/www.grieta.org.mx\/wp-content\/uploads\/2019\/05\/Grupo-Mexico-974x500.jpg 974w, https:\/\/www.grieta.org.mx\/wp-content\/uploads\/2019\/05\/Grupo-Mexico.jpg 1200w\" sizes=\"auto, (max-width: 1024px) 100vw, 1024px\" \/><\/p>\n<p>H\u00e9ctor Guerrero<\/p>\n<p>Jos\u00e9 Ignacio De Alba y Jade Ram\u00edrez Cuevas\/PI\u00c9 DE P\u00c1GINA\/ ANIMALPOL\u00cdTICO<\/p>\n<p>CANANEA, SONORA.- El gobierno de Sonora les ofreci\u00f3 trabajo como barrenderos para que dejaran de buscar oro en los montes. Ellos, integrantes de la Uni\u00f3n de Gambusinos de El Pari\u00e1n y concesionarios de 500 hect\u00e1reas de tierra rica en mineral, rechazaron la oferta.<\/p>\n<p>\u201cTodo empez\u00f3 porque encontramos un cerrito que ten\u00eda oro\u201d, dice Francisco Serrano, el bigot\u00f3n y corpulento l\u00edder del grupo de mineros artesanales.<\/p>\n<p>A partir de entonces, acusa, el alcalde de Bacoachi, Adolfo Salazar Espinoza, y los ganaderos del Baj\u00edo de Nuestra Se\u00f1ora de Guadalupe les cerraron el paso al lugar.<\/p>\n<p>Bacoachi es un municipio al noreste del estado de Sonora, donde el oficio de buscar oro ara\u00f1ando la tierra pelea contra la explotaci\u00f3n de minerales a gran escala. Durante 500 a\u00f1os, los pobladores de esta regi\u00f3n han sobrevivido de la venta a peque\u00f1a escala. Con picos, palas, mazos y bateas, Serrano y su familia se van a los montes en busca de vetas de oro, un oficio que aprendi\u00f3 de su padre, y \u00e9l, a su vez, de su abuelo, y del que puede sacar unos 200 pesos al d\u00eda.<\/p>\n<p>\u201cLo que deber\u00eda de hacer el gobierno, en vez de quitarnos nuestras tierras, es ense\u00f1arnos c\u00f3mo explotar m\u00e1s, que nos ayude a tecnificarnos\u201d, lamenta el gambusino.<\/p>\n<p>A 70 kil\u00f3metros al norte de Bacoachi, en Cananea, est\u00e1 la mina Buenavista del Cobre, explotada por Grupo M\u00e9xico, la minera m\u00e1s grande del pa\u00eds y tercera productora de cobre del mundo.<\/p>\n<p>El grupo de mineros artesanales, que aglomera a m\u00e1s de 100 familias, sospecha que el bloqueo a sus actividades tiene relaci\u00f3n con los intereses del poderoso grupo empresarial: \u201cComo es una concesi\u00f3n y saben que hay oro, a lo mejor quieren favorecer al grupo (M\u00e9xico) o no s\u00e9 a qu\u00e9 gente. Quitarnos a nosotros que les estorbamos para quedarse con la tierra\u201d.<br \/>\nUn pueblo al que le creci\u00f3 un tumor<\/p>\n<p>Grupo M\u00e9xico tiene una extensi\u00f3n concesionada para explotaci\u00f3n minera en Sonora de casi 6 millones de hect\u00e1reas, lo que representa el poder de usufructo de la tercera parte del estado, con una extensi\u00f3n equivalente a la superficie total de Michoac\u00e1n.<\/p>\n<p>En 1990, mediante una subasta, la empresa compr\u00f3 al gobierno mexicano la mina Buenavista del Cobre por poco m\u00e1s de 400 millones de d\u00f3lares, una cantidad muy por debajo de su precio real, estimado en 3 mil millones de d\u00f3lares.<\/p>\n<p>La familia Larrea, propietaria del emporio, no siempre se dedic\u00f3 a la miner\u00eda. Su negocio, hasta 1990, estaba en la industria de la construcci\u00f3n. Ahora, la fortuna familiar proviene de la miner\u00eda, con operaciones en M\u00e9xico, Per\u00fa y Estados Unidos.<\/p>\n<p>\u201cLa colaboraci\u00f3n de los miembros del grupo empresarial con el r\u00e9gimen salinista les fue ampliamente retribuida; un ejemplo de esto fue la participaci\u00f3n de muchos de ellos en el proceso reprivatizador\u201d, sostiene la polit\u00f3loga Marcela Briz en su libro El Consejo Mexicano de Hombres de Negocio. Surgimiento y Consolidaci\u00f3n.<\/p>\n<p>Grupo M\u00e9xico es dirigido por Germ\u00e1n Larrea Mota-Velasco, un hombre conocido por su poca afici\u00f3n a la vida p\u00fablica. En el Consejo de Administraci\u00f3n figura Claudio X. Gonz\u00e1lez, uno de los empresarios m\u00e1s influyentes de M\u00e9xico y que, parad\u00f3jicamente, naci\u00f3 en Cananea hace 82 a\u00f1os.<\/p>\n<p>Cananea es un pueblo de mineros, de hombres que regresan a dormir a casas de hu\u00e9spedes con la nariz irritada y los ojos rojos. La mayor\u00eda de los habitantes son hombres. La prostituci\u00f3n y las peleas de cantina son cosa de todos los d\u00edas.<\/p>\n<p>Desde 1899, cuando William Cornell Greene fund\u00f3 The Cananea Consolidated Copper Company y catapult\u00f3 la extracci\u00f3n del cobre que abunda en la regi\u00f3n, Cananea ha sido el centro minero m\u00e1s importante del pa\u00eds. Aunque su fama se debe a la huelga que iniciaron el 1 de junio de 1906 m\u00e1s de 2 mil mineros de origen mexicano contra los entonces due\u00f1os extranjeros de la compa\u00f1\u00eda. La huelga fue sofocada r\u00e1pidamente, pero en la historia mexicana se considera el inicio de la Revoluci\u00f3n.<\/p>\n<p>La mina y el pueblo de Cananea est\u00e1n juntos. Primero se abri\u00f3 el socav\u00f3n y despu\u00e9s se asentaron los habitantes, que durante d\u00e9cadas se beneficiaron de la producci\u00f3n minera\u2026 hasta que lleg\u00f3 el Grupo M\u00e9xico. Hoy, la tierra muerta ha crecido tanto y tan r\u00e1pido que, visto desde el cielo, el pueblo parece tener un tumor. Su presa de jales (d\u00f3nde se tiran todos los desechos t\u00f3xicos) tiene una superficie del tama\u00f1o del poblado entero. La cohabitaci\u00f3n es tal, que todas las tardes suena una sirena que precede a la explosi\u00f3n de dinamita. El estruendo cimbra las casas y estremece a los habitantes.<\/p>\n<p>Los nuevos mineros<\/p>\n<p>Desde que Grupo M\u00e9xico adquiri\u00f3 Buenavista del Cobre, la empresa dijo que compr\u00f3 una mina no un sindicato, cuenta Antonio Navarrete Aguirre, vocero de la secci\u00f3n 65 del sindicato minero, convencido de que la empresa empeor\u00f3 a prop\u00f3sito las condiciones de seguridad.<\/p>\n<p>Lo cierto es que la relaci\u00f3n laboral se modific\u00f3. En 2007, mil 200 trabajadores de Cananea anunciaron un paro de labores. Pero, como en porfiriato, los mineros llevaron las de perder: Fernando G\u00f3mez Mont, abogado corporativo de Grupo M\u00e9xico, se convirti\u00f3 en Secretario de Gobernaci\u00f3n en la administraci\u00f3n de Felipe Calder\u00f3n y \u201cel gobierno se convirti\u00f3 en abogado de la empresa\u201d.<\/p>\n<p>En 2009 la Junta Federal de Conciliaci\u00f3n y Arbitraje declar\u00f3 terminada la relaci\u00f3n laboral entre el sindicato y la empresa, y un a\u00f1o despu\u00e9s, la Suprema Corte de Justicia ratific\u00f3 la sentencia. Luego, se adjudic\u00f3 a la Confederaci\u00f3n de Trabajadores de M\u00e9xico el contrato colectivo de trabajo y Grupo M\u00e9xico comenz\u00f3 a subcontratar personal por medio de outsourcing.<\/p>\n<p>Los nuevos mineros llegaron del sur, principalmente de Oaxaca, Chiapas, Guerrero, Estado de M\u00e9xico y Veracruz. Eran trabajadores sin arraigo en la comunidad y que poco saben del orgullo que representa para sus pobladores trabajar en la mina.<\/p>\n<p>Las amenazas y las persecuciones judiciales disuadieron a los mineros en su protesta. La casa de Mois\u00e9s Miranda fue atacada a balazos y \u00e9l se libr\u00f3 de la c\u00e1rcel con libertad condicional. \u201cAlgunas casas de compa\u00f1eros las quemaron los esquiroles de la empresa\u201d, cuenta el hombre, el \u00faltimo de una familia minera. La esperanza de que sus hijos heredaran su empleo -el mismo que tuvieron su padre y abuelo- se termin\u00f3 en 2010, cuando Grupo M\u00e9xico puso sus apellidos en la \u201clista negra\u201d de despedidos. Ese a\u00f1o la empresa inici\u00f3 un plan de expansi\u00f3n para elevar 180 por ciento la producci\u00f3n de cobre hacia 2016.<\/p>\n<p>Para los trabajadores, las condiciones de vida son peores. Un minero que lleva un a\u00f1o y medio trabajando en Buenavista del Cobre, con jornadas de 12 horas diarias y un sueldo que no le alcanza para mantener a su esposa e hijo, asegura que en el tiempo que lleva en la mina ha sabido de unos 15 compa\u00f1eros muertos. S\u00f3lo entre marzo y mayo de este a\u00f1o hubo tres accidentes graves dentro de la mina: en el primero, un trabajador muri\u00f3 al caer en un molino que tritura piedra; el 20 de abril, otro minero se fractur\u00f3 las dos piernas al caer de un trascabo; y dos semanas despu\u00e9s, otros tres mineros fueron aplastados por un cami\u00f3n de volteo.<\/p>\n<p>En su informe de 2014, el \u00faltimo disponible en l\u00ednea, Grupo M\u00e9xico no desglosa el n\u00famero de accidentes en sus minas, s\u00f3lo dice que la tasa de \u201caccidentes incapacitables\u201d y enfermedades en la divisi\u00f3n minera disminuy\u00f3 entre 2012 y 2014. En cambio, presume acciones del \u201cTren de la Salud\u201d, un proyecto filantr\u00f3pico que es ampliamente publicitado a trav\u00e9s de la cadena de cines Cinemex, que tambi\u00e9n es propiedad de la familia Larrea.<\/p>\n<p><img loading=\"lazy\" decoding=\"async\" data-attachment-id=\"33644\" data-permalink=\"https:\/\/www.grieta.org.mx\/index.php\/2016\/08\/22\/contaminacion-despojo-y-negligencia-las-acusaciones-contra-grupo-mexico-en-sonora-2\/cananea-son-mina-timeline-2\/\" data-orig-file=\"https:\/\/www.grieta.org.mx\/wp-content\/uploads\/2019\/05\/cananea-son-mina-timeline.png\" data-orig-size=\"1200,1323\" data-comments-opened=\"0\" data-image-meta=\"{&quot;aperture&quot;:&quot;0&quot;,&quot;credit&quot;:&quot;&quot;,&quot;camera&quot;:&quot;&quot;,&quot;caption&quot;:&quot;&quot;,&quot;created_timestamp&quot;:&quot;0&quot;,&quot;copyright&quot;:&quot;&quot;,&quot;focal_length&quot;:&quot;0&quot;,&quot;iso&quot;:&quot;0&quot;,&quot;shutter_speed&quot;:&quot;0&quot;,&quot;title&quot;:&quot;&quot;,&quot;orientation&quot;:&quot;0&quot;}\" data-image-title=\"cananea-son-mina-timeline\" data-image-description=\"\" data-image-caption=\"\" data-medium-file=\"https:\/\/www.grieta.org.mx\/wp-content\/uploads\/2019\/05\/cananea-son-mina-timeline-272x300.png\" data-large-file=\"https:\/\/www.grieta.org.mx\/wp-content\/uploads\/2019\/05\/cananea-son-mina-timeline-929x1024.png\" class=\"alignleft size-large wp-image-33644\" src=\"http:\/\/www.grieta.org.mx\/wp-content\/uploads\/2019\/05\/cananea-son-mina-timeline-929x1024.png\" alt=\"\" width=\"929\" height=\"1024\" srcset=\"https:\/\/www.grieta.org.mx\/wp-content\/uploads\/2019\/05\/cananea-son-mina-timeline-929x1024.png 929w, https:\/\/www.grieta.org.mx\/wp-content\/uploads\/2019\/05\/cananea-son-mina-timeline-272x300.png 272w, https:\/\/www.grieta.org.mx\/wp-content\/uploads\/2019\/05\/cananea-son-mina-timeline-768x847.png 768w, https:\/\/www.grieta.org.mx\/wp-content\/uploads\/2019\/05\/cananea-son-mina-timeline-454x500.png 454w, https:\/\/www.grieta.org.mx\/wp-content\/uploads\/2019\/05\/cananea-son-mina-timeline.png 1200w\" sizes=\"auto, (max-width: 929px) 100vw, 929px\" \/><\/p>\n<p>El peor desastre<\/p>\n<p>El 6 de agosto de 2014 una represa de jales con qu\u00edmicos t\u00f3xicos derivados de la mina de Buenavista del Cobre derram\u00f3 40 mil litros c\u00fabicos de sulfato de cobre acidulado en los r\u00edos Bacanuchi y Sonora. La cuenca se pint\u00f3 de rojo y cobre. La muerte de especies lleg\u00f3 hasta Hermosillo, a 296 kil\u00f3metros al sur, y la afectaci\u00f3n alcanz\u00f3 7 municipios de la regi\u00f3n.<\/p>\n<p>El \u201cdesastre ecol\u00f3gico m\u00e1s grande de M\u00e9xico\u201d, como dijo Juan Jos\u00e9 Guerra, Secretario de Medio Ambiente y Recursos Naturales, afect\u00f3 a 22 mil personas de la zona. As\u00ed lo reconoci\u00f3, en una de las primeras reuniones, el abogado de la empresa, Horacio S\u00e1nchez Urzueta -ex gobernador de San Luis Potos\u00ed, ex diputado federal y militante del Partido Revolucionario Institucional (PRI) desde 1972-. La Comisi\u00f3n Estatal de Derechos Humanos de Sonora estim\u00f3 las p\u00e9rdidas econ\u00f3micas en 2 mil millones de pesos las p\u00e9rdidas econ\u00f3micas. En cambio, \u00d3scar Gonz\u00e1lez Rocha, presidente de Southern Copper, una de las mineras propiedad de Grupo M\u00e9xico, respondi\u00f3 que decir eso era una exageraci\u00f3n: \u201ces el peor desastre en Sonora, pero a nivel nacional tenemos muchos\u201d.<\/p>\n<p>Un minero que estuvo presente en el derrame y que pide el anonimato, lo explica a su modo: \u201cEse \u00e1cido (el derramado) desbarata toda piedra que agarra, hazte de cuenta que m\u00e1s fuerte que la sosa o que el \u00e1cido muri\u00e1tico\u201d. La empresa, dice el minero, \u201ces consciente de lo que est\u00e1 contaminando\u201d.<\/p>\n<p>Un a\u00f1o despu\u00e9s, la organizaci\u00f3n no gubernamental Poder (Proyecto sobre Organizaci\u00f3n, Desarrollo, Educaci\u00f3n e Investigaci\u00f3n) document\u00f3 que el derrame fue ocasionado porque Buenavista del Cobre operaba sin acatar normas b\u00e1sicas de seguridad exigidas por la ley, como tener un Plan de Manejo de Residuos Peligrosos supervisado por la Secretar\u00eda de Medio Ambiente y Recursos Naturales (Semarnat). Adem\u00e1s, la mina almacen\u00f3 la soluci\u00f3n de sulfato de cobre acidulado en instalaciones que estaban en construcci\u00f3n y no ten\u00edan sistemas de detecci\u00f3n y control de derrames.<\/p>\n<p>\u201cLa minera ha sido negligente y obtuvo beneficios econ\u00f3micos derivados de disminuir sus costos por evadir el cumplimiento de las normas ambientales en materia de manejo de lixiviados, residuos peligrosos y de control de las emisiones contaminantes a la atm\u00f3sfera\u201d, concluye Poder.<\/p>\n<p>A pesar del desastre, las acciones en la Bolsa Mexicana de Valores se mantuvieron estables y no les suspendieron la concesi\u00f3n. Y un mes despu\u00e9s del derrame, el 9 de septiembre, el equipo de prensa de Presidencia distribuy\u00f3 una fotograf\u00eda de Germ\u00e1n Larrea saludando a Enrique Pe\u00f1a Nieto en una reuni\u00f3n de Banamex.<\/p>\n<p>En marzo de 2015, la Procuradur\u00eda Federal de Protecci\u00f3n al Ambiente (Profepa) sancion\u00f3 a Grupo M\u00e9xico con una multa por 23 millones de pesos, debido a que incurri\u00f3 en 55 \u201cirregularidades\u201d; el monto represent\u00f3 0.22 por ciento del flujo operativo que la empresa tuvo en el tercer trimestre del a\u00f1o. Adem\u00e1s de la multa, Grupo M\u00e9xico debi\u00f3 pagar 2 mil millones de reparaci\u00f3n del da\u00f1o, a trav\u00e9s de Fideicomiso R\u00edo Sonora, que no lleg\u00f3 a los campesinos.<\/p>\n<p><img loading=\"lazy\" decoding=\"async\" data-attachment-id=\"33645\" data-permalink=\"https:\/\/www.grieta.org.mx\/index.php\/2016\/08\/22\/contaminacion-despojo-y-negligencia-las-acusaciones-contra-grupo-mexico-en-sonora-2\/cuatro-1\/\" data-orig-file=\"https:\/\/www.grieta.org.mx\/wp-content\/uploads\/2019\/05\/Cuatro-1.jpg\" data-orig-size=\"1200,616\" data-comments-opened=\"0\" data-image-meta=\"{&quot;aperture&quot;:&quot;0&quot;,&quot;credit&quot;:&quot;&quot;,&quot;camera&quot;:&quot;&quot;,&quot;caption&quot;:&quot;&quot;,&quot;created_timestamp&quot;:&quot;0&quot;,&quot;copyright&quot;:&quot;&quot;,&quot;focal_length&quot;:&quot;0&quot;,&quot;iso&quot;:&quot;0&quot;,&quot;shutter_speed&quot;:&quot;0&quot;,&quot;title&quot;:&quot;&quot;,&quot;orientation&quot;:&quot;0&quot;}\" data-image-title=\"Cuatro-1\" data-image-description=\"\" data-image-caption=\"\" data-medium-file=\"https:\/\/www.grieta.org.mx\/wp-content\/uploads\/2019\/05\/Cuatro-1-300x154.jpg\" data-large-file=\"https:\/\/www.grieta.org.mx\/wp-content\/uploads\/2019\/05\/Cuatro-1-1024x526.jpg\" class=\"alignleft size-large wp-image-33645\" src=\"http:\/\/www.grieta.org.mx\/wp-content\/uploads\/2019\/05\/Cuatro-1-1024x526.jpg\" alt=\"\" width=\"1024\" height=\"526\" srcset=\"https:\/\/www.grieta.org.mx\/wp-content\/uploads\/2019\/05\/Cuatro-1-1024x526.jpg 1024w, https:\/\/www.grieta.org.mx\/wp-content\/uploads\/2019\/05\/Cuatro-1-300x154.jpg 300w, https:\/\/www.grieta.org.mx\/wp-content\/uploads\/2019\/05\/Cuatro-1-768x394.jpg 768w, https:\/\/www.grieta.org.mx\/wp-content\/uploads\/2019\/05\/Cuatro-1-974x500.jpg 974w, https:\/\/www.grieta.org.mx\/wp-content\/uploads\/2019\/05\/Cuatro-1.jpg 1200w\" sizes=\"auto, (max-width: 1024px) 100vw, 1024px\" \/><\/p>\n<p><img loading=\"lazy\" decoding=\"async\" data-attachment-id=\"33646\" data-permalink=\"https:\/\/www.grieta.org.mx\/index.php\/2016\/08\/22\/contaminacion-despojo-y-negligencia-las-acusaciones-contra-grupo-mexico-en-sonora-2\/dos\/\" data-orig-file=\"https:\/\/www.grieta.org.mx\/wp-content\/uploads\/2019\/05\/Dos.jpg\" data-orig-size=\"1200,616\" data-comments-opened=\"0\" data-image-meta=\"{&quot;aperture&quot;:&quot;0&quot;,&quot;credit&quot;:&quot;&quot;,&quot;camera&quot;:&quot;&quot;,&quot;caption&quot;:&quot;&quot;,&quot;created_timestamp&quot;:&quot;0&quot;,&quot;copyright&quot;:&quot;&quot;,&quot;focal_length&quot;:&quot;0&quot;,&quot;iso&quot;:&quot;0&quot;,&quot;shutter_speed&quot;:&quot;0&quot;,&quot;title&quot;:&quot;&quot;,&quot;orientation&quot;:&quot;0&quot;}\" data-image-title=\"Dos\" data-image-description=\"\" data-image-caption=\"\" data-medium-file=\"https:\/\/www.grieta.org.mx\/wp-content\/uploads\/2019\/05\/Dos-300x154.jpg\" data-large-file=\"https:\/\/www.grieta.org.mx\/wp-content\/uploads\/2019\/05\/Dos-1024x526.jpg\" class=\"alignleft size-large wp-image-33646\" src=\"http:\/\/www.grieta.org.mx\/wp-content\/uploads\/2019\/05\/Dos-1024x526.jpg\" alt=\"\" width=\"1024\" height=\"526\" srcset=\"https:\/\/www.grieta.org.mx\/wp-content\/uploads\/2019\/05\/Dos-1024x526.jpg 1024w, https:\/\/www.grieta.org.mx\/wp-content\/uploads\/2019\/05\/Dos-300x154.jpg 300w, https:\/\/www.grieta.org.mx\/wp-content\/uploads\/2019\/05\/Dos-768x394.jpg 768w, https:\/\/www.grieta.org.mx\/wp-content\/uploads\/2019\/05\/Dos-974x500.jpg 974w, https:\/\/www.grieta.org.mx\/wp-content\/uploads\/2019\/05\/Dos.jpg 1200w\" sizes=\"auto, (max-width: 1024px) 100vw, 1024px\" \/><\/p>\n<p>Un despojo selectivo<\/p>\n<p>En Cananea los coches est\u00e1n corro\u00eddos por el \u00e1cido que flota en el aire y las l\u00e1minas de los autos empiezan a ponerse amarillas. Roberto Gonz\u00e1lez habitante del pueblo, cuenta que revierte el efecto en su camioneta lav\u00e1ndola con \u00e1cido de aluminio.<\/p>\n<p>El kinder Charles Darwin tiene de vista en su traspatio un par de tinas donde se almacena \u00e1cido. Mar\u00eda, una vecina del lugar, dice que los ni\u00f1os que toman clases ah\u00ed sufren de v\u00f3mitos constantes.<\/p>\n<p>La venta de productos regionales disminuy\u00f3 entre 80 y 100 por ciento despu\u00e9s del derrame; las familias tienen que gastar m\u00e1s en agua purificada, comprar productos for\u00e1neos que son m\u00e1s caros y movilizarse a ciudades aleda\u00f1as para comprar productos que antes compraban en la regi\u00f3n, seg\u00fan una estimaci\u00f3n de costos del derrame elaborada por investigadores de la Universidad de Sonora.<\/p>\n<p>Rosa Guayante, l\u00edder del Frente Femenil Cananense, explica que cuando remplazaron a los mineros, la producci\u00f3n de la compa\u00f1\u00eda aument\u00f3, pero tambi\u00e9n empez\u00f3 a haber m\u00e1s contaminaci\u00f3n. Relata que hace un par de a\u00f1os la peque\u00f1a huerta de cilantro y tomate en el jard\u00edn de su casa se sec\u00f3. Ella jura que lo que mat\u00f3 sus plantas fue el aire enrarecido y el olor a huevo podrido que desprende una bodega donde se procesa molibdeno con sulfhidrato de sodio, a menos de un kil\u00f3metro de su casa.<\/p>\n<p>Ahora, dice, a trav\u00e9s del presidente municipal, la minera est\u00e1 promoviendo reubicar a 150 vecinos del lugar por las quejas de la contaminaci\u00f3n. Ella no piensa irse y le puso precio a su casa: \u201c50 millones\u201d, dice entre risas. Aunque su resistencia s\u00ed ha tenido un costo: cuando sugiri\u00f3 a los dem\u00e1s propietarios el precio para vender sus viviendas, el Ayuntamiento la dej\u00f3 de invitar a las juntas de negociaci\u00f3n.<\/p>\n<p>El historiador de la Universidad de Sonora, Juan Manuel Silva, ha dedicado varias investigaciones a los proyectos mineros en el estado. Uno de sus hallazgos importantes es que la contaminaci\u00f3n, si bien no es hecha a prop\u00f3sito, las empresas mineras s\u00ed la han sabido capitalizar.<\/p>\n<p>Los dirigentes sindicales cuentan, por ejemplo, que despu\u00e9s del derrame, Grupo M\u00e9xico compr\u00f3 las rancher\u00edas La Mexicana, El Cuatro, El Jaralito, El Alac\u00e1n, La Morita, Las Tinajas y parte del ejido Los Nogales. Todos esos son lugares afectados por el derrame, pero tambi\u00e9n futuros terrenos de explotaci\u00f3n minera.<\/p>\n<p>* * *<\/p>\n<p>El 19 de febrero del 2006 en la mina de carb\u00f3n Pasta de Conchos, en Coahuila, propiedad de Grupo M\u00e9xico, una explosi\u00f3n mat\u00f3 a 65 mineros que quedaron atrapados. La minera se empe\u00f1\u00f3 en decir que fue un \u201caccidente\u201d; han pasado 10 a\u00f1os y los cuerpos de los mineros no han sido rescatados. En Per\u00fa, donde Grupo M\u00e9xico encabeza el proyecto minero T\u00eda Mar\u00eda, paralizado en 2015 por la inconformidad social de las comunidades ind\u00edgenas de Arequipa, la represi\u00f3n gubernamental a la resistencia ha dejado cuatro personas muertas.<\/p>\n<p>Son los antecedentes de una empresa que, en los hechos, no se ocupa de las condiciones m\u00ednimas de seguridad de sus trabajadores, ni de las afectaciones a las comunidades aleda\u00f1as, que en lugar de vivir de la mina, como en el pasado, ahora son despojadas de su trabajo y de su tierra.<\/p>\n<p>Grupo M\u00e9xico es la empresa minera que m\u00e1s agua consume en el pa\u00eds con m\u00e1s de 90 millones de metros c\u00fabicos al a\u00f1o, seg\u00fan el estudio sobre las concesiones de agua para las minas presentado este a\u00f1o por Cartocr\u00edtica y la organizaci\u00f3n alemana Heinrich B\u00f6ll.<\/p>\n<p>Bacoachi, dice su cronista, Zoila Salazar, significa r\u00edo de v\u00edboras, pero ya no hay v\u00edboras. El nivel de agua ha bajado porque \u201cbombean el agua, para surtir a Cananea y a la mina de agua y la mina la regresa a ese represo pero ya contaminada y envenena el nacimiento del R\u00edo Sonora\u201d.<\/p>\n<p>\u00bfQu\u00e9 costo tiene la empresa por estas afectaciones? En agosto, tras cumplirse dos a\u00f1os del derrame, Poder dio a conocer que Grupo M\u00e9xico y sus subsidiarias \u201chan utilizado todas las herramientas legales para evitar la entrega de informaci\u00f3n p\u00fablica\u201d relacionada con el derrame, por lo que la organizaci\u00f3n mexicana tuvo que acudir a las cortes de Estados Unidos y ha tenido que ser un juez de Distrito de Arizona, donde tiene su sede Southern Copper Corporation (la empresa matriz de Buenavista del Cobre), el que falle a favor de que Semarnat y la empresa entreguen informaci\u00f3n.<\/p>\n<p>En M\u00e9xico, en cambio, conforme a los datos obtenidos v\u00eda transparencia, la denuncia penal interpuesta por Profepa contra Buenavista del Cobre, \u201cno ha causado estado\u201d. Tampoco hay detenidos. Y por la solicitud de informaci\u00f3n realizada para este reportaje, la investigaci\u00f3n fue clasificada bajo reserva por cinco a\u00f1os.<\/p>\n<p>Quiz\u00e1 en el a\u00f1o 2021, las 22 mil personas afectadas puedan conocer qu\u00e9 fue lo que sucedi\u00f3 el d\u00eda que los r\u00edos se espesaron de color rojo.<\/p>\n<p><iframe loading=\"lazy\" src=\"https:\/\/player.vimeo.com\/video\/167470018\" width=\"640\" height=\"361\" frameborder=\"0\" allowfullscreen=\"allowfullscreen\"><\/iframe><\/p>\n<p>* * *<\/p>\n<p>Este reportaje fue realizado como parte de la Beca Mike O\u2019Connor, del International Center for Journalist (ICFJ) y de la Iniciativa para el Periodismo de Investigaci\u00f3n en las Am\u00e9ricas, que ICFJ tiene en alianza con Connectas. El trabajo forma parte del proyecto Pie de P\u00e1gina de la Red de Periodistas de a Pie. Conoce m\u00e1s del proyecto en http:\/\/www.piedepagina.mx<\/p>\n<p>Texto: Jos\u00e9 Ignacio De Alba y Jade Ram\u00edrez Cuevas<\/p>\n<p>Fotograf\u00eda: H\u00e9ctor Guerrero y Jos\u00e9 Ignacio De Alba<\/p>\n<p>Gr\u00e1ficos: Arturo Contreras<\/p>\n<p><a href=\"https:\/\/www.animalpolitico.com\/2016\/08\/muertes-contaminacion-represion-las-acusaciones-grupo-mexico-sonora\/\" target=\"_blank\" rel=\"noopener noreferrer\">https:\/\/www.animalpolitico.com\/2016\/08\/muertes-contaminacion-represion-las-acusaciones-grupo-mexico-sonora\/<\/a><\/p>\n","protected":false},"excerpt":{"rendered":"<p>Grupo M\u00e9xico ha sido se\u00f1alado por hechos como el derrame en los r\u00edos Bacanuchi y Sonora en agosto de 2014, y otras afectaciones a comunidades. H\u00e9ctor Guerrero Jos\u00e9 Ignacio De &hellip; <a href=\"https:\/\/www.grieta.org.mx\/index.php\/2016\/08\/22\/contaminacion-despojo-y-negligencia-las-acusaciones-contra-grupo-mexico-en-sonora-2\/\" class=\"more-link\">Leer m\u00e1s<\/a><\/p>\n","protected":false},"author":2,"featured_media":21928,"comment_status":"closed","ping_status":"closed","sticky":false,"template":"","format":"standard","meta":{"ngg_post_thumbnail":0,"_jetpack_newsletter_access":"","_jetpack_dont_email_post_to_subs":false,"_jetpack_newsletter_tier_id":0,"_jetpack_memberships_contains_paywalled_content":false,"_jetpack_memberships_contains_paid_content":false,"footnotes":""},"categories":[80,1462,2215,2,31],"tags":[224,2216,393,394,1065,485,98,743],"class_list":["post-33643","post","type-post","status-publish","format-standard","has-post-thumbnail","hentry","category-cintillo","category-contaminacion-y-danos-a-la-salud-por-mineria-en-sonora","category-mineria-en-sonora","category-noticias-nacionales","category-sonora","tag-agua","tag-conflictos-por-mineria","tag-contaminacion-del-agua","tag-contaminacion-por-mineria","tag-despojo-de-agua-y-tierras","tag-grupo-mexico","tag-mineras","tag-mineros","entry"],"jetpack_featured_media_url":"https:\/\/www.grieta.org.mx\/wp-content\/uploads\/2018\/03\/14524434_1106112876131411_958039263622046936_o.jpg","jetpack_sharing_enabled":true,"jetpack_shortlink":"https:\/\/wp.me\/p7ZJR4-8KD","jetpack_likes_enabled":false,"jetpack-related-posts":[{"id":36073,"url":"https:\/\/www.grieta.org.mx\/index.php\/2019\/07\/05\/grupo-mexico-planea-construir-presa-de-jales-en-bacanuchi-ciudadanos-se-oponen-temen-otro-derrame-sonora\/","url_meta":{"origin":33643,"position":0},"title":"Grupo M\u00e9xico planea construir presa de jales en Bacanuchi, ciudadanos se oponen, temen otro derrame (Sonora)","author":"grieta","date":"5 julio, 2019","format":false,"excerpt":"https:\/\/proyectopuente.com.mx\/2019\/07\/05\/grupo-mexico-planea-construir-presa-de-jales-en-bacanuchi-ciudadanos-se-oponen-temen-otro-derrame-2\/","rel":"","context":"En &quot;Contaminaci\u00f3n ambiental por megaproyectos en Sonora&quot;","block_context":{"text":"Contaminaci\u00f3n ambiental por megaproyectos en Sonora","link":"https:\/\/www.grieta.org.mx\/index.php\/category\/noticias-nacionales\/sonora\/contaminacion-y-danos-a-la-naturaleza-por-megaproyectos\/"},"img":{"alt_text":"","src":"https:\/\/i0.wp.com\/www.grieta.org.mx\/wp-content\/uploads\/2018\/03\/14524434_1106112876131411_958039263622046936_o.jpg?resize=350%2C200&ssl=1","width":350,"height":200,"srcset":"https:\/\/i0.wp.com\/www.grieta.org.mx\/wp-content\/uploads\/2018\/03\/14524434_1106112876131411_958039263622046936_o.jpg?resize=350%2C200&ssl=1 1x, https:\/\/i0.wp.com\/www.grieta.org.mx\/wp-content\/uploads\/2018\/03\/14524434_1106112876131411_958039263622046936_o.jpg?resize=525%2C300&ssl=1 1.5x, https:\/\/i0.wp.com\/www.grieta.org.mx\/wp-content\/uploads\/2018\/03\/14524434_1106112876131411_958039263622046936_o.jpg?resize=700%2C400&ssl=1 2x"},"classes":[]},{"id":9067,"url":"https:\/\/www.grieta.org.mx\/index.php\/2016\/08\/22\/contaminacion-y-danos-a-la-salud-por-mineria-en-sonora\/","url_meta":{"origin":33643,"position":1},"title":"Contaminaci\u00f3n y da\u00f1os a la salud por miner\u00eda en Sonora","author":"Admin","date":"22 agosto, 2016","format":false,"excerpt":"Denuncian contaminaci\u00f3n del R\u00edo Sonora provocada por miner\u00eda 22\/08\/16. Contaminaci\u00f3n, despojo y negligencia: las acusaciones contra Grupo M\u00e9xico en Sonora Animal Pol\u00edtico 08\/08\/16. A 2 a\u00f1os del derrame contaminante en el R\u00edo Sonora, una 'mancha' que no se borra Expansi\u00f3n 01\/08\/16. A dos a\u00f1os de la contaminaci\u00f3n en R\u00edo Sonora:\u2026","rel":"","context":"En &quot;Miner\u00eda&quot;","block_context":{"text":"Miner\u00eda","link":"https:\/\/www.grieta.org.mx\/index.php\/category\/megaproyectos\/mineria\/"},"img":{"alt_text":"","src":"https:\/\/i0.wp.com\/www.grieta.org.mx\/wp-content\/uploads\/2018\/03\/14524434_1106112876131411_958039263622046936_o.jpg?resize=350%2C200&ssl=1","width":350,"height":200,"srcset":"https:\/\/i0.wp.com\/www.grieta.org.mx\/wp-content\/uploads\/2018\/03\/14524434_1106112876131411_958039263622046936_o.jpg?resize=350%2C200&ssl=1 1x, https:\/\/i0.wp.com\/www.grieta.org.mx\/wp-content\/uploads\/2018\/03\/14524434_1106112876131411_958039263622046936_o.jpg?resize=525%2C300&ssl=1 1.5x, https:\/\/i0.wp.com\/www.grieta.org.mx\/wp-content\/uploads\/2018\/03\/14524434_1106112876131411_958039263622046936_o.jpg?resize=700%2C400&ssl=1 2x"},"classes":[]},{"id":36195,"url":"https:\/\/www.grieta.org.mx\/index.php\/2019\/07\/11\/derrame-de-acido-en-guaymas-provocara-muerte-de-fauna-y-flora-en-mar-de-cortes-investigador-sonora\/","url_meta":{"origin":33643,"position":2},"title":"Derrame de \u00e1cido en Guaymas provocar\u00e1 muerte de fauna y flora en Mar de Cort\u00e9s: Investigador (Sonora)","author":"grieta","date":"11 julio, 2019","format":false,"excerpt":"Ra\u00fal Flores Mart\u00ednezRa\u00fal Flores Mart\u00ednez El Mar de Cort\u00e9s vive una contingencia ambiental con el derrame de tres mil litros de \u00e1cido sulf\u00farico, ocasionado por la fuga de un tanque en la Terminal Mar\u00edtima de Guaymas, Sonora, lo que va a provocar afectaciones severas en la vida de la flora\u2026","rel":"","context":"En &quot;CINTILLO&quot;","block_context":{"text":"CINTILLO","link":"https:\/\/www.grieta.org.mx\/index.php\/category\/cintillo\/"},"img":{"alt_text":"","src":"https:\/\/i0.wp.com\/www.grieta.org.mx\/wp-content\/uploads\/2019\/07\/Mar-Cort%C3%A9s-1.jpg?resize=350%2C200&ssl=1","width":350,"height":200,"srcset":"https:\/\/i0.wp.com\/www.grieta.org.mx\/wp-content\/uploads\/2019\/07\/Mar-Cort%C3%A9s-1.jpg?resize=350%2C200&ssl=1 1x, https:\/\/i0.wp.com\/www.grieta.org.mx\/wp-content\/uploads\/2019\/07\/Mar-Cort%C3%A9s-1.jpg?resize=525%2C300&ssl=1 1.5x, https:\/\/i0.wp.com\/www.grieta.org.mx\/wp-content\/uploads\/2019\/07\/Mar-Cort%C3%A9s-1.jpg?resize=700%2C400&ssl=1 2x"},"classes":[]},{"id":36173,"url":"https:\/\/www.grieta.org.mx\/index.php\/2019\/07\/11\/grupo-mexico-de-german-larrea-derrama-ahora-3000-litros-de-acido-sulfurico-en-mar-de-cortes-sonora\/","url_meta":{"origin":33643,"position":3},"title":"Grupo M\u00e9xico, de Germ\u00e1n Larrea, derrama ahora 3,000 litros de \u00e1cido sulf\u00farico en Mar de Cort\u00e9s (Sonora)","author":"grieta","date":"11 julio, 2019","format":false,"excerpt":"Redacci\u00f3n\/ SIN EMBARGO La empresa asegur\u00f3 que dio aviso a la Administraci\u00f3n Portuaria Integral de Guaymas y a la Secretar\u00eda de Marina, dependencia que estuvo presente en el lugar y al constatar que la situaci\u00f3n estaba controlada determin\u00f3 que no era necesario activar un plan de emergencia. Ciudad de M\u00e9xico,\u2026","rel":"","context":"En &quot;CINTILLO&quot;","block_context":{"text":"CINTILLO","link":"https:\/\/www.grieta.org.mx\/index.php\/category\/cintillo\/"},"img":{"alt_text":"","src":"https:\/\/i0.wp.com\/www.grieta.org.mx\/wp-content\/uploads\/2019\/07\/grupo-mexico-mar-de-cortes.jpg?resize=350%2C200&ssl=1","width":350,"height":200,"srcset":"https:\/\/i0.wp.com\/www.grieta.org.mx\/wp-content\/uploads\/2019\/07\/grupo-mexico-mar-de-cortes.jpg?resize=350%2C200&ssl=1 1x, https:\/\/i0.wp.com\/www.grieta.org.mx\/wp-content\/uploads\/2019\/07\/grupo-mexico-mar-de-cortes.jpg?resize=525%2C300&ssl=1 1.5x, https:\/\/i0.wp.com\/www.grieta.org.mx\/wp-content\/uploads\/2019\/07\/grupo-mexico-mar-de-cortes.jpg?resize=700%2C400&ssl=1 2x, https:\/\/i0.wp.com\/www.grieta.org.mx\/wp-content\/uploads\/2019\/07\/grupo-mexico-mar-de-cortes.jpg?resize=1050%2C600&ssl=1 3x"},"classes":[]},{"id":36077,"url":"https:\/\/www.grieta.org.mx\/index.php\/2019\/07\/05\/semarnat-asegura-que-nueva-presa-de-grupo-mexico-en-bacanuchi-sonora-cumple-normas-habitantes-no-se-convencen-y-exigen-seguridad\/","url_meta":{"origin":33643,"position":4},"title":"Semarnat asegura que nueva presa de Grupo M\u00e9xico en Bacanuchi, Sonora cumple normas; habitantes no se convencen y exigen seguridad","author":"grieta","date":"5 julio, 2019","format":false,"excerpt":"Priscila C\u00e1rdenas\/ PROYECTO PUENTE A un mes de cumplirse 5 a\u00f1os del derrame en el R\u00edo Sonora los habitantes de las comunidades afectadas siguen con miedo y en pie de lucha. Hoy adem\u00e1s de justicia y remediaci\u00f3n de da\u00f1os ambientales quieren evitar que la tragedia se repita, pues Grupo M\u00e9xico\u2026","rel":"","context":"En &quot;CINTILLO&quot;","block_context":{"text":"CINTILLO","link":"https:\/\/www.grieta.org.mx\/index.php\/category\/cintillo\/"},"img":{"alt_text":"","src":"https:\/\/i0.wp.com\/www.grieta.org.mx\/wp-content\/uploads\/2019\/07\/timthumb.jpg?resize=350%2C200&ssl=1","width":350,"height":200,"srcset":"https:\/\/i0.wp.com\/www.grieta.org.mx\/wp-content\/uploads\/2019\/07\/timthumb.jpg?resize=350%2C200&ssl=1 1x, https:\/\/i0.wp.com\/www.grieta.org.mx\/wp-content\/uploads\/2019\/07\/timthumb.jpg?resize=525%2C300&ssl=1 1.5x, https:\/\/i0.wp.com\/www.grieta.org.mx\/wp-content\/uploads\/2019\/07\/timthumb.jpg?resize=700%2C400&ssl=1 2x"},"classes":[]},{"id":16706,"url":"https:\/\/www.grieta.org.mx\/index.php\/2016\/07\/09\/grupo-mexico-impune-por-la-mayor-tragedia-ambiental-habitantes-del-rio-sonora\/","url_meta":{"origin":33643,"position":5},"title":"Grupo M\u00e9xico, impune por la mayor tragedia ambiental: habitantes del r\u00edo Sonora","author":"Admin","date":"9 julio, 2016","format":false,"excerpt":"Grupo M\u00e9xico y Germ\u00e1n Larrea contin\u00faan impunes a pesar que reconocieron su responsabilidad por el mayor desastre ambiental en la historia de la miner\u00eda nacional DANIEL S\u00c1NCHEZ D\u00d3RAME Grupo M\u00e9xico y Germ\u00e1n Larrea contin\u00faan impunes a pesar que reconocieron su responsabilidad por el mayor desastre ambiental en la historia de\u2026","rel":"","context":"En &quot;CINTILLO&quot;","block_context":{"text":"CINTILLO","link":"https:\/\/www.grieta.org.mx\/index.php\/category\/cintillo\/"},"img":{"alt_text":"","src":"https:\/\/i0.wp.com\/www.grieta.org.mx\/wp-content\/uploads\/2018\/03\/14524434_1106112876131411_958039263622046936_o.jpg?resize=350%2C200&ssl=1","width":350,"height":200,"srcset":"https:\/\/i0.wp.com\/www.grieta.org.mx\/wp-content\/uploads\/2018\/03\/14524434_1106112876131411_958039263622046936_o.jpg?resize=350%2C200&ssl=1 1x, https:\/\/i0.wp.com\/www.grieta.org.mx\/wp-content\/uploads\/2018\/03\/14524434_1106112876131411_958039263622046936_o.jpg?resize=525%2C300&ssl=1 1.5x, https:\/\/i0.wp.com\/www.grieta.org.mx\/wp-content\/uploads\/2018\/03\/14524434_1106112876131411_958039263622046936_o.jpg?resize=700%2C400&ssl=1 2x"},"classes":[]}],"_links":{"self":[{"href":"https:\/\/www.grieta.org.mx\/index.php\/wp-json\/wp\/v2\/posts\/33643","targetHints":{"allow":["GET"]}}],"collection":[{"href":"https:\/\/www.grieta.org.mx\/index.php\/wp-json\/wp\/v2\/posts"}],"about":[{"href":"https:\/\/www.grieta.org.mx\/index.php\/wp-json\/wp\/v2\/types\/post"}],"author":[{"embeddable":true,"href":"https:\/\/www.grieta.org.mx\/index.php\/wp-json\/wp\/v2\/users\/2"}],"replies":[{"embeddable":true,"href":"https:\/\/www.grieta.org.mx\/index.php\/wp-json\/wp\/v2\/comments?post=33643"}],"version-history":[{"count":1,"href":"https:\/\/www.grieta.org.mx\/index.php\/wp-json\/wp\/v2\/posts\/33643\/revisions"}],"predecessor-version":[{"id":33648,"href":"https:\/\/www.grieta.org.mx\/index.php\/wp-json\/wp\/v2\/posts\/33643\/revisions\/33648"}],"wp:featuredmedia":[{"embeddable":true,"href":"https:\/\/www.grieta.org.mx\/index.php\/wp-json\/wp\/v2\/media\/21928"}],"wp:attachment":[{"href":"https:\/\/www.grieta.org.mx\/index.php\/wp-json\/wp\/v2\/media?parent=33643"}],"wp:term":[{"taxonomy":"category","embeddable":true,"href":"https:\/\/www.grieta.org.mx\/index.php\/wp-json\/wp\/v2\/categories?post=33643"},{"taxonomy":"post_tag","embeddable":true,"href":"https:\/\/www.grieta.org.mx\/index.php\/wp-json\/wp\/v2\/tags?post=33643"}],"curies":[{"name":"wp","href":"https:\/\/api.w.org\/{rel}","templated":true}]}}