{"id":33619,"date":"2019-05-18T09:48:38","date_gmt":"2019-05-18T14:48:38","guid":{"rendered":"http:\/\/www.grieta.org.mx\/?p=33619"},"modified":"2019-05-22T11:48:46","modified_gmt":"2019-05-22T16:48:46","slug":"tiempo-suspendido-un-documental-sobre-la-desaparicion-forzada-la-memoria-y-el-olvido","status":"publish","type":"post","link":"https:\/\/www.grieta.org.mx\/index.php\/2019\/05\/18\/tiempo-suspendido-un-documental-sobre-la-desaparicion-forzada-la-memoria-y-el-olvido\/","title":{"rendered":"&#8220;Tiempo suspendido&#8221;: un documental sobre la desaparici\u00f3n forzada, la memoria y el olvido."},"content":{"rendered":"<p><img loading=\"lazy\" decoding=\"async\" data-attachment-id=\"33633\" data-permalink=\"https:\/\/www.grieta.org.mx\/index.php\/2019\/05\/18\/tiempo-suspendido-un-documental-sobre-la-desaparicion-forzada-la-memoria-y-el-olvido\/screenshot_2019-05-17-69-proyeccion-del-documental-tiempo-suspendido\/\" data-orig-file=\"https:\/\/www.grieta.org.mx\/wp-content\/uploads\/2019\/05\/Screenshot_2019-05-17-69-Proyecci\u00f3n-del-Documental-Tiempo-suspendido.png\" data-orig-size=\"417,241\" data-comments-opened=\"0\" data-image-meta=\"{&quot;aperture&quot;:&quot;0&quot;,&quot;credit&quot;:&quot;&quot;,&quot;camera&quot;:&quot;&quot;,&quot;caption&quot;:&quot;&quot;,&quot;created_timestamp&quot;:&quot;0&quot;,&quot;copyright&quot;:&quot;&quot;,&quot;focal_length&quot;:&quot;0&quot;,&quot;iso&quot;:&quot;0&quot;,&quot;shutter_speed&quot;:&quot;0&quot;,&quot;title&quot;:&quot;&quot;,&quot;orientation&quot;:&quot;0&quot;}\" data-image-title=\"Screenshot_2019-05-17 (69) Proyecci\u00f3n del Documental Tiempo suspendido\" data-image-description=\"\" data-image-caption=\"\" data-medium-file=\"https:\/\/www.grieta.org.mx\/wp-content\/uploads\/2019\/05\/Screenshot_2019-05-17-69-Proyecci\u00f3n-del-Documental-Tiempo-suspendido-300x173.png\" data-large-file=\"https:\/\/www.grieta.org.mx\/wp-content\/uploads\/2019\/05\/Screenshot_2019-05-17-69-Proyecci\u00f3n-del-Documental-Tiempo-suspendido.png\" class=\"alignleft wp-image-33633\" src=\"http:\/\/www.grieta.org.mx\/wp-content\/uploads\/2019\/05\/Screenshot_2019-05-17-69-Proyecci\u00f3n-del-Documental-Tiempo-suspendido.png\" alt=\"\" width=\"680\" height=\"393\" srcset=\"https:\/\/www.grieta.org.mx\/wp-content\/uploads\/2019\/05\/Screenshot_2019-05-17-69-Proyecci\u00f3n-del-Documental-Tiempo-suspendido.png 417w, https:\/\/www.grieta.org.mx\/wp-content\/uploads\/2019\/05\/Screenshot_2019-05-17-69-Proyecci\u00f3n-del-Documental-Tiempo-suspendido-300x173.png 300w\" sizes=\"auto, (max-width: 680px) 100vw, 680px\" \/><\/p>\n<p>Colectivo Grieta<\/p>\n<p>El pasado s\u00e1bado 11 de mayo se proyect\u00f3 el documental \u201cTiempo suspendido\u201d de Natalia Bruschtein en el Rinc\u00f3n Zapatista, ubicado en la calle Zapotecos 7 en la Colonia Obrera. La proyecci\u00f3n cont\u00f3 con la asistencia de la directora, quien contest\u00f3 preguntas al p\u00fablico asistente.<\/p>\n<p>En el documental, Natalia filma y entrevista a su abuela, Laura Bonaparte, durante los \u00faltimos 3 a\u00f1os de la vida de \u00e9sta. Laura Bonaparte fue una de las Madres de Plaza de Mayo L\u00ednea Fundadora. A lo largo del documental vemos grabaciones donde Laura, de 85 a\u00f1os, rememora, y batalla contra la desmemoria de la demencia senil, las experiencias de su vida y de su lucha; tambi\u00e9n vemos grabaciones de Laura m\u00e1s joven, tomadas de un documental de 1979, donde narra y denuncia las desapariciones de 3 de sus hijos, dos yernos y una nuera, y la desaparici\u00f3n del padre de sus hijos.<\/p>\n<p>La lucha de Laura por justicia y memoria, comenz\u00f3 en 1975 con la desaparici\u00f3n de su hija \u2018Noni\u2019, durante el gobierno de Mar\u00eda Estela Mart\u00ednez de Per\u00f3n, antes de la dictadura de Videla. Los hijos de Laura militaban en un partido pol\u00edtico de izquierda, el PRT-ERP (Partido Revolucionario de los Trabajadores-Ej\u00e9rcito Revolucionario del Pueblo). De sus cuatro hijos, A\u00edda &#8216;Noni&#8217;, Irene y V\u00edctor fueron desaparecidos entre 1975 y 1977.<\/p>\n<p>En la sesi\u00f3n de preguntas y respuestas, Natalia Bruschtein dijo que este documental no recupera toda la historia de lucha de su abuela, prefiri\u00f3 enfocarse en los aspectos m\u00e1s cercanos al tema de la memoria y que fuera universal. Sin embargo, cont\u00f3 c\u00f3mo Laura particip\u00f3 toda su vida en luchas de derechos humanos, fue observadora de Amnist\u00eda Internacional en los conflictos de L\u00edbano, Guatemala y El Salvador, y c\u00f3mo apoy\u00f3 a las Mujeres de Negro en Bosnia; adem\u00e1s en M\u00e9xico, Laura, particip\u00f3 en el comit\u00e9 Eureka para denunciar el terrorismo de Estado y la desaparici\u00f3n forzada. Natalia Bruschtein tambi\u00e9n coment\u00f3 como en 2010, cuando empez\u00f3 el proyecto del documental, las cifras de desaparecidos en M\u00e9xico empezaban a ser alarmantes pero no ten\u00edan la magnitud que tienen hoy en d\u00eda. Por esto, el documental se vuelve incluso m\u00e1s relevante hoy. Las cifras oficiales en Argentina dicen que en el periodo de la dictadura, del 76 al 83, hubo 30,000 desaparecidos; en M\u00e9xico <a href=\"https:\/\/www.grieta.org.mx\/index.php\/2019\/01\/17\/hay-mas-de-40-mil-desaparecidos-y-36-mil-muertos-sin-identificar-en-mexico-reconoce-gobernacion\/\">la cifra oficial<\/a> que se maneja al d\u00eda de hoy es de 40,000. Natalia coment\u00f3 c\u00f3mo las desapariciones en M\u00e9xico tienen un car\u00e1cter distinto a las de Argentina, pues no todas se pueden achacar al terrorismo de Estado. Sin embargo, coment\u00f3 que la experiencia de la desaparici\u00f3n es la misma: un desaparecido no est\u00e1 muerto, y los familiares no tienen siquiera el cuerpo para poder hacer luto.<\/p>\n<p>Al preguntarle a Natalia qu\u00e9 pensaba ella de la conflictiva relaci\u00f3n entre una vida de lucha por la memoria y la desmemoria vinculada a la edad, respondi\u00f3 que ella se hab\u00eda preguntado si acaso Laura Bonaparte hab\u00eda decidido olvidar; sin embargo, concluy\u00f3 que su abuela ten\u00eda derecho al olvido, pero que nosotros no tenemos derecho a ello, y que la lucha por la memoria es algo fundamental y que es una lucha viva, como lo atestigu\u00f3 en la marcha del 10 de mayo pasado.<\/p>\n<div class=\"jetpack-video-wrapper\"><iframe loading=\"lazy\" title=\"Tiempo Suspendido - SUSPENDED TIME (PARA PREPARAR VOD)\" src=\"https:\/\/player.vimeo.com\/video\/152028311?dnt=1&amp;app_id=122963\" width=\"1170\" height=\"658\" frameborder=\"0\" allow=\"autoplay; fullscreen; picture-in-picture\" allowfullscreen><\/iframe><\/div>\n","protected":false},"excerpt":{"rendered":"<p>Colectivo Grieta El pasado s\u00e1bado 11 de mayo se proyect\u00f3 el documental \u201cTiempo suspendido\u201d de Natalia Bruschtein en el Rinc\u00f3n Zapatista, ubicado en la calle Zapotecos 7 en la Colonia &hellip; <a href=\"https:\/\/www.grieta.org.mx\/index.php\/2019\/05\/18\/tiempo-suspendido-un-documental-sobre-la-desaparicion-forzada-la-memoria-y-el-olvido\/\" class=\"more-link\">Leer m\u00e1s<\/a><\/p>\n","protected":false},"author":2,"featured_media":33621,"comment_status":"closed","ping_status":"closed","sticky":false,"template":"","format":"standard","meta":{"ngg_post_thumbnail":0,"_jetpack_newsletter_access":"","_jetpack_dont_email_post_to_subs":false,"_jetpack_newsletter_tier_id":0,"_jetpack_memberships_contains_paywalled_content":false,"_jetpack_memberships_contains_paid_content":false,"footnotes":""},"categories":[80,1775],"tags":[1828,121],"class_list":["post-33619","post","type-post","status-publish","format-standard","has-post-thumbnail","hentry","category-cintillo","category-colectivo-grieta","tag-busqueda-de-desaparecidos","tag-desaparecidos","entry"],"jetpack_featured_media_url":"https:\/\/www.grieta.org.mx\/wp-content\/uploads\/2019\/05\/Screenshot_2019-05-17-Tiempo-Suspendido-SUSPENDED-TIME-PARA-PREPARAR-VOD.png","jetpack_sharing_enabled":true,"jetpack_shortlink":"https:\/\/wp.me\/p7ZJR4-8Kf","jetpack_likes_enabled":false,"jetpack-related-posts":[{"id":53048,"url":"https:\/\/www.grieta.org.mx\/index.php\/2020\/08\/30\/documental-fuerzas-unidas-coahuila\/","url_meta":{"origin":33619,"position":0},"title":"Documental \u2013 Fuerzas Unidas (Coahuila)","author":"grieta","date":"30 agosto, 2020","format":false,"excerpt":"Profesores y alumnos de la Universidad Iberoamericana Torre\u00f3n\/ SOMOS EL MEDIO \ufeff\ufeff Documental que recorre los primeros 10 a\u00f1os de uno de los primeros colectivos de familias de desaparecidos en M\u00e9xico. Testimonio de m\u00e1s de 20 miembros, quienes trazan su b\u00fasqueda incansable en solitario, la creaci\u00f3n del colectivo, los obst\u00e1culos\u2026","rel":"","context":"En &quot;CINTILLO&quot;","block_context":{"text":"CINTILLO","link":"https:\/\/www.grieta.org.mx\/index.php\/category\/cintillo\/"},"img":{"alt_text":"","src":"","width":0,"height":0},"classes":[]},{"id":1784,"url":"https:\/\/www.grieta.org.mx\/index.php\/2015\/05\/19\/luz-bajo-la-tierra-la-destruccion-de-cholula-documental\/","url_meta":{"origin":33619,"position":1},"title":"Luz Bajo La Tierra, la Destrucci\u00f3n de Cholula (Documental)","author":"grieta","date":"19 mayo, 2015","format":false,"excerpt":"mayo 19, 2015 Puebla El Gobierno de Puebla realiza la construcci\u00f3n de un parque comercial sobre la zona arqueol\u00f3gica de Cholula. Este documental muestra la destrucci\u00f3n del patrimonio hist\u00f3rico producto de las obras irregulares, adem\u00e1s de la represi\u00f3n que han sufrido los habitantes de Cholula por oponerse el proyecto. Gui\u00f3n,\u2026","rel":"","context":"En &quot;CINTILLO&quot;","block_context":{"text":"CINTILLO","link":"https:\/\/www.grieta.org.mx\/index.php\/category\/cintillo\/"},"img":{"alt_text":"","src":"https:\/\/i0.wp.com\/www.grieta.org.mx\/wp-content\/uploads\/2018\/03\/14524434_1106112876131411_958039263622046936_o.jpg?resize=350%2C200&ssl=1","width":350,"height":200,"srcset":"https:\/\/i0.wp.com\/www.grieta.org.mx\/wp-content\/uploads\/2018\/03\/14524434_1106112876131411_958039263622046936_o.jpg?resize=350%2C200&ssl=1 1x, https:\/\/i0.wp.com\/www.grieta.org.mx\/wp-content\/uploads\/2018\/03\/14524434_1106112876131411_958039263622046936_o.jpg?resize=525%2C300&ssl=1 1.5x, https:\/\/i0.wp.com\/www.grieta.org.mx\/wp-content\/uploads\/2018\/03\/14524434_1106112876131411_958039263622046936_o.jpg?resize=700%2C400&ssl=1 2x"},"classes":[]},{"id":40871,"url":"https:\/\/www.grieta.org.mx\/index.php\/2019\/10\/18\/conmemoraran-8-meses-del-asesinato-de-samir-morelos\/","url_meta":{"origin":33619,"position":2},"title":"Conmemorar\u00e1n 8 meses del asesinato de Samir (Morelos)","author":"grieta","date":"18 octubre, 2019","format":false,"excerpt":"Emmanuel Ruiz \/ El Sol de Cuernavaca Llevar\u00e1n a cabo cine debates en Jantetelco, Huexca y Amilcingo, a partir del pr\u00f3ximo jueves Se proyectar\u00e1 el documental Recuperando el para\u00edso, sobre la defensa del territorio\/GUDE SERV\u00cdN \"Un documental sobre la organizaci\u00f3n del pueblo ind\u00edgena de Santa Mar\u00eda Ostula, que logr\u00f3 detener\u2026","rel":"","context":"En &quot;10. Huexca&quot;","block_context":{"text":"10. Huexca","link":"https:\/\/www.grieta.org.mx\/index.php\/category\/espejos-de-la-resistencia\/10-huexca\/"},"img":{"alt_text":"","src":"https:\/\/i0.wp.com\/www.grieta.org.mx\/wp-content\/uploads\/2019\/11\/Se-proyectar%C3%A1-el-documental-Recuperando-el-para%C3%ADso-sobre-la-defensa-del-territorio-GUDE-SERV%C3%8DN.jpg?resize=350%2C200&ssl=1","width":350,"height":200,"srcset":"https:\/\/i0.wp.com\/www.grieta.org.mx\/wp-content\/uploads\/2019\/11\/Se-proyectar%C3%A1-el-documental-Recuperando-el-para%C3%ADso-sobre-la-defensa-del-territorio-GUDE-SERV%C3%8DN.jpg?resize=350%2C200&ssl=1 1x, https:\/\/i0.wp.com\/www.grieta.org.mx\/wp-content\/uploads\/2019\/11\/Se-proyectar%C3%A1-el-documental-Recuperando-el-para%C3%ADso-sobre-la-defensa-del-territorio-GUDE-SERV%C3%8DN.jpg?resize=525%2C300&ssl=1 1.5x, https:\/\/i0.wp.com\/www.grieta.org.mx\/wp-content\/uploads\/2019\/11\/Se-proyectar%C3%A1-el-documental-Recuperando-el-para%C3%ADso-sobre-la-defensa-del-territorio-GUDE-SERV%C3%8DN.jpg?resize=700%2C400&ssl=1 2x"},"classes":[]},{"id":51973,"url":"https:\/\/www.grieta.org.mx\/index.php\/2020\/07\/22\/documental-la-historia-de-un-pueblo-en-oaxaca-que-quieren-desaparecer\/","url_meta":{"origin":33619,"position":3},"title":"Documental, la historia de un pueblo en Oaxaca que quieren desaparecer","author":"grieta","date":"22 julio, 2020","format":false,"excerpt":"Avispa Midia \/ Santiago Navarro F. Una centena de ind\u00edgenas zapotecos, campesinos en su mayor\u00eda, viven en constante tensi\u00f3n desde que un grupo armado acompa\u00f1ado con maquinaria pesada intent\u00f3 desalojarlos de sus tierras en el mes de mayo del 2019. Los habitantes de los parajes los Arquitos, el Rebolledo y\u2026","rel":"","context":"En &quot;CINTILLO&quot;","block_context":{"text":"CINTILLO","link":"https:\/\/www.grieta.org.mx\/index.php\/category\/cintillo\/"},"img":{"alt_text":"","src":"https:\/\/i0.wp.com\/www.grieta.org.mx\/wp-content\/uploads\/2020\/07\/1-2.jpg?resize=350%2C200&ssl=1","width":350,"height":200,"srcset":"https:\/\/i0.wp.com\/www.grieta.org.mx\/wp-content\/uploads\/2020\/07\/1-2.jpg?resize=350%2C200&ssl=1 1x, https:\/\/i0.wp.com\/www.grieta.org.mx\/wp-content\/uploads\/2020\/07\/1-2.jpg?resize=525%2C300&ssl=1 1.5x, https:\/\/i0.wp.com\/www.grieta.org.mx\/wp-content\/uploads\/2020\/07\/1-2.jpg?resize=700%2C400&ssl=1 2x"},"classes":[]},{"id":39284,"url":"https:\/\/www.grieta.org.mx\/index.php\/2019\/09\/19\/los-pueblos-totonacos-que-defienden-su-rio-contra-walmart-documental-puebla\/","url_meta":{"origin":33619,"position":4},"title":"Los pueblos totonacos que defienden su r\u00edo contra Walmart (Documental) (Puebla)","author":"Admin","date":"19 septiembre, 2019","format":false,"excerpt":"EDUCA \/ Kaos en la Red En julio del 2019, las comunidades totonacas firmaron una petici\u00f3n para exigir que se cancele el Proyecto Hidroel\u00e9ctrico Puebla 1, que fue autorizado por el Estado Mexicano. Un nuevo documental resume la cosmovisi\u00f3n de los pueblos totonacos de la Sierra de Puebla de Ahuacatl\u00e1n\u2026","rel":"","context":"En &quot;26. Sierra Puebla&quot;","block_context":{"text":"26. Sierra Puebla","link":"https:\/\/www.grieta.org.mx\/index.php\/category\/espejos-de-la-resistencia\/26-sierra-puebla\/"},"img":{"alt_text":"","src":"https:\/\/i0.wp.com\/www.grieta.org.mx\/wp-content\/uploads\/2019\/09\/hidro-300x200.jpg?resize=350%2C200","width":350,"height":200,"srcset":"https:\/\/i0.wp.com\/www.grieta.org.mx\/wp-content\/uploads\/2019\/09\/hidro-300x200.jpg?resize=350%2C200 1x, https:\/\/i0.wp.com\/www.grieta.org.mx\/wp-content\/uploads\/2019\/09\/hidro-300x200.jpg?resize=525%2C300 1.5x, https:\/\/i0.wp.com\/www.grieta.org.mx\/wp-content\/uploads\/2019\/09\/hidro-300x200.jpg?resize=700%2C400 2x"},"classes":[]},{"id":33090,"url":"https:\/\/www.grieta.org.mx\/index.php\/2019\/05\/08\/no-sucumbio-la-eternidad-en-la-cafeteria-comandanta-ramona\/","url_meta":{"origin":33619,"position":5},"title":"No sucumbi\u00f3 la eternidad\u2026 en la Cafeter\u00eda Comandanta Ramona.","author":"grieta","date":"8 mayo, 2019","format":false,"excerpt":"\u00a0 Colectivo Grieta \u00a0 El s\u00e1bado 4 de mayo en la Cafeter\u00eda Comandanta Ramona ubicada en la calle de Zapotecos 7, en la Colonia Obrera, se proyect\u00f3 la opera prima de Daniela Rea, llamada \u201cNo sucumbi\u00f3 la eternidad\u201d. En el documental se cuenta la historia de Alicia R\u00edos y Liliana\u2026","rel":"","context":"En &quot;CINTILLO&quot;","block_context":{"text":"CINTILLO","link":"https:\/\/www.grieta.org.mx\/index.php\/category\/cintillo\/"},"img":{"alt_text":"","src":"https:\/\/i0.wp.com\/www.grieta.org.mx\/wp-content\/uploads\/2019\/05\/f7c491d1-70b3-48a2-8a9d-0f7034ab4a0b.jpg?resize=350%2C200&ssl=1","width":350,"height":200,"srcset":"https:\/\/i0.wp.com\/www.grieta.org.mx\/wp-content\/uploads\/2019\/05\/f7c491d1-70b3-48a2-8a9d-0f7034ab4a0b.jpg?resize=350%2C200&ssl=1 1x, https:\/\/i0.wp.com\/www.grieta.org.mx\/wp-content\/uploads\/2019\/05\/f7c491d1-70b3-48a2-8a9d-0f7034ab4a0b.jpg?resize=525%2C300&ssl=1 1.5x, https:\/\/i0.wp.com\/www.grieta.org.mx\/wp-content\/uploads\/2019\/05\/f7c491d1-70b3-48a2-8a9d-0f7034ab4a0b.jpg?resize=700%2C400&ssl=1 2x, https:\/\/i0.wp.com\/www.grieta.org.mx\/wp-content\/uploads\/2019\/05\/f7c491d1-70b3-48a2-8a9d-0f7034ab4a0b.jpg?resize=1050%2C600&ssl=1 3x"},"classes":[]}],"_links":{"self":[{"href":"https:\/\/www.grieta.org.mx\/index.php\/wp-json\/wp\/v2\/posts\/33619","targetHints":{"allow":["GET"]}}],"collection":[{"href":"https:\/\/www.grieta.org.mx\/index.php\/wp-json\/wp\/v2\/posts"}],"about":[{"href":"https:\/\/www.grieta.org.mx\/index.php\/wp-json\/wp\/v2\/types\/post"}],"author":[{"embeddable":true,"href":"https:\/\/www.grieta.org.mx\/index.php\/wp-json\/wp\/v2\/users\/2"}],"replies":[{"embeddable":true,"href":"https:\/\/www.grieta.org.mx\/index.php\/wp-json\/wp\/v2\/comments?post=33619"}],"version-history":[{"count":1,"href":"https:\/\/www.grieta.org.mx\/index.php\/wp-json\/wp\/v2\/posts\/33619\/revisions"}],"predecessor-version":[{"id":33802,"href":"https:\/\/www.grieta.org.mx\/index.php\/wp-json\/wp\/v2\/posts\/33619\/revisions\/33802"}],"wp:featuredmedia":[{"embeddable":true,"href":"https:\/\/www.grieta.org.mx\/index.php\/wp-json\/wp\/v2\/media\/33621"}],"wp:attachment":[{"href":"https:\/\/www.grieta.org.mx\/index.php\/wp-json\/wp\/v2\/media?parent=33619"}],"wp:term":[{"taxonomy":"category","embeddable":true,"href":"https:\/\/www.grieta.org.mx\/index.php\/wp-json\/wp\/v2\/categories?post=33619"},{"taxonomy":"post_tag","embeddable":true,"href":"https:\/\/www.grieta.org.mx\/index.php\/wp-json\/wp\/v2\/tags?post=33619"}],"curies":[{"name":"wp","href":"https:\/\/api.w.org\/{rel}","templated":true}]}}