{"id":3355,"date":"2016-02-08T19:13:59","date_gmt":"2016-02-08T19:13:59","guid":{"rendered":"http:\/\/50.22.11.12\/~grietaor\/?p=3355"},"modified":"2016-03-14T19:17:27","modified_gmt":"2016-03-14T19:17:27","slug":"con-huelga-de-hambre-reos-de-chiconautla-denuncian-trato-inhumano","status":"publish","type":"post","link":"https:\/\/www.grieta.org.mx\/index.php\/2016\/02\/08\/con-huelga-de-hambre-reos-de-chiconautla-denuncian-trato-inhumano\/","title":{"rendered":"Con huelga de hambre, reos de Chiconautla denuncian trato inhumano"},"content":{"rendered":"<p>Veneranda Mendoza<\/p>\n<p>ECATEPEC, Edomex (apro).- Internos del penal de Chiconautla y sus familiares iniciaron este lunes una huelga de hambre para denunciar la corrupci\u00f3n en el sistema de justicia oral, el trato inhumano a los presos y el fracaso en el sistema de readaptaci\u00f3n social.<\/p>\n<p>Jos\u00e9 Humbertus P\u00e9rez Espinosa, presidente del Frente Mexiquense en Defensa para una Vivienda Digna AC, quien encabeza la movilizaci\u00f3n y es considerado preso de conciencia, record\u00f3 que el pasado 22 de enero entregaron una carta dirigida al Papa Francisco a trav\u00e9s de monse\u00f1or Ram\u00f3n Mac\u00edas, para pedirle que visite el penal, ubicado a s\u00f3lo cinco minutos (en autob\u00fas) de donde oficiar\u00e1 una misa, el pr\u00f3ximo domingo 14.<\/p>\n<p>De acuerdo con P\u00e9rez Espinosa, la intenci\u00f3n es que el jerarca de la Iglesia cat\u00f3lica constate la exclusi\u00f3n de los j\u00f3venes encarcelados, en su mayor\u00eda injustamente, a quienes se acusa de robo a transe\u00fante, negocio, transporte p\u00fablico y de carga, as\u00ed como de secuestro, extorsi\u00f3n u homicidio calificado, con el \u00fanico prop\u00f3sito de engrosar las estad\u00edsticas de detenidos en favor de las aspiraciones presidenciales del gobernador Eruviel \u00c1vila.<\/p>\n<p>\u201cTenemos un sistema de justicia penal corrupto, los servidores p\u00fablicos involucrados no est\u00e1n certificados y dictan sentencias condenatorias desproporcionadas que provocan que miles de j\u00f3venes vivan en prisiones por a\u00f1os en un sistema penitenciario que no readapta a la poblaci\u00f3n, sino que la condena a cumplir por largos a\u00f1os injusticias y tratos inhumanos\u201d, se\u00f1al\u00f3.<\/p>\n<p>La visita de Francisco, prosigui\u00f3, servir\u00e1 para que verifique la violaci\u00f3n a los derechos humanos de los reos, quienes se encuentran hacinados y les deniegan el derecho a la salud, dado que el penal fue construido sobre un basurero que ha ocasionado la propagaci\u00f3n de una bacteria que produce llagas, incluso con perforaciones \u00f3seas, en extremidades inferiores y superiores, cara y o\u00eddos, \u201csin que tengamos asistencia m\u00e9dica eficiente, por lo que los compa\u00f1eros, mediante un cepillo de dientes con cloro, raspan las heridas para extraer la pus, provocando gran dolor y sufrimiento a pacientes de todas las celdas\u201d.<\/p>\n<p>Preso en el penal de Chiconautla desde el pasado 4 de noviembre, acusado de robo a casa-habitaci\u00f3n con violencia, P\u00e9rez Espinosa se\u00f1al\u00f3 que los reclusos en huelga de hambre exigen el cierre del penal y el traslado de los detenidos a uno que sea adecuado, adem\u00e1s de atenci\u00f3n m\u00e9dica inmediata.<\/p>\n<p>Advirti\u00f3, asimismo, que el d\u00eda de la visita del Papa a este municipio, alrededor de 200 internos de todos los penales estatales prev\u00e9n sumarse a la huelga.<\/p>\n<p>Entre los puntos del pliego petitorio presentado en su carta destaca la renuncia de los fiscales regionales de la Procuradur\u00eda General de Justicia del Estado de M\u00e9xico (PGJEM), a quienes los internos acusan de fabricar carpetas de investigaci\u00f3n con condenas desproporcionadas.<\/p>\n<p>Tambi\u00e9n demandan el cese de la persecuci\u00f3n en contra de los dirigentes (hombres y mujeres) del Frente y contra la esposa e hijo de Jos\u00e9 Humbertus, adem\u00e1s de revisar y reabrir averiguaciones previas del sistema ordinario penal y del sistema penal acusatorio, adversarial y oral, por incumplir con los principios constitucionales de presunci\u00f3n de inocencia, debido proceso y respeto a los derechos humanos.<\/p>\n<p>De igual manera exigen revisar los juicios de vinculaci\u00f3n y juicios orales para que, en caso de no existir cadena de custodia, pruebas de cargo suficientes y no acreditar los delitos, se absuelva a los inculpados.<\/p>\n<p>\u201cCabe aclarar que no estamos gestionando o tramitando la salida de delincuentes de los penales, simplemente estamos demandando que se cumpla y se aplique de manera puntual el procedimiento del Sistema Ordinario Penal y del Sistema Penal Adversarial y Oral\u201d, destaca la carta.<\/p>\n<p>Los internos del penal de Chiconautla tambi\u00e9n piden \u201cque las Fiscal\u00edas y los agentes del Ministerio P\u00fablico no den a conocer nuevas carpetas de investigaci\u00f3n mientras el inculpado est\u00e9 en proceso penal (como ha sido el caso de P\u00e9rez Espinosa), dado que esa estrategia viola la presunci\u00f3n de inocencia y derechos humanos, y que cuando recuperen su libertad no sean detenidos fuera de la c\u00e1rcel por otra orden de aprehensi\u00f3n que no conocieron con anterioridad y, por tanto, no se garantiz\u00f3 el derecho de audiencia\u201d.<\/p>\n<p>A\u00f1ade el documento: \u201cPedimos se respete el art\u00edculo s\u00e9ptimo de la Carta Magna sobre la Libertad de Expresi\u00f3n y Manifestaci\u00f3n de los participantes en la huelga de hambre, que no les retiren a los presos los pases de visita y su derecho a la visita \u00edntima, que los jefes de celda no sean removidos de sus cargos ni los representantes de sus m\u00f3dulos, as\u00ed como tambi\u00e9n los internos que est\u00e9n sentenciados en el m\u00f3dulo de indiciados no sean bajados a la poblaci\u00f3n porque sus familiares y ellos participen en la huelga de hambre\u201d.<\/p>\n<p><a href=\"http:\/\/www.proceso.com.mx\/429307\/con-huelga-de-hambre-reos-de-chiconautla-denuncian-trato-inhumano\" target=\"_blank\">www.proceso.com.mx\/429307\/con-huelga-de-hambre-reos-de-chiconautla-denuncian-trato-inhumano<\/a><\/p>\n","protected":false},"excerpt":{"rendered":"<p>Veneranda Mendoza ECATEPEC, Edomex (apro).- Internos del penal de Chiconautla y sus familiares iniciaron este lunes una huelga de hambre para denunciar la corrupci\u00f3n en el sistema de justicia oral, &hellip; <a href=\"https:\/\/www.grieta.org.mx\/index.php\/2016\/02\/08\/con-huelga-de-hambre-reos-de-chiconautla-denuncian-trato-inhumano\/\" class=\"more-link\">Leer m\u00e1s<\/a><\/p>\n","protected":false},"author":2,"featured_media":21928,"comment_status":"closed","ping_status":"open","sticky":false,"template":"","format":"standard","meta":{"ngg_post_thumbnail":0,"_jetpack_newsletter_access":"","_jetpack_dont_email_post_to_subs":false,"_jetpack_newsletter_tier_id":0,"_jetpack_memberships_contains_paywalled_content":false,"_jetpack_memberships_contains_paid_content":false,"footnotes":""},"categories":[80],"tags":[92,131],"class_list":["post-3355","post","type-post","status-publish","format-standard","has-post-thumbnail","hentry","category-cintillo","tag-estado-de-mexico","tag-presos-politicos","entry"],"jetpack_featured_media_url":"https:\/\/www.grieta.org.mx\/wp-content\/uploads\/2018\/03\/14524434_1106112876131411_958039263622046936_o.jpg","jetpack_sharing_enabled":true,"jetpack_shortlink":"https:\/\/wp.me\/p7ZJR4-S7","jetpack_likes_enabled":false,"jetpack-related-posts":[{"id":3394,"url":"https:\/\/www.grieta.org.mx\/index.php\/2015\/02\/26\/habitantes-del-norte-del-estado-de-mexico-denuncian-estragos-causados-por-las-ciudades-del-bicentenario\/","url_meta":{"origin":3355,"position":0},"title":"Habitantes del norte del Estado de M\u00e9xico denuncian estragos causados por las \u201cCiudades del Bicentenario\u201d","author":"grieta","date":"26 febrero, 2015","format":false,"excerpt":"26\/02\/16. Pide renuncia de procurador del Edomex; lo aprehenden, acusado de roboSomos el Medio 08\/02\/16. Con huelga de hambre, reos de Chiconautla denuncian trato inhumanoProceso 06\/02\/16. Acusan a TSJEM de violar ley por consigna pol\u00edtica?Tres PM 14\/01\/16. Ordenan libertad de Jos\u00e9 Humbertus P\u00e9rez, activista mexiquense de Tec\u00e1macRed-Acci\u00f3n 07\/01\/16. Exigen liberaci\u00f3n\u2026","rel":"","context":"En &quot;Estado de M\u00e9xico&quot;","block_context":{"text":"Estado de M\u00e9xico","link":"https:\/\/www.grieta.org.mx\/index.php\/category\/noticias-nacionales\/estado-de-mexico\/"},"img":{"alt_text":"","src":"https:\/\/i0.wp.com\/www.grieta.org.mx\/wp-content\/uploads\/2018\/03\/14524434_1106112876131411_958039263622046936_o.jpg?resize=350%2C200&ssl=1","width":350,"height":200,"srcset":"https:\/\/i0.wp.com\/www.grieta.org.mx\/wp-content\/uploads\/2018\/03\/14524434_1106112876131411_958039263622046936_o.jpg?resize=350%2C200&ssl=1 1x, https:\/\/i0.wp.com\/www.grieta.org.mx\/wp-content\/uploads\/2018\/03\/14524434_1106112876131411_958039263622046936_o.jpg?resize=525%2C300&ssl=1 1.5x, https:\/\/i0.wp.com\/www.grieta.org.mx\/wp-content\/uploads\/2018\/03\/14524434_1106112876131411_958039263622046936_o.jpg?resize=700%2C400&ssl=1 2x"},"classes":[]},{"id":3357,"url":"https:\/\/www.grieta.org.mx\/index.php\/2016\/01\/14\/ordenan-libertad-de-jose-humbertus-perez-activista-mexiquense-de-tecamac\/","url_meta":{"origin":3355,"position":1},"title":"Ordenan libertad de Jos\u00e9 Humbertus P\u00e9rez, activista mexiquense de Tec\u00e1mac","author":"grieta","date":"14 enero, 2016","format":false,"excerpt":"Jorge Luis Villa Ecatepec de Morelos, M\u00e9x. La jueza de la sala de apelaciones del penal de Chiconautla determin\u00f3 ordenar la inmediata libertad del activista y profesor Jos\u00e9 Humbertus P\u00e9rez Espinosa, dirigente del Frente Mexiquense en Defensa para la Vivienda Digna, AC (FMDVD, informaron sus abogados. Lo anterior fue considerado\u2026","rel":"","context":"En &quot;CINTILLO&quot;","block_context":{"text":"CINTILLO","link":"https:\/\/www.grieta.org.mx\/index.php\/category\/cintillo\/"},"img":{"alt_text":"","src":"https:\/\/i0.wp.com\/www.grieta.org.mx\/wp-content\/uploads\/2018\/03\/14524434_1106112876131411_958039263622046936_o.jpg?resize=350%2C200&ssl=1","width":350,"height":200,"srcset":"https:\/\/i0.wp.com\/www.grieta.org.mx\/wp-content\/uploads\/2018\/03\/14524434_1106112876131411_958039263622046936_o.jpg?resize=350%2C200&ssl=1 1x, https:\/\/i0.wp.com\/www.grieta.org.mx\/wp-content\/uploads\/2018\/03\/14524434_1106112876131411_958039263622046936_o.jpg?resize=525%2C300&ssl=1 1.5x, https:\/\/i0.wp.com\/www.grieta.org.mx\/wp-content\/uploads\/2018\/03\/14524434_1106112876131411_958039263622046936_o.jpg?resize=700%2C400&ssl=1 2x"},"classes":[]},{"id":3418,"url":"https:\/\/www.grieta.org.mx\/index.php\/2016\/02\/26\/pide-renuncia-de-procurador-del-edomex-lo-aprehenden-acusado-de-robo\/","url_meta":{"origin":3355,"position":2},"title":"Pide renuncia de procurador del Edomex; lo aprehenden, acusado de robo","author":"grieta","date":"26 febrero, 2016","format":false,"excerpt":"Perseo Greco El Frente Mexiquense en Defensa para la Vivienda Digna (FMDVD), mediante un comunicado, denunci\u00f3 que su presidente y representante legal Jos\u00e9 Humbertus P\u00e9rez Espinoza, recluido en Chiconautla, protesta por la suspensi\u00f3n de sus medicamentos a pesar de que se encuentra grave. Adem\u00e1s, el director del Centro Preventivo y\u2026","rel":"","context":"En &quot;CINTILLO&quot;","block_context":{"text":"CINTILLO","link":"https:\/\/www.grieta.org.mx\/index.php\/category\/cintillo\/"},"img":{"alt_text":"","src":"https:\/\/i0.wp.com\/www.grieta.org.mx\/wp-content\/uploads\/2018\/03\/14524434_1106112876131411_958039263622046936_o.jpg?resize=350%2C200&ssl=1","width":350,"height":200,"srcset":"https:\/\/i0.wp.com\/www.grieta.org.mx\/wp-content\/uploads\/2018\/03\/14524434_1106112876131411_958039263622046936_o.jpg?resize=350%2C200&ssl=1 1x, https:\/\/i0.wp.com\/www.grieta.org.mx\/wp-content\/uploads\/2018\/03\/14524434_1106112876131411_958039263622046936_o.jpg?resize=525%2C300&ssl=1 1.5x, https:\/\/i0.wp.com\/www.grieta.org.mx\/wp-content\/uploads\/2018\/03\/14524434_1106112876131411_958039263622046936_o.jpg?resize=700%2C400&ssl=1 2x"},"classes":[]},{"id":3358,"url":"https:\/\/www.grieta.org.mx\/index.php\/2016\/01\/07\/exigen-liberacion-de-jose-humbertus-perez-espinoza\/","url_meta":{"origin":3355,"position":3},"title":"Exigen liberaci\u00f3n de Jos\u00e9 Humbertus P\u00e9rez Espinoza","author":"grieta","date":"7 enero, 2016","format":false,"excerpt":"TOLUCA, M\u00e9xico, 7 de Enero.- El Frente Mexiquense para una Vivienda Digna, A.C., a trav\u00e9s de su secretario general, Humberto Saavedra Flores, exigi\u00f3 la liberaci\u00f3n inmediata de su dirigente, Jos\u00e9 Humbertus P\u00e9rez Espinoza, detenido y vinculado a proceso penal por presunto robo con violencia cometido en una casa. \u201cEn el\u2026","rel":"","context":"En &quot;CINTILLO&quot;","block_context":{"text":"CINTILLO","link":"https:\/\/www.grieta.org.mx\/index.php\/category\/cintillo\/"},"img":{"alt_text":"","src":"https:\/\/i0.wp.com\/www.grieta.org.mx\/wp-content\/uploads\/2018\/03\/14524434_1106112876131411_958039263622046936_o.jpg?resize=350%2C200&ssl=1","width":350,"height":200,"srcset":"https:\/\/i0.wp.com\/www.grieta.org.mx\/wp-content\/uploads\/2018\/03\/14524434_1106112876131411_958039263622046936_o.jpg?resize=350%2C200&ssl=1 1x, https:\/\/i0.wp.com\/www.grieta.org.mx\/wp-content\/uploads\/2018\/03\/14524434_1106112876131411_958039263622046936_o.jpg?resize=525%2C300&ssl=1 1.5x, https:\/\/i0.wp.com\/www.grieta.org.mx\/wp-content\/uploads\/2018\/03\/14524434_1106112876131411_958039263622046936_o.jpg?resize=700%2C400&ssl=1 2x"},"classes":[]},{"id":34417,"url":"https:\/\/www.grieta.org.mx\/index.php\/2019\/06\/05\/empleados-de-coca-cola-se-van-a-paro-en-gomez-palacio-acusan-trato-inhumano-durango\/","url_meta":{"origin":3355,"position":4},"title":"Empleados de Coca-Cola se van a paro en G\u00f3mez Palacio, acusan trato &#8220;inhumano&#8221; (Durango)","author":"grieta","date":"5 junio, 2019","format":false,"excerpt":"LUIS ALATORRE\/Milenio. 30 repartidores de no recorrieron sus rutas hoy mi\u00e9rcoles, para manifestarse por la falta de vacaciones, turnos de hasta 14 horas y la falta de personal. https:\/\/www.milenio.com\/estados\/empleados-coca-cola-paro-gomez-palacio-acusan-trato-inhumano G\u00f3mez Palacio, Durango. Empleados de la Embotelladora Coca Cola en Santa Rita, Durango, se declararon en paro y acusaron que los\u2026","rel":"","context":"En &quot;CINTILLO&quot;","block_context":{"text":"CINTILLO","link":"https:\/\/www.grieta.org.mx\/index.php\/category\/cintillo\/"},"img":{"alt_text":"","src":"https:\/\/i0.wp.com\/www.grieta.org.mx\/wp-content\/uploads\/2019\/06\/repartidores-camion-trabajadores-estibar-cajas_0_71_555_344.jpg?resize=350%2C200&ssl=1","width":350,"height":200,"srcset":"https:\/\/i0.wp.com\/www.grieta.org.mx\/wp-content\/uploads\/2019\/06\/repartidores-camion-trabajadores-estibar-cajas_0_71_555_344.jpg?resize=350%2C200&ssl=1 1x, https:\/\/i0.wp.com\/www.grieta.org.mx\/wp-content\/uploads\/2019\/06\/repartidores-camion-trabajadores-estibar-cajas_0_71_555_344.jpg?resize=525%2C300&ssl=1 1.5x, https:\/\/i0.wp.com\/www.grieta.org.mx\/wp-content\/uploads\/2019\/06\/repartidores-camion-trabajadores-estibar-cajas_0_71_555_344.jpg?resize=700%2C400&ssl=1 2x"},"classes":[]},{"id":62184,"url":"https:\/\/www.grieta.org.mx\/index.php\/2021\/09\/23\/dimite-enviado-especial-de-ee-uu-a-haiti-por-trato-inhumano-a-inmigrantes\/","url_meta":{"origin":3355,"position":5},"title":"Dimite enviado especial de EE.UU. a Hait\u00ed por \u201ctrato inhumano\u201d a inmigrantes","author":"grieta","date":"23 septiembre, 2021","format":false,"excerpt":"DW Daniel Foote, que hab\u00eda asumido hace dos meses, explic\u00f3 adem\u00e1s que Hait\u00ed es incapaz de soportar el flujo forzado de \u201cmiles de migrantes que regresan y que carecen de comida, refugio y dinero\u201d. Argumentando que su pa\u00eds estaba ofreciendo un \"trato inhumano a los migrantes\u201d haitianos, el enviado especial\u2026","rel":"","context":"En &quot;CINTILLO&quot;","block_context":{"text":"CINTILLO","link":"https:\/\/www.grieta.org.mx\/index.php\/category\/cintillo\/"},"img":{"alt_text":"","src":"https:\/\/i0.wp.com\/www.grieta.org.mx\/wp-content\/uploads\/2021\/10\/59260149_303.jpg?resize=350%2C200&ssl=1","width":350,"height":200,"srcset":"https:\/\/i0.wp.com\/www.grieta.org.mx\/wp-content\/uploads\/2021\/10\/59260149_303.jpg?resize=350%2C200&ssl=1 1x, https:\/\/i0.wp.com\/www.grieta.org.mx\/wp-content\/uploads\/2021\/10\/59260149_303.jpg?resize=525%2C300&ssl=1 1.5x, https:\/\/i0.wp.com\/www.grieta.org.mx\/wp-content\/uploads\/2021\/10\/59260149_303.jpg?resize=700%2C400&ssl=1 2x"},"classes":[]}],"_links":{"self":[{"href":"https:\/\/www.grieta.org.mx\/index.php\/wp-json\/wp\/v2\/posts\/3355","targetHints":{"allow":["GET"]}}],"collection":[{"href":"https:\/\/www.grieta.org.mx\/index.php\/wp-json\/wp\/v2\/posts"}],"about":[{"href":"https:\/\/www.grieta.org.mx\/index.php\/wp-json\/wp\/v2\/types\/post"}],"author":[{"embeddable":true,"href":"https:\/\/www.grieta.org.mx\/index.php\/wp-json\/wp\/v2\/users\/2"}],"replies":[{"embeddable":true,"href":"https:\/\/www.grieta.org.mx\/index.php\/wp-json\/wp\/v2\/comments?post=3355"}],"version-history":[{"count":1,"href":"https:\/\/www.grieta.org.mx\/index.php\/wp-json\/wp\/v2\/posts\/3355\/revisions"}],"predecessor-version":[{"id":3361,"href":"https:\/\/www.grieta.org.mx\/index.php\/wp-json\/wp\/v2\/posts\/3355\/revisions\/3361"}],"wp:featuredmedia":[{"embeddable":true,"href":"https:\/\/www.grieta.org.mx\/index.php\/wp-json\/wp\/v2\/media\/21928"}],"wp:attachment":[{"href":"https:\/\/www.grieta.org.mx\/index.php\/wp-json\/wp\/v2\/media?parent=3355"}],"wp:term":[{"taxonomy":"category","embeddable":true,"href":"https:\/\/www.grieta.org.mx\/index.php\/wp-json\/wp\/v2\/categories?post=3355"},{"taxonomy":"post_tag","embeddable":true,"href":"https:\/\/www.grieta.org.mx\/index.php\/wp-json\/wp\/v2\/tags?post=3355"}],"curies":[{"name":"wp","href":"https:\/\/api.w.org\/{rel}","templated":true}]}}