{"id":33357,"date":"2019-05-08T23:33:17","date_gmt":"2019-05-09T04:33:17","guid":{"rendered":"http:\/\/www.grieta.org.mx\/?p=33357"},"modified":"2019-05-12T23:41:01","modified_gmt":"2019-05-13T04:41:01","slug":"hacer-fila-durante-horas-para-que-no-haya-medicamentos-lo-que-padece-la-gente-en-el-issste-ciudad-de-mexico","status":"publish","type":"post","link":"https:\/\/www.grieta.org.mx\/index.php\/2019\/05\/08\/hacer-fila-durante-horas-para-que-no-haya-medicamentos-lo-que-padece-la-gente-en-el-issste-ciudad-de-mexico\/","title":{"rendered":"Hacer fila durante horas, para que no haya medicamentos: lo que padece la gente en el ISSSTE (Ciudad de M\u00e9xico)"},"content":{"rendered":"<p><img loading=\"lazy\" decoding=\"async\" data-attachment-id=\"33358\" data-permalink=\"https:\/\/www.grieta.org.mx\/index.php\/2019\/05\/08\/hacer-fila-durante-horas-para-que-no-haya-medicamentos-lo-que-padece-la-gente-en-el-issste-ciudad-de-mexico\/medicamentos-issste\/\" data-orig-file=\"https:\/\/www.grieta.org.mx\/wp-content\/uploads\/2019\/05\/medicamentos-issste.jpg\" data-orig-size=\"957,500\" data-comments-opened=\"0\" data-image-meta=\"{&quot;aperture&quot;:&quot;1.8&quot;,&quot;credit&quot;:&quot;&quot;,&quot;camera&quot;:&quot;iPhone 8&quot;,&quot;caption&quot;:&quot;&quot;,&quot;created_timestamp&quot;:&quot;1556794512&quot;,&quot;copyright&quot;:&quot;&quot;,&quot;focal_length&quot;:&quot;3.99&quot;,&quot;iso&quot;:&quot;50&quot;,&quot;shutter_speed&quot;:&quot;0.066666666666667&quot;,&quot;title&quot;:&quot;&quot;,&quot;orientation&quot;:&quot;1&quot;}\" data-image-title=\"medicamentos-issste\" data-image-description=\"\" data-image-caption=\"\" data-medium-file=\"https:\/\/www.grieta.org.mx\/wp-content\/uploads\/2019\/05\/medicamentos-issste-300x157.jpg\" data-large-file=\"https:\/\/www.grieta.org.mx\/wp-content\/uploads\/2019\/05\/medicamentos-issste.jpg\" src=\"http:\/\/www.grieta.org.mx\/wp-content\/uploads\/2019\/05\/medicamentos-issste.jpg\" alt=\"\" width=\"957\" height=\"500\" class=\"alignleft size-full wp-image-33358\" srcset=\"https:\/\/www.grieta.org.mx\/wp-content\/uploads\/2019\/05\/medicamentos-issste.jpg 957w, https:\/\/www.grieta.org.mx\/wp-content\/uploads\/2019\/05\/medicamentos-issste-300x157.jpg 300w, https:\/\/www.grieta.org.mx\/wp-content\/uploads\/2019\/05\/medicamentos-issste-768x401.jpg 768w\" sizes=\"auto, (max-width: 957px) 100vw, 957px\" \/><\/p>\n<p>Andrea Vega\/Animal Pol\u00edtico<\/p>\n<blockquote><p>Derechohabientes denuncian que de forma recurrente, no solo en los \u00faltimos meses, hay escasez de medicinas en las farmacias de la instituci\u00f3n.<\/p><\/blockquote>\n<p>En la puerta de entrada a la farmacia del Hospital General Dar\u00edo Fernandez Fierro, del ISSSTE, ubicado en Avenida Revoluci\u00f3n, en la Ciudad de M\u00e9xico, hay colgado un pedazo de cart\u00f3n. Todos se acercan a verlo antes de formarse en la fila de personas que esperan turno para llegar a las ventanillas, y que abarca media cuadra y todav\u00eda da la vuelta. Ah\u00ed, en ese cart\u00f3n, est\u00e1 anotada la lista de medicamentos que no hay en este centro m\u00e9dico.<\/p>\n<p>Son 15 f\u00e1rmacos, entre los que se encuentra la insulina Detemir, para el tratamiento de la diabetes; Buprenorfina para el tratamiento del dolor por c\u00e1ncer; Acemetacina y Leflunomida, para la artritis reumatoide; Enoxoparina, para tratar y prevenir la trombosis venosa profunda y la embolia pulmonar; Dutasteride, para la hiperplasia de pr\u00f3stata; Alprazolam, para ansiedad y crisis de angustia, y Rivastigmina para el Alzheimer, Parkinson y la demencia.<\/p>\n<p>La hija de Mar\u00eda Eugenia G\u00f3mez es una de las afectadas por el desabasto en el Hospital General Dar\u00edo Fernandez Fierro.<\/p>\n<p>\u201cDesde el mes pasado no nos han dado la insulina Detemir para mi hija, de 44 a\u00f1os, que tiene diabetes. Nosotros no la podemos comprar porque es muy cara; as\u00ed que hemos estado buscando c\u00f3mo conseguirla. Ac\u00e1 venimos y venimos y que no hay. Ahorita un familiar nos la est\u00e1 dando, no s\u00e9 ni de d\u00f3nde la est\u00e1 consiguiendo\u201d, cuenta Mar\u00eda Eugenia.<\/p>\n<p>La se\u00f1ora dice que estuvo formada m\u00e1s de dos horas en la fila de la farmacia para al final salir con los medicamentos incompletos. \u201cLlegu\u00e9 antes de la 1 de la tarde por la receta, me vine a formar y hasta ahorita, las 3:15, que voy saliendo, y para que solo me dieran complejo B y otras, pero me falt\u00f3 la m\u00e1s importante\u201d.<\/p>\n<p><img loading=\"lazy\" decoding=\"async\" data-attachment-id=\"33359\" data-permalink=\"https:\/\/www.grieta.org.mx\/index.php\/2019\/05\/08\/hacer-fila-durante-horas-para-que-no-haya-medicamentos-lo-que-padece-la-gente-en-el-issste-ciudad-de-mexico\/medicamentos\/\" data-orig-file=\"https:\/\/www.grieta.org.mx\/wp-content\/uploads\/2019\/05\/medicamentos.jpg\" data-orig-size=\"3024,4032\" data-comments-opened=\"0\" data-image-meta=\"{&quot;aperture&quot;:&quot;1.8&quot;,&quot;credit&quot;:&quot;&quot;,&quot;camera&quot;:&quot;iPhone 8&quot;,&quot;caption&quot;:&quot;&quot;,&quot;created_timestamp&quot;:&quot;1557240134&quot;,&quot;copyright&quot;:&quot;&quot;,&quot;focal_length&quot;:&quot;3.99&quot;,&quot;iso&quot;:&quot;20&quot;,&quot;shutter_speed&quot;:&quot;0.0078740157480315&quot;,&quot;title&quot;:&quot;&quot;,&quot;orientation&quot;:&quot;1&quot;}\" data-image-title=\"medicamentos\" data-image-description=\"\" data-image-caption=\"\" data-medium-file=\"https:\/\/www.grieta.org.mx\/wp-content\/uploads\/2019\/05\/medicamentos-225x300.jpg\" data-large-file=\"https:\/\/www.grieta.org.mx\/wp-content\/uploads\/2019\/05\/medicamentos-768x1024.jpg\" src=\"http:\/\/www.grieta.org.mx\/wp-content\/uploads\/2019\/05\/medicamentos-768x1024.jpg\" alt=\"\" width=\"768\" height=\"1024\" class=\"alignleft size-large wp-image-33359\" srcset=\"https:\/\/www.grieta.org.mx\/wp-content\/uploads\/2019\/05\/medicamentos-768x1024.jpg 768w, https:\/\/www.grieta.org.mx\/wp-content\/uploads\/2019\/05\/medicamentos-225x300.jpg 225w, https:\/\/www.grieta.org.mx\/wp-content\/uploads\/2019\/05\/medicamentos-375x500.jpg 375w\" sizes=\"auto, (max-width: 768px) 100vw, 768px\" \/><\/p>\n<p>Otro de los afectados en este hospital \u2013en el que Animal Pol\u00edtico abord\u00f3 a ocho usuarios en el \u00e1rea de farmacia, de los que cuatro dijeron haber salido con su receta surtida a medias\u2013 es Valent\u00edn Garrido Cruz, a quien no le dieron Dutasteride, un f\u00e1rmaco para la pr\u00f3stata.<\/p>\n<p>\u201cSe supone que debo estar tres meses con este tratamiento, porque me van a operar. Pero as\u00ed me ha estado pasando. Empec\u00e9 en marzo y vengo y me dicen que regrese en una o en dos semanas, porque no hay medicamento. Imag\u00ednese, apenas con este mes iba a hacer el segundo, con esas interrupciones a ver si me van a poder hacer la cirug\u00eda\u201d.<\/p>\n<p>El se\u00f1or dice que el f\u00e1rmaco cuesta m\u00e1s de mil pesos. \u201cSi pudiera yo comprarlo, lo hac\u00eda. Pero yo soy pensionado, tengo 75 a\u00f1os, y me dan mil 200 de pensi\u00f3n al mes, lo que cuesta el medicamento. Ahorita ac\u00e1 en la CDMX ya no me est\u00e1n dando ni la pensi\u00f3n para alimentos que nos daban antes a los adultos mayores, ya la quitaron, que porque iba a llegar lo de la nueva pensi\u00f3n. Pero no llega. A m\u00ed ya fueron hasta dos veces a censarme, pero de la tarjeta y el dinero nada\u201d.<\/p>\n<p>A Yolanda Luna, de 63 a\u00f1os, le toc\u00f3 quedarse sin Leflunomida, para la artritis reumatoide. \u201cTampoco me dieron Etoricoxib, que no est\u00e1 ah\u00ed en la lista de la puerta pero no me lo dieron. Dicen que no saben cu\u00e1ndo lleguen los medicamentos. Hace varios meses tambi\u00e9n era muy com\u00fan el desabasto, casi al final del sexenio anterior. No es algo que est\u00e9 pasando ahorita. Es lo com\u00fan. Tenemos que dar dos o tres vueltas a ver si ya hay. Si nosotros los pudi\u00e9ramos comprar, no estar\u00edamos aqu\u00ed, pero no podemos, la Leflunomida cuesta m\u00e1s de 2 mil pesos, una caja para un mes\u201d.<\/p>\n<p>Hay otros casos en los que apenas hoy hubo suerte. \u201cNo nos hab\u00edan dado el f\u00e1rmaco Trayenta, para el tratamiento de la diabetes tipo 2, que padece mi esposo. El viernes habl\u00e9 por tel\u00e9fono y me dijeron que ya la ten\u00edan y hoy vine a recogerlo. Seguido me pasa lo mismo: no hay y tarda una o dos semanas. Tengo que estar hablando y vuelta y vuelta. Lo que hicimos fue comprar una caja para prever que no se quede \u00e9l sin medicina cuando no nos la dan ac\u00e1, pero cuesta 1, 060 pesos y no podemos estar compr\u00e1ndola\u201d, dice Laura Marqu\u00e9s Aquino.<\/p>\n<p>En el Hospital 20 de Noviembre, un centro de alta especialidad del ISSSTE, en la Ciudad de M\u00e9xico, el escenario es parecido. Ac\u00e1 no hay lista de medicamentos faltantes en la puerta. La cola es menor y avanza r\u00e1pido. No se nota la misma molestia que en el Hospital de Avenida Revoluci\u00f3n, pero faltantes s\u00ed hay.<\/p>\n<p>En este centro, de 10 usuarios entrevistados, seis dijeron que s\u00ed les hab\u00edan surtido sus recetas completas y cuatro que no. A Miriam Galicia no le dieron Telmisart\u00e1n, un f\u00e1rmaco que su pap\u00e1 usa para la presi\u00f3n. \u201cMe dijeron que ahorita no hay, pero que no va a tardar. Voy a estar hablando a ver cu\u00e1ndo puedo venir a recogerlo\u201d.<\/p>\n<p>El principal desabasto aqu\u00ed, al parecer, es justo de este medicamento. Otros dos derechohabientes, Mario Flores y Laura Zamora, tambi\u00e9n dijeron que no les hab\u00edan surtido el Telmisart\u00e1n. \u201cSeguido pasa que no hay, lo bueno es que no es muy caro, se puede conseguir hasta por 100 pesos la caja, entonces el problema no es tan grave. Yo cuando lo puedo comprar, lo compro para no estar dando vueltas\u201d, afirma Mario. Laura responde que ella tambi\u00e9n prefiere comprarlo o irlo dosificando.<\/p>\n<p>En cambio a Margarita Cerna s\u00ed le preocupa que no le hayan dado la Tolterodina, un medicamento que usa para la incontinencia urinaria. \u201cMe pasa muy seguido que no me lo dan. Esto no tiene dos o tres meses. Yo lo tom\u00f3 desde hace tres a\u00f1os y as\u00ed pasa seguido. A veces solo me dan una cajita por mes y yo uso cuatro\u201d.<\/p>\n<p>En otro de los hospitales del ISSSTE visitados, el 1 de Octubre, no se permiti\u00f3 el acceso de este medio al \u00e1rea de farmacia, por lo que no fue posible observar el movimiento en esa zona. De los usuarios que salieron del hospital y dijeron haber acudido por medicamento, solo uno de cinco asegur\u00f3 que no le surtieron su receta. \u201cMe falt\u00f3 el Losartan, que es para la presi\u00f3n. Seguido pasa que no hay. A veces prefiero comprarlo, cuesta como 100 pesos la caja, y as\u00ed me evito estar viniendo\u201d, cuenta Javier Flores. <\/p>\n<p>Animal Pol\u00edtico busco una postura por parte del ISSSTE ante las denuncias de usuarios del desabasto recurrente de medicamentos en la instituci\u00f3n, pero, al cierre de la edici\u00f3n, no se pudo concretar una entrevista.<\/p>\n<p><a href=\"https:\/\/www.animalpolitico.com\/2019\/05\/medicamentos-issste-derechohabientes-escasez\/\">https:\/\/www.animalpolitico.com\/2019\/05\/medicamentos-issste-derechohabientes-escasez\/<\/a><\/p>\n","protected":false},"excerpt":{"rendered":"<p>Andrea Vega\/Animal Pol\u00edtico Derechohabientes denuncian que de forma recurrente, no solo en los \u00faltimos meses, hay escasez de medicinas en las farmacias de la instituci\u00f3n. En la puerta de entrada &hellip; <a href=\"https:\/\/www.grieta.org.mx\/index.php\/2019\/05\/08\/hacer-fila-durante-horas-para-que-no-haya-medicamentos-lo-que-padece-la-gente-en-el-issste-ciudad-de-mexico\/\" class=\"more-link\">Leer m\u00e1s<\/a><\/p>\n","protected":false},"author":2,"featured_media":33358,"comment_status":"closed","ping_status":"closed","sticky":false,"template":"","format":"standard","meta":{"ngg_post_thumbnail":0,"_jetpack_newsletter_access":"","_jetpack_dont_email_post_to_subs":false,"_jetpack_newsletter_tier_id":0,"_jetpack_memberships_contains_paywalled_content":false,"_jetpack_memberships_contains_paid_content":false,"footnotes":""},"categories":[80,14,919,2434,2],"tags":[2551,492],"class_list":["post-33357","post","type-post","status-publish","format-standard","has-post-thumbnail","hentry","category-cintillo","category-ciudad-de-mexico","category-privatizacion-del-sector-salud-analisis","category-desmantelamiento-del-sector-salud-en-la-ciudad-de-mexico","category-noticias-nacionales","tag-falta-de-medicinas","tag-issste","entry"],"jetpack_featured_media_url":"https:\/\/www.grieta.org.mx\/wp-content\/uploads\/2019\/05\/medicamentos-issste.jpg","jetpack_sharing_enabled":true,"jetpack_shortlink":"https:\/\/wp.me\/p7ZJR4-8G1","jetpack_likes_enabled":false,"jetpack-related-posts":[{"id":41665,"url":"https:\/\/www.grieta.org.mx\/index.php\/2019\/11\/27\/trabajadores-del-issste-rinen-con-policias-en-bloqueo-de-zaragoza-ciudad-de-mexico\/","url_meta":{"origin":33357,"position":0},"title":"Trabajadores del ISSSTE ri\u00f1en con polic\u00edas en bloqueo de Zaragoza (Ciudad de M\u00e9xico)","author":"grieta","date":"27 noviembre, 2019","format":false,"excerpt":"Excelsior Los manifestantes se enfrentaron con los agentes que intentaban abrir algunos carriles de la vialidad CIUDAD DE M\u00c9XICO. Un conato de bronca se dio entre trabajadores del Instituto de Seguridad y Servicios Sociales de los Trabajadores del Estado (ISSSTE) y polic\u00edas capitalinos durante un bloqueo sobre Calzada Ignacio Zaragoza,\u2026","rel":"","context":"En &quot;Abuso policiaco y tortura en el Estado de M\u00e9xico&quot;","block_context":{"text":"Abuso policiaco y tortura en el Estado de M\u00e9xico","link":"https:\/\/www.grieta.org.mx\/index.php\/category\/noticias-nacionales\/estado-de-mexico\/abuso-policiaco-y-tortura-en-el-estado-de-mexico\/"},"img":{"alt_text":"","src":"https:\/\/i0.wp.com\/www.grieta.org.mx\/wp-content\/uploads\/2019\/11\/Trabajadores-del-ISSSTE-ri%C3%B1en-con-polic%C3%ADas-en-bloqueo-de-Zaragoza-cdmx-nov.jpg?resize=350%2C200&ssl=1","width":350,"height":200,"srcset":"https:\/\/i0.wp.com\/www.grieta.org.mx\/wp-content\/uploads\/2019\/11\/Trabajadores-del-ISSSTE-ri%C3%B1en-con-polic%C3%ADas-en-bloqueo-de-Zaragoza-cdmx-nov.jpg?resize=350%2C200&ssl=1 1x, https:\/\/i0.wp.com\/www.grieta.org.mx\/wp-content\/uploads\/2019\/11\/Trabajadores-del-ISSSTE-ri%C3%B1en-con-polic%C3%ADas-en-bloqueo-de-Zaragoza-cdmx-nov.jpg?resize=525%2C300&ssl=1 1.5x"},"classes":[]},{"id":63408,"url":"https:\/\/www.grieta.org.mx\/index.php\/2022\/02\/17\/issste-colima-sin-abasto-suficiente-de-medicamentos-y-con-falta-de-medicos-especialistas\/","url_meta":{"origin":33357,"position":1},"title":"ISSSTE Colima sin abasto suficiente de medicamentos y con falta de m\u00e9dicos especialistas","author":"grieta","date":"17 febrero, 2022","format":false,"excerpt":"Foto: Cortes\u00eda Redacci\u00f3n \/ El Occidental Una situaci\u00f3n grave se presenta en el Instituto de Seguridad y Servicios Sociales de los Trabajadores del Estado (ISSSTE) Colima, ya que de acuerdo al presidente de la Asociaci\u00f3n de Jubilados, Pensionados y Adultos Mayores, Manuel Godina Velasco, existe un desabasto de medicamentos y\u2026","rel":"","context":"En &quot;CINTILLO&quot;","block_context":{"text":"CINTILLO","link":"https:\/\/www.grieta.org.mx\/index.php\/category\/cintillo\/"},"img":{"alt_text":"","src":"https:\/\/i0.wp.com\/www.grieta.org.mx\/wp-content\/uploads\/2022\/02\/ISSSTE-Colima.jpg?resize=350%2C200&ssl=1","width":350,"height":200,"srcset":"https:\/\/i0.wp.com\/www.grieta.org.mx\/wp-content\/uploads\/2022\/02\/ISSSTE-Colima.jpg?resize=350%2C200&ssl=1 1x, https:\/\/i0.wp.com\/www.grieta.org.mx\/wp-content\/uploads\/2022\/02\/ISSSTE-Colima.jpg?resize=525%2C300&ssl=1 1.5x, https:\/\/i0.wp.com\/www.grieta.org.mx\/wp-content\/uploads\/2022\/02\/ISSSTE-Colima.jpg?resize=700%2C400&ssl=1 2x"},"classes":[]},{"id":51539,"url":"https:\/\/www.grieta.org.mx\/index.php\/2020\/07\/02\/derechohabientes-denuncian-falta-de-medicamentos-en-issste-colima\/","url_meta":{"origin":33357,"position":2},"title":"Derechohabientes denuncian falta de medicamentos en ISSSTE Colima","author":"grieta","date":"2 julio, 2020","format":false,"excerpt":"Imagen: El Noticiero Anil\u00fa Salazar Mej\u00eda \/ El Noticiero erechohabientes del Issste Colima denuncian p\u00fablicamente de que hay varios medicamentos que faltan como son la insulina y el losartan, utilizados en enfermedades como la diabetes y la presi\u00f3n arterial, por lo que piden soluci\u00f3n a este desabasto. Los afectados, quienes\u2026","rel":"","context":"En &quot;CINTILLO&quot;","block_context":{"text":"CINTILLO","link":"https:\/\/www.grieta.org.mx\/index.php\/category\/cintillo\/"},"img":{"alt_text":"","src":"https:\/\/i0.wp.com\/www.grieta.org.mx\/wp-content\/uploads\/2020\/07\/insulina-1024x644-1-e1593710814946.jpg?resize=350%2C200&ssl=1","width":350,"height":200,"srcset":"https:\/\/i0.wp.com\/www.grieta.org.mx\/wp-content\/uploads\/2020\/07\/insulina-1024x644-1-e1593710814946.jpg?resize=350%2C200&ssl=1 1x, https:\/\/i0.wp.com\/www.grieta.org.mx\/wp-content\/uploads\/2020\/07\/insulina-1024x644-1-e1593710814946.jpg?resize=525%2C300&ssl=1 1.5x, https:\/\/i0.wp.com\/www.grieta.org.mx\/wp-content\/uploads\/2020\/07\/insulina-1024x644-1-e1593710814946.jpg?resize=700%2C400&ssl=1 2x"},"classes":[]},{"id":51685,"url":"https:\/\/www.grieta.org.mx\/index.php\/2020\/07\/06\/issste-colima-con-desabasto-del-55-en-medicamentos-colima\/","url_meta":{"origin":33357,"position":3},"title":"ISSSTE Colima con desabasto del 55 % en medicamentos (Colima)","author":"grieta","date":"6 julio, 2020","format":false,"excerpt":"Foto: Ecos de la Costa Infoecos \/ Ecos de la Costa Derechohabientes del ISSSTE en Colima se quejan del desabasto de medicamentos que persiste en el sistema de salud hasta en un 55% en el cuadro b\u00e1sico, lo cual consideran como una afrenta grave por parte de las autoridades delegacionales\u2026","rel":"","context":"En &quot;CINTILLO&quot;","block_context":{"text":"CINTILLO","link":"https:\/\/www.grieta.org.mx\/index.php\/category\/cintillo\/"},"img":{"alt_text":"","src":"https:\/\/i0.wp.com\/www.grieta.org.mx\/wp-content\/uploads\/2020\/07\/p1f1.jpeg?resize=350%2C200&ssl=1","width":350,"height":200,"srcset":"https:\/\/i0.wp.com\/www.grieta.org.mx\/wp-content\/uploads\/2020\/07\/p1f1.jpeg?resize=350%2C200&ssl=1 1x, https:\/\/i0.wp.com\/www.grieta.org.mx\/wp-content\/uploads\/2020\/07\/p1f1.jpeg?resize=525%2C300&ssl=1 1.5x, https:\/\/i0.wp.com\/www.grieta.org.mx\/wp-content\/uploads\/2020\/07\/p1f1.jpeg?resize=700%2C400&ssl=1 2x"},"classes":[]},{"id":72112,"url":"https:\/\/www.grieta.org.mx\/index.php\/2025\/07\/30\/pacientes-con-cancer-denuncian-desabasto-de-anastrazol-en-el-hospital-issste-de-oaxaca\/","url_meta":{"origin":33357,"position":4},"title":"Pacientes con C\u00e1ncer denuncian desabasto de Anastrazol en el Hospital ISSSTE de Oaxaca","author":"grieta","date":"30 julio, 2025","format":false,"excerpt":"Imagen: Istmo Press Diana Manzo \/ Istmo Press Oaxaca, Oax.-Pacientes que viven con c\u00e1ncer denunciaron el desabasto de Anastrazol, en el Hospital del ISSSTE de Oaxaca desde hace varias semanas. Preocupadas, las pacientes de diversas edades informaron que este medicamento es muy necesario para el control de su tratamiento, y\u2026","rel":"","context":"En &quot;CINTILLO&quot;","block_context":{"text":"CINTILLO","link":"https:\/\/www.grieta.org.mx\/index.php\/category\/cintillo\/"},"img":{"alt_text":"","src":"https:\/\/i0.wp.com\/www.grieta.org.mx\/wp-content\/uploads\/2025\/08\/d9b10788-7b62-4ab9-9f81-18141a08b3c9-800x445-1.jpeg?resize=350%2C200&ssl=1","width":350,"height":200,"srcset":"https:\/\/i0.wp.com\/www.grieta.org.mx\/wp-content\/uploads\/2025\/08\/d9b10788-7b62-4ab9-9f81-18141a08b3c9-800x445-1.jpeg?resize=350%2C200&ssl=1 1x, https:\/\/i0.wp.com\/www.grieta.org.mx\/wp-content\/uploads\/2025\/08\/d9b10788-7b62-4ab9-9f81-18141a08b3c9-800x445-1.jpeg?resize=525%2C300&ssl=1 1.5x, https:\/\/i0.wp.com\/www.grieta.org.mx\/wp-content\/uploads\/2025\/08\/d9b10788-7b62-4ab9-9f81-18141a08b3c9-800x445-1.jpeg?resize=700%2C400&ssl=1 2x"},"classes":[]},{"id":33846,"url":"https:\/\/www.grieta.org.mx\/index.php\/2019\/05\/22\/24-estados-en-crisis-de-doctores-y-medicamentos-en-el-issste-entre-ellos-colima\/","url_meta":{"origin":33357,"position":5},"title":"24 estados en crisis de doctores y medicamentos en el ISSSTE; entre ellos Colima","author":"grieta","date":"22 mayo, 2019","format":false,"excerpt":"CN COLIMANOTICIAS, 22 de mayo de 2019 M\u00e9xico.- Las afectaciones por los recortes al presupuesto del sector salud, que incluyen falta de m\u00e9dicos y enfermeras, escasez de medicamentos, reducci\u00f3n de apoyos a pasantes e incluso la cancelaci\u00f3n de aire acondicionado, se han extendido ya a hospitales de 24 estados, entre\u2026","rel":"","context":"En &quot;Baja California Sur&quot;","block_context":{"text":"Baja California Sur","link":"https:\/\/www.grieta.org.mx\/index.php\/category\/noticias-nacionales\/baja-california-sur\/"},"img":{"alt_text":"","src":"https:\/\/i0.wp.com\/www.grieta.org.mx\/wp-content\/uploads\/2019\/05\/directColimaNoticias.jpg?resize=350%2C200&ssl=1","width":350,"height":200,"srcset":"https:\/\/i0.wp.com\/www.grieta.org.mx\/wp-content\/uploads\/2019\/05\/directColimaNoticias.jpg?resize=350%2C200&ssl=1 1x, https:\/\/i0.wp.com\/www.grieta.org.mx\/wp-content\/uploads\/2019\/05\/directColimaNoticias.jpg?resize=525%2C300&ssl=1 1.5x, https:\/\/i0.wp.com\/www.grieta.org.mx\/wp-content\/uploads\/2019\/05\/directColimaNoticias.jpg?resize=700%2C400&ssl=1 2x"},"classes":[]}],"_links":{"self":[{"href":"https:\/\/www.grieta.org.mx\/index.php\/wp-json\/wp\/v2\/posts\/33357","targetHints":{"allow":["GET"]}}],"collection":[{"href":"https:\/\/www.grieta.org.mx\/index.php\/wp-json\/wp\/v2\/posts"}],"about":[{"href":"https:\/\/www.grieta.org.mx\/index.php\/wp-json\/wp\/v2\/types\/post"}],"author":[{"embeddable":true,"href":"https:\/\/www.grieta.org.mx\/index.php\/wp-json\/wp\/v2\/users\/2"}],"replies":[{"embeddable":true,"href":"https:\/\/www.grieta.org.mx\/index.php\/wp-json\/wp\/v2\/comments?post=33357"}],"version-history":[{"count":1,"href":"https:\/\/www.grieta.org.mx\/index.php\/wp-json\/wp\/v2\/posts\/33357\/revisions"}],"predecessor-version":[{"id":33361,"href":"https:\/\/www.grieta.org.mx\/index.php\/wp-json\/wp\/v2\/posts\/33357\/revisions\/33361"}],"wp:featuredmedia":[{"embeddable":true,"href":"https:\/\/www.grieta.org.mx\/index.php\/wp-json\/wp\/v2\/media\/33358"}],"wp:attachment":[{"href":"https:\/\/www.grieta.org.mx\/index.php\/wp-json\/wp\/v2\/media?parent=33357"}],"wp:term":[{"taxonomy":"category","embeddable":true,"href":"https:\/\/www.grieta.org.mx\/index.php\/wp-json\/wp\/v2\/categories?post=33357"},{"taxonomy":"post_tag","embeddable":true,"href":"https:\/\/www.grieta.org.mx\/index.php\/wp-json\/wp\/v2\/tags?post=33357"}],"curies":[{"name":"wp","href":"https:\/\/api.w.org\/{rel}","templated":true}]}}