{"id":33297,"date":"2019-05-01T12:15:14","date_gmt":"2019-05-01T17:15:14","guid":{"rendered":"http:\/\/www.grieta.org.mx\/?p=33297"},"modified":"2019-05-10T12:30:25","modified_gmt":"2019-05-10T17:30:25","slug":"no-desciende-cifra-de-homicidios-en-zacatecas-ya-van-219","status":"publish","type":"post","link":"https:\/\/www.grieta.org.mx\/index.php\/2019\/05\/01\/no-desciende-cifra-de-homicidios-en-zacatecas-ya-van-219\/","title":{"rendered":"No desciende cifra de homicidios en Zacatecas; ya van 219"},"content":{"rendered":"<p><img loading=\"lazy\" decoding=\"async\" data-attachment-id=\"33298\" data-permalink=\"https:\/\/www.grieta.org.mx\/index.php\/2019\/05\/01\/no-desciende-cifra-de-homicidios-en-zacatecas-ya-van-219\/z1-7\/\" data-orig-file=\"https:\/\/www.grieta.org.mx\/wp-content\/uploads\/2019\/05\/z1-1.jpg\" data-orig-size=\"768,479\" data-comments-opened=\"0\" data-image-meta=\"{&quot;aperture&quot;:&quot;0&quot;,&quot;credit&quot;:&quot;&quot;,&quot;camera&quot;:&quot;&quot;,&quot;caption&quot;:&quot;&quot;,&quot;created_timestamp&quot;:&quot;0&quot;,&quot;copyright&quot;:&quot;&quot;,&quot;focal_length&quot;:&quot;0&quot;,&quot;iso&quot;:&quot;0&quot;,&quot;shutter_speed&quot;:&quot;0&quot;,&quot;title&quot;:&quot;&quot;,&quot;orientation&quot;:&quot;0&quot;}\" data-image-title=\"z1\" data-image-description=\"\" data-image-caption=\"\" data-medium-file=\"https:\/\/www.grieta.org.mx\/wp-content\/uploads\/2019\/05\/z1-1-300x187.jpg\" data-large-file=\"https:\/\/www.grieta.org.mx\/wp-content\/uploads\/2019\/05\/z1-1.jpg\" src=\"http:\/\/www.grieta.org.mx\/wp-content\/uploads\/2019\/05\/z1-1.jpg\" alt=\"\" width=\"768\" height=\"479\" class=\"alignleft size-full wp-image-33298\" srcset=\"https:\/\/www.grieta.org.mx\/wp-content\/uploads\/2019\/05\/z1-1.jpg 768w, https:\/\/www.grieta.org.mx\/wp-content\/uploads\/2019\/05\/z1-1-300x187.jpg 300w\" sizes=\"auto, (max-width: 768px) 100vw, 768px\" \/><br \/>\nAlfredo D\u00edaz\/El Sol de zacatecas<\/p>\n<p>Zacatecas, Zac.- De enero a abril de 2019, suman ya 219 homicidios dolosos en el estado de Zacatecas, misma cifra que se obtuvo en dicho per\u00edodo en 2018, lo que revela que este delito no ha bajado, y la tendencia que indica que en promedio son ejecutadas dos personas por d\u00eda.<\/p>\n<p>Abril de este a\u00f1o cerr\u00f3 con 50 personas asesinadas: 45 hombres y cinco mujeres, seg\u00fan cifras estad\u00edsticas de la Fiscal\u00eda General de Justicia del Estado (FGJE), con corte hasta la tarde del 30 de abril; enero y febrero cerraron respectivamente con 50 homicidios, mientras que marzo concluy\u00f3 con 68.<\/p>\n<p>Es decir, sumando el n\u00famero de homicidios de este cuatrimestre, se obtiene que ya se han registrado 219 asesinatos, igual que en 2018 en el mismo per\u00edodo, e incluso, curiosamente, cada mes este a\u00f1o ha arrojado una cifra promedio, similar a su respectivo mes del a\u00f1o pasado.<\/p>\n<p>No obstante, el hecho de que se tenga la misma cifra de homicidios en este cuatrimestre, significa que la tendencia en este delito, en comparaci\u00f3n anual, no ha bajado, sino que permanece, teniendo un promedio de dos personas privadas de la vida diariamente.<\/p>\n<p>Pero, si se compara por otro lado la cifra de homicidios que se registr\u00f3 en marzo y abril, ambos de este 2019, se deduce que, en un contraste mensual, este il\u00edcito disminuy\u00f3 en un 26 por ciento.<\/p>\n<p>Ahora bien, si se colocan los 219 homicidios contabilizados ya en este 2019, junto al total de ejecuciones que sumaron en todo 2018, que fueron 763, esto arroja que el a\u00f1o en curso ya alcanz\u00f3 el 29 por ciento del total antes referido del a\u00f1o pasado, el cual incluso, reemplaz\u00f3 al 2017 como el a\u00f1o m\u00e1s violento para Zacatecas.<\/p>\n<p>En conclusi\u00f3n, seg\u00fan datos de la FGJE y de la Secretar\u00eda de Seguridad P\u00fablica (SSP), entre el 85 y 90 por ciento de las ejecuciones est\u00e1n relacionadas con la delincuencia organizada.<\/p>\n<p><strong>Casos extraordinarios<\/strong><br \/>\nCabe recordar que durante el pasado abril, fueron asesinados en un mismo d\u00eda, el hijo del secretario del Ayuntamiento de la Capital, Juan Manuel Rodr\u00edguez, y la estudiante de la Unidad Acad\u00e9mica de Derecho de la Benem\u00e9rita Universidad Aut\u00f3noma de Zacatecas (BUAZ), Anayeli Nohem\u00ed de 22 a\u00f1os de edad.<\/p>\n<p>Por si fuese poco, m\u00e1s tarde, ese mismo d\u00eda falleci\u00f3 Marcos Garc\u00eda tambi\u00e9n en las instalaciones de dicha unidad de la BUAZ, al parecer debido al actuar policial de los efectivos investigadores de la FGJE, que realizaban las diligencias correspondientes del asesinato de la joven estudiante.<\/p>\n<p>Asimismo, en el lapso de una semana, en tres hechos distintos, seis personas fueron ejecutadas y cuatro heridas con armas de fuego en la capital.<\/p>\n<p><a href=\"https:\/\/www.elsoldezacatecas.com.mx\/local\/no-desciende-cifra-de-homicidios-en-zacatecas-ya-van-219-en-lo-que-va-del-ano-3445720.html\" rel=\"noopener noreferrer\" target=\"_blank\">https:\/\/www.elsoldezacatecas.com.mx\/local\/no-desciende-cifra-de-homicidios-en-zacatecas-ya-van-219-en-lo-que-va-del-ano-3445720.html<\/a><\/p>\n","protected":false},"excerpt":{"rendered":"<p>Alfredo D\u00edaz\/El Sol de zacatecas Zacatecas, Zac.- De enero a abril de 2019, suman ya 219 homicidios dolosos en el estado de Zacatecas, misma cifra que se obtuvo en dicho &hellip; <a href=\"https:\/\/www.grieta.org.mx\/index.php\/2019\/05\/01\/no-desciende-cifra-de-homicidios-en-zacatecas-ya-van-219\/\" class=\"more-link\">Leer m\u00e1s<\/a><\/p>\n","protected":false},"author":2,"featured_media":33298,"comment_status":"closed","ping_status":"closed","sticky":false,"template":"","format":"standard","meta":{"ngg_post_thumbnail":0,"_jetpack_newsletter_access":"","_jetpack_dont_email_post_to_subs":false,"_jetpack_newsletter_tier_id":0,"_jetpack_memberships_contains_paywalled_content":false,"_jetpack_memberships_contains_paid_content":false,"footnotes":""},"categories":[80,1561,2,76],"tags":[860,1133],"class_list":["post-33297","post","type-post","status-publish","format-standard","has-post-thumbnail","hentry","category-cintillo","category-incremento-de-la-violencia-en-zacatecas","category-noticias-nacionales","category-zacatecas","tag-homicidios-dolosos","tag-incremento-en-la-violencia","entry"],"jetpack_featured_media_url":"https:\/\/www.grieta.org.mx\/wp-content\/uploads\/2019\/05\/z1-1.jpg","jetpack_sharing_enabled":true,"jetpack_shortlink":"https:\/\/wp.me\/p7ZJR4-8F3","jetpack_likes_enabled":false,"jetpack-related-posts":[{"id":25258,"url":"https:\/\/www.grieta.org.mx\/index.php\/2018\/08\/01\/julio-el-mes-mas-violento-en-zacatecas\/","url_meta":{"origin":33297,"position":0},"title":"Julio, el mes m\u00e1s violento en Zacatecas","author":"grieta","date":"1 agosto, 2018","format":false,"excerpt":"Alfredo D\u00edaz\/El Sol de Zacatecas Zacatecas, Zac.- Julio cerr\u00f3 como el mes m\u00e1s violento del a\u00f1o hasta el momento, pues se contabilizaron 76 homicidios dolosos, es decir, 10 m\u00e1s que el mismo mes en 2017, significando por tanto un aumento del 15 por ciento en este delito de alto impacto.\u2026","rel":"","context":"En &quot;CINTILLO&quot;","block_context":{"text":"CINTILLO","link":"https:\/\/www.grieta.org.mx\/index.php\/category\/cintillo\/"},"img":{"alt_text":"","src":"https:\/\/i0.wp.com\/www.grieta.org.mx\/wp-content\/uploads\/2018\/08\/policia201808011.jpg?resize=350%2C200&ssl=1","width":350,"height":200,"srcset":"https:\/\/i0.wp.com\/www.grieta.org.mx\/wp-content\/uploads\/2018\/08\/policia201808011.jpg?resize=350%2C200&ssl=1 1x, https:\/\/i0.wp.com\/www.grieta.org.mx\/wp-content\/uploads\/2018\/08\/policia201808011.jpg?resize=525%2C300&ssl=1 1.5x, https:\/\/i0.wp.com\/www.grieta.org.mx\/wp-content\/uploads\/2018\/08\/policia201808011.jpg?resize=700%2C400&ssl=1 2x"},"classes":[]},{"id":60176,"url":"https:\/\/www.grieta.org.mx\/index.php\/2021\/06\/22\/colima-entre-los-primeros-lugares-en-asesinatos-y-extorsiones-en-el-pais\/","url_meta":{"origin":33297,"position":1},"title":"Colima, entre los primeros lugares en asesinatos y extorsiones en el pa\u00eds","author":"grieta","date":"22 junio, 2021","format":false,"excerpt":"Foto: Diario Avanzada Redacci\u00f3n \/ Diario Avanzada Colima, M\u00e9xico, Avanzada (22\/06\/2021).- Con 238 v\u00edctimas en los primeros cinco meses del presente a\u00f1o, el estado de Colima se mantiene en los primeros lugares de la incidencia de asesinatos en el pa\u00eds, de acuerdo con las cifras del Secretariado Ejecutivo del Sistema\u2026","rel":"","context":"En &quot;CINTILLO&quot;","block_context":{"text":"CINTILLO","link":"https:\/\/www.grieta.org.mx\/index.php\/category\/cintillo\/"},"img":{"alt_text":"","src":"https:\/\/i0.wp.com\/www.grieta.org.mx\/wp-content\/uploads\/2021\/06\/Seguridad.png?resize=350%2C200&ssl=1","width":350,"height":200,"srcset":"https:\/\/i0.wp.com\/www.grieta.org.mx\/wp-content\/uploads\/2021\/06\/Seguridad.png?resize=350%2C200&ssl=1 1x, https:\/\/i0.wp.com\/www.grieta.org.mx\/wp-content\/uploads\/2021\/06\/Seguridad.png?resize=525%2C300&ssl=1 1.5x"},"classes":[]},{"id":53590,"url":"https:\/\/www.grieta.org.mx\/index.php\/2020\/09\/18\/colima-es-el-estado-mas-impune-del-pais-no-resolvio-ningun-homicidio-de-enero-a-junio\/","url_meta":{"origin":33297,"position":2},"title":"Colima es el estado m\u00e1s impune del pa\u00eds; no resolvi\u00f3 ning\u00fan homicidio de enero a junio","author":"grieta","date":"18 septiembre, 2020","format":false,"excerpt":"Foto: Diario Avanzada Heidi de Le\u00f3n Guti\u00e9rrez \/ Diario Avanzada Colima, M\u00e9xico, Avanzada (18\/09\/2020).- Colima es una de las entidades con la tasa m\u00e1s alta de homicidios dolosos por cada 100 mil habitantes y con una impunidad del 100 por ciento. Lo anterior se desprende de la investigaci\u00f3n que realiz\u00f3\u2026","rel":"","context":"En &quot;CINTILLO&quot;","block_context":{"text":"CINTILLO","link":"https:\/\/www.grieta.org.mx\/index.php\/category\/cintillo\/"},"img":{"alt_text":"","src":"https:\/\/i0.wp.com\/www.grieta.org.mx\/wp-content\/uploads\/2018\/03\/14524434_1106112876131411_958039263622046936_o.jpg?resize=350%2C200&ssl=1","width":350,"height":200,"srcset":"https:\/\/i0.wp.com\/www.grieta.org.mx\/wp-content\/uploads\/2018\/03\/14524434_1106112876131411_958039263622046936_o.jpg?resize=350%2C200&ssl=1 1x, https:\/\/i0.wp.com\/www.grieta.org.mx\/wp-content\/uploads\/2018\/03\/14524434_1106112876131411_958039263622046936_o.jpg?resize=525%2C300&ssl=1 1.5x, https:\/\/i0.wp.com\/www.grieta.org.mx\/wp-content\/uploads\/2018\/03\/14524434_1106112876131411_958039263622046936_o.jpg?resize=700%2C400&ssl=1 2x"},"classes":[]},{"id":25273,"url":"https:\/\/www.grieta.org.mx\/index.php\/2018\/08\/02\/incrementan-homicidios-de-ninos-y-jovenes\/","url_meta":{"origin":33297,"position":3},"title":"Incrementan homicidios de ni\u00f1os y j\u00f3venes","author":"grieta","date":"2 agosto, 2018","format":false,"excerpt":"Franzely Reyna\/NTR Zacatecas Zacatecas.- En la \u00faltima d\u00e9cada, 460 menores de 19 a\u00f1os fueron v\u00edctimas de homicidio en Zacatecas y, en promedio, nueve de cada 10 eran adolescentes de entre 15 y 19 a\u00f1os. Las muertes violentas afectan mucho m\u00e1s a este sector de la poblaci\u00f3n, pues representan m\u00e1s de\u2026","rel":"","context":"En &quot;CINTILLO&quot;","block_context":{"text":"CINTILLO","link":"https:\/\/www.grieta.org.mx\/index.php\/category\/cintillo\/"},"img":{"alt_text":"","src":"https:\/\/i0.wp.com\/www.grieta.org.mx\/wp-content\/uploads\/2018\/08\/whatsapp-image-2018-08-02-at-14.27.37.jpeg?resize=350%2C200&ssl=1","width":350,"height":200,"srcset":"https:\/\/i0.wp.com\/www.grieta.org.mx\/wp-content\/uploads\/2018\/08\/whatsapp-image-2018-08-02-at-14.27.37.jpeg?resize=350%2C200&ssl=1 1x, https:\/\/i0.wp.com\/www.grieta.org.mx\/wp-content\/uploads\/2018\/08\/whatsapp-image-2018-08-02-at-14.27.37.jpeg?resize=525%2C300&ssl=1 1.5x, https:\/\/i0.wp.com\/www.grieta.org.mx\/wp-content\/uploads\/2018\/08\/whatsapp-image-2018-08-02-at-14.27.37.jpeg?resize=700%2C400&ssl=1 2x"},"classes":[]},{"id":64941,"url":"https:\/\/www.grieta.org.mx\/index.php\/2022\/08\/22\/en-7-meses-de-2022-colima-igualo-los-524-homicidios-de-todo-el-ano-pasado-colima\/","url_meta":{"origin":33297,"position":4},"title":"En 7 meses de 2022, Colima igual\u00f3 los 524 homicidios de todo el a\u00f1o pasado (Colima)","author":"grieta","date":"22 agosto, 2022","format":false,"excerpt":"Imagen: Diario Avanzada Redacci\u00f3n \/ Diario Avanzada Colima, M\u00e9xico, Avanzada (22\/08\/2022).- En el marco de la guerra del C\u00e1rtel Independiente de Colima (CIC), encabezado por Jos\u00e9 Bernab\u00e9 Brizuela Meraz \u201cLa Vaca\u201d, contra el C\u00e1rtel Jalisco Nueva Generaci\u00f3n (CJNG), durante los primeros siete meses del presente a\u00f1o se cometi\u00f3 en la\u2026","rel":"","context":"En &quot;CINTILLO&quot;","block_context":{"text":"CINTILLO","link":"https:\/\/www.grieta.org.mx\/index.php\/category\/cintillo\/"},"img":{"alt_text":"","src":"https:\/\/i0.wp.com\/www.grieta.org.mx\/wp-content\/uploads\/2022\/08\/image-218.png?resize=350%2C200&ssl=1","width":350,"height":200,"srcset":"https:\/\/i0.wp.com\/www.grieta.org.mx\/wp-content\/uploads\/2022\/08\/image-218.png?resize=350%2C200&ssl=1 1x, https:\/\/i0.wp.com\/www.grieta.org.mx\/wp-content\/uploads\/2022\/08\/image-218.png?resize=525%2C300&ssl=1 1.5x"},"classes":[]},{"id":62421,"url":"https:\/\/www.grieta.org.mx\/index.php\/2021\/09\/23\/familias-zacatecanas-huyen-por-la-violencia-hacia-la-frontera-buscan-asilo-en-eu-zacatecas\/","url_meta":{"origin":33297,"position":5},"title":"Familias zacatecanas huyen por la violencia hacia la frontera. Buscan asilo en EU (Zacatecas)","author":"grieta","date":"23 septiembre, 2021","format":false,"excerpt":"La disputa que sostienen las organizaciones del crimen organizado en Zacatecas ha llevado a que los habitantes de algunas comunidades dejen atr\u00e1s sus hogares y se desplacen a comunidades aleda\u00f1as, en algunos casos, o que salgan de la entidad rumbo a Estados Unidos, donde han pedido asilo. Por Redacci\u00f3n\/SinEmbargo ,\u2026","rel":"","context":"En &quot;CINTILLO&quot;","block_context":{"text":"CINTILLO","link":"https:\/\/www.grieta.org.mx\/index.php\/category\/cintillo\/"},"img":{"alt_text":"","src":"https:\/\/i0.wp.com\/www.grieta.org.mx\/wp-content\/uploads\/2021\/10\/Captura-de-pantalla-2021-10-17-a-las-20.11.29.png?resize=350%2C200&ssl=1","width":350,"height":200,"srcset":"https:\/\/i0.wp.com\/www.grieta.org.mx\/wp-content\/uploads\/2021\/10\/Captura-de-pantalla-2021-10-17-a-las-20.11.29.png?resize=350%2C200&ssl=1 1x, https:\/\/i0.wp.com\/www.grieta.org.mx\/wp-content\/uploads\/2021\/10\/Captura-de-pantalla-2021-10-17-a-las-20.11.29.png?resize=525%2C300&ssl=1 1.5x, https:\/\/i0.wp.com\/www.grieta.org.mx\/wp-content\/uploads\/2021\/10\/Captura-de-pantalla-2021-10-17-a-las-20.11.29.png?resize=700%2C400&ssl=1 2x, https:\/\/i0.wp.com\/www.grieta.org.mx\/wp-content\/uploads\/2021\/10\/Captura-de-pantalla-2021-10-17-a-las-20.11.29.png?resize=1050%2C600&ssl=1 3x, https:\/\/i0.wp.com\/www.grieta.org.mx\/wp-content\/uploads\/2021\/10\/Captura-de-pantalla-2021-10-17-a-las-20.11.29.png?resize=1400%2C800&ssl=1 4x"},"classes":[]}],"_links":{"self":[{"href":"https:\/\/www.grieta.org.mx\/index.php\/wp-json\/wp\/v2\/posts\/33297","targetHints":{"allow":["GET"]}}],"collection":[{"href":"https:\/\/www.grieta.org.mx\/index.php\/wp-json\/wp\/v2\/posts"}],"about":[{"href":"https:\/\/www.grieta.org.mx\/index.php\/wp-json\/wp\/v2\/types\/post"}],"author":[{"embeddable":true,"href":"https:\/\/www.grieta.org.mx\/index.php\/wp-json\/wp\/v2\/users\/2"}],"replies":[{"embeddable":true,"href":"https:\/\/www.grieta.org.mx\/index.php\/wp-json\/wp\/v2\/comments?post=33297"}],"version-history":[{"count":1,"href":"https:\/\/www.grieta.org.mx\/index.php\/wp-json\/wp\/v2\/posts\/33297\/revisions"}],"predecessor-version":[{"id":33299,"href":"https:\/\/www.grieta.org.mx\/index.php\/wp-json\/wp\/v2\/posts\/33297\/revisions\/33299"}],"wp:featuredmedia":[{"embeddable":true,"href":"https:\/\/www.grieta.org.mx\/index.php\/wp-json\/wp\/v2\/media\/33298"}],"wp:attachment":[{"href":"https:\/\/www.grieta.org.mx\/index.php\/wp-json\/wp\/v2\/media?parent=33297"}],"wp:term":[{"taxonomy":"category","embeddable":true,"href":"https:\/\/www.grieta.org.mx\/index.php\/wp-json\/wp\/v2\/categories?post=33297"},{"taxonomy":"post_tag","embeddable":true,"href":"https:\/\/www.grieta.org.mx\/index.php\/wp-json\/wp\/v2\/tags?post=33297"}],"curies":[{"name":"wp","href":"https:\/\/api.w.org\/{rel}","templated":true}]}}