{"id":33219,"date":"2019-04-17T01:15:18","date_gmt":"2019-04-17T06:15:18","guid":{"rendered":"http:\/\/www.grieta.org.mx\/?p=33219"},"modified":"2019-05-09T01:19:36","modified_gmt":"2019-05-09T06:19:36","slug":"multitudinaria-negativa-a-la-mineria-toxica-y-a-las-represas-en-veracruz","status":"publish","type":"post","link":"https:\/\/www.grieta.org.mx\/index.php\/2019\/04\/17\/multitudinaria-negativa-a-la-mineria-toxica-y-a-las-represas-en-veracruz\/","title":{"rendered":"Multitudinaria negativa a la miner\u00eda t\u00f3xica y a las represas en Veracruz"},"content":{"rendered":"<p><img loading=\"lazy\" decoding=\"async\" data-attachment-id=\"33221\" data-permalink=\"https:\/\/www.grieta.org.mx\/index.php\/2019\/04\/17\/multitudinaria-negativa-a-la-mineria-toxica-y-a-las-represas-en-veracruz\/direct-95\/\" data-orig-file=\"https:\/\/www.grieta.org.mx\/wp-content\/uploads\/2019\/05\/direct-12.jpg\" data-orig-size=\"704,470\" data-comments-opened=\"0\" data-image-meta=\"{&quot;aperture&quot;:&quot;0&quot;,&quot;credit&quot;:&quot;&quot;,&quot;camera&quot;:&quot;&quot;,&quot;caption&quot;:&quot;&quot;,&quot;created_timestamp&quot;:&quot;0&quot;,&quot;copyright&quot;:&quot;&quot;,&quot;focal_length&quot;:&quot;0&quot;,&quot;iso&quot;:&quot;0&quot;,&quot;shutter_speed&quot;:&quot;0&quot;,&quot;title&quot;:&quot;&quot;,&quot;orientation&quot;:&quot;0&quot;}\" data-image-title=\"direct\" data-image-description=\"\" data-image-caption=\"\" data-medium-file=\"https:\/\/www.grieta.org.mx\/wp-content\/uploads\/2019\/05\/direct-12-300x200.jpg\" data-large-file=\"https:\/\/www.grieta.org.mx\/wp-content\/uploads\/2019\/05\/direct-12.jpg\" src=\"http:\/\/www.grieta.org.mx\/wp-content\/uploads\/2019\/05\/direct-12.jpg\" alt=\"\" width=\"704\" height=\"470\" class=\"alignleft size-full wp-image-33221\" srcset=\"https:\/\/www.grieta.org.mx\/wp-content\/uploads\/2019\/05\/direct-12.jpg 704w, https:\/\/www.grieta.org.mx\/wp-content\/uploads\/2019\/05\/direct-12-300x200.jpg 300w\" sizes=\"auto, (max-width: 704px) 100vw, 704px\" \/><\/p>\n<p>Redacci\u00f3n \/ Palabras Claras<\/p>\n<p>Todo un \u00e9xito result\u00f3 el evento organizado por LAVIDA y otras organizaciones, que reuni\u00f3 ayer en Palma Sola, Ver., a cerca de mil 500 personas de localidades cercanas y diferentes puntos del pa\u00eds, que exigen la cancelaci\u00f3n de minas t\u00f3xicas y presas en r\u00edos en territorio nacional, y que adem\u00e1s se\u00f1alan que no hay nada que celebrar con los 500 a\u00f1os que insisten en conmemorar en este mes de abril autoridades mexicanas y espa\u00f1olas.<\/p>\n<p>Una verdadera confraternidad se manifest\u00f3 en las marchas, en la grandiosa manifestaci\u00f3n en el edificio de la Ganadera, y en la comida y convivencia en las todav\u00eda limpias playas de Alto Lucero.<\/p>\n<p>Los asistentes constataron los liderazgos fuertes de Ascensi\u00f3n y Miguel. Decenas de j\u00f3venes organizando y colocando mantas, otros registraban a los participantes, mientras ni\u00f1os y ni\u00f1as bailaban danzas folkl\u00f3ricas. La negritud de nuestros pueblos y su asombro para entender que no hay nada que celebrar en estos 500 a\u00f1os de despojo, lo que recordaron melodiosamente y con voz fuerte, Pedro y Pablo Moctezuma y el m\u00edtico Gabino Palomares con su guitarra.<\/p>\n<p><img loading=\"lazy\" decoding=\"async\" data-attachment-id=\"33222\" data-permalink=\"https:\/\/www.grieta.org.mx\/index.php\/2019\/04\/17\/multitudinaria-negativa-a-la-mineria-toxica-y-a-las-represas-en-veracruz\/direct-96\/\" data-orig-file=\"https:\/\/www.grieta.org.mx\/wp-content\/uploads\/2019\/05\/direct-13.jpg\" data-orig-size=\"704,470\" data-comments-opened=\"0\" data-image-meta=\"{&quot;aperture&quot;:&quot;0&quot;,&quot;credit&quot;:&quot;&quot;,&quot;camera&quot;:&quot;&quot;,&quot;caption&quot;:&quot;&quot;,&quot;created_timestamp&quot;:&quot;0&quot;,&quot;copyright&quot;:&quot;&quot;,&quot;focal_length&quot;:&quot;0&quot;,&quot;iso&quot;:&quot;0&quot;,&quot;shutter_speed&quot;:&quot;0&quot;,&quot;title&quot;:&quot;&quot;,&quot;orientation&quot;:&quot;0&quot;}\" data-image-title=\"direct\" data-image-description=\"\" data-image-caption=\"\" data-medium-file=\"https:\/\/www.grieta.org.mx\/wp-content\/uploads\/2019\/05\/direct-13-300x200.jpg\" data-large-file=\"https:\/\/www.grieta.org.mx\/wp-content\/uploads\/2019\/05\/direct-13.jpg\" src=\"http:\/\/www.grieta.org.mx\/wp-content\/uploads\/2019\/05\/direct-13.jpg\" alt=\"\" width=\"704\" height=\"470\" class=\"alignleft size-full wp-image-33222\" srcset=\"https:\/\/www.grieta.org.mx\/wp-content\/uploads\/2019\/05\/direct-13.jpg 704w, https:\/\/www.grieta.org.mx\/wp-content\/uploads\/2019\/05\/direct-13-300x200.jpg 300w\" sizes=\"auto, (max-width: 704px) 100vw, 704px\" \/><\/p>\n<p>Los j\u00f3venes activistas tomaban videos a la lucha libre del Ecologista Milenario, de 60 a\u00f1os, contra el Monstruo de la Laguna Verde y El Huachicolero. Porque la cultura tambi\u00e9n es territorio, la festividad contagiosa mostr\u00f3 que la r-existencia es sabia, alegre y determinante para defender todo el territorio.<\/p>\n<p>La multitud tom\u00f3 acuerdos: la defensa y la r-existencia, continuar armando los amparos, las estrategias jur\u00eddicas asesorados por CEMDA y la movilizaci\u00f3n pol\u00edtica de solidaridad con la Sierra Norte de Puebla, y con total decisi\u00f3n frente a las represas en la cuenca del R\u00edo Filo-bobos en Nautla.<\/p>\n<p>Primordialmente, exigir al gobierno de L\u00f3pez Obrador que haya coherencia y justicia social y que cancele en definitiva la miner\u00eda t\u00f3xica y las concesiones en Alto Lucero, Actopan, Yecuatla, Juchique y dem\u00e1s municipios veracruzanos.<\/p>\n<p>Al finalizar la reuni\u00f3n de trabajo-encuentro art\u00edstico cultural, la gente camin\u00f3 a la playa para compartir los alimentos en comuni\u00f3n con el mar.<\/p>\n<p><img loading=\"lazy\" decoding=\"async\" data-attachment-id=\"33223\" data-permalink=\"https:\/\/www.grieta.org.mx\/index.php\/2019\/04\/17\/multitudinaria-negativa-a-la-mineria-toxica-y-a-las-represas-en-veracruz\/direct-97\/\" data-orig-file=\"https:\/\/www.grieta.org.mx\/wp-content\/uploads\/2019\/05\/direct-14.jpg\" data-orig-size=\"704,470\" data-comments-opened=\"0\" data-image-meta=\"{&quot;aperture&quot;:&quot;0&quot;,&quot;credit&quot;:&quot;&quot;,&quot;camera&quot;:&quot;&quot;,&quot;caption&quot;:&quot;&quot;,&quot;created_timestamp&quot;:&quot;0&quot;,&quot;copyright&quot;:&quot;&quot;,&quot;focal_length&quot;:&quot;0&quot;,&quot;iso&quot;:&quot;0&quot;,&quot;shutter_speed&quot;:&quot;0&quot;,&quot;title&quot;:&quot;&quot;,&quot;orientation&quot;:&quot;0&quot;}\" data-image-title=\"direct\" data-image-description=\"\" data-image-caption=\"\" data-medium-file=\"https:\/\/www.grieta.org.mx\/wp-content\/uploads\/2019\/05\/direct-14-300x200.jpg\" data-large-file=\"https:\/\/www.grieta.org.mx\/wp-content\/uploads\/2019\/05\/direct-14.jpg\" src=\"http:\/\/www.grieta.org.mx\/wp-content\/uploads\/2019\/05\/direct-14.jpg\" alt=\"\" width=\"704\" height=\"470\" class=\"alignleft size-full wp-image-33223\" srcset=\"https:\/\/www.grieta.org.mx\/wp-content\/uploads\/2019\/05\/direct-14.jpg 704w, https:\/\/www.grieta.org.mx\/wp-content\/uploads\/2019\/05\/direct-14-300x200.jpg 300w\" sizes=\"auto, (max-width: 704px) 100vw, 704px\" \/><\/p>\n<p>Alto lucero, Actopan Emiliano Zapata, Soledad de Doblado, \u00darsulo Galv\u00e1n, Yecuatla, Soledad de Doblado, San Rafael y Nautla, se mezclaron con grupos llegados desde Torre\u00f3n, Oaxaca, Ciudad de M\u00e9xico y la presencia notable de las compa\u00f1eras de Ixtacamaxtitl\u00e1n, Puebla, que est\u00e1n resistiendo admirablemente ante la poderosa Almaden Minerals, junto a la Alianza de Comunidades en defensa de los r\u00edos Bobos, Nautla, Tecolutla y La Antigua.<\/p>\n<p>Los reunidos pronunciaron a viva voz un rotundo rechazo a la miner\u00eda t\u00f3xica y a la construcci\u00f3n de represas en Veracruz.<\/p>\n<p><a href=\"https:\/\/palabrasclaras.mx\/destacadas\/multitudinaria-negativa-a-la-mineria-toxica-y-a-las-represas-en-veracruz\/\">https:\/\/palabrasclaras.mx\/destacadas\/multitudinaria-negativa-a-la-mineria-toxica-y-a-las-represas-en-veracruz\/<\/a><\/p>\n","protected":false},"excerpt":{"rendered":"<p>Redacci\u00f3n \/ Palabras Claras Todo un \u00e9xito result\u00f3 el evento organizado por LAVIDA y otras organizaciones, que reuni\u00f3 ayer en Palma Sola, Ver., a cerca de mil 500 personas de &hellip; <a href=\"https:\/\/www.grieta.org.mx\/index.php\/2019\/04\/17\/multitudinaria-negativa-a-la-mineria-toxica-y-a-las-represas-en-veracruz\/\" class=\"more-link\">Leer m\u00e1s<\/a><\/p>\n","protected":false},"author":2,"featured_media":33221,"comment_status":"closed","ping_status":"closed","sticky":false,"template":"","format":"standard","meta":{"ngg_post_thumbnail":0,"_jetpack_newsletter_access":"","_jetpack_dont_email_post_to_subs":false,"_jetpack_newsletter_tier_id":0,"_jetpack_memberships_contains_paywalled_content":false,"_jetpack_memberships_contains_paid_content":false,"footnotes":""},"categories":[80,1923,2,1431,35],"tags":[2216,394,273],"class_list":["post-33219","post","type-post","status-publish","format-standard","has-post-thumbnail","hentry","category-cintillo","category-fracking-en-veracruz","category-noticias-nacionales","category-oposicion-a-mineria-en-veracruz","category-veracruz","tag-conflictos-por-mineria","tag-contaminacion-por-mineria","tag-fracking","entry"],"jetpack_featured_media_url":"https:\/\/www.grieta.org.mx\/wp-content\/uploads\/2019\/05\/direct-12.jpg","jetpack_sharing_enabled":true,"jetpack_shortlink":"https:\/\/wp.me\/p7ZJR4-8DN","jetpack_likes_enabled":false,"jetpack-related-posts":[{"id":42948,"url":"https:\/\/www.grieta.org.mx\/index.php\/2019\/11\/18\/urgen-acabar-con-la-mineria-toxica-y-el-fracking-en-veracruz\/","url_meta":{"origin":33219,"position":0},"title":"Urgen acabar con la miner\u00eda t\u00f3xica y el fracking en Veracruz","author":"grieta","date":"18 noviembre, 2019","format":false,"excerpt":"Regina Montes \/ El Dem\u00f3crata Xalapa. El integrante de la Coordinadora Nacional Agua para Todos, Agua para la Vida, Gerardo Alatorre Frenck, asever\u00f3 que son necesarias acciones m\u00e1s contundentes por parte de la administraci\u00f3n que encabeza Cuitl\u00e1huac Garc\u00eda Jim\u00e9nez, para declarar a Veracruz libre de fractura hidr\u00e1ulica, miner\u00eda a cielo\u2026","rel":"","context":"En &quot;Fracking en Veracruz&quot;","block_context":{"text":"Fracking en Veracruz","link":"https:\/\/www.grieta.org.mx\/index.php\/category\/noticias-nacionales\/veracruz\/fracking-en-veracruz\/"},"img":{"alt_text":"","src":"https:\/\/i0.wp.com\/www.grieta.org.mx\/wp-content\/uploads\/2020\/01\/IMG-20191117-WA0039-780x470.jpg?resize=350%2C200&ssl=1","width":350,"height":200,"srcset":"https:\/\/i0.wp.com\/www.grieta.org.mx\/wp-content\/uploads\/2020\/01\/IMG-20191117-WA0039-780x470.jpg?resize=350%2C200&ssl=1 1x, https:\/\/i0.wp.com\/www.grieta.org.mx\/wp-content\/uploads\/2020\/01\/IMG-20191117-WA0039-780x470.jpg?resize=525%2C300&ssl=1 1.5x, https:\/\/i0.wp.com\/www.grieta.org.mx\/wp-content\/uploads\/2020\/01\/IMG-20191117-WA0039-780x470.jpg?resize=700%2C400&ssl=1 2x"},"classes":[]},{"id":43705,"url":"https:\/\/www.grieta.org.mx\/index.php\/2020\/01\/26\/pueblos-originarios-se-pronuncian-en-contra-de-fracking-veracruz-san-luis-potosi\/","url_meta":{"origin":33219,"position":1},"title":"Pueblos originarios se pronuncian en contra de fracking (Veracruz, San Luis Potos\u00ed)","author":"grieta","date":"26 enero, 2020","format":false,"excerpt":"Redacci\u00f3n \/ Expr\u00e9s Representantes de 20 municipios, se reunioneron en la Huastca para entregar una iniciativa que prohiba esta pr\u00e1ctica. Comunidades ind\u00edgenas, urbanas y rurales, se congregaron en la Huasteca potosina para hacer un pronunciamiento conjunto en contra del fracking, por lo que adem\u00e1s entregaron una iniciativa de reforma para\u2026","rel":"","context":"En &quot;CINTILLO&quot;","block_context":{"text":"CINTILLO","link":"https:\/\/www.grieta.org.mx\/index.php\/category\/cintillo\/"},"img":{"alt_text":"","src":"https:\/\/i0.wp.com\/www.grieta.org.mx\/wp-content\/uploads\/2020\/01\/6814cdfracking.jpg?resize=350%2C200&ssl=1","width":350,"height":200,"srcset":"https:\/\/i0.wp.com\/www.grieta.org.mx\/wp-content\/uploads\/2020\/01\/6814cdfracking.jpg?resize=350%2C200&ssl=1 1x, https:\/\/i0.wp.com\/www.grieta.org.mx\/wp-content\/uploads\/2020\/01\/6814cdfracking.jpg?resize=525%2C300&ssl=1 1.5x"},"classes":[]},{"id":44065,"url":"https:\/\/www.grieta.org.mx\/index.php\/2020\/02\/07\/proyectos-de-muerte-en-veracruz-fracking-y-mineria\/","url_meta":{"origin":33219,"position":2},"title":"Proyectos de muerte en Veracruz: Fracking y Miner\u00eda","author":"grieta","date":"7 febrero, 2020","format":false,"excerpt":"Colectivo Grieta En Veracruz, las instancias estatales dicen que est\u00e1n en contra de los proyectos mineros y las t\u00e9cnicas de fracturaci\u00f3n hidr\u00e1ulica y miner\u00eda a cielo abierto. Sin embargo, en la actualidad, Veracruz es uno de los estados m\u00e1s afectados por esta industria. Ante est\u00e1 situaci\u00f3n, diversas organizaciones civiles y\u2026","rel":"","context":"En &quot;CINTILLO&quot;","block_context":{"text":"CINTILLO","link":"https:\/\/www.grieta.org.mx\/index.php\/category\/cintillo\/"},"img":{"alt_text":"","src":"https:\/\/i0.wp.com\/www.grieta.org.mx\/wp-content\/uploads\/2020\/02\/123rf-fracking-1.jpg?resize=350%2C200&ssl=1","width":350,"height":200,"srcset":"https:\/\/i0.wp.com\/www.grieta.org.mx\/wp-content\/uploads\/2020\/02\/123rf-fracking-1.jpg?resize=350%2C200&ssl=1 1x, https:\/\/i0.wp.com\/www.grieta.org.mx\/wp-content\/uploads\/2020\/02\/123rf-fracking-1.jpg?resize=525%2C300&ssl=1 1.5x"},"classes":[]},{"id":43321,"url":"https:\/\/www.grieta.org.mx\/index.php\/2019\/11\/10\/mineria-toxica-en-veracruz-dejaria-muerte-y-desolacion\/","url_meta":{"origin":33219,"position":3},"title":"Miner\u00eda t\u00f3xica en Veracruz dejar\u00eda muerte y desolaci\u00f3n","author":"grieta","date":"10 noviembre, 2019","format":false,"excerpt":"\u00c1ngeles Gonz\u00e1lez Ceballos \/ El Heraldo de Mart\u00ednez Aunque el Gobierno de la Rep\u00fablica y el Gobierno del Estado en el discurso han prometido que la miner\u00eda t\u00f3xica no avanzar\u00e1 en Veracruz, la verdad es que los habitantes de la regi\u00f3n de Alto Lucero, Actopan y otros de la regi\u00f3n\u2026","rel":"","context":"En &quot;CINTILLO&quot;","block_context":{"text":"CINTILLO","link":"https:\/\/www.grieta.org.mx\/index.php\/category\/cintillo\/"},"img":{"alt_text":"","src":"https:\/\/i0.wp.com\/www.grieta.org.mx\/wp-content\/uploads\/2020\/01\/nex63.jpg?resize=350%2C200&ssl=1","width":350,"height":200,"srcset":"https:\/\/i0.wp.com\/www.grieta.org.mx\/wp-content\/uploads\/2020\/01\/nex63.jpg?resize=350%2C200&ssl=1 1x, https:\/\/i0.wp.com\/www.grieta.org.mx\/wp-content\/uploads\/2020\/01\/nex63.jpg?resize=525%2C300&ssl=1 1.5x"},"classes":[]},{"id":36472,"url":"https:\/\/www.grieta.org.mx\/index.php\/2019\/07\/12\/piden-a-titular-de-semarnat-frenar-mineria-en-veracruz\/","url_meta":{"origin":33219,"position":4},"title":"Piden a titular de Semarnat frenar miner\u00eda en Veracruz","author":"grieta","date":"12 julio, 2019","format":false,"excerpt":"Leticia Cruz \/ Imagen del Golfo Activistas ambientales del estado de Veracruz conf\u00edan en que el titular de la Secretar\u00eda de Medio Ambiente y Recursos Naturales (Semarnat), V\u00edctor Toledo, har\u00e1 lo correspondiente para impedir la operaci\u00f3n de mineras t\u00f3xicas en la entidad. Durante la visita a Xalapa, del funcionario federal,\u2026","rel":"","context":"En &quot;CINTILLO&quot;","block_context":{"text":"CINTILLO","link":"https:\/\/www.grieta.org.mx\/index.php\/category\/cintillo\/"},"img":{"alt_text":"","src":"https:\/\/i0.wp.com\/www.grieta.org.mx\/wp-content\/uploads\/2019\/07\/568766_d.jpg?resize=350%2C200&ssl=1","width":350,"height":200,"srcset":"https:\/\/i0.wp.com\/www.grieta.org.mx\/wp-content\/uploads\/2019\/07\/568766_d.jpg?resize=350%2C200&ssl=1 1x, https:\/\/i0.wp.com\/www.grieta.org.mx\/wp-content\/uploads\/2019\/07\/568766_d.jpg?resize=525%2C300&ssl=1 1.5x"},"classes":[]},{"id":59002,"url":"https:\/\/www.grieta.org.mx\/index.php\/2021\/04\/24\/piden-activistas-ambientalistas-que-veracruz-sea-declarado-un-estado-libre-de-mineria-toxica\/","url_meta":{"origin":33219,"position":5},"title":"Piden activistas ambientalistas que Veracruz sea declarado un estado libre de miner\u00eda t\u00f3xica","author":"Admin","date":"24 abril, 2021","format":false,"excerpt":"Francisco de Luna \/ Libertad bajo palabra \u00a0 Naolinco, Ver. Los activistas ambientales piden que el estado de Veracruz sea declarado libre de miner\u00eda t\u00f3xica. En el evento informativo realizado en el municipio de Naolinco, indicaron que el proyecto minero utilizar\u00eda 14 toneladas de explosivos a 2.5 kil\u00f3metros de Laguna\u2026","rel":"","context":"En &quot;CINTILLO&quot;","block_context":{"text":"CINTILLO","link":"https:\/\/www.grieta.org.mx\/index.php\/category\/cintillo\/"},"img":{"alt_text":"","src":"https:\/\/i0.wp.com\/www.grieta.org.mx\/wp-content\/uploads\/2021\/04\/Screenshot_2021-04-26-Piden-activistas-ambientalistas-que-Veracruz-sea-declarado-un-estado-libre-de-mineria-toxica-Libert....png?resize=350%2C200&ssl=1","width":350,"height":200,"srcset":"https:\/\/i0.wp.com\/www.grieta.org.mx\/wp-content\/uploads\/2021\/04\/Screenshot_2021-04-26-Piden-activistas-ambientalistas-que-Veracruz-sea-declarado-un-estado-libre-de-mineria-toxica-Libert....png?resize=350%2C200&ssl=1 1x, https:\/\/i0.wp.com\/www.grieta.org.mx\/wp-content\/uploads\/2021\/04\/Screenshot_2021-04-26-Piden-activistas-ambientalistas-que-Veracruz-sea-declarado-un-estado-libre-de-mineria-toxica-Libert....png?resize=525%2C300&ssl=1 1.5x, https:\/\/i0.wp.com\/www.grieta.org.mx\/wp-content\/uploads\/2021\/04\/Screenshot_2021-04-26-Piden-activistas-ambientalistas-que-Veracruz-sea-declarado-un-estado-libre-de-mineria-toxica-Libert....png?resize=700%2C400&ssl=1 2x"},"classes":[]}],"_links":{"self":[{"href":"https:\/\/www.grieta.org.mx\/index.php\/wp-json\/wp\/v2\/posts\/33219","targetHints":{"allow":["GET"]}}],"collection":[{"href":"https:\/\/www.grieta.org.mx\/index.php\/wp-json\/wp\/v2\/posts"}],"about":[{"href":"https:\/\/www.grieta.org.mx\/index.php\/wp-json\/wp\/v2\/types\/post"}],"author":[{"embeddable":true,"href":"https:\/\/www.grieta.org.mx\/index.php\/wp-json\/wp\/v2\/users\/2"}],"replies":[{"embeddable":true,"href":"https:\/\/www.grieta.org.mx\/index.php\/wp-json\/wp\/v2\/comments?post=33219"}],"version-history":[{"count":1,"href":"https:\/\/www.grieta.org.mx\/index.php\/wp-json\/wp\/v2\/posts\/33219\/revisions"}],"predecessor-version":[{"id":33224,"href":"https:\/\/www.grieta.org.mx\/index.php\/wp-json\/wp\/v2\/posts\/33219\/revisions\/33224"}],"wp:featuredmedia":[{"embeddable":true,"href":"https:\/\/www.grieta.org.mx\/index.php\/wp-json\/wp\/v2\/media\/33221"}],"wp:attachment":[{"href":"https:\/\/www.grieta.org.mx\/index.php\/wp-json\/wp\/v2\/media?parent=33219"}],"wp:term":[{"taxonomy":"category","embeddable":true,"href":"https:\/\/www.grieta.org.mx\/index.php\/wp-json\/wp\/v2\/categories?post=33219"},{"taxonomy":"post_tag","embeddable":true,"href":"https:\/\/www.grieta.org.mx\/index.php\/wp-json\/wp\/v2\/tags?post=33219"}],"curies":[{"name":"wp","href":"https:\/\/api.w.org\/{rel}","templated":true}]}}