{"id":33199,"date":"2019-04-24T00:48:24","date_gmt":"2019-04-24T05:48:24","guid":{"rendered":"http:\/\/www.grieta.org.mx\/?p=33199"},"modified":"2019-05-09T00:52:25","modified_gmt":"2019-05-09T05:52:25","slug":"declara-locutor-julio-cesar-pedraza-ante-fgr-por-amenazas-de-muerte-ante-criticas-a-gobierno-estatal-veracruz","status":"publish","type":"post","link":"https:\/\/www.grieta.org.mx\/index.php\/2019\/04\/24\/declara-locutor-julio-cesar-pedraza-ante-fgr-por-amenazas-de-muerte-ante-criticas-a-gobierno-estatal-veracruz\/","title":{"rendered":"Declara locutor Julio C\u00e9sar Pedraza ante FGR por amenazas de muerte ante cr\u00edticas a gobierno estatal (Veracruz)"},"content":{"rendered":"<p><img loading=\"lazy\" decoding=\"async\" data-attachment-id=\"33200\" data-permalink=\"https:\/\/www.grieta.org.mx\/index.php\/2019\/04\/24\/declara-locutor-julio-cesar-pedraza-ante-fgr-por-amenazas-de-muerte-ante-criticas-a-gobierno-estatal-veracruz\/photo-2019-04-24-14-23-18\/\" data-orig-file=\"https:\/\/www.grieta.org.mx\/wp-content\/uploads\/2019\/05\/PHOTO-2019-04-24-14-23-18.jpg\" data-orig-size=\"1226,1280\" data-comments-opened=\"0\" data-image-meta=\"{&quot;aperture&quot;:&quot;0&quot;,&quot;credit&quot;:&quot;&quot;,&quot;camera&quot;:&quot;&quot;,&quot;caption&quot;:&quot;&quot;,&quot;created_timestamp&quot;:&quot;0&quot;,&quot;copyright&quot;:&quot;&quot;,&quot;focal_length&quot;:&quot;0&quot;,&quot;iso&quot;:&quot;0&quot;,&quot;shutter_speed&quot;:&quot;0&quot;,&quot;title&quot;:&quot;&quot;,&quot;orientation&quot;:&quot;0&quot;}\" data-image-title=\"PHOTO-2019-04-24-14-23-18\" data-image-description=\"\" data-image-caption=\"\" data-medium-file=\"https:\/\/www.grieta.org.mx\/wp-content\/uploads\/2019\/05\/PHOTO-2019-04-24-14-23-18-287x300.jpg\" data-large-file=\"https:\/\/www.grieta.org.mx\/wp-content\/uploads\/2019\/05\/PHOTO-2019-04-24-14-23-18-981x1024.jpg\" src=\"http:\/\/www.grieta.org.mx\/wp-content\/uploads\/2019\/05\/PHOTO-2019-04-24-14-23-18-981x1024.jpg\" alt=\"\" width=\"784\" height=\"819\" class=\"alignleft size-large wp-image-33200\" srcset=\"https:\/\/www.grieta.org.mx\/wp-content\/uploads\/2019\/05\/PHOTO-2019-04-24-14-23-18-981x1024.jpg 981w, https:\/\/www.grieta.org.mx\/wp-content\/uploads\/2019\/05\/PHOTO-2019-04-24-14-23-18-287x300.jpg 287w, https:\/\/www.grieta.org.mx\/wp-content\/uploads\/2019\/05\/PHOTO-2019-04-24-14-23-18-768x802.jpg 768w, https:\/\/www.grieta.org.mx\/wp-content\/uploads\/2019\/05\/PHOTO-2019-04-24-14-23-18-479x500.jpg 479w, https:\/\/www.grieta.org.mx\/wp-content\/uploads\/2019\/05\/PHOTO-2019-04-24-14-23-18.jpg 1226w\" sizes=\"auto, (max-width: 784px) 100vw, 784px\" \/><\/p>\n<p>Redacci\u00f3n \/ Plumas Libres<\/p>\n<p>Veracruz, Ver.- En la delegaci\u00f3n Veracruz de la Fiscal\u00eda General de la Rep\u00fablica (FGR), el periodista julio C\u00e9sar Pedraza Ortiz denunci\u00f3 que fue amenazado de muerte v\u00eda telef\u00f3nica por un desconocido que le advirti\u00f3 \u201cTe estamos escuchando\u201d, mientras transmit\u00eda en vivo en el noticiero \u201cRadio Noticias 90.9 FM\u201d,  quedando asentado en la  carpeta de investigaci\u00f3n 0002044\/2019<\/p>\n<p>Los hechos ocurrieron a las 13:37 horas del martes 23 de abril, cuando el periodista se encontraba transmitiendo su informaci\u00f3n habitual en el noticiero de la estaci\u00f3n \u201dGrupo Radio Digital\u201d, cuando en una pausa entr\u00f3 la llamada a su tel\u00e9fono celular. En su declaraci\u00f3n, el reportero inform\u00f3 que la voz que lo amenaz\u00f3, le recrimin\u00f3 sus constantes cr\u00edticas al gobernador del Estado Cuitl\u00e1huac Garc\u00eda Jim\u00e9nez y le advirtieron que si se quejaba o denunciaba se atendr\u00eda a las consecuencias.<\/p>\n<p>Acompa\u00f1ado por compa\u00f1eros periodistas a la instancia federal, Julio Ortiz aport\u00f3 pruebas, como el n\u00famero telef\u00f3nico desde el cual recibi\u00f3 la llamada, dijo no tener enemigos y mencion\u00f3 que acababa de sostener una situaci\u00f3n legal con el peri\u00f3dico \u201dVanguardia\u201d de Poza Rica.<\/p>\n<p>Ma\u00f1ana, acompa\u00f1ado de abogados de la Comisi\u00f3n Estatal para la Atenci\u00f3n y Protecci\u00f3n de los Periodistas, la CEAP, Julio Ort\u00edz presentar\u00e1 la denuncia ante la fiscal\u00eda general del estado pidiendo que se esclarezcan los hechos.<\/p>\n<p><a href=\"https:\/\/plumaslibres.com.mx\/2019\/04\/24\/declara-locutor-julio-cesar-pedraza-ante-fgr-por-amenazas-de-muerte-ante-criticas-a-gobierno-estatal\/\">https:\/\/plumaslibres.com.mx\/2019\/04\/24\/declara-locutor-julio-cesar-pedraza-ante-fgr-por-amenazas-de-muerte-ante-criticas-a-gobierno-estatal\/<\/a><\/p>\n","protected":false},"excerpt":{"rendered":"<p>Redacci\u00f3n \/ Plumas Libres Veracruz, Ver.- En la delegaci\u00f3n Veracruz de la Fiscal\u00eda General de la Rep\u00fablica (FGR), el periodista julio C\u00e9sar Pedraza Ortiz denunci\u00f3 que fue amenazado de muerte &hellip; <a href=\"https:\/\/www.grieta.org.mx\/index.php\/2019\/04\/24\/declara-locutor-julio-cesar-pedraza-ante-fgr-por-amenazas-de-muerte-ante-criticas-a-gobierno-estatal-veracruz\/\" class=\"more-link\">Leer m\u00e1s<\/a><\/p>\n","protected":false},"author":2,"featured_media":33200,"comment_status":"closed","ping_status":"closed","sticky":false,"template":"","format":"standard","meta":{"ngg_post_thumbnail":0,"_jetpack_newsletter_access":"","_jetpack_dont_email_post_to_subs":false,"_jetpack_newsletter_tier_id":0,"_jetpack_memberships_contains_paywalled_content":false,"_jetpack_memberships_contains_paid_content":false,"footnotes":""},"categories":[80,2,83,35,88,1221],"tags":[2474,2486,2475],"class_list":["post-33199","post","type-post","status-publish","format-standard","has-post-thumbnail","hentry","category-cintillo","category-noticias-nacionales","category-temas-nacionales","category-veracruz","category-violencia-contra-periodistas","category-violencia-contra-periodistas-en-veracruz","tag-acoso-contra-periodistas","tag-amenazas-contra-periodistas","tag-libertad-de-prensa","entry"],"jetpack_featured_media_url":"https:\/\/www.grieta.org.mx\/wp-content\/uploads\/2019\/05\/PHOTO-2019-04-24-14-23-18.jpg","jetpack_sharing_enabled":true,"jetpack_shortlink":"https:\/\/wp.me\/p7ZJR4-8Dt","jetpack_likes_enabled":false,"jetpack-related-posts":[{"id":6129,"url":"https:\/\/www.grieta.org.mx\/index.php\/2016\/08\/18\/violencia-contra-periodistas-en-veracruz\/","url_meta":{"origin":33199,"position":0},"title":"Violencia contra periodistas en Veracruz","author":"Admin","date":"18 agosto, 2016","format":false,"excerpt":"No\u00e9 Zavaleta es hostigado por publicaci\u00f3n de libro 18\/08\/16. Tras amenazas y acoso, periodista mexicano abandona el estado de Veracruz El Heraldo de Saltillo 13\/08\/16. Aumentan las amenazas contra reportero No\u00e9 Zavaleta El Mundo de C\u00f3rdoba 07\/08\/16. El periodista No\u00e9 Zavaleta, corresponsal de Proceso, es amenazado en Veracruz por su\u2026","rel":"","context":"En &quot;NOTICIAS NACIONALES&quot;","block_context":{"text":"NOTICIAS NACIONALES","link":"https:\/\/www.grieta.org.mx\/index.php\/category\/noticias-nacionales\/"},"img":{"alt_text":"","src":"https:\/\/i0.wp.com\/www.grieta.org.mx\/wp-content\/uploads\/2018\/03\/14524434_1106112876131411_958039263622046936_o.jpg?resize=350%2C200&ssl=1","width":350,"height":200,"srcset":"https:\/\/i0.wp.com\/www.grieta.org.mx\/wp-content\/uploads\/2018\/03\/14524434_1106112876131411_958039263622046936_o.jpg?resize=350%2C200&ssl=1 1x, https:\/\/i0.wp.com\/www.grieta.org.mx\/wp-content\/uploads\/2018\/03\/14524434_1106112876131411_958039263622046936_o.jpg?resize=525%2C300&ssl=1 1.5x, https:\/\/i0.wp.com\/www.grieta.org.mx\/wp-content\/uploads\/2018\/03\/14524434_1106112876131411_958039263622046936_o.jpg?resize=700%2C400&ssl=1 2x"},"classes":[]},{"id":47373,"url":"https:\/\/www.grieta.org.mx\/index.php\/2020\/03\/31\/exigen-un-alto-a-violencia-contra-periodistas-tras-asesinato-en-veracruz-video\/","url_meta":{"origin":33199,"position":1},"title":"Exigen un alto a violencia contra periodistas tras asesinato en Veracruz | Video","author":"Admin","date":"31 marzo, 2020","format":false,"excerpt":"Redacci\u00f3n \/ Aristegui Noticias El periodista \u00c9dgar Escamilla informa que Mar\u00eda Elena Ferral ten\u00eda 30 a\u00f1os informando en los municipios de la zona totonaca, donde se dedic\u00f3 a la cobertura de las manifestaciones y exigencias que se registraban en la zona. Informa desde la protesta por el asesinato de la\u2026","rel":"","context":"En &quot;CINTILLO&quot;","block_context":{"text":"CINTILLO","link":"https:\/\/www.grieta.org.mx\/index.php\/category\/cintillo\/"},"img":{"alt_text":"","src":"https:\/\/i0.wp.com\/www.grieta.org.mx\/wp-content\/uploads\/2020\/04\/Screenshot_2020-04-07-Exigen-un-alto-a-violencia-contra-periodistas-tras-asesinato-en-Veracruz-Video.png?resize=350%2C200&ssl=1","width":350,"height":200,"srcset":"https:\/\/i0.wp.com\/www.grieta.org.mx\/wp-content\/uploads\/2020\/04\/Screenshot_2020-04-07-Exigen-un-alto-a-violencia-contra-periodistas-tras-asesinato-en-Veracruz-Video.png?resize=350%2C200&ssl=1 1x, https:\/\/i0.wp.com\/www.grieta.org.mx\/wp-content\/uploads\/2020\/04\/Screenshot_2020-04-07-Exigen-un-alto-a-violencia-contra-periodistas-tras-asesinato-en-Veracruz-Video.png?resize=525%2C300&ssl=1 1.5x"},"classes":[]},{"id":48521,"url":"https:\/\/www.grieta.org.mx\/index.php\/2020\/03\/30\/asesinan-a-la-periodista-maria-elena-ferral-en-papantla-veracruz\/","url_meta":{"origin":33199,"position":2},"title":"Asesinan a la periodista Mar\u00eda Elena Ferral en Papantla, Veracruz","author":"Admin","date":"30 marzo, 2020","format":false,"excerpt":"Redacci\u00f3n \/ Animal Pol\u00edtico La periodista Mar\u00eda Elena Ferral muri\u00f3 por los disparos que recibi\u00f3 en calles del centro de la ciudad de Papantla, Veracruz, este lunes 30 de marzo. De acuerdo con reportes de medios locales, hombres armados se acercaron este lunes a la reportera y le dispararon. Qued\u00f3\u2026","rel":"","context":"En &quot;CINTILLO&quot;","block_context":{"text":"CINTILLO","link":"https:\/\/www.grieta.org.mx\/index.php\/category\/cintillo\/"},"img":{"alt_text":"","src":"https:\/\/i0.wp.com\/www.grieta.org.mx\/wp-content\/uploads\/2020\/05\/Taxista_asesinado-3-e1551893393560.jpg?resize=350%2C200&ssl=1","width":350,"height":200,"srcset":"https:\/\/i0.wp.com\/www.grieta.org.mx\/wp-content\/uploads\/2020\/05\/Taxista_asesinado-3-e1551893393560.jpg?resize=350%2C200&ssl=1 1x, https:\/\/i0.wp.com\/www.grieta.org.mx\/wp-content\/uploads\/2020\/05\/Taxista_asesinado-3-e1551893393560.jpg?resize=525%2C300&ssl=1 1.5x, https:\/\/i0.wp.com\/www.grieta.org.mx\/wp-content\/uploads\/2020\/05\/Taxista_asesinado-3-e1551893393560.jpg?resize=700%2C400&ssl=1 2x"},"classes":[]},{"id":38874,"url":"https:\/\/www.grieta.org.mx\/index.php\/2019\/09\/03\/periodistas-llevan-ocho-meses-denunciando-violencia-en-veracruz\/","url_meta":{"origin":33199,"position":3},"title":"Periodistas llevan ocho meses denunciando violencia en Veracruz","author":"grieta","date":"3 septiembre, 2019","format":false,"excerpt":"Redacci\u00f3n \/ El Heraldo de M\u00e9xico La periodista Luz Mar\u00eda Rivera se\u00f1al\u00f3 que se hab\u00edan realizado denuncias por las constantes extorsiones, secuestros y los llamados \"levantones\" en Coatzacoalcos Luz Mar\u00eda Rivera, directora y columnista de El Mercurio de Veracruz, destac\u00f3 el clima de violencia que vive el Estado y se\u00f1al\u00f3\u2026","rel":"","context":"En &quot;CINTILLO&quot;","block_context":{"text":"CINTILLO","link":"https:\/\/www.grieta.org.mx\/index.php\/category\/cintillo\/"},"img":{"alt_text":"","src":"https:\/\/i0.wp.com\/www.grieta.org.mx\/wp-content\/uploads\/2019\/09\/Screenshot_2019-09-08-Periodistas-llevan-ocho-meses-denunciando-violencia-en-Veracruz.png?resize=350%2C200&ssl=1","width":350,"height":200,"srcset":"https:\/\/i0.wp.com\/www.grieta.org.mx\/wp-content\/uploads\/2019\/09\/Screenshot_2019-09-08-Periodistas-llevan-ocho-meses-denunciando-violencia-en-Veracruz.png?resize=350%2C200&ssl=1 1x, https:\/\/i0.wp.com\/www.grieta.org.mx\/wp-content\/uploads\/2019\/09\/Screenshot_2019-09-08-Periodistas-llevan-ocho-meses-denunciando-violencia-en-Veracruz.png?resize=525%2C300&ssl=1 1.5x, https:\/\/i0.wp.com\/www.grieta.org.mx\/wp-content\/uploads\/2019\/09\/Screenshot_2019-09-08-Periodistas-llevan-ocho-meses-denunciando-violencia-en-Veracruz.png?resize=700%2C400&ssl=1 2x, https:\/\/i0.wp.com\/www.grieta.org.mx\/wp-content\/uploads\/2019\/09\/Screenshot_2019-09-08-Periodistas-llevan-ocho-meses-denunciando-violencia-en-Veracruz.png?resize=1050%2C600&ssl=1 3x"},"classes":[]},{"id":33210,"url":"https:\/\/www.grieta.org.mx\/index.php\/2019\/04\/12\/periodistas-acusan-al-alcalde-de-cosolecaque-cirilo-vazquez-y-su-jefe-de-prensa-de-amenazas-de-muerte-veracruz\/","url_meta":{"origin":33199,"position":4},"title":"Periodistas acusan al alcalde de Cosolecaque Cirilo V\u00e1zquez y su jefe de prensa de amenazas de muerte (Veracruz)","author":"grieta","date":"12 abril, 2019","format":false,"excerpt":"Redacci\u00f3n \/ Plumas Libres Xalapa, Ver.- Periodistas de Cosoleacaque denunciaron que a causa de una manifestaci\u00f3n contra del alcalde Cirilo V\u00e1zquez Parissi que niega pagar un adeudo por publicidad, reciben amenazas de muerte y culpan a funcionarios de este ayuntamiento si algo les sucede. Gabriel Jimenez Rodr\u00edguez, director de TVS\u2026","rel":"","context":"En &quot;CINTILLO&quot;","block_context":{"text":"CINTILLO","link":"https:\/\/www.grieta.org.mx\/index.php\/category\/cintillo\/"},"img":{"alt_text":"","src":"https:\/\/i0.wp.com\/www.grieta.org.mx\/wp-content\/uploads\/2019\/05\/lils.jpg?resize=350%2C200&ssl=1","width":350,"height":200,"srcset":"https:\/\/i0.wp.com\/www.grieta.org.mx\/wp-content\/uploads\/2019\/05\/lils.jpg?resize=350%2C200&ssl=1 1x, https:\/\/i0.wp.com\/www.grieta.org.mx\/wp-content\/uploads\/2019\/05\/lils.jpg?resize=525%2C300&ssl=1 1.5x"},"classes":[]},{"id":50540,"url":"https:\/\/www.grieta.org.mx\/index.php\/2020\/05\/24\/atentan-contra-hija-de-maria-elena-ferral-periodista-asesinada-en-veracruz\/","url_meta":{"origin":33199,"position":5},"title":"Atentan contra hija de Mar\u00eda Elena Ferral, periodista asesinada en Veracruz","author":"Admin","date":"24 mayo, 2020","format":false,"excerpt":"Redacci\u00f3n \/ Animal Pol\u00edtico La hija de Mar\u00eda Elena Ferral, periodista asesinada en Veracruz, sufri\u00f3 un atentado este domingo y dijo que result\u00f3 ilesa gracias a la intervenci\u00f3n de elementos que cuidan su seguridad. \u201cEl d\u00eda de hoy a las 10:40 de la ma\u00f1ana, fu\u00ed v\u00edctima de un atentado en\u2026","rel":"","context":"En &quot;CINTILLO&quot;","block_context":{"text":"CINTILLO","link":"https:\/\/www.grieta.org.mx\/index.php\/category\/cintillo\/"},"img":{"alt_text":"","src":"https:\/\/i0.wp.com\/www.grieta.org.mx\/wp-content\/uploads\/2020\/06\/Screenshot_2020-06-08-Atentan-contra-hija-de-Mar%C3%ADa-Elena-Ferral-periodista-asesinada-en-Veracruz.png?resize=350%2C200&ssl=1","width":350,"height":200,"srcset":"https:\/\/i0.wp.com\/www.grieta.org.mx\/wp-content\/uploads\/2020\/06\/Screenshot_2020-06-08-Atentan-contra-hija-de-Mar%C3%ADa-Elena-Ferral-periodista-asesinada-en-Veracruz.png?resize=350%2C200&ssl=1 1x, https:\/\/i0.wp.com\/www.grieta.org.mx\/wp-content\/uploads\/2020\/06\/Screenshot_2020-06-08-Atentan-contra-hija-de-Mar%C3%ADa-Elena-Ferral-periodista-asesinada-en-Veracruz.png?resize=525%2C300&ssl=1 1.5x, https:\/\/i0.wp.com\/www.grieta.org.mx\/wp-content\/uploads\/2020\/06\/Screenshot_2020-06-08-Atentan-contra-hija-de-Mar%C3%ADa-Elena-Ferral-periodista-asesinada-en-Veracruz.png?resize=700%2C400&ssl=1 2x, https:\/\/i0.wp.com\/www.grieta.org.mx\/wp-content\/uploads\/2020\/06\/Screenshot_2020-06-08-Atentan-contra-hija-de-Mar%C3%ADa-Elena-Ferral-periodista-asesinada-en-Veracruz.png?resize=1050%2C600&ssl=1 3x"},"classes":[]}],"_links":{"self":[{"href":"https:\/\/www.grieta.org.mx\/index.php\/wp-json\/wp\/v2\/posts\/33199","targetHints":{"allow":["GET"]}}],"collection":[{"href":"https:\/\/www.grieta.org.mx\/index.php\/wp-json\/wp\/v2\/posts"}],"about":[{"href":"https:\/\/www.grieta.org.mx\/index.php\/wp-json\/wp\/v2\/types\/post"}],"author":[{"embeddable":true,"href":"https:\/\/www.grieta.org.mx\/index.php\/wp-json\/wp\/v2\/users\/2"}],"replies":[{"embeddable":true,"href":"https:\/\/www.grieta.org.mx\/index.php\/wp-json\/wp\/v2\/comments?post=33199"}],"version-history":[{"count":1,"href":"https:\/\/www.grieta.org.mx\/index.php\/wp-json\/wp\/v2\/posts\/33199\/revisions"}],"predecessor-version":[{"id":33203,"href":"https:\/\/www.grieta.org.mx\/index.php\/wp-json\/wp\/v2\/posts\/33199\/revisions\/33203"}],"wp:featuredmedia":[{"embeddable":true,"href":"https:\/\/www.grieta.org.mx\/index.php\/wp-json\/wp\/v2\/media\/33200"}],"wp:attachment":[{"href":"https:\/\/www.grieta.org.mx\/index.php\/wp-json\/wp\/v2\/media?parent=33199"}],"wp:term":[{"taxonomy":"category","embeddable":true,"href":"https:\/\/www.grieta.org.mx\/index.php\/wp-json\/wp\/v2\/categories?post=33199"},{"taxonomy":"post_tag","embeddable":true,"href":"https:\/\/www.grieta.org.mx\/index.php\/wp-json\/wp\/v2\/tags?post=33199"}],"curies":[{"name":"wp","href":"https:\/\/api.w.org\/{rel}","templated":true}]}}