{"id":33184,"date":"2019-04-29T00:30:23","date_gmt":"2019-04-29T05:30:23","guid":{"rendered":"http:\/\/www.grieta.org.mx\/?p=33184"},"modified":"2019-05-09T00:35:47","modified_gmt":"2019-05-09T05:35:47","slug":"sujetos-armados-persiguen-a-la-periodista-alicia-blanco-en-cosamaloapan-veracruz","status":"publish","type":"post","link":"https:\/\/www.grieta.org.mx\/index.php\/2019\/04\/29\/sujetos-armados-persiguen-a-la-periodista-alicia-blanco-en-cosamaloapan-veracruz\/","title":{"rendered":"Sujetos armados persiguen a la periodista Alicia Blanco, en Cosamaloapan, Veracruz"},"content":{"rendered":"<p><img loading=\"lazy\" decoding=\"async\" data-attachment-id=\"33186\" data-permalink=\"https:\/\/www.grieta.org.mx\/index.php\/2019\/04\/29\/sujetos-armados-persiguen-a-la-periodista-alicia-blanco-en-cosamaloapan-veracruz\/direct-93\/\" data-orig-file=\"https:\/\/www.grieta.org.mx\/wp-content\/uploads\/2019\/05\/direct-11.jpg\" data-orig-size=\"796,445\" data-comments-opened=\"0\" data-image-meta=\"{&quot;aperture&quot;:&quot;0&quot;,&quot;credit&quot;:&quot;&quot;,&quot;camera&quot;:&quot;&quot;,&quot;caption&quot;:&quot;&quot;,&quot;created_timestamp&quot;:&quot;0&quot;,&quot;copyright&quot;:&quot;&quot;,&quot;focal_length&quot;:&quot;0&quot;,&quot;iso&quot;:&quot;0&quot;,&quot;shutter_speed&quot;:&quot;0&quot;,&quot;title&quot;:&quot;&quot;,&quot;orientation&quot;:&quot;0&quot;}\" data-image-title=\"direct\" data-image-description=\"\" data-image-caption=\"\" data-medium-file=\"https:\/\/www.grieta.org.mx\/wp-content\/uploads\/2019\/05\/direct-11-300x168.jpg\" data-large-file=\"https:\/\/www.grieta.org.mx\/wp-content\/uploads\/2019\/05\/direct-11.jpg\" src=\"http:\/\/www.grieta.org.mx\/wp-content\/uploads\/2019\/05\/direct-11.jpg\" alt=\"\" width=\"796\" height=\"445\" class=\"alignleft size-full wp-image-33186\" srcset=\"https:\/\/www.grieta.org.mx\/wp-content\/uploads\/2019\/05\/direct-11.jpg 796w, https:\/\/www.grieta.org.mx\/wp-content\/uploads\/2019\/05\/direct-11-300x168.jpg 300w, https:\/\/www.grieta.org.mx\/wp-content\/uploads\/2019\/05\/direct-11-768x429.jpg 768w\" sizes=\"auto, (max-width: 796px) 100vw, 796px\" \/><\/p>\n<p>Redacci\u00f3n \/ Somoselmedio<\/p>\n<blockquote><p>\nArt\u00edculo 19 inform\u00f3 que la periodista fue seguida por un grupo de sujetos armados, a bordo de un autom\u00f3vil al salir de una audiencia legal en Cosamaloapan, Veracruz el 23 de abril de 2019.<\/p><\/blockquote>\n<p>Alicia Blanco narr\u00f3 que el martes 23 acudi\u00f3 a una diligencia legal en Cosamaloapan. \u00abAl salir de ah\u00ed, un carro blanco con hombres armados nos persigui\u00f3 a m\u00ed y a mis acompa\u00f1antes e inmediatamente le habl\u00e9 a Jorge Morales de la Comisi\u00f3n Estatal para la Atenci\u00f3n y Protecci\u00f3n de los Periodistas (CEAPP) y mand\u00f3 apoyo. Buscando ayuda nos fuimos al Parque Central donde compa\u00f1eros de prensa llegaron a apoyarnos\u00bb.<\/p>\n<p>Poco despu\u00e9s, se aproxim\u00f3 la Polic\u00eda Municipal y comenzaron a hostigarlos, en vez de brindarles apoyo:<\/p>\n<p>\u201cLlegaron pidiendo datos de nosotros y que le se\u00f1al\u00e1ramos nuestro domicilio. Quer\u00edan tomarnos fotos a uno por uno y le dijimos que nos pidieran primero los datos del veh\u00edculo que nos segu\u00eda y el encargado se molest\u00f3. Como en ese momento estaba en contacto por tel\u00e9fono con Jorge Morales, se lo pas\u00e9 y el polic\u00eda le colg\u00f3. Al ver esto, tomamos datos de las tres unidades de polic\u00eda municipal que hicieron presencia, y el oficial se molest\u00f3 y nos dijo \u2018Ni saben con qui\u00e9n se fueron a meter\u2019\u201d<\/p>\n<p>Posteriormente, la Polic\u00eda Estatal lleg\u00f3 a resguardarlos y los acompa\u00f1\u00f3 hasta el km 60 de la autopista, donde realizaron el enlace con Fuerza Civil, quienes los resguardaron hasta sus casas.<\/p>\n<p>Este hecho constituye el evento m\u00e1s reciente de intimidaci\u00f3n hacia Alicia Blanco, quien ha sido revictimizada y atacada desde el asesinato de su esposo, en julio de 2016.<\/p>\n<p>La presencia de Alicia en Cosamaloapan se debe a que, actualmente, su hijo Adri\u00e1n Tamayo se encuentra preso a causa de las acusaciones de la Fiscal\u00eda General del Estado (FGE) de Veracruz por su \u201cprobable culpabilidad en la comisi\u00f3n de los delitos de robo de veh\u00edculos agravado y privaci\u00f3n de la libertad\u201d, seg\u00fan afirma un comunicado de la dependencia.<\/p>\n<p>Dicho proceso fue denunciado previamente por Art\u00edculo 19, debido a las irregularidades que presenta la integraci\u00f3n del mismo y el contexto de ataques, acoso y hostigamiento contra la familia Tamayo.<\/p>\n<p>Ante esta situaci\u00f3n, Art\u00edculo 19 exige al gobierno de Veracruz, al gobierno municipal de Cosamaloapan y a la Secretar\u00eda de Seguridad P\u00fablica del mismo municipio, que cumplan con su obligaci\u00f3n de proteger a las v\u00edctimas indirectas de la violencia, que han sufrido quienes ejercen la labor period\u00edstica y abstenerse de pr\u00e1cticas encaminadas a intimidar o inhibir la b\u00fasqueda de justicia de la familia Tamayo.<\/p>\n<p>Adem\u00e1s, Art\u00edculo 19 hizo un llamado urgente a la CEAPP, para que provea a Alicia Blanco de las medidas de protecci\u00f3n necesarias para asegurar su integridad a la luz de los hechos recientes.<\/p>\n<p><a href=\"https:\/\/www.somoselmedio.com\/2019\/04\/29\/sujetos-armados-persiguen-a-la-periodista-alicia-blanco-en-cosamaloapan-veracruz\/\">https:\/\/www.somoselmedio.com\/2019\/04\/29\/sujetos-armados-persiguen-a-la-periodista-alicia-blanco-en-cosamaloapan-veracruz\/<\/a><\/p>\n","protected":false},"excerpt":{"rendered":"<p>Redacci\u00f3n \/ Somoselmedio Art\u00edculo 19 inform\u00f3 que la periodista fue seguida por un grupo de sujetos armados, a bordo de un autom\u00f3vil al salir de una audiencia legal en Cosamaloapan, &hellip; <a href=\"https:\/\/www.grieta.org.mx\/index.php\/2019\/04\/29\/sujetos-armados-persiguen-a-la-periodista-alicia-blanco-en-cosamaloapan-veracruz\/\" class=\"more-link\">Leer m\u00e1s<\/a><\/p>\n","protected":false},"author":2,"featured_media":33186,"comment_status":"closed","ping_status":"closed","sticky":false,"template":"","format":"standard","meta":{"ngg_post_thumbnail":0,"_jetpack_newsletter_access":"","_jetpack_dont_email_post_to_subs":false,"_jetpack_newsletter_tier_id":0,"_jetpack_memberships_contains_paywalled_content":false,"_jetpack_memberships_contains_paid_content":false,"footnotes":""},"categories":[80,2,83,35,88,1221],"tags":[2474,2264],"class_list":["post-33184","post","type-post","status-publish","format-standard","has-post-thumbnail","hentry","category-cintillo","category-noticias-nacionales","category-temas-nacionales","category-veracruz","category-violencia-contra-periodistas","category-violencia-contra-periodistas-en-veracruz","tag-acoso-contra-periodistas","tag-mujeres-periodistas","entry"],"jetpack_featured_media_url":"https:\/\/www.grieta.org.mx\/wp-content\/uploads\/2019\/05\/direct-11.jpg","jetpack_sharing_enabled":true,"jetpack_shortlink":"https:\/\/wp.me\/p7ZJR4-8De","jetpack_likes_enabled":false,"jetpack-related-posts":[{"id":38874,"url":"https:\/\/www.grieta.org.mx\/index.php\/2019\/09\/03\/periodistas-llevan-ocho-meses-denunciando-violencia-en-veracruz\/","url_meta":{"origin":33184,"position":0},"title":"Periodistas llevan ocho meses denunciando violencia en Veracruz","author":"grieta","date":"3 septiembre, 2019","format":false,"excerpt":"Redacci\u00f3n \/ El Heraldo de M\u00e9xico La periodista Luz Mar\u00eda Rivera se\u00f1al\u00f3 que se hab\u00edan realizado denuncias por las constantes extorsiones, secuestros y los llamados \"levantones\" en Coatzacoalcos Luz Mar\u00eda Rivera, directora y columnista de El Mercurio de Veracruz, destac\u00f3 el clima de violencia que vive el Estado y se\u00f1al\u00f3\u2026","rel":"","context":"En &quot;CINTILLO&quot;","block_context":{"text":"CINTILLO","link":"https:\/\/www.grieta.org.mx\/index.php\/category\/cintillo\/"},"img":{"alt_text":"","src":"https:\/\/i0.wp.com\/www.grieta.org.mx\/wp-content\/uploads\/2019\/09\/Screenshot_2019-09-08-Periodistas-llevan-ocho-meses-denunciando-violencia-en-Veracruz.png?resize=350%2C200&ssl=1","width":350,"height":200,"srcset":"https:\/\/i0.wp.com\/www.grieta.org.mx\/wp-content\/uploads\/2019\/09\/Screenshot_2019-09-08-Periodistas-llevan-ocho-meses-denunciando-violencia-en-Veracruz.png?resize=350%2C200&ssl=1 1x, https:\/\/i0.wp.com\/www.grieta.org.mx\/wp-content\/uploads\/2019\/09\/Screenshot_2019-09-08-Periodistas-llevan-ocho-meses-denunciando-violencia-en-Veracruz.png?resize=525%2C300&ssl=1 1.5x, https:\/\/i0.wp.com\/www.grieta.org.mx\/wp-content\/uploads\/2019\/09\/Screenshot_2019-09-08-Periodistas-llevan-ocho-meses-denunciando-violencia-en-Veracruz.png?resize=700%2C400&ssl=1 2x, https:\/\/i0.wp.com\/www.grieta.org.mx\/wp-content\/uploads\/2019\/09\/Screenshot_2019-09-08-Periodistas-llevan-ocho-meses-denunciando-violencia-en-Veracruz.png?resize=1050%2C600&ssl=1 3x"},"classes":[]},{"id":48521,"url":"https:\/\/www.grieta.org.mx\/index.php\/2020\/03\/30\/asesinan-a-la-periodista-maria-elena-ferral-en-papantla-veracruz\/","url_meta":{"origin":33184,"position":1},"title":"Asesinan a la periodista Mar\u00eda Elena Ferral en Papantla, Veracruz","author":"Admin","date":"30 marzo, 2020","format":false,"excerpt":"Redacci\u00f3n \/ Animal Pol\u00edtico La periodista Mar\u00eda Elena Ferral muri\u00f3 por los disparos que recibi\u00f3 en calles del centro de la ciudad de Papantla, Veracruz, este lunes 30 de marzo. De acuerdo con reportes de medios locales, hombres armados se acercaron este lunes a la reportera y le dispararon. Qued\u00f3\u2026","rel":"","context":"En &quot;CINTILLO&quot;","block_context":{"text":"CINTILLO","link":"https:\/\/www.grieta.org.mx\/index.php\/category\/cintillo\/"},"img":{"alt_text":"","src":"https:\/\/i0.wp.com\/www.grieta.org.mx\/wp-content\/uploads\/2020\/05\/Taxista_asesinado-3-e1551893393560.jpg?resize=350%2C200&ssl=1","width":350,"height":200,"srcset":"https:\/\/i0.wp.com\/www.grieta.org.mx\/wp-content\/uploads\/2020\/05\/Taxista_asesinado-3-e1551893393560.jpg?resize=350%2C200&ssl=1 1x, https:\/\/i0.wp.com\/www.grieta.org.mx\/wp-content\/uploads\/2020\/05\/Taxista_asesinado-3-e1551893393560.jpg?resize=525%2C300&ssl=1 1.5x, https:\/\/i0.wp.com\/www.grieta.org.mx\/wp-content\/uploads\/2020\/05\/Taxista_asesinado-3-e1551893393560.jpg?resize=700%2C400&ssl=1 2x"},"classes":[]},{"id":6129,"url":"https:\/\/www.grieta.org.mx\/index.php\/2016\/08\/18\/violencia-contra-periodistas-en-veracruz\/","url_meta":{"origin":33184,"position":2},"title":"Violencia contra periodistas en Veracruz","author":"Admin","date":"18 agosto, 2016","format":false,"excerpt":"No\u00e9 Zavaleta es hostigado por publicaci\u00f3n de libro 18\/08\/16. Tras amenazas y acoso, periodista mexicano abandona el estado de Veracruz El Heraldo de Saltillo 13\/08\/16. Aumentan las amenazas contra reportero No\u00e9 Zavaleta El Mundo de C\u00f3rdoba 07\/08\/16. El periodista No\u00e9 Zavaleta, corresponsal de Proceso, es amenazado en Veracruz por su\u2026","rel":"","context":"En &quot;NOTICIAS NACIONALES&quot;","block_context":{"text":"NOTICIAS NACIONALES","link":"https:\/\/www.grieta.org.mx\/index.php\/category\/noticias-nacionales\/"},"img":{"alt_text":"","src":"https:\/\/i0.wp.com\/www.grieta.org.mx\/wp-content\/uploads\/2018\/03\/14524434_1106112876131411_958039263622046936_o.jpg?resize=350%2C200&ssl=1","width":350,"height":200,"srcset":"https:\/\/i0.wp.com\/www.grieta.org.mx\/wp-content\/uploads\/2018\/03\/14524434_1106112876131411_958039263622046936_o.jpg?resize=350%2C200&ssl=1 1x, https:\/\/i0.wp.com\/www.grieta.org.mx\/wp-content\/uploads\/2018\/03\/14524434_1106112876131411_958039263622046936_o.jpg?resize=525%2C300&ssl=1 1.5x, https:\/\/i0.wp.com\/www.grieta.org.mx\/wp-content\/uploads\/2018\/03\/14524434_1106112876131411_958039263622046936_o.jpg?resize=700%2C400&ssl=1 2x"},"classes":[]},{"id":47373,"url":"https:\/\/www.grieta.org.mx\/index.php\/2020\/03\/31\/exigen-un-alto-a-violencia-contra-periodistas-tras-asesinato-en-veracruz-video\/","url_meta":{"origin":33184,"position":3},"title":"Exigen un alto a violencia contra periodistas tras asesinato en Veracruz | Video","author":"Admin","date":"31 marzo, 2020","format":false,"excerpt":"Redacci\u00f3n \/ Aristegui Noticias El periodista \u00c9dgar Escamilla informa que Mar\u00eda Elena Ferral ten\u00eda 30 a\u00f1os informando en los municipios de la zona totonaca, donde se dedic\u00f3 a la cobertura de las manifestaciones y exigencias que se registraban en la zona. Informa desde la protesta por el asesinato de la\u2026","rel":"","context":"En &quot;CINTILLO&quot;","block_context":{"text":"CINTILLO","link":"https:\/\/www.grieta.org.mx\/index.php\/category\/cintillo\/"},"img":{"alt_text":"","src":"https:\/\/i0.wp.com\/www.grieta.org.mx\/wp-content\/uploads\/2020\/04\/Screenshot_2020-04-07-Exigen-un-alto-a-violencia-contra-periodistas-tras-asesinato-en-Veracruz-Video.png?resize=350%2C200&ssl=1","width":350,"height":200,"srcset":"https:\/\/i0.wp.com\/www.grieta.org.mx\/wp-content\/uploads\/2020\/04\/Screenshot_2020-04-07-Exigen-un-alto-a-violencia-contra-periodistas-tras-asesinato-en-Veracruz-Video.png?resize=350%2C200&ssl=1 1x, https:\/\/i0.wp.com\/www.grieta.org.mx\/wp-content\/uploads\/2020\/04\/Screenshot_2020-04-07-Exigen-un-alto-a-violencia-contra-periodistas-tras-asesinato-en-Veracruz-Video.png?resize=525%2C300&ssl=1 1.5x"},"classes":[]},{"id":50540,"url":"https:\/\/www.grieta.org.mx\/index.php\/2020\/05\/24\/atentan-contra-hija-de-maria-elena-ferral-periodista-asesinada-en-veracruz\/","url_meta":{"origin":33184,"position":4},"title":"Atentan contra hija de Mar\u00eda Elena Ferral, periodista asesinada en Veracruz","author":"Admin","date":"24 mayo, 2020","format":false,"excerpt":"Redacci\u00f3n \/ Animal Pol\u00edtico La hija de Mar\u00eda Elena Ferral, periodista asesinada en Veracruz, sufri\u00f3 un atentado este domingo y dijo que result\u00f3 ilesa gracias a la intervenci\u00f3n de elementos que cuidan su seguridad. \u201cEl d\u00eda de hoy a las 10:40 de la ma\u00f1ana, fu\u00ed v\u00edctima de un atentado en\u2026","rel":"","context":"En &quot;CINTILLO&quot;","block_context":{"text":"CINTILLO","link":"https:\/\/www.grieta.org.mx\/index.php\/category\/cintillo\/"},"img":{"alt_text":"","src":"https:\/\/i0.wp.com\/www.grieta.org.mx\/wp-content\/uploads\/2020\/06\/Screenshot_2020-06-08-Atentan-contra-hija-de-Mar%C3%ADa-Elena-Ferral-periodista-asesinada-en-Veracruz.png?resize=350%2C200&ssl=1","width":350,"height":200,"srcset":"https:\/\/i0.wp.com\/www.grieta.org.mx\/wp-content\/uploads\/2020\/06\/Screenshot_2020-06-08-Atentan-contra-hija-de-Mar%C3%ADa-Elena-Ferral-periodista-asesinada-en-Veracruz.png?resize=350%2C200&ssl=1 1x, https:\/\/i0.wp.com\/www.grieta.org.mx\/wp-content\/uploads\/2020\/06\/Screenshot_2020-06-08-Atentan-contra-hija-de-Mar%C3%ADa-Elena-Ferral-periodista-asesinada-en-Veracruz.png?resize=525%2C300&ssl=1 1.5x, https:\/\/i0.wp.com\/www.grieta.org.mx\/wp-content\/uploads\/2020\/06\/Screenshot_2020-06-08-Atentan-contra-hija-de-Mar%C3%ADa-Elena-Ferral-periodista-asesinada-en-Veracruz.png?resize=700%2C400&ssl=1 2x, https:\/\/i0.wp.com\/www.grieta.org.mx\/wp-content\/uploads\/2020\/06\/Screenshot_2020-06-08-Atentan-contra-hija-de-Mar%C3%ADa-Elena-Ferral-periodista-asesinada-en-Veracruz.png?resize=1050%2C600&ssl=1 3x"},"classes":[]},{"id":27921,"url":"https:\/\/www.grieta.org.mx\/index.php\/2018\/10\/04\/despues-de-publicar-reportaje-sobre-secretario-de-gobernacion-de-veracruz-periodista-es-amenazado\/","url_meta":{"origin":33184,"position":5},"title":"Despu\u00e9s de publicar reportaje sobre Secretario de Gobernaci\u00f3n de Veracruz, periodista es amenazado","author":"grieta","date":"4 octubre, 2018","format":false,"excerpt":"Redacci\u00f3n \/ Somos el medio Ciudad de M\u00e9xico a 4 de octubre de 2018.- El periodista Ricardo Ram\u00edrez Ju\u00e1rez fue privado de su libertad, amenazado, intimidado y robado junto con un acompa\u00f1ante por dos hombres armados el 7 de septiembre debido a que exhibi\u00f3 en un trabajo period\u00edstico una red\u2026","rel":"","context":"En &quot;NOTICIAS NACIONALES&quot;","block_context":{"text":"NOTICIAS NACIONALES","link":"https:\/\/www.grieta.org.mx\/index.php\/category\/noticias-nacionales\/"},"img":{"alt_text":"","src":"https:\/\/i0.wp.com\/www.grieta.org.mx\/wp-content\/uploads\/2018\/12\/Rogelio-Franco-Castn_2016-1-1024x647.jpg?resize=350%2C200&ssl=1","width":350,"height":200,"srcset":"https:\/\/i0.wp.com\/www.grieta.org.mx\/wp-content\/uploads\/2018\/12\/Rogelio-Franco-Castn_2016-1-1024x647.jpg?resize=350%2C200&ssl=1 1x, https:\/\/i0.wp.com\/www.grieta.org.mx\/wp-content\/uploads\/2018\/12\/Rogelio-Franco-Castn_2016-1-1024x647.jpg?resize=525%2C300&ssl=1 1.5x, https:\/\/i0.wp.com\/www.grieta.org.mx\/wp-content\/uploads\/2018\/12\/Rogelio-Franco-Castn_2016-1-1024x647.jpg?resize=700%2C400&ssl=1 2x"},"classes":[]}],"_links":{"self":[{"href":"https:\/\/www.grieta.org.mx\/index.php\/wp-json\/wp\/v2\/posts\/33184","targetHints":{"allow":["GET"]}}],"collection":[{"href":"https:\/\/www.grieta.org.mx\/index.php\/wp-json\/wp\/v2\/posts"}],"about":[{"href":"https:\/\/www.grieta.org.mx\/index.php\/wp-json\/wp\/v2\/types\/post"}],"author":[{"embeddable":true,"href":"https:\/\/www.grieta.org.mx\/index.php\/wp-json\/wp\/v2\/users\/2"}],"replies":[{"embeddable":true,"href":"https:\/\/www.grieta.org.mx\/index.php\/wp-json\/wp\/v2\/comments?post=33184"}],"version-history":[{"count":1,"href":"https:\/\/www.grieta.org.mx\/index.php\/wp-json\/wp\/v2\/posts\/33184\/revisions"}],"predecessor-version":[{"id":33187,"href":"https:\/\/www.grieta.org.mx\/index.php\/wp-json\/wp\/v2\/posts\/33184\/revisions\/33187"}],"wp:featuredmedia":[{"embeddable":true,"href":"https:\/\/www.grieta.org.mx\/index.php\/wp-json\/wp\/v2\/media\/33186"}],"wp:attachment":[{"href":"https:\/\/www.grieta.org.mx\/index.php\/wp-json\/wp\/v2\/media?parent=33184"}],"wp:term":[{"taxonomy":"category","embeddable":true,"href":"https:\/\/www.grieta.org.mx\/index.php\/wp-json\/wp\/v2\/categories?post=33184"},{"taxonomy":"post_tag","embeddable":true,"href":"https:\/\/www.grieta.org.mx\/index.php\/wp-json\/wp\/v2\/tags?post=33184"}],"curies":[{"name":"wp","href":"https:\/\/api.w.org\/{rel}","templated":true}]}}