{"id":33177,"date":"2019-04-29T00:23:21","date_gmt":"2019-04-29T05:23:21","guid":{"rendered":"http:\/\/www.grieta.org.mx\/?p=33177"},"modified":"2019-05-09T00:28:56","modified_gmt":"2019-05-09T05:28:56","slug":"crece-a-43-fosas-en-cementerio-clandestino-en-veracruz","status":"publish","type":"post","link":"https:\/\/www.grieta.org.mx\/index.php\/2019\/04\/29\/crece-a-43-fosas-en-cementerio-clandestino-en-veracruz\/","title":{"rendered":"Crece a 43 fosas en cementerio clandestino en Veracruz"},"content":{"rendered":"<p><img loading=\"lazy\" decoding=\"async\" data-attachment-id=\"33178\" data-permalink=\"https:\/\/www.grieta.org.mx\/index.php\/2019\/04\/29\/crece-a-43-fosas-en-cementerio-clandestino-en-veracruz\/direct-92\/\" data-orig-file=\"https:\/\/www.grieta.org.mx\/wp-content\/uploads\/2019\/05\/direct-10.jpg\" data-orig-size=\"702,440\" data-comments-opened=\"0\" data-image-meta=\"{&quot;aperture&quot;:&quot;0&quot;,&quot;credit&quot;:&quot;&quot;,&quot;camera&quot;:&quot;&quot;,&quot;caption&quot;:&quot;&quot;,&quot;created_timestamp&quot;:&quot;0&quot;,&quot;copyright&quot;:&quot;&quot;,&quot;focal_length&quot;:&quot;0&quot;,&quot;iso&quot;:&quot;0&quot;,&quot;shutter_speed&quot;:&quot;0&quot;,&quot;title&quot;:&quot;&quot;,&quot;orientation&quot;:&quot;0&quot;}\" data-image-title=\"direct\" data-image-description=\"\" data-image-caption=\"\" data-medium-file=\"https:\/\/www.grieta.org.mx\/wp-content\/uploads\/2019\/05\/direct-10-300x188.jpg\" data-large-file=\"https:\/\/www.grieta.org.mx\/wp-content\/uploads\/2019\/05\/direct-10.jpg\" src=\"http:\/\/www.grieta.org.mx\/wp-content\/uploads\/2019\/05\/direct-10.jpg\" alt=\"\" width=\"702\" height=\"440\" class=\"alignleft size-full wp-image-33178\" srcset=\"https:\/\/www.grieta.org.mx\/wp-content\/uploads\/2019\/05\/direct-10.jpg 702w, https:\/\/www.grieta.org.mx\/wp-content\/uploads\/2019\/05\/direct-10-300x188.jpg 300w\" sizes=\"auto, (max-width: 702px) 100vw, 702px\" \/><\/p>\n<p>Redacci\u00f3n \/ Tabasco Hoy<\/p>\n<blockquote><p>Se localiza en el municipio de \u00darsulo Galv\u00e1n, donde autoridades dedicar\u00e1n 15 d\u00edas al reconocimiento del predio.<\/p><\/blockquote>\n<p>El n\u00famero de fosas localizadas en el cementerio clandestino \u201cEl Huapote\u201d, municipio de \u00darsulo Galv\u00e1n, subi\u00f3 de 36 a 43, durante la primera jornada de b\u00fasqueda que realizaron este lunes, familiares de desaparecidos junto con personal de la Fiscal\u00eda Estatal.<\/p>\n<p><img loading=\"lazy\" decoding=\"async\" data-attachment-id=\"33180\" data-permalink=\"https:\/\/www.grieta.org.mx\/index.php\/2019\/04\/29\/crece-a-43-fosas-en-cementerio-clandestino-en-veracruz\/d5wgvcdwkaicudd\/\" data-orig-file=\"https:\/\/www.grieta.org.mx\/wp-content\/uploads\/2019\/05\/D5WgvCdWkAIcUdd.jpg\" data-orig-size=\"1200,814\" data-comments-opened=\"0\" data-image-meta=\"{&quot;aperture&quot;:&quot;0&quot;,&quot;credit&quot;:&quot;&quot;,&quot;camera&quot;:&quot;&quot;,&quot;caption&quot;:&quot;&quot;,&quot;created_timestamp&quot;:&quot;0&quot;,&quot;copyright&quot;:&quot;&quot;,&quot;focal_length&quot;:&quot;0&quot;,&quot;iso&quot;:&quot;0&quot;,&quot;shutter_speed&quot;:&quot;0&quot;,&quot;title&quot;:&quot;&quot;,&quot;orientation&quot;:&quot;0&quot;}\" data-image-title=\"D5WgvCdWkAIcUdd\" data-image-description=\"\" data-image-caption=\"\" data-medium-file=\"https:\/\/www.grieta.org.mx\/wp-content\/uploads\/2019\/05\/D5WgvCdWkAIcUdd-300x204.jpg\" data-large-file=\"https:\/\/www.grieta.org.mx\/wp-content\/uploads\/2019\/05\/D5WgvCdWkAIcUdd-1024x695.jpg\" src=\"http:\/\/www.grieta.org.mx\/wp-content\/uploads\/2019\/05\/D5WgvCdWkAIcUdd-1024x695.jpg\" alt=\"\" width=\"819\" height=\"556\" class=\"alignleft size-large wp-image-33180\" srcset=\"https:\/\/www.grieta.org.mx\/wp-content\/uploads\/2019\/05\/D5WgvCdWkAIcUdd-1024x695.jpg 1024w, https:\/\/www.grieta.org.mx\/wp-content\/uploads\/2019\/05\/D5WgvCdWkAIcUdd-300x204.jpg 300w, https:\/\/www.grieta.org.mx\/wp-content\/uploads\/2019\/05\/D5WgvCdWkAIcUdd-768x521.jpg 768w, https:\/\/www.grieta.org.mx\/wp-content\/uploads\/2019\/05\/D5WgvCdWkAIcUdd-737x500.jpg 737w, https:\/\/www.grieta.org.mx\/wp-content\/uploads\/2019\/05\/D5WgvCdWkAIcUdd.jpg 1200w\" sizes=\"auto, (max-width: 819px) 100vw, 819px\" \/><\/p>\n<p>El cementerio clandestino \u201cEl Huapote\u201d fue localizado por la Comisi\u00f3n Nacional de B\u00fasqueda de Personas Desaparecidas y la Fiscal\u00eda Estatal en fechas recientes, y para su procesamiento, primero se dedicar\u00e1n 15 d\u00edas a hacer un reconocimiento del predio y ver si se encuentran m\u00e1s fosas. Una vez concluida esta etapa, se comenzar\u00e1 la exhumaci\u00f3n.<\/p>\n<p>A las 10:30 horas de este lunes, un convoy con diez unidades oficiales, en donde se trasladaban familiares de personas desaparecidas, personal de servicios periciales, elementos de Fuerza Civil, binomios caninos y elementos de la marina arribaron al predio, ubicado a cinco kil\u00f3metros de la cabecera municipal de esa localidad.<\/p>\n<p><a href=\"https:\/\/www.tabascohoy.com\/nota\/477015\/ubican-43-fosas-en-cementerio-clandestino-de-veracruz\">https:\/\/www.tabascohoy.com\/nota\/477015\/ubican-43-fosas-en-cementerio-clandestino-de-veracruz<\/a><\/p>\n","protected":false},"excerpt":{"rendered":"<p>Redacci\u00f3n \/ Tabasco Hoy Se localiza en el municipio de \u00darsulo Galv\u00e1n, donde autoridades dedicar\u00e1n 15 d\u00edas al reconocimiento del predio. El n\u00famero de fosas localizadas en el cementerio clandestino &hellip; <a href=\"https:\/\/www.grieta.org.mx\/index.php\/2019\/04\/29\/crece-a-43-fosas-en-cementerio-clandestino-en-veracruz\/\" class=\"more-link\">Leer m\u00e1s<\/a><\/p>\n","protected":false},"author":2,"featured_media":33178,"comment_status":"closed","ping_status":"closed","sticky":false,"template":"","format":"standard","meta":{"ngg_post_thumbnail":0,"_jetpack_newsletter_access":"","_jetpack_dont_email_post_to_subs":false,"_jetpack_newsletter_tier_id":0,"_jetpack_memberships_contains_paywalled_content":false,"_jetpack_memberships_contains_paid_content":false,"footnotes":""},"categories":[80,87,1012,2,83,35],"tags":[1828,856],"class_list":["post-33177","post","type-post","status-publish","format-standard","has-post-thumbnail","hentry","category-cintillo","category-desaparecidos","category-desaparecidos-en-veracruz","category-noticias-nacionales","category-temas-nacionales","category-veracruz","tag-busqueda-de-desaparecidos","tag-fosas-clandestinas","entry"],"jetpack_featured_media_url":"https:\/\/www.grieta.org.mx\/wp-content\/uploads\/2019\/05\/direct-10.jpg","jetpack_sharing_enabled":true,"jetpack_shortlink":"https:\/\/wp.me\/p7ZJR4-8D7","jetpack_likes_enabled":false,"jetpack-related-posts":[{"id":64501,"url":"https:\/\/www.grieta.org.mx\/index.php\/2022\/05\/16\/en-guanajuato-se-reportan-91-fosas-clandestinas-encontradas-durante-el-2021-y-2022\/","url_meta":{"origin":33177,"position":0},"title":"En Guanajuato se reportan 91 fosas clandestinas encontradas durante el 2021 y 2022","author":"grieta","date":"16 mayo, 2022","format":false,"excerpt":"En 2021 y lo que va del 2022 se hallaron 91 fosas clandestinas en Guanajuato, de acuerdo con los registros de la Comisi\u00f3n Estatal de B\u00fasqueda de Personas Desaparecidas (CEB). AM, Le\u00f3n Gunajauato Por Daniel Gilberto Mart\u00ednez Mac\u00edas lunes, 16 de mayo de 2022 Guanajuato.- En 2021 y lo que\u2026","rel":"","context":"En &quot;CINTILLO&quot;","block_context":{"text":"CINTILLO","link":"https:\/\/www.grieta.org.mx\/index.php\/category\/cintillo\/"},"img":{"alt_text":"","src":"https:\/\/i0.wp.com\/www.grieta.org.mx\/wp-content\/uploads\/2022\/07\/f800x450-353291_404737_5050.jpg?resize=350%2C200&ssl=1","width":350,"height":200,"srcset":"https:\/\/i0.wp.com\/www.grieta.org.mx\/wp-content\/uploads\/2022\/07\/f800x450-353291_404737_5050.jpg?resize=350%2C200&ssl=1 1x, https:\/\/i0.wp.com\/www.grieta.org.mx\/wp-content\/uploads\/2022\/07\/f800x450-353291_404737_5050.jpg?resize=525%2C300&ssl=1 1.5x, https:\/\/i0.wp.com\/www.grieta.org.mx\/wp-content\/uploads\/2022\/07\/f800x450-353291_404737_5050.jpg?resize=700%2C400&ssl=1 2x"},"classes":[]},{"id":68443,"url":"https:\/\/www.grieta.org.mx\/index.php\/2024\/01\/09\/madres-buscadoras-y-familiares-realizan-busqueda-de-desaparecidos-en-el-guamuchil\/","url_meta":{"origin":33177,"position":1},"title":"Madres buscadoras y familiares realizan b\u00fasqueda de desaparecidos en El Guam\u00fachil","author":"grieta","date":"9 enero, 2024","format":false,"excerpt":"Imagen:Especial Isrrael Torres \/ Tribuna de la Bah\u00eda La Comisi\u00f3n Estatal de Personas Desaparecidas, en conjunto con familias de desaparecidos y apoyados por la Guardia Nacional y la Polic\u00eda Estatal Coordinada,\u00a0realizaron labores de b\u00fasqueda en la ribera del r\u00edo de la localidad El Guam\u00fachil, en Bah\u00eda de Banderas. Hubo excavaciones\u2026","rel":"","context":"En &quot;CINTILLO&quot;","block_context":{"text":"CINTILLO","link":"https:\/\/www.grieta.org.mx\/index.php\/category\/cintillo\/"},"img":{"alt_text":"","src":"https:\/\/i0.wp.com\/www.grieta.org.mx\/wp-content\/uploads\/2024\/02\/busqueda-personas-desaparecidas-905x613-1.jpeg?resize=350%2C200&ssl=1","width":350,"height":200,"srcset":"https:\/\/i0.wp.com\/www.grieta.org.mx\/wp-content\/uploads\/2024\/02\/busqueda-personas-desaparecidas-905x613-1.jpeg?resize=350%2C200&ssl=1 1x, https:\/\/i0.wp.com\/www.grieta.org.mx\/wp-content\/uploads\/2024\/02\/busqueda-personas-desaparecidas-905x613-1.jpeg?resize=525%2C300&ssl=1 1.5x, https:\/\/i0.wp.com\/www.grieta.org.mx\/wp-content\/uploads\/2024\/02\/busqueda-personas-desaparecidas-905x613-1.jpeg?resize=700%2C400&ssl=1 2x"},"classes":[]},{"id":65142,"url":"https:\/\/www.grieta.org.mx\/index.php\/2022\/09\/05\/tecoman-el-municipio-con-mas-fosas-clandestinas-en-el-pais-colima\/","url_meta":{"origin":33177,"position":2},"title":"Tecom\u00e1n, el municipio con m\u00e1s fosas clandestinas en el pa\u00eds (Colima)","author":"grieta","date":"5 septiembre, 2022","format":false,"excerpt":"Imagen: Diario Avanzada Redacci\u00f3n \/ Diario Avanzada Colima, M\u00e9xico, Avanzada (05\/09\/2022).- Este fin de semana, la Fiscal\u00eda General del Estado reconoci\u00f3 la localizaci\u00f3n de seis cuerpos sin vida y restos humanos en fosas clandestinas en la comunidad de Caleras,\u00a0en el municipio de Tecom\u00e1n. Unos meses antes,\u00a0en Tecolapa, en el mismo\u2026","rel":"","context":"En &quot;CINTILLO&quot;","block_context":{"text":"CINTILLO","link":"https:\/\/www.grieta.org.mx\/index.php\/category\/cintillo\/"},"img":{"alt_text":"","src":"https:\/\/i0.wp.com\/www.grieta.org.mx\/wp-content\/uploads\/2022\/09\/Fosas-Clandestinas.jpg?resize=350%2C200&ssl=1","width":350,"height":200,"srcset":"https:\/\/i0.wp.com\/www.grieta.org.mx\/wp-content\/uploads\/2022\/09\/Fosas-Clandestinas.jpg?resize=350%2C200&ssl=1 1x, https:\/\/i0.wp.com\/www.grieta.org.mx\/wp-content\/uploads\/2022\/09\/Fosas-Clandestinas.jpg?resize=525%2C300&ssl=1 1.5x, https:\/\/i0.wp.com\/www.grieta.org.mx\/wp-content\/uploads\/2022\/09\/Fosas-Clandestinas.jpg?resize=700%2C400&ssl=1 2x"},"classes":[]},{"id":36340,"url":"https:\/\/www.grieta.org.mx\/index.php\/2019\/07\/02\/inician-trabajos-de-busqueda-de-cuerpos-en-mega-fosa-del-norte-de-veracruz\/","url_meta":{"origin":33177,"position":3},"title":"Inician trabajos de b\u00fasqueda de cuerpos en mega fosa del norte de Veracruz","author":"grieta","date":"2 julio, 2019","format":false,"excerpt":"Edgar \u00c1vila \/ El Universal -En los \u00faltimos ocho a\u00f1os suman de manera oficial al menos 601 fosas clandestinas en territorio veracruzano, con 518 cuerpos, 560 cr\u00e1neos y 53 mil 606 fragmentos de cuerpos de personas, tanto hombres, mujeres y ni\u00f1os Autoridades ministeriales, de manera conjunta con visitadores de derechos\u2026","rel":"","context":"En &quot;CINTILLO&quot;","block_context":{"text":"CINTILLO","link":"https:\/\/www.grieta.org.mx\/index.php\/category\/cintillo\/"},"img":{"alt_text":"","src":"https:\/\/i0.wp.com\/www.grieta.org.mx\/wp-content\/uploads\/2019\/07\/https-_www.eluniversal.com_.mx_sites_default_files_styles_f03-651x400_public_2019_07_02_fosas_univ.jpg-itokDIKFWbHf.jpg?resize=350%2C200&ssl=1","width":350,"height":200,"srcset":"https:\/\/i0.wp.com\/www.grieta.org.mx\/wp-content\/uploads\/2019\/07\/https-_www.eluniversal.com_.mx_sites_default_files_styles_f03-651x400_public_2019_07_02_fosas_univ.jpg-itokDIKFWbHf.jpg?resize=350%2C200&ssl=1 1x, https:\/\/i0.wp.com\/www.grieta.org.mx\/wp-content\/uploads\/2019\/07\/https-_www.eluniversal.com_.mx_sites_default_files_styles_f03-651x400_public_2019_07_02_fosas_univ.jpg-itokDIKFWbHf.jpg?resize=525%2C300&ssl=1 1.5x"},"classes":[]},{"id":36475,"url":"https:\/\/www.grieta.org.mx\/index.php\/2019\/07\/12\/comite-internacional-de-la-cruz-roja-interviene-en-veracruz-por-desaparecidos\/","url_meta":{"origin":33177,"position":4},"title":"Comit\u00e9 Internacional de la Cruz Roja interviene en Veracruz por desaparecidos","author":"grieta","date":"12 julio, 2019","format":false,"excerpt":"Edgar \u00c1vila \/ El Universal El Comit\u00e9 Internacional de la Cruz Roja para M\u00e9xico y Am\u00e9rica Central (CICR) lleva a cabo una intervenci\u00f3n humanitaria en materia de desaparici\u00f3n de personas y forense en Veracruz, una de las entidades con el mayor n\u00famero de fosas clandestinas. El jefe de la Zona\u2026","rel":"","context":"En &quot;CINTILLO&quot;","block_context":{"text":"CINTILLO","link":"https:\/\/www.grieta.org.mx\/index.php\/category\/cintillo\/"},"img":{"alt_text":"","src":"https:\/\/i0.wp.com\/www.grieta.org.mx\/wp-content\/uploads\/2019\/07\/fosas_univ.jpg?resize=350%2C200&ssl=1","width":350,"height":200,"srcset":"https:\/\/i0.wp.com\/www.grieta.org.mx\/wp-content\/uploads\/2019\/07\/fosas_univ.jpg?resize=350%2C200&ssl=1 1x, https:\/\/i0.wp.com\/www.grieta.org.mx\/wp-content\/uploads\/2019\/07\/fosas_univ.jpg?resize=525%2C300&ssl=1 1.5x"},"classes":[]},{"id":57269,"url":"https:\/\/www.grieta.org.mx\/index.php\/2021\/02\/23\/crece-el-panteon-clandestino-mas-hallazgos-de-fosas-en-colima\/","url_meta":{"origin":33177,"position":5},"title":"Crece el pante\u00f3n clandestino: m\u00e1s hallazgos de fosas en Colima","author":"grieta","date":"23 febrero, 2021","format":false,"excerpt":"Imagen: Diario Avanzada Redacci\u00f3n \/ Diario Avanzada Colima, M\u00e9xico, Avanzada (23\/02\/2021).- Convertido en un creciente pante\u00f3n clandestino, Colima suma cada vez m\u00e1s fosas en su territorio con cuerpos de personas sepultados de manera irregular, todos ellos desaparecidos. El m\u00e1s reciente hallazgo fue el realizado la tarde de este domingo 21\u2026","rel":"","context":"En &quot;CINTILLO&quot;","block_context":{"text":"CINTILLO","link":"https:\/\/www.grieta.org.mx\/index.php\/category\/cintillo\/"},"img":{"alt_text":"","src":"https:\/\/i0.wp.com\/www.grieta.org.mx\/wp-content\/uploads\/2021\/03\/c-m.png?resize=350%2C200&ssl=1","width":350,"height":200,"srcset":"https:\/\/i0.wp.com\/www.grieta.org.mx\/wp-content\/uploads\/2021\/03\/c-m.png?resize=350%2C200&ssl=1 1x, https:\/\/i0.wp.com\/www.grieta.org.mx\/wp-content\/uploads\/2021\/03\/c-m.png?resize=525%2C300&ssl=1 1.5x, https:\/\/i0.wp.com\/www.grieta.org.mx\/wp-content\/uploads\/2021\/03\/c-m.png?resize=700%2C400&ssl=1 2x"},"classes":[]}],"_links":{"self":[{"href":"https:\/\/www.grieta.org.mx\/index.php\/wp-json\/wp\/v2\/posts\/33177","targetHints":{"allow":["GET"]}}],"collection":[{"href":"https:\/\/www.grieta.org.mx\/index.php\/wp-json\/wp\/v2\/posts"}],"about":[{"href":"https:\/\/www.grieta.org.mx\/index.php\/wp-json\/wp\/v2\/types\/post"}],"author":[{"embeddable":true,"href":"https:\/\/www.grieta.org.mx\/index.php\/wp-json\/wp\/v2\/users\/2"}],"replies":[{"embeddable":true,"href":"https:\/\/www.grieta.org.mx\/index.php\/wp-json\/wp\/v2\/comments?post=33177"}],"version-history":[{"count":1,"href":"https:\/\/www.grieta.org.mx\/index.php\/wp-json\/wp\/v2\/posts\/33177\/revisions"}],"predecessor-version":[{"id":33181,"href":"https:\/\/www.grieta.org.mx\/index.php\/wp-json\/wp\/v2\/posts\/33177\/revisions\/33181"}],"wp:featuredmedia":[{"embeddable":true,"href":"https:\/\/www.grieta.org.mx\/index.php\/wp-json\/wp\/v2\/media\/33178"}],"wp:attachment":[{"href":"https:\/\/www.grieta.org.mx\/index.php\/wp-json\/wp\/v2\/media?parent=33177"}],"wp:term":[{"taxonomy":"category","embeddable":true,"href":"https:\/\/www.grieta.org.mx\/index.php\/wp-json\/wp\/v2\/categories?post=33177"},{"taxonomy":"post_tag","embeddable":true,"href":"https:\/\/www.grieta.org.mx\/index.php\/wp-json\/wp\/v2\/tags?post=33177"}],"curies":[{"name":"wp","href":"https:\/\/api.w.org\/{rel}","templated":true}]}}