{"id":33100,"date":"2019-05-02T21:25:43","date_gmt":"2019-05-03T02:25:43","guid":{"rendered":"http:\/\/www.grieta.org.mx\/?p=33100"},"modified":"2019-05-08T21:32:25","modified_gmt":"2019-05-09T02:32:25","slug":"trabajadores-del-parque-tangamanga-reclaman-salario-san-luis-potosi","status":"publish","type":"post","link":"https:\/\/www.grieta.org.mx\/index.php\/2019\/05\/02\/trabajadores-del-parque-tangamanga-reclaman-salario-san-luis-potosi\/","title":{"rendered":"Trabajadores del Parque Tangamanga reclaman salario (San Luis Potos\u00ed)"},"content":{"rendered":"<p><img loading=\"lazy\" decoding=\"async\" data-attachment-id=\"33101\" data-permalink=\"https:\/\/www.grieta.org.mx\/index.php\/2019\/05\/02\/trabajadores-del-parque-tangamanga-reclaman-salario-san-luis-potosi\/trabajadores-del-parque-tangamanga-reclaman-salario-slp-may\/\" data-orig-file=\"https:\/\/www.grieta.org.mx\/wp-content\/uploads\/2019\/05\/Trabajadores-del-Parque-Tangamanga-reclaman-salario-slp-may.jpg\" data-orig-size=\"1280,960\" data-comments-opened=\"0\" data-image-meta=\"{&quot;aperture&quot;:&quot;0&quot;,&quot;credit&quot;:&quot;&quot;,&quot;camera&quot;:&quot;&quot;,&quot;caption&quot;:&quot;&quot;,&quot;created_timestamp&quot;:&quot;0&quot;,&quot;copyright&quot;:&quot;&quot;,&quot;focal_length&quot;:&quot;0&quot;,&quot;iso&quot;:&quot;0&quot;,&quot;shutter_speed&quot;:&quot;0&quot;,&quot;title&quot;:&quot;&quot;,&quot;orientation&quot;:&quot;0&quot;}\" data-image-title=\"Trabajadores del Parque Tangamanga reclaman salario slp may\" data-image-description=\"\" data-image-caption=\"\" data-medium-file=\"https:\/\/www.grieta.org.mx\/wp-content\/uploads\/2019\/05\/Trabajadores-del-Parque-Tangamanga-reclaman-salario-slp-may-300x225.jpg\" data-large-file=\"https:\/\/www.grieta.org.mx\/wp-content\/uploads\/2019\/05\/Trabajadores-del-Parque-Tangamanga-reclaman-salario-slp-may-1024x768.jpg\" class=\"alignleft size-large wp-image-33101\" src=\"http:\/\/www.grieta.org.mx\/wp-content\/uploads\/2019\/05\/Trabajadores-del-Parque-Tangamanga-reclaman-salario-slp-may-1024x768.jpg\" alt=\"\" width=\"1024\" height=\"768\" srcset=\"https:\/\/www.grieta.org.mx\/wp-content\/uploads\/2019\/05\/Trabajadores-del-Parque-Tangamanga-reclaman-salario-slp-may-1024x768.jpg 1024w, https:\/\/www.grieta.org.mx\/wp-content\/uploads\/2019\/05\/Trabajadores-del-Parque-Tangamanga-reclaman-salario-slp-may-300x225.jpg 300w, https:\/\/www.grieta.org.mx\/wp-content\/uploads\/2019\/05\/Trabajadores-del-Parque-Tangamanga-reclaman-salario-slp-may-768x576.jpg 768w, https:\/\/www.grieta.org.mx\/wp-content\/uploads\/2019\/05\/Trabajadores-del-Parque-Tangamanga-reclaman-salario-slp-may-667x500.jpg 667w, https:\/\/www.grieta.org.mx\/wp-content\/uploads\/2019\/05\/Trabajadores-del-Parque-Tangamanga-reclaman-salario-slp-may.jpg 1280w\" sizes=\"auto, (max-width: 1024px) 100vw, 1024px\" \/><br \/>\nPlano Informativo<\/p>\n<blockquote><p>Hay una presunta retenci\u00f3n del salario correspondiente a la segunda quincena del mes de abril y por la falta de seguridad social.<\/p><\/blockquote>\n<p>San Luis Potos\u00ed, SLP.- Trabajadores de los parques Tangamanga I y II, se manifestaron al exterior del Palacio del Gobierno del Estado, por la presunta retenci\u00f3n del salario correspondiente a la segunda quincena del mes de abril y por la falta de seguridad social.<\/p>\n<p>Los veinte participantes afiliados al Sindicato \u00danico de Trabajadores del Gobierno del Estado (SUTGE), se\u00f1alaron que cerca de 60 personas, son afectadas por las supuestas omisiones de los patrones.<\/p>\n<p>\u201cEs un derecho b\u00e1sico por que tenemos una familia, que tenemos que amparar con ese servicio de seguridad p\u00fablica\u201d, reclam\u00f3 un quejoso, en medio de los manifestantes.<\/p>\n<p>\u201cNo es posible que las personas est\u00e9n trabajando y se les haya retenido su salario, el fruto de su trabajo, a estas personas no se les pag\u00f3 su salario correspondiente a la segunda quincena del mes pasado, acabamos de pasar el festejo del primero de mayo y si ustedes recuerdan las luchas laborales han obligado a los patrones a que cumplan con sus obligaciones con los trabajadores\u201d, detall\u00f3 otro manifestante de edad avanzada.<\/p>\n<p><a href=\"http:\/\/planoinformativo.com\/657517\/trabajadores-del-parque-tangamanga-reclaman-salario-slp\" target=\"_blank\" rel=\"noopener noreferrer\">http:\/\/planoinformativo.com\/657517\/trabajadores-del-parque-tangamanga-reclaman-salario-slp<\/a><\/p>\n","protected":false},"excerpt":{"rendered":"<p>Plano Informativo Hay una presunta retenci\u00f3n del salario correspondiente a la segunda quincena del mes de abril y por la falta de seguridad social. San Luis Potos\u00ed, SLP.- Trabajadores de &hellip; <a href=\"https:\/\/www.grieta.org.mx\/index.php\/2019\/05\/02\/trabajadores-del-parque-tangamanga-reclaman-salario-san-luis-potosi\/\" class=\"more-link\">Leer m\u00e1s<\/a><\/p>\n","protected":false},"author":2,"featured_media":33101,"comment_status":"closed","ping_status":"closed","sticky":false,"template":"","format":"standard","meta":{"ngg_post_thumbnail":0,"_jetpack_newsletter_access":"","_jetpack_dont_email_post_to_subs":false,"_jetpack_newsletter_tier_id":0,"_jetpack_memberships_contains_paywalled_content":false,"_jetpack_memberships_contains_paid_content":false,"footnotes":""},"categories":[80,910,1273,2,29,83],"tags":[1690,1291,1290],"class_list":["post-33100","post","type-post","status-publish","format-standard","has-post-thumbnail","hentry","category-cintillo","category-explotacion-y-precariedad-laboral","category-explotacion-y-precariedad-laboral-en-san-luis-potosi","category-noticias-nacionales","category-san-luis-potosi","category-temas-nacionales","tag-adeudo-de-salarios","tag-explotacion-laboral","tag-precariedad-laboral","entry"],"jetpack_featured_media_url":"https:\/\/www.grieta.org.mx\/wp-content\/uploads\/2019\/05\/Trabajadores-del-Parque-Tangamanga-reclaman-salario-slp-may.jpg","jetpack_sharing_enabled":true,"jetpack_shortlink":"https:\/\/wp.me\/p7ZJR4-8BS","jetpack_likes_enabled":false,"jetpack-related-posts":[{"id":31315,"url":"https:\/\/www.grieta.org.mx\/index.php\/2019\/03\/22\/por-falta-de-pago-de-sueldos-empleados-cerraron-tamtoc-san-luis-potosi\/","url_meta":{"origin":33100,"position":0},"title":"POR FALTA DE PAGO DE SUELDOS EMPLEADOS CERRARON TAMTOC (San Luis Potos\u00ed)","author":"grieta","date":"22 marzo, 2019","format":false,"excerpt":"Ismael Gonz\u00e1lez \/ Zunoticia Por falta de pago de dos meses de sueldo, empleados del Instituto Nacional de Antropolog\u00eda e Historia (INAH) cerraron la ma\u00f1ana de ayer el acceso al sitio arqueol\u00f3gico de Tamtoc en el municipio de Tamu\u00edn afectando con ello a turistas que acud\u00edan a visitar ese lugar.\u2026","rel":"","context":"En &quot;CINTILLO&quot;","block_context":{"text":"CINTILLO","link":"https:\/\/www.grieta.org.mx\/index.php\/category\/cintillo\/"},"img":{"alt_text":"","src":"https:\/\/i0.wp.com\/www.grieta.org.mx\/wp-content\/uploads\/2019\/03\/Por-falta-de-pago-de-sueldos-empleados-cerraron-Tamtoc-slp-mzo.jpg?resize=350%2C200","width":350,"height":200},"classes":[]},{"id":40433,"url":"https:\/\/www.grieta.org.mx\/index.php\/2019\/10\/22\/trabajadores-de-totalplay-en-san-luis-potosi-denuncian-explotacion-laboral\/","url_meta":{"origin":33100,"position":1},"title":"Trabajadores de TotalPlay en San Luis Potos\u00ed denuncian explotaci\u00f3n laboral","author":"grieta","date":"22 octubre, 2019","format":false,"excerpt":"Redacci\u00f3n\/C\u00f3digo San Luis * Los obligan a laborar los siete d\u00edas de la semana, sin horario de salida y sin remuneraci\u00f3n extra por las horas de m\u00e1s A trav\u00e9s de una denuncia ciudadana, trabajadores e instaladores acusaron a la empresa TotalPlay de explotaci\u00f3n laboral. El gerente de la plaza de\u2026","rel":"","context":"En &quot;Explotaci\u00f3n y precariedad laboral&quot;","block_context":{"text":"Explotaci\u00f3n y precariedad laboral","link":"https:\/\/www.grieta.org.mx\/index.php\/category\/temas-nacionales\/explotacion-y-precariedad-laboral\/"},"img":{"alt_text":"","src":"https:\/\/i0.wp.com\/www.grieta.org.mx\/wp-content\/uploads\/2019\/10\/https___www.codigosanluis.com_wp-content_uploads_2019_10_totalplay-denuncias.jpg?resize=350%2C200&ssl=1","width":350,"height":200,"srcset":"https:\/\/i0.wp.com\/www.grieta.org.mx\/wp-content\/uploads\/2019\/10\/https___www.codigosanluis.com_wp-content_uploads_2019_10_totalplay-denuncias.jpg?resize=350%2C200&ssl=1 1x, https:\/\/i0.wp.com\/www.grieta.org.mx\/wp-content\/uploads\/2019\/10\/https___www.codigosanluis.com_wp-content_uploads_2019_10_totalplay-denuncias.jpg?resize=525%2C300&ssl=1 1.5x, https:\/\/i0.wp.com\/www.grieta.org.mx\/wp-content\/uploads\/2019\/10\/https___www.codigosanluis.com_wp-content_uploads_2019_10_totalplay-denuncias.jpg?resize=700%2C400&ssl=1 2x"},"classes":[]},{"id":55014,"url":"https:\/\/www.grieta.org.mx\/index.php\/2020\/11\/12\/trabajadores-del-canal-13-de-san-luis-potosi-estallan-huelga-por-adeudo-salarial\/","url_meta":{"origin":33100,"position":2},"title":"Trabajadores del Canal 13 de San Luis Potos\u00ed estallan huelga por adeudo salarial","author":"grieta","date":"12 noviembre, 2020","format":false,"excerpt":"Felipe C\u00e1rdenas\/El Sol de San Luis 12 noviembre 2020 Luego de 25 a\u00f1os de transmitir ininterrumpidamente la se\u00f1al de televisora potosina Canal 13 se apag\u00f3 debido a un estallamiento de huelga por adeudos salariales a la plantilla laboral. El estallamiento de huelga lo encabez\u00f3 el l\u00edder local del Sitatyr, Diego\u2026","rel":"","context":"En &quot;CINTILLO&quot;","block_context":{"text":"CINTILLO","link":"https:\/\/www.grieta.org.mx\/index.php\/category\/cintillo\/"},"img":{"alt_text":"","src":"https:\/\/i0.wp.com\/www.grieta.org.mx\/wp-content\/uploads\/2020\/11\/El-lider-del-Sitatyr-en-SLP-estallo%CC%81-la-huelga.jpg?resize=350%2C200&ssl=1","width":350,"height":200,"srcset":"https:\/\/i0.wp.com\/www.grieta.org.mx\/wp-content\/uploads\/2020\/11\/El-lider-del-Sitatyr-en-SLP-estallo%CC%81-la-huelga.jpg?resize=350%2C200&ssl=1 1x, https:\/\/i0.wp.com\/www.grieta.org.mx\/wp-content\/uploads\/2020\/11\/El-lider-del-Sitatyr-en-SLP-estallo%CC%81-la-huelga.jpg?resize=525%2C300&ssl=1 1.5x, https:\/\/i0.wp.com\/www.grieta.org.mx\/wp-content\/uploads\/2020\/11\/El-lider-del-Sitatyr-en-SLP-estallo%CC%81-la-huelga.jpg?resize=700%2C400&ssl=1 2x"},"classes":[]},{"id":33118,"url":"https:\/\/www.grieta.org.mx\/index.php\/2019\/05\/07\/reportan-despidos-masivos-en-conafe-san-luis-potosi\/","url_meta":{"origin":33100,"position":3},"title":"Reportan despidos masivos en Conafe (San Luis Potos\u00ed)","author":"grieta","date":"7 mayo, 2019","format":false,"excerpt":"Rub\u00e9n Pacheco \/ Pulso La cuarta transformaci\u00f3n alcanz\u00f3 a 24 trabajadores eventuales en la delegaci\u00f3n de San Luis Potos\u00ed Desde el viernes pasado, 24 trabajadores eventuales fueron despedidos de la delegaci\u00f3n en San Luis Potos\u00ed del Consejo Nacional de Fomento Educativo (Conafe), quienes desarrollaban labores en las cuatro regiones de\u2026","rel":"","context":"En &quot;CINTILLO&quot;","block_context":{"text":"CINTILLO","link":"https:\/\/www.grieta.org.mx\/index.php\/category\/cintillo\/"},"img":{"alt_text":"","src":"https:\/\/i0.wp.com\/www.grieta.org.mx\/wp-content\/uploads\/2019\/05\/Reportan-despidos-masivos-en-Conafe-slp-may.jpg?resize=350%2C200&ssl=1","width":350,"height":200,"srcset":"https:\/\/i0.wp.com\/www.grieta.org.mx\/wp-content\/uploads\/2019\/05\/Reportan-despidos-masivos-en-Conafe-slp-may.jpg?resize=350%2C200&ssl=1 1x, https:\/\/i0.wp.com\/www.grieta.org.mx\/wp-content\/uploads\/2019\/05\/Reportan-despidos-masivos-en-Conafe-slp-may.jpg?resize=525%2C300&ssl=1 1.5x"},"classes":[]},{"id":31303,"url":"https:\/\/www.grieta.org.mx\/index.php\/2019\/03\/27\/unen-plantones-sutsge-y-sittge-en-palacio-de-gobierno-san-luis-potosi\/","url_meta":{"origin":33100,"position":4},"title":"Unen plantones SUTSGE y SITTGE en palacio de gobierno (San Luis Potos\u00ed)","author":"grieta","date":"27 marzo, 2019","format":false,"excerpt":"Berenice Guti\u00e9rrez \/ Global Media Los bur\u00f3cratas instalaron toldos, mesas y sillas que se unieron a las instaladas por el SITTGE, quienes tambi\u00e9n reclaman el respeto a los derechos laborales de los agremiados San Luis Potos\u00ed, M\u00e9xico (27 marzo 2019).- El Sindicato \u00danico de Trabajadores al Servicio de Gobierno del\u2026","rel":"","context":"En &quot;CINTILLO&quot;","block_context":{"text":"CINTILLO","link":"https:\/\/www.grieta.org.mx\/index.php\/category\/cintillo\/"},"img":{"alt_text":"","src":"https:\/\/i0.wp.com\/www.grieta.org.mx\/wp-content\/uploads\/2019\/03\/Unen-plantones-SUTSGE-y-SITTGE-en-palacio-de-gobierno-slp-mzo.jpeg?resize=350%2C200&ssl=1","width":350,"height":200,"srcset":"https:\/\/i0.wp.com\/www.grieta.org.mx\/wp-content\/uploads\/2019\/03\/Unen-plantones-SUTSGE-y-SITTGE-en-palacio-de-gobierno-slp-mzo.jpeg?resize=350%2C200&ssl=1 1x, https:\/\/i0.wp.com\/www.grieta.org.mx\/wp-content\/uploads\/2019\/03\/Unen-plantones-SUTSGE-y-SITTGE-en-palacio-de-gobierno-slp-mzo.jpeg?resize=525%2C300&ssl=1 1.5x"},"classes":[]},{"id":24506,"url":"https:\/\/www.grieta.org.mx\/index.php\/2018\/07\/11\/goodyear-despide-a-trabajadores-san-luis-potosi\/","url_meta":{"origin":33100,"position":5},"title":"Goodyear despide a trabajadores (San Luis Potos\u00ed)","author":"grieta","date":"11 julio, 2018","format":false,"excerpt":"Emilia Monreal \/ Plano Informativo En meses pasados expresaron su inconformidad con los bajos salarios y la violaci\u00f3n a sus derechos laborales; como represalia los despidieron San Luis Potos\u00ed, SLP.- La llantera Goodyear despidi\u00f3 a trabajadores, pese al acuerdo del pasado 25 de abril de no tomar represalias contra quienes\u2026","rel":"","context":"En &quot;CINTILLO&quot;","block_context":{"text":"CINTILLO","link":"https:\/\/www.grieta.org.mx\/index.php\/category\/cintillo\/"},"img":{"alt_text":"","src":"https:\/\/i0.wp.com\/www.grieta.org.mx\/wp-content\/uploads\/2018\/07\/Goodyear-despide-a-trabajadores-San-Luis-Potos%C3%AD.jpg?resize=350%2C200&ssl=1","width":350,"height":200,"srcset":"https:\/\/i0.wp.com\/www.grieta.org.mx\/wp-content\/uploads\/2018\/07\/Goodyear-despide-a-trabajadores-San-Luis-Potos%C3%AD.jpg?resize=350%2C200&ssl=1 1x, https:\/\/i0.wp.com\/www.grieta.org.mx\/wp-content\/uploads\/2018\/07\/Goodyear-despide-a-trabajadores-San-Luis-Potos%C3%AD.jpg?resize=525%2C300&ssl=1 1.5x, https:\/\/i0.wp.com\/www.grieta.org.mx\/wp-content\/uploads\/2018\/07\/Goodyear-despide-a-trabajadores-San-Luis-Potos%C3%AD.jpg?resize=700%2C400&ssl=1 2x"},"classes":[]}],"_links":{"self":[{"href":"https:\/\/www.grieta.org.mx\/index.php\/wp-json\/wp\/v2\/posts\/33100","targetHints":{"allow":["GET"]}}],"collection":[{"href":"https:\/\/www.grieta.org.mx\/index.php\/wp-json\/wp\/v2\/posts"}],"about":[{"href":"https:\/\/www.grieta.org.mx\/index.php\/wp-json\/wp\/v2\/types\/post"}],"author":[{"embeddable":true,"href":"https:\/\/www.grieta.org.mx\/index.php\/wp-json\/wp\/v2\/users\/2"}],"replies":[{"embeddable":true,"href":"https:\/\/www.grieta.org.mx\/index.php\/wp-json\/wp\/v2\/comments?post=33100"}],"version-history":[{"count":1,"href":"https:\/\/www.grieta.org.mx\/index.php\/wp-json\/wp\/v2\/posts\/33100\/revisions"}],"predecessor-version":[{"id":33102,"href":"https:\/\/www.grieta.org.mx\/index.php\/wp-json\/wp\/v2\/posts\/33100\/revisions\/33102"}],"wp:featuredmedia":[{"embeddable":true,"href":"https:\/\/www.grieta.org.mx\/index.php\/wp-json\/wp\/v2\/media\/33101"}],"wp:attachment":[{"href":"https:\/\/www.grieta.org.mx\/index.php\/wp-json\/wp\/v2\/media?parent=33100"}],"wp:term":[{"taxonomy":"category","embeddable":true,"href":"https:\/\/www.grieta.org.mx\/index.php\/wp-json\/wp\/v2\/categories?post=33100"},{"taxonomy":"post_tag","embeddable":true,"href":"https:\/\/www.grieta.org.mx\/index.php\/wp-json\/wp\/v2\/tags?post=33100"}],"curies":[{"name":"wp","href":"https:\/\/api.w.org\/{rel}","templated":true}]}}