{"id":33039,"date":"2019-05-04T18:44:40","date_gmt":"2019-05-04T23:44:40","guid":{"rendered":"http:\/\/www.grieta.org.mx\/?p=33039"},"modified":"2019-05-06T19:00:27","modified_gmt":"2019-05-07T00:00:27","slug":"hay-632-migrantes-queretanos-desaparecidos-queretaro","status":"publish","type":"post","link":"https:\/\/www.grieta.org.mx\/index.php\/2019\/05\/04\/hay-632-migrantes-queretanos-desaparecidos-queretaro\/","title":{"rendered":"Hay 632 migrantes queretanos desaparecidos (Quer\u00e9taro)"},"content":{"rendered":"<p><img loading=\"lazy\" decoding=\"async\" data-attachment-id=\"33040\" data-permalink=\"https:\/\/www.grieta.org.mx\/index.php\/2019\/05\/04\/hay-632-migrantes-queretanos-desaparecidos-queretaro\/qromig\/\" data-orig-file=\"https:\/\/www.grieta.org.mx\/wp-content\/uploads\/2019\/05\/qromig.jpg\" data-orig-size=\"1020,640\" data-comments-opened=\"0\" data-image-meta=\"{&quot;aperture&quot;:&quot;0&quot;,&quot;credit&quot;:&quot;&quot;,&quot;camera&quot;:&quot;&quot;,&quot;caption&quot;:&quot;&quot;,&quot;created_timestamp&quot;:&quot;0&quot;,&quot;copyright&quot;:&quot;&quot;,&quot;focal_length&quot;:&quot;0&quot;,&quot;iso&quot;:&quot;0&quot;,&quot;shutter_speed&quot;:&quot;0&quot;,&quot;title&quot;:&quot;&quot;,&quot;orientation&quot;:&quot;0&quot;}\" data-image-title=\"qromig\" data-image-description=\"\" data-image-caption=\"\" data-medium-file=\"https:\/\/www.grieta.org.mx\/wp-content\/uploads\/2019\/05\/qromig-300x188.jpg\" data-large-file=\"https:\/\/www.grieta.org.mx\/wp-content\/uploads\/2019\/05\/qromig.jpg\" class=\" wp-image-33040 aligncenter\" src=\"http:\/\/www.grieta.org.mx\/wp-content\/uploads\/2019\/05\/qromig.jpg\" alt=\"\" width=\"763\" height=\"479\" srcset=\"https:\/\/www.grieta.org.mx\/wp-content\/uploads\/2019\/05\/qromig.jpg 1020w, https:\/\/www.grieta.org.mx\/wp-content\/uploads\/2019\/05\/qromig-300x188.jpg 300w, https:\/\/www.grieta.org.mx\/wp-content\/uploads\/2019\/05\/qromig-768x482.jpg 768w, https:\/\/www.grieta.org.mx\/wp-content\/uploads\/2019\/05\/qromig-797x500.jpg 797w\" sizes=\"auto, (max-width: 763px) 100vw, 763px\" \/><\/p>\n<p><em>Quer\u00e9taro, Cadereyta y Tolim\u00e1n son los municipios en los que se tiene un mayor registro de migrantes queretanos desaparecidos<\/em><\/p>\n<p>Roxana Romero \/ am de Quer\u00e9taro<\/p>\n<p>El periodista Agust\u00edn Escobar Ledesma inform\u00f3 que, de acuerdo con una investigaci\u00f3n que realiz\u00f3 de 2013 a 2016, en Quer\u00e9taro hay alrededor de 632 migrantes queretanos que partieron de sus viviendas y no se supo m\u00e1s de ellos.<\/p>\n<p>Esta investigaci\u00f3n est\u00e1 plasmada en el libro \u2018\u00bfD\u00f3nde est\u00e1n?: Migrantes queretanos desaparecidos\u2019, editado y publicado por la Universidad Aut\u00f3noma de Quer\u00e9taro (UAQ) y que ser\u00e1 presentado el 7 de mayo en el Auditorio Fernando D\u00edaz Ram\u00edrez.<\/p>\n<p>El periodista se\u00f1al\u00f3 que sus resultados arrojaron que, de los 632, 570 de paradero desconocido porque desaparecieron debido a desastres naturales o accidentes; mientras que en el resto est\u00e1 vinculado el crimen organizado.<\/p>\n<p>Quer\u00e9taro, Cadereyta y Tolim\u00e1n son los municipios en los que se tiene un mayor registro de migrantes queretanos desaparecidos, en los cuales hay notificaci\u00f3n de 72 (en su mayor\u00eda de Santa Rosa J\u00e1uregui), 60 y 54 casos respectivamente.<\/p>\n<p>Aunque las localidades antes mencionadas son las que tienen mayor n\u00famero de casos, hay desaparecidos en los 18 municipios del estado.<\/p>\n<p>&#8220;En este libro que publica la Universidad es un aporte a la sociedad, a esta herida social abierta, porque es una herida que no est\u00e1 atendida y hay cientos de familias que est\u00e1n sufriendo la ausencia de una persona migrante\u201d, se\u00f1al\u00f3 el coordinador de Radio Universidad.<\/p>\n<p><a href=\"https:\/\/amqueretaro.com\/queretaro\/2019\/05\/04\/hay-632-migrantes-queretanos-desaparecidos\/\">https:\/\/amqueretaro.com\/queretaro\/2019\/05\/04\/hay-632-migrantes-queretanos-desaparecidos\/<\/a><\/p>\n","protected":false},"excerpt":{"rendered":"<p>Quer\u00e9taro, Cadereyta y Tolim\u00e1n son los municipios en los que se tiene un mayor registro de migrantes queretanos desaparecidos Roxana Romero \/ am de Quer\u00e9taro El periodista Agust\u00edn Escobar Ledesma &hellip; <a href=\"https:\/\/www.grieta.org.mx\/index.php\/2019\/05\/04\/hay-632-migrantes-queretanos-desaparecidos-queretaro\/\" class=\"more-link\">Leer m\u00e1s<\/a><\/p>\n","protected":false},"author":2,"featured_media":33040,"comment_status":"closed","ping_status":"closed","sticky":false,"template":"","format":"standard","meta":{"ngg_post_thumbnail":0,"_jetpack_newsletter_access":"","_jetpack_dont_email_post_to_subs":false,"_jetpack_newsletter_tier_id":0,"_jetpack_memberships_contains_paywalled_content":false,"_jetpack_memberships_contains_paid_content":false,"footnotes":""},"categories":[80,87,2529,2530,2,27,83],"tags":[121,2417,1232,1394],"class_list":["post-33039","post","type-post","status-publish","format-standard","has-post-thumbnail","hentry","category-cintillo","category-desaparecidos","category-desaparecidos-en-queretaro","category-migrantes-en-queretaro","category-noticias-nacionales","category-queretaro","category-temas-nacionales","tag-desaparecidos","tag-migrantes-desaparecidos","tag-migrantes-internos","tag-migrantes-nacionales","entry"],"jetpack_featured_media_url":"https:\/\/www.grieta.org.mx\/wp-content\/uploads\/2019\/05\/qromig.jpg","jetpack_sharing_enabled":true,"jetpack_shortlink":"https:\/\/wp.me\/p7ZJR4-8AT","jetpack_likes_enabled":false,"jetpack-related-posts":[{"id":46441,"url":"https:\/\/www.grieta.org.mx\/index.php\/2020\/03\/17\/a-una-decada-de-la-desaparicion-masiva-de-jornaleros-migrantes\/","url_meta":{"origin":33039,"position":0},"title":"A una d\u00e9cada de la desaparici\u00f3n masiva de jornaleros migrantes","author":"grieta","date":"17 marzo, 2020","format":false,"excerpt":"Proceso \/ Agust\u00edn Escobar Ledesma, Alejandro Moya, uno de los j\u00f3venes migrantes jornaleros desaparecidos hace una d\u00e9cada. CIUDAD DE M\u00c9XICO (apro).- La primera desaparici\u00f3n masiva de jornaleros migrantes queretanos ocurri\u00f3 hace una d\u00e9cada, el 17 de marzo de 2010, en Ciudad Miguel Alem\u00e1n, Tamaulipas, cuando el autob\u00fas marca Jaguar de\u2026","rel":"","context":"En &quot;CINTILLO&quot;","block_context":{"text":"CINTILLO","link":"https:\/\/www.grieta.org.mx\/index.php\/category\/cintillo\/"},"img":{"alt_text":"","src":"https:\/\/i0.wp.com\/www.grieta.org.mx\/wp-content\/uploads\/2020\/03\/migrantes-2-870x522.jpeg?resize=350%2C200&ssl=1","width":350,"height":200,"srcset":"https:\/\/i0.wp.com\/www.grieta.org.mx\/wp-content\/uploads\/2020\/03\/migrantes-2-870x522.jpeg?resize=350%2C200&ssl=1 1x, https:\/\/i0.wp.com\/www.grieta.org.mx\/wp-content\/uploads\/2020\/03\/migrantes-2-870x522.jpeg?resize=525%2C300&ssl=1 1.5x, https:\/\/i0.wp.com\/www.grieta.org.mx\/wp-content\/uploads\/2020\/03\/migrantes-2-870x522.jpeg?resize=700%2C400&ssl=1 2x"},"classes":[]},{"id":18677,"url":"https:\/\/www.grieta.org.mx\/index.php\/2016\/08\/01\/remesas-de-migrantes-a-queretaro-en-primer-semestre-de-2016-equivalen-a-137-veces-el-presupuesto-anual-de-sedesoq\/","url_meta":{"origin":33039,"position":1},"title":"Remesas de migrantes a Quer\u00e9taro en primer semestre de 2016 equivalen a 137 veces el presupuesto anual de Sedesoq","author":"grieta","date":"1 agosto, 2016","format":false,"excerpt":"Dante Aguilar\/C\u00f3dice informativo Durante los primeros seis meses del 2016, las remesas que enviaron los queretanos radicados en el exterior a sus familiares en la entidad ascendieron a 249.3 millones de d\u00f3lares. Ese monto equivale a m\u00e1s de 4 mil 487 millones de pesos, a un tipo de cambio de\u2026","rel":"","context":"En &quot;CINTILLO&quot;","block_context":{"text":"CINTILLO","link":"https:\/\/www.grieta.org.mx\/index.php\/category\/cintillo\/"},"img":{"alt_text":"","src":"https:\/\/i0.wp.com\/www.grieta.org.mx\/wp-content\/uploads\/2018\/03\/14524434_1106112876131411_958039263622046936_o.jpg?resize=350%2C200&ssl=1","width":350,"height":200,"srcset":"https:\/\/i0.wp.com\/www.grieta.org.mx\/wp-content\/uploads\/2018\/03\/14524434_1106112876131411_958039263622046936_o.jpg?resize=350%2C200&ssl=1 1x, https:\/\/i0.wp.com\/www.grieta.org.mx\/wp-content\/uploads\/2018\/03\/14524434_1106112876131411_958039263622046936_o.jpg?resize=525%2C300&ssl=1 1.5x, https:\/\/i0.wp.com\/www.grieta.org.mx\/wp-content\/uploads\/2018\/03\/14524434_1106112876131411_958039263622046936_o.jpg?resize=700%2C400&ssl=1 2x"},"classes":[]},{"id":33425,"url":"https:\/\/www.grieta.org.mx\/index.php\/2019\/05\/11\/madres-de-desaparecidos-en-queretaro-exigen-justicia\/","url_meta":{"origin":33039,"position":2},"title":"Madres de desaparecidos en Quer\u00e9taro exigen justicia","author":"grieta","date":"11 mayo, 2019","format":false,"excerpt":"En la entidad tienen 398 casos documentados de personas desaparecidas, de acuerdo con el colectivo Desaparecidos Justicia Roxana Romero \/ am de Quer\u00e9taro El 10 de mayo de 2014 fue el \u00faltimo en que Guadalupe Valenzuela Palazuelos pudo cargar en sus piernas a su hijo, Jes\u00fas Alfonso Arg\u00fcelles, y escucharlo\u2026","rel":"","context":"En &quot;CINTILLO&quot;","block_context":{"text":"CINTILLO","link":"https:\/\/www.grieta.org.mx\/index.php\/category\/cintillo\/"},"img":{"alt_text":"","src":"https:\/\/i0.wp.com\/www.grieta.org.mx\/wp-content\/uploads\/2019\/05\/DESAPARECIDO-1.jpg?resize=350%2C200&ssl=1","width":350,"height":200,"srcset":"https:\/\/i0.wp.com\/www.grieta.org.mx\/wp-content\/uploads\/2019\/05\/DESAPARECIDO-1.jpg?resize=350%2C200&ssl=1 1x, https:\/\/i0.wp.com\/www.grieta.org.mx\/wp-content\/uploads\/2019\/05\/DESAPARECIDO-1.jpg?resize=525%2C300&ssl=1 1.5x, https:\/\/i0.wp.com\/www.grieta.org.mx\/wp-content\/uploads\/2019\/05\/DESAPARECIDO-1.jpg?resize=700%2C400&ssl=1 2x"},"classes":[]},{"id":5166,"url":"https:\/\/www.grieta.org.mx\/index.php\/2015\/09\/13\/denuncian-triquis-queretanos-despojo-de-sus-puestos-de-venta\/","url_meta":{"origin":33039,"position":3},"title":"Denuncian triquis queretanos despojo de sus puestos de venta","author":"grieta","date":"13 septiembre, 2015","format":false,"excerpt":"13\/09\/15. Triquis piden respeto total de sus derechos al Gobierno de Quer\u00e9taro M\u00e1s de 131 08\/09\/15. Exigen triquis intervenci\u00f3n de Gobierno de Quer\u00e9taro ADN Informativo","rel":"","context":"En &quot;NOTICIAS NACIONALES&quot;","block_context":{"text":"NOTICIAS NACIONALES","link":"https:\/\/www.grieta.org.mx\/index.php\/category\/noticias-nacionales\/"},"img":{"alt_text":"","src":"https:\/\/i0.wp.com\/www.grieta.org.mx\/wp-content\/uploads\/2018\/03\/14524434_1106112876131411_958039263622046936_o.jpg?resize=350%2C200&ssl=1","width":350,"height":200,"srcset":"https:\/\/i0.wp.com\/www.grieta.org.mx\/wp-content\/uploads\/2018\/03\/14524434_1106112876131411_958039263622046936_o.jpg?resize=350%2C200&ssl=1 1x, https:\/\/i0.wp.com\/www.grieta.org.mx\/wp-content\/uploads\/2018\/03\/14524434_1106112876131411_958039263622046936_o.jpg?resize=525%2C300&ssl=1 1.5x, https:\/\/i0.wp.com\/www.grieta.org.mx\/wp-content\/uploads\/2018\/03\/14524434_1106112876131411_958039263622046936_o.jpg?resize=700%2C400&ssl=1 2x"},"classes":[]},{"id":21254,"url":"https:\/\/www.grieta.org.mx\/index.php\/2016\/09\/01\/en-sinaloa-reportan-90-casos-de-desaparecidos-de-queretaro\/","url_meta":{"origin":33039,"position":4},"title":"En Sinaloa reportan 90 casos de desaparecidos de Quer\u00e9taro","author":"grieta","date":"1 septiembre, 2016","format":false,"excerpt":"Iv\u00e1n Aldama Garnica\/Libertad de palabra Quer\u00e9taro, Qro.- El Gobierno de Sinaloa difunde una base de datos con 90 personas desaparecidas, en el estado de Quer\u00e9taro. En el aparto \u201cDesaparecidos\u201d de su secci\u00f3n \u201cServicios a la Comunidad\u201d muestran un mapa de los 32 estados del pa\u00eds que contienen informaci\u00f3n de personas\u2026","rel":"","context":"En &quot;CINTILLO&quot;","block_context":{"text":"CINTILLO","link":"https:\/\/www.grieta.org.mx\/index.php\/category\/cintillo\/"},"img":{"alt_text":"","src":"https:\/\/i0.wp.com\/www.grieta.org.mx\/wp-content\/uploads\/2018\/03\/14524434_1106112876131411_958039263622046936_o.jpg?resize=350%2C200&ssl=1","width":350,"height":200,"srcset":"https:\/\/i0.wp.com\/www.grieta.org.mx\/wp-content\/uploads\/2018\/03\/14524434_1106112876131411_958039263622046936_o.jpg?resize=350%2C200&ssl=1 1x, https:\/\/i0.wp.com\/www.grieta.org.mx\/wp-content\/uploads\/2018\/03\/14524434_1106112876131411_958039263622046936_o.jpg?resize=525%2C300&ssl=1 1.5x, https:\/\/i0.wp.com\/www.grieta.org.mx\/wp-content\/uploads\/2018\/03\/14524434_1106112876131411_958039263622046936_o.jpg?resize=700%2C400&ssl=1 2x"},"classes":[]},{"id":4965,"url":"https:\/\/www.grieta.org.mx\/index.php\/2016\/08\/01\/agresiones-contra-migrantes-por-parte-de-guardias-de-ferromex\/","url_meta":{"origin":33039,"position":5},"title":"Migrantes en Quer\u00e9taro","author":"grieta","date":"1 agosto, 2016","format":false,"excerpt":"01\/08\/16. Remesas de migrantes a Quer\u00e9taro en primer semestre de 2016 equivalen a 137 veces el presupuesto anual de Sedesoq C\u00f3dice informativo Agresiones contra migrantes por parte de guardias privados de Ferromex 14\/05\/16. En Quer\u00e9taro rechazan presencia de la Gendarmer\u00eda AM Quer\u00e9taro 28\/04\/16. Agreden a balazos a voluntarios de Estancia\u2026","rel":"","context":"En &quot;Migrantes&quot;","block_context":{"text":"Migrantes","link":"https:\/\/www.grieta.org.mx\/index.php\/category\/temas-nacionales\/migrantes\/"},"img":{"alt_text":"","src":"https:\/\/i0.wp.com\/www.grieta.org.mx\/wp-content\/uploads\/2018\/03\/14524434_1106112876131411_958039263622046936_o.jpg?resize=350%2C200&ssl=1","width":350,"height":200,"srcset":"https:\/\/i0.wp.com\/www.grieta.org.mx\/wp-content\/uploads\/2018\/03\/14524434_1106112876131411_958039263622046936_o.jpg?resize=350%2C200&ssl=1 1x, https:\/\/i0.wp.com\/www.grieta.org.mx\/wp-content\/uploads\/2018\/03\/14524434_1106112876131411_958039263622046936_o.jpg?resize=525%2C300&ssl=1 1.5x, https:\/\/i0.wp.com\/www.grieta.org.mx\/wp-content\/uploads\/2018\/03\/14524434_1106112876131411_958039263622046936_o.jpg?resize=700%2C400&ssl=1 2x"},"classes":[]}],"_links":{"self":[{"href":"https:\/\/www.grieta.org.mx\/index.php\/wp-json\/wp\/v2\/posts\/33039","targetHints":{"allow":["GET"]}}],"collection":[{"href":"https:\/\/www.grieta.org.mx\/index.php\/wp-json\/wp\/v2\/posts"}],"about":[{"href":"https:\/\/www.grieta.org.mx\/index.php\/wp-json\/wp\/v2\/types\/post"}],"author":[{"embeddable":true,"href":"https:\/\/www.grieta.org.mx\/index.php\/wp-json\/wp\/v2\/users\/2"}],"replies":[{"embeddable":true,"href":"https:\/\/www.grieta.org.mx\/index.php\/wp-json\/wp\/v2\/comments?post=33039"}],"version-history":[{"count":1,"href":"https:\/\/www.grieta.org.mx\/index.php\/wp-json\/wp\/v2\/posts\/33039\/revisions"}],"predecessor-version":[{"id":33041,"href":"https:\/\/www.grieta.org.mx\/index.php\/wp-json\/wp\/v2\/posts\/33039\/revisions\/33041"}],"wp:featuredmedia":[{"embeddable":true,"href":"https:\/\/www.grieta.org.mx\/index.php\/wp-json\/wp\/v2\/media\/33040"}],"wp:attachment":[{"href":"https:\/\/www.grieta.org.mx\/index.php\/wp-json\/wp\/v2\/media?parent=33039"}],"wp:term":[{"taxonomy":"category","embeddable":true,"href":"https:\/\/www.grieta.org.mx\/index.php\/wp-json\/wp\/v2\/categories?post=33039"},{"taxonomy":"post_tag","embeddable":true,"href":"https:\/\/www.grieta.org.mx\/index.php\/wp-json\/wp\/v2\/tags?post=33039"}],"curies":[{"name":"wp","href":"https:\/\/api.w.org\/{rel}","templated":true}]}}