{"id":32999,"date":"2019-04-30T01:16:24","date_gmt":"2019-04-30T06:16:24","guid":{"rendered":"http:\/\/www.grieta.org.mx\/?p=32999"},"modified":"2019-05-05T01:26:50","modified_gmt":"2019-05-05T06:26:50","slug":"por-oponerse-a-la-presa-milpillas-mujeres-son-acusadas-de-secuestro-zacatecas","status":"publish","type":"post","link":"https:\/\/www.grieta.org.mx\/index.php\/2019\/04\/30\/por-oponerse-a-la-presa-milpillas-mujeres-son-acusadas-de-secuestro-zacatecas\/","title":{"rendered":"Por oponerse a la Presa Milpillas mujeres son acusadas de secuestro (Zacatecas)"},"content":{"rendered":"<p><img loading=\"lazy\" decoding=\"async\" data-attachment-id=\"33002\" data-permalink=\"https:\/\/www.grieta.org.mx\/index.php\/2019\/04\/30\/por-oponerse-a-la-presa-milpillas-mujeres-son-acusadas-de-secuestro-zacatecas\/milpill\/\" data-orig-file=\"https:\/\/www.grieta.org.mx\/wp-content\/uploads\/2019\/05\/milpill.jpg\" data-orig-size=\"680,380\" data-comments-opened=\"0\" data-image-meta=\"{&quot;aperture&quot;:&quot;0&quot;,&quot;credit&quot;:&quot;&quot;,&quot;camera&quot;:&quot;&quot;,&quot;caption&quot;:&quot;&quot;,&quot;created_timestamp&quot;:&quot;0&quot;,&quot;copyright&quot;:&quot;&quot;,&quot;focal_length&quot;:&quot;0&quot;,&quot;iso&quot;:&quot;0&quot;,&quot;shutter_speed&quot;:&quot;0&quot;,&quot;title&quot;:&quot;&quot;,&quot;orientation&quot;:&quot;0&quot;}\" data-image-title=\"milpill\" data-image-description=\"\" data-image-caption=\"\" data-medium-file=\"https:\/\/www.grieta.org.mx\/wp-content\/uploads\/2019\/05\/milpill-300x168.jpg\" data-large-file=\"https:\/\/www.grieta.org.mx\/wp-content\/uploads\/2019\/05\/milpill.jpg\" src=\"http:\/\/www.grieta.org.mx\/wp-content\/uploads\/2019\/05\/milpill.jpg\" alt=\"\" width=\"680\" height=\"380\" class=\"alignleft size-full wp-image-33002\" srcset=\"https:\/\/www.grieta.org.mx\/wp-content\/uploads\/2019\/05\/milpill.jpg 680w, https:\/\/www.grieta.org.mx\/wp-content\/uploads\/2019\/05\/milpill-300x168.jpg 300w\" sizes=\"auto, (max-width: 680px) 100vw, 680px\" \/><br \/>\nRedacci\u00f3n\/Somos el medio<\/p>\n<blockquote><p>Mujeres del Ejido Atotonilco son acusadas de secuestro por el gobierno de Zacatecas, al oponerse a la construcci\u00f3n de la Presa Milpillas<\/p><\/blockquote>\n<p>La Red Mexicana de Afectados por la Miner\u00eda (REMA), denunci\u00f3 mediante un comunicado, al gobierno de Zacatecas de pretender criminalizar a las mujeres que forman parte del Movimiento en Defensa del Territorio y del R\u00edo Atenco.<\/p>\n<p>Integrantes de la Red Mexicana denunciaron que el pasado 26 de abril de este a\u00f1o, el Portal Ecodiario de Zacatecas, emiti\u00f3 una noticia falsa. La nota mencionaba que la Delegada Municipal del Ejido Atotonilco, Sandra Miranda y las mujeres pertenecientes a este Ejido, hab\u00edan retenido al titular, adscrito a la Secretar\u00eda General de Gobierno de Zacatecas, el se\u00f1or Erick Mu\u00f1oz.<\/p>\n<p>Recalcaron que el d\u00eda que el funcionario se present\u00f3, se encontraba acompa\u00f1ado por funcionarios del Gobierno del Estado, del Municipio de Jim\u00e9nez del Teul. As\u00ed mismo se   cont\u00f3 con la presencia de, alrededor, seis patrullas, tanto estatales como ministeriales.<\/p>\n<p>Integrantes de la Red notificaron que ning\u00fan medio de comunicaci\u00f3n se present\u00f3 en el lugar de los hechos. Situaci\u00f3n que para los integrantes de la Red dej\u00f3  en claro que fueron los funcionarios los que pidieron, al sitio de noticias, realizar la nota acusando de secuestro al titular de la Secretar\u00eda de Gobierno de Zacatecas y tambi\u00e9n de fomentar actos violentos en los territorios, para criminalizar a quienes se oponen a la Presa Milpillas.<\/p>\n<p>Durante la reuni\u00f3n que sostuvieron con el se\u00f1or Erick Mu\u00f1oz, se encontraban presentes maestras, ejidatarias y ni\u00f1as en donde comunicaron  que su postura es que no se otorgar\u00e1 ning\u00fan permiso para Presa Milpillas.<\/p>\n<p>Informaron que nunca se priv\u00f3 de su libertad a ning\u00fan funcionario. Al mismo tiempo, hicieron una denuncia p\u00fablica en contra del Gobierno del Estado, del Gobernador Alejandro Tello y de los medios de comunicaci\u00f3n que son controlados por el Estado, quienes buscan criminalizar a las mujeres ejidatarias y a la Delegada Municipal de Atotonilco, por levantar la voz y defender su territorio, en contra de los atropellos cometidos por el Gobierno del Estado para tratar de imponer el proyecto de la Presa Milpillas.<\/p>\n<p>De igual manera, hicieron responsable al gobierno del Estado de Zacatecas por la campa\u00f1a de odio, que en medios de comunicaci\u00f3n, se est\u00e1 armando contra las mujeres ejidatarias de Atotonilco; especialmente contra la Delegada Municipal, Sandra Miranda, quien fue legalmente elegida por las y los habitantes del Ejido Atotonilco para representarlas\/os y velar por sus intereses.<\/p>\n<p><a href=\"https:\/\/www.somoselmedio.com\/2019\/04\/30\/por-oponerse-a-la-presa-milpillas-mujeres-son-acusadas-de-secuestro\/\" rel=\"noopener noreferrer\" target=\"_blank\">https:\/\/www.somoselmedio.com\/2019\/04\/30\/por-oponerse-a-la-presa-milpillas-mujeres-son-acusadas-de-secuestro\/<\/a><\/p>\n","protected":false},"excerpt":{"rendered":"<p>Redacci\u00f3n\/Somos el medio Mujeres del Ejido Atotonilco son acusadas de secuestro por el gobierno de Zacatecas, al oponerse a la construcci\u00f3n de la Presa Milpillas La Red Mexicana de Afectados &hellip; <a href=\"https:\/\/www.grieta.org.mx\/index.php\/2019\/04\/30\/por-oponerse-a-la-presa-milpillas-mujeres-son-acusadas-de-secuestro-zacatecas\/\" class=\"more-link\">Leer m\u00e1s<\/a><\/p>\n","protected":false},"author":2,"featured_media":33002,"comment_status":"closed","ping_status":"closed","sticky":false,"template":"","format":"standard","meta":{"ngg_post_thumbnail":0,"_jetpack_newsletter_access":"","_jetpack_dont_email_post_to_subs":false,"_jetpack_newsletter_tier_id":0,"_jetpack_memberships_contains_paywalled_content":false,"_jetpack_memberships_contains_paid_content":false,"footnotes":""},"categories":[80,1278,3,2,38,1107,83,76],"tags":[1065,96,1014],"class_list":["post-32999","post","type-post","status-publish","format-standard","has-post-thumbnail","hentry","category-cintillo","category-despojo-de-tierras-y-territorios","category-megaproyectos","category-noticias-nacionales","category-proyectos-hidricos","category-resistencia-contra-la-construccion-de-la-presa-milpillas","category-temas-nacionales","category-zacatecas","tag-despojo-de-agua-y-tierras","tag-megaproyectos","tag-presa-milpillas","entry"],"jetpack_featured_media_url":"https:\/\/www.grieta.org.mx\/wp-content\/uploads\/2019\/05\/milpill.jpg","jetpack_sharing_enabled":true,"jetpack_shortlink":"https:\/\/wp.me\/p7ZJR4-8Af","jetpack_likes_enabled":false,"jetpack-related-posts":[{"id":32998,"url":"https:\/\/www.grieta.org.mx\/index.php\/2019\/04\/30\/la-rema-denuncia-criminalizacion-de-ejidatarias-zacatecanas-que-se-oponen-a-la-presa-milpillas\/","url_meta":{"origin":32999,"position":0},"title":"La Rema denuncia criminalizaci\u00f3n de ejidatarias zacatecanas que se oponen a la presa Milpillas","author":"grieta","date":"30 abril, 2019","format":false,"excerpt":"Redacci\u00f3n\/Proceso ZACATECAS, Zac., (apro).- La Red Mexicana de Afectados por la Miner\u00eda (REMA) y el Movimiento en Defensa del Territorio y Del R\u00edo Atenco, acusaron a las autoridades estatales de Zacatecas de criminalizar a las mujeres ejidatarias que luchan por no llevar a cabo la construcci\u00f3n de la Presa Milpillas,\u2026","rel":"","context":"En &quot;CINTILLO&quot;","block_context":{"text":"CINTILLO","link":"https:\/\/www.grieta.org.mx\/index.php\/category\/cintillo\/"},"img":{"alt_text":"","src":"https:\/\/i0.wp.com\/www.grieta.org.mx\/wp-content\/uploads\/2019\/05\/Atotonilco-1078x671.jpg?resize=350%2C200&ssl=1","width":350,"height":200,"srcset":"https:\/\/i0.wp.com\/www.grieta.org.mx\/wp-content\/uploads\/2019\/05\/Atotonilco-1078x671.jpg?resize=350%2C200&ssl=1 1x, https:\/\/i0.wp.com\/www.grieta.org.mx\/wp-content\/uploads\/2019\/05\/Atotonilco-1078x671.jpg?resize=525%2C300&ssl=1 1.5x, https:\/\/i0.wp.com\/www.grieta.org.mx\/wp-content\/uploads\/2019\/05\/Atotonilco-1078x671.jpg?resize=700%2C400&ssl=1 2x, https:\/\/i0.wp.com\/www.grieta.org.mx\/wp-content\/uploads\/2019\/05\/Atotonilco-1078x671.jpg?resize=1050%2C600&ssl=1 3x"},"classes":[]},{"id":43062,"url":"https:\/\/www.grieta.org.mx\/index.php\/2020\/01\/13\/ratifican-ejidatarios-rechazo-a-presa-milpillas-zacatecas\/","url_meta":{"origin":32999,"position":1},"title":"Ratifican ejidatarios rechazo a presa Milpillas (Zacatecas)","author":"grieta","date":"13 enero, 2020","format":false,"excerpt":"MIRIAM SERRANO\/ NTR Zacatecas, 13 de enero de 2020 JIM\u00c9NEZ DEL TE\u00daL.- Luego de que el pasado 4 enero se llev\u00f3 a cabo una asamblea en el Ejido Atotonilco, se inform\u00f3 que ejidatarios de esta localidad y de El Potrero de manera un\u00e1nime ratificaron su rechazo a la autorizaci\u00f3n de\u2026","rel":"","context":"En &quot;CINTILLO&quot;","block_context":{"text":"CINTILLO","link":"https:\/\/www.grieta.org.mx\/index.php\/category\/cintillo\/"},"img":{"alt_text":"","src":"https:\/\/i0.wp.com\/www.grieta.org.mx\/wp-content\/uploads\/2018\/03\/14524434_1106112876131411_958039263622046936_o.jpg?resize=350%2C200&ssl=1","width":350,"height":200,"srcset":"https:\/\/i0.wp.com\/www.grieta.org.mx\/wp-content\/uploads\/2018\/03\/14524434_1106112876131411_958039263622046936_o.jpg?resize=350%2C200&ssl=1 1x, https:\/\/i0.wp.com\/www.grieta.org.mx\/wp-content\/uploads\/2018\/03\/14524434_1106112876131411_958039263622046936_o.jpg?resize=525%2C300&ssl=1 1.5x, https:\/\/i0.wp.com\/www.grieta.org.mx\/wp-content\/uploads\/2018\/03\/14524434_1106112876131411_958039263622046936_o.jpg?resize=700%2C400&ssl=1 2x"},"classes":[]},{"id":34681,"url":"https:\/\/www.grieta.org.mx\/index.php\/2019\/06\/12\/ong-y-pobladores-de-ocho-estados-respaldan-movimiento-contra-presa-milpillas-en-zacatecas\/","url_meta":{"origin":32999,"position":2},"title":"ONG y pobladores de ocho estados respaldan movimiento contra presa Milpillas en Zacatecas","author":"grieta","date":"12 junio, 2019","format":false,"excerpt":"Ver\u00f3nica Espinoza\/Proceso. ZACATECAS, Zac., (apro).- Representantes de pueblos y comunidades ind\u00edgenas y de organizaciones civiles defensoras del agua y territorio de ocho estados se reunieron el fin de semana en el ejido El Potrero del municipio de Jim\u00e9nez del Te\u00fal para respaldar la lucha del Movimiento en defensa del territorio\u2026","rel":"","context":"En &quot;CINTILLO&quot;","block_context":{"text":"CINTILLO","link":"https:\/\/www.grieta.org.mx\/index.php\/category\/cintillo\/"},"img":{"alt_text":"","src":"https:\/\/i0.wp.com\/www.grieta.org.mx\/wp-content\/uploads\/2019\/06\/EncuentroPueblosZac.jpg?resize=350%2C200&ssl=1","width":350,"height":200,"srcset":"https:\/\/i0.wp.com\/www.grieta.org.mx\/wp-content\/uploads\/2019\/06\/EncuentroPueblosZac.jpg?resize=350%2C200&ssl=1 1x, https:\/\/i0.wp.com\/www.grieta.org.mx\/wp-content\/uploads\/2019\/06\/EncuentroPueblosZac.jpg?resize=525%2C300&ssl=1 1.5x, https:\/\/i0.wp.com\/www.grieta.org.mx\/wp-content\/uploads\/2019\/06\/EncuentroPueblosZac.jpg?resize=700%2C400&ssl=1 2x"},"classes":[]},{"id":70975,"url":"https:\/\/www.grieta.org.mx\/index.php\/2025\/01\/30\/comunidades-de-zacatecas-denuncian-nuevas-presiones-para-imponer-la-presa-milpillas\/","url_meta":{"origin":32999,"position":3},"title":"Comunidades de Zacatecas denuncian nuevas presiones para imponer la Presa Milpillas","author":"grieta","date":"30 enero, 2025","format":false,"excerpt":"Organizaciones y pobladores del R\u00edo Atenco rechazan la reactivaci\u00f3n de la la Presa Milpillas, denuncian manipulaci\u00f3n y exigen respeto a su territorio. Por Mario Marlo \/ @Mariomarlo Zona Docs 30 de enero de 2025 Zacatecas, M\u00e9xico.- Las comunidades del R\u00edo Atenco, en Zacatecas, volvieron a encender las alertas ante la\u2026","rel":"","context":"En &quot;CINTILLO&quot;","block_context":{"text":"CINTILLO","link":"https:\/\/www.grieta.org.mx\/index.php\/category\/cintillo\/"},"img":{"alt_text":"","src":"https:\/\/i0.wp.com\/www.grieta.org.mx\/wp-content\/uploads\/2025\/02\/Teul-9-696x462-1.jpg?resize=350%2C200&ssl=1","width":350,"height":200,"srcset":"https:\/\/i0.wp.com\/www.grieta.org.mx\/wp-content\/uploads\/2025\/02\/Teul-9-696x462-1.jpg?resize=350%2C200&ssl=1 1x, https:\/\/i0.wp.com\/www.grieta.org.mx\/wp-content\/uploads\/2025\/02\/Teul-9-696x462-1.jpg?resize=525%2C300&ssl=1 1.5x"},"classes":[]},{"id":52012,"url":"https:\/\/www.grieta.org.mx\/index.php\/2020\/06\/15\/presa-milpillas-la-pelea-por-el-agua-en-zacatecas-2\/","url_meta":{"origin":32999,"position":4},"title":"Presa Milpillas: la pelea por el agua en Zacatecas","author":"grieta","date":"15 junio, 2020","format":false,"excerpt":"Pobladores y campesinos de 19 ejidos del municipio de Jim\u00e9nez del Te\u00fal mantienen su resistencia contra la Presa Milpillas. Apoyados por la Red Mexicana de Afectados por la Miner\u00eda, los comuneros han comenzado a realizar acciones jur\u00eddicas Texto y fotograf\u00edas: Mario Marlo \/ ZonaDocs JIM\u00c9NEZ DEL TE\u00daL, ZACATECAS.- El 8\u2026","rel":"","context":"En &quot;CINTILLO&quot;","block_context":{"text":"CINTILLO","link":"https:\/\/www.grieta.org.mx\/index.php\/category\/cintillo\/"},"img":{"alt_text":"","src":"https:\/\/i0.wp.com\/www.grieta.org.mx\/wp-content\/uploads\/2020\/07\/Teul-12-1280x640.jpg?resize=350%2C200&ssl=1","width":350,"height":200,"srcset":"https:\/\/i0.wp.com\/www.grieta.org.mx\/wp-content\/uploads\/2020\/07\/Teul-12-1280x640.jpg?resize=350%2C200&ssl=1 1x, https:\/\/i0.wp.com\/www.grieta.org.mx\/wp-content\/uploads\/2020\/07\/Teul-12-1280x640.jpg?resize=525%2C300&ssl=1 1.5x, https:\/\/i0.wp.com\/www.grieta.org.mx\/wp-content\/uploads\/2020\/07\/Teul-12-1280x640.jpg?resize=700%2C400&ssl=1 2x, https:\/\/i0.wp.com\/www.grieta.org.mx\/wp-content\/uploads\/2020\/07\/Teul-12-1280x640.jpg?resize=1050%2C600&ssl=1 3x"},"classes":[]},{"id":21850,"url":"https:\/\/www.grieta.org.mx\/index.php\/2018\/02\/06\/frenan-ejidarios-proyecto-milpillas-zacatecas\/","url_meta":{"origin":32999,"position":5},"title":"Frenan ejidarios proyecto Milpillas (Zacatecas)","author":"grieta","date":"6 febrero, 2018","format":false,"excerpt":"Claudio Montes de Oca\/NTR Zacatecas Zacatecas.- Habitantes del ejido El Potrero, en Jim\u00e9nez del Te\u00fal, se ampararon contra la construcci\u00f3n de la presa Milpillas, con lo que fue paralizado el proyecto, anunciado por el gobierno del estado como la mayor obra de esta administraci\u00f3n. Francisco Godoy Cort\u00e9s, delegado en Zacatecas\u2026","rel":"","context":"En &quot;CINTILLO&quot;","block_context":{"text":"CINTILLO","link":"https:\/\/www.grieta.org.mx\/index.php\/category\/cintillo\/"},"img":{"alt_text":"","src":"https:\/\/i0.wp.com\/www.grieta.org.mx\/wp-content\/uploads\/2018\/03\/z2.jpg?resize=350%2C200&ssl=1","width":350,"height":200,"srcset":"https:\/\/i0.wp.com\/www.grieta.org.mx\/wp-content\/uploads\/2018\/03\/z2.jpg?resize=350%2C200&ssl=1 1x, https:\/\/i0.wp.com\/www.grieta.org.mx\/wp-content\/uploads\/2018\/03\/z2.jpg?resize=525%2C300&ssl=1 1.5x"},"classes":[]}],"_links":{"self":[{"href":"https:\/\/www.grieta.org.mx\/index.php\/wp-json\/wp\/v2\/posts\/32999","targetHints":{"allow":["GET"]}}],"collection":[{"href":"https:\/\/www.grieta.org.mx\/index.php\/wp-json\/wp\/v2\/posts"}],"about":[{"href":"https:\/\/www.grieta.org.mx\/index.php\/wp-json\/wp\/v2\/types\/post"}],"author":[{"embeddable":true,"href":"https:\/\/www.grieta.org.mx\/index.php\/wp-json\/wp\/v2\/users\/2"}],"replies":[{"embeddable":true,"href":"https:\/\/www.grieta.org.mx\/index.php\/wp-json\/wp\/v2\/comments?post=32999"}],"version-history":[{"count":1,"href":"https:\/\/www.grieta.org.mx\/index.php\/wp-json\/wp\/v2\/posts\/32999\/revisions"}],"predecessor-version":[{"id":33003,"href":"https:\/\/www.grieta.org.mx\/index.php\/wp-json\/wp\/v2\/posts\/32999\/revisions\/33003"}],"wp:featuredmedia":[{"embeddable":true,"href":"https:\/\/www.grieta.org.mx\/index.php\/wp-json\/wp\/v2\/media\/33002"}],"wp:attachment":[{"href":"https:\/\/www.grieta.org.mx\/index.php\/wp-json\/wp\/v2\/media?parent=32999"}],"wp:term":[{"taxonomy":"category","embeddable":true,"href":"https:\/\/www.grieta.org.mx\/index.php\/wp-json\/wp\/v2\/categories?post=32999"},{"taxonomy":"post_tag","embeddable":true,"href":"https:\/\/www.grieta.org.mx\/index.php\/wp-json\/wp\/v2\/tags?post=32999"}],"curies":[{"name":"wp","href":"https:\/\/api.w.org\/{rel}","templated":true}]}}