{"id":32970,"date":"2019-04-29T00:35:26","date_gmt":"2019-04-29T05:35:26","guid":{"rendered":"http:\/\/www.grieta.org.mx\/?p=32970"},"modified":"2019-05-05T00:39:41","modified_gmt":"2019-05-05T05:39:41","slug":"ex-trabajadores-del-municipio-de-lerdo-exigen-ser-reinstalados-durango","status":"publish","type":"post","link":"https:\/\/www.grieta.org.mx\/index.php\/2019\/04\/29\/ex-trabajadores-del-municipio-de-lerdo-exigen-ser-reinstalados-durango\/","title":{"rendered":"Ex trabajadores del municipio de Lerdo exigen ser reinstalados (Durango)"},"content":{"rendered":"<p><img loading=\"lazy\" decoding=\"async\" data-attachment-id=\"32971\" data-permalink=\"https:\/\/www.grieta.org.mx\/index.php\/2019\/04\/29\/ex-trabajadores-del-municipio-de-lerdo-exigen-ser-reinstalados-durango\/ex-trabajadores-ayuntamiento\/\" data-orig-file=\"https:\/\/www.grieta.org.mx\/wp-content\/uploads\/2019\/05\/ex-trabajadores-ayuntamiento.jpg\" data-orig-size=\"768,479\" data-comments-opened=\"0\" data-image-meta=\"{&quot;aperture&quot;:&quot;0&quot;,&quot;credit&quot;:&quot;&quot;,&quot;camera&quot;:&quot;&quot;,&quot;caption&quot;:&quot;&quot;,&quot;created_timestamp&quot;:&quot;0&quot;,&quot;copyright&quot;:&quot;&quot;,&quot;focal_length&quot;:&quot;0&quot;,&quot;iso&quot;:&quot;0&quot;,&quot;shutter_speed&quot;:&quot;0&quot;,&quot;title&quot;:&quot;&quot;,&quot;orientation&quot;:&quot;0&quot;}\" data-image-title=\"ex trabajadores ayuntamiento\" data-image-description=\"\" data-image-caption=\"\" data-medium-file=\"https:\/\/www.grieta.org.mx\/wp-content\/uploads\/2019\/05\/ex-trabajadores-ayuntamiento-300x187.jpg\" data-large-file=\"https:\/\/www.grieta.org.mx\/wp-content\/uploads\/2019\/05\/ex-trabajadores-ayuntamiento.jpg\" src=\"http:\/\/www.grieta.org.mx\/wp-content\/uploads\/2019\/05\/ex-trabajadores-ayuntamiento.jpg\" alt=\"\" width=\"768\" height=\"479\" class=\"alignleft size-full wp-image-32971\" srcset=\"https:\/\/www.grieta.org.mx\/wp-content\/uploads\/2019\/05\/ex-trabajadores-ayuntamiento.jpg 768w, https:\/\/www.grieta.org.mx\/wp-content\/uploads\/2019\/05\/ex-trabajadores-ayuntamiento-300x187.jpg 300w\" sizes=\"auto, (max-width: 768px) 100vw, 768px\" \/><\/p>\n<p>Carlos Mendoza\/El Sol de Durango<\/p>\n<p>CIUDAD LERDO, Dgo. (OEM).-El pasado 11 de abril los ex trabajadores del municipio de Lerdo realizaron un segundo intento de que fueran reinstalados, tal y como lo mandata la sentencia de la Suprema Corte de Justicia de la Naci\u00f3n (SCJN), pero la alcaldesa Mar\u00eda Luisa Gonz\u00e1lez Achem desacata este ordenamiento.<\/p>\n<p>As\u00ed lo declararon varios de los afectados, estando al frente Fernando Guerra Guerra y Miguel Alfonso D\u00edaz-Couder, representante com\u00fan de los ex trabajadores quienes ya llevan casi 12 a\u00f1os con este conflicto, donde inicialmente eran 84 los ex trabajadores y ya se ha cubierto la liquidaci\u00f3n de 53, s\u00f3lo restan 31.<\/p>\n<p>Coment\u00f3 Fernando Guerra que el mandato de la SCJN es que se haga la liquidaci\u00f3n del extrabajador, pero tambi\u00e9n que se reinstale y a la fecha de los 53 que han sido liquidados, no los han reinstalado.<\/p>\n<p>Aclar\u00f3, \u201cno es un asunto personal con la alcaldesa Mar\u00eda Luisa Gonz\u00e1lez Achem, sino que es contra el ayuntamiento, pero en este momento ella es la que representa a la administraci\u00f3n municipal, pero nuestra demanda es con el ayuntamiento por habernos despedido injustificadamente desde septiembre del 2007\u201d.<\/p>\n<p>Abund\u00f3 al decir, \u201cla presidenta municipal ha declarado que est\u00e1 cumpliendo con la sentencia, pero no es as\u00ed, primeramente porque hicieron un rol para ir liquidando, del cual no nos tomaron en cuenta, adem\u00e1s, a los que ha liquidado no se les cumple con el mandato de la sentencia que es la reinstalaci\u00f3n\u201d.<\/p>\n<p>Explic\u00f3 que las autoridades municipales les argumentan que no los han reinstalado debido a que los puestos en los que est\u00e1ban, ya est\u00e1n ocupados y la explicaci\u00f3n que les dan es que no pueden lesionar derechos.<\/p>\n<p>Ante ello, Guerra Guerra sostuvo que tambi\u00e9n al no reinstalarlos en los puestos, es una forma de agresi\u00f3n a sus derechos, aunado a la falta del mandato de sentencia que emiti\u00f3 la SCJN, primero es la reinstalaci\u00f3n y luego la liquidaci\u00f3n.<\/p>\n<p>Se le cuestion\u00f3 a cu\u00e1nto asciende el monto de las liquidaciones para los 31 extrabajadores que faltan, dijo, \u201cNo queremos dar a conocer cifras, simplemente por seguridad, pero vemos mal que la primera autoridad si ha mencionado que hay algunos que les tiene que cubrir 5 millones de pesos, lo cual se nos hace una falta de responsabilidad\u201d.<\/p>\n<p>Para concluir, indicaron que lo \u00fanico que quieren es que les cubran sus liquidaciones, pero primeramente que los reinstalen en los puestos que mandata.<\/p>\n<p><a href=\"https:\/\/www.elsoldedurango.com.mx\/local\/municipios\/ex-trabajadores-del-municipio-de-lerdo-exigen-ser-reinstalados-3440106.html\" rel=\"noopener noreferrer\" target=\"_blank\">https:\/\/www.elsoldedurango.com.mx\/local\/municipios\/ex-trabajadores-del-municipio-de-lerdo-exigen-ser-reinstalados-3440106.html<\/a><\/p>\n","protected":false},"excerpt":{"rendered":"<p>Carlos Mendoza\/El Sol de Durango CIUDAD LERDO, Dgo. (OEM).-El pasado 11 de abril los ex trabajadores del municipio de Lerdo realizaron un segundo intento de que fueran reinstalados, tal y &hellip; <a href=\"https:\/\/www.grieta.org.mx\/index.php\/2019\/04\/29\/ex-trabajadores-del-municipio-de-lerdo-exigen-ser-reinstalados-durango\/\" class=\"more-link\">Leer m\u00e1s<\/a><\/p>\n","protected":false},"author":2,"featured_media":32971,"comment_status":"closed","ping_status":"closed","sticky":false,"template":"","format":"standard","meta":{"ngg_post_thumbnail":0,"_jetpack_newsletter_access":"","_jetpack_dont_email_post_to_subs":false,"_jetpack_newsletter_tier_id":0,"_jetpack_memberships_contains_paywalled_content":false,"_jetpack_memberships_contains_paid_content":false,"footnotes":""},"categories":[80,1919,15,910,1101,2,83],"tags":[113,1291],"class_list":["post-32970","post","type-post","status-publish","format-standard","has-post-thumbnail","hentry","category-cintillo","category-conflictos-laborales-de-trabajadores-del-estado-en-durango","category-durango","category-explotacion-y-precariedad-laboral","category-conflictos-laborales-en-durango","category-noticias-nacionales","category-temas-nacionales","tag-conflictos-laborales","tag-explotacion-laboral","entry"],"jetpack_featured_media_url":"https:\/\/www.grieta.org.mx\/wp-content\/uploads\/2019\/05\/ex-trabajadores-ayuntamiento.jpg","jetpack_sharing_enabled":true,"jetpack_shortlink":"https:\/\/wp.me\/p7ZJR4-8zM","jetpack_likes_enabled":false,"jetpack-related-posts":[{"id":28138,"url":"https:\/\/www.grieta.org.mx\/index.php\/2019\/01\/08\/trabajadores-de-la-casa-de-cultura-ernestina-gamboa-denuncian-despidos-injustificados-durango\/","url_meta":{"origin":32970,"position":0},"title":"Trabajadores de la Casa de Cultura Ernestina Gamboa, denuncian despidos injustificados (Durango)","author":"grieta","date":"8 enero, 2019","format":false,"excerpt":"Juan Carlos Lozano\/Multiedios El Director de la Casa de la Cultura, Ram\u00f3n Ignacio Gonz\u00e1lez, explic\u00f3 que se trata de una renovaci\u00f3n del contrato. G\u00f3mez Palacio, Dgo. Cerca de 20 trabajadores que integran el Sindicato de Trabajadores de Cultura del Estado de Durango, se manifestaron de manera pac\u00edfica al exterior de\u2026","rel":"","context":"En &quot;CINTILLO&quot;","block_context":{"text":"CINTILLO","link":"https:\/\/www.grieta.org.mx\/index.php\/category\/cintillo\/"},"img":{"alt_text":"","src":"https:\/\/i0.wp.com\/www.grieta.org.mx\/wp-content\/uploads\/2019\/01\/manifestacion_cultura.jpg?resize=350%2C200&ssl=1","width":350,"height":200,"srcset":"https:\/\/i0.wp.com\/www.grieta.org.mx\/wp-content\/uploads\/2019\/01\/manifestacion_cultura.jpg?resize=350%2C200&ssl=1 1x, https:\/\/i0.wp.com\/www.grieta.org.mx\/wp-content\/uploads\/2019\/01\/manifestacion_cultura.jpg?resize=525%2C300&ssl=1 1.5x, https:\/\/i0.wp.com\/www.grieta.org.mx\/wp-content\/uploads\/2019\/01\/manifestacion_cultura.jpg?resize=700%2C400&ssl=1 2x, https:\/\/i0.wp.com\/www.grieta.org.mx\/wp-content\/uploads\/2019\/01\/manifestacion_cultura.jpg?resize=1050%2C600&ssl=1 3x"},"classes":[]},{"id":30082,"url":"https:\/\/www.grieta.org.mx\/index.php\/2019\/02\/25\/trabajadores-de-la-condusef-durango-cierran-oficinas-denuncian-reduccion-ilegal-de-prestaciones\/","url_meta":{"origin":32970,"position":1},"title":"Trabajadores de la Condusef Durango cierran oficinas; denuncian reducci\u00f3n ilegal de prestaciones","author":"grieta","date":"25 febrero, 2019","format":false,"excerpt":"Redacci\u00f3n\/El Heraldo de M\u00e9xico Beatriz Adriana Soto, l\u00edder sindical de la Condusef Durango, inform\u00f3 que han tomado las oficinas delegacionales debido a que a 140 trabajadores se les han reducido sus prestaciones por parte de la autoridad. El argumento es que los afectados son presuntamente personal de confianza, donde les\u2026","rel":"","context":"En &quot;CINTILLO&quot;","block_context":{"text":"CINTILLO","link":"https:\/\/www.grieta.org.mx\/index.php\/category\/cintillo\/"},"img":{"alt_text":"","src":"https:\/\/i0.wp.com\/www.grieta.org.mx\/wp-content\/uploads\/2019\/03\/Consudef.jpg?resize=350%2C200&ssl=1","width":350,"height":200,"srcset":"https:\/\/i0.wp.com\/www.grieta.org.mx\/wp-content\/uploads\/2019\/03\/Consudef.jpg?resize=350%2C200&ssl=1 1x, https:\/\/i0.wp.com\/www.grieta.org.mx\/wp-content\/uploads\/2019\/03\/Consudef.jpg?resize=525%2C300&ssl=1 1.5x"},"classes":[]},{"id":32953,"url":"https:\/\/www.grieta.org.mx\/index.php\/2019\/05\/03\/exigen-cadis-pago-de-quincenas-durango\/","url_meta":{"origin":32970,"position":2},"title":"Exigen CADI\u00b4s pago de quincenas (Durango)","author":"grieta","date":"3 mayo, 2019","format":false,"excerpt":"Jos\u00e9lo Fuentes Delgado \/ La Voz de Durango Maestros, personal de apoyo, padres de familia y alumnos se manifestaron marchando de la Plaza de Armas hasta las instalaciones del Centro Cultural y de Convenciones Bicentenario (CCCB), para exigir el pago de ocho quincenas que les deben, situaci\u00f3n que ya es\u2026","rel":"","context":"En &quot;CINTILLO&quot;","block_context":{"text":"CINTILLO","link":"https:\/\/www.grieta.org.mx\/index.php\/category\/cintillo\/"},"img":{"alt_text":"","src":"https:\/\/i0.wp.com\/www.grieta.org.mx\/wp-content\/uploads\/2019\/05\/cadis.jpg?resize=350%2C200&ssl=1","width":350,"height":200,"srcset":"https:\/\/i0.wp.com\/www.grieta.org.mx\/wp-content\/uploads\/2019\/05\/cadis.jpg?resize=350%2C200&ssl=1 1x, https:\/\/i0.wp.com\/www.grieta.org.mx\/wp-content\/uploads\/2019\/05\/cadis.jpg?resize=525%2C300&ssl=1 1.5x"},"classes":[]},{"id":34799,"url":"https:\/\/www.grieta.org.mx\/index.php\/2019\/06\/10\/extrabajadores-toman-la-presidencia-municipal-de-tepehuanes\/","url_meta":{"origin":32970,"position":3},"title":"Extrabajadores toman la Presidencia Municipal de Tepehuanes","author":"grieta","date":"10 junio, 2019","format":false,"excerpt":"Marco A. Rodr\u00edguez TEPEHUANES, Dgo. (OEM).- El lunes amaneci\u00f3 con la Presidencia Municipal tomada por extrabajadores que exigen el pago de su indemnizaci\u00f3n. Esta acci\u00f3n inici\u00f3 a las ocho de la ma\u00f1ana con la presencia de entre 30 y 40 personas que a trav\u00e9s de pancartas mostraron su inconformidad contra\u2026","rel":"","context":"En &quot;CINTILLO&quot;","block_context":{"text":"CINTILLO","link":"https:\/\/www.grieta.org.mx\/index.php\/category\/cintillo\/"},"img":{"alt_text":"","src":"https:\/\/i0.wp.com\/www.grieta.org.mx\/wp-content\/uploads\/2019\/06\/d1-2.jpg?resize=350%2C200&ssl=1","width":350,"height":200,"srcset":"https:\/\/i0.wp.com\/www.grieta.org.mx\/wp-content\/uploads\/2019\/06\/d1-2.jpg?resize=350%2C200&ssl=1 1x, https:\/\/i0.wp.com\/www.grieta.org.mx\/wp-content\/uploads\/2019\/06\/d1-2.jpg?resize=525%2C300&ssl=1 1.5x, https:\/\/i0.wp.com\/www.grieta.org.mx\/wp-content\/uploads\/2019\/06\/d1-2.jpg?resize=700%2C400&ssl=1 2x"},"classes":[]},{"id":23013,"url":"https:\/\/www.grieta.org.mx\/index.php\/2018\/04\/27\/soy17-acusa-despidos-injustificados-en-ssd-durango\/","url_meta":{"origin":32970,"position":4},"title":"#Soy17 acusa despidos injustificados en SSD (Durango)","author":"grieta","date":"27 abril, 2018","format":false,"excerpt":"Redacci\u00f3n\/La Voz De Durango Ciudadanos duranguenses, manifestaron que la Secretar\u00eda de Salud de Durango (SSD), actualmente se encuentra realizado artima\u00f1as para despedir a sus trabajadores aplic\u00e1ndoles actas administrativas falsas, inform\u00f3 Federico Mart\u00ednez Rodr\u00edguez, representante de Soy 17, en Durango. \u201cA todo el personal que quiere correr, lo quieren hacer a\u2026","rel":"","context":"En &quot;CINTILLO&quot;","block_context":{"text":"CINTILLO","link":"https:\/\/www.grieta.org.mx\/index.php\/category\/cintillo\/"},"img":{"alt_text":"","src":"https:\/\/i0.wp.com\/www.grieta.org.mx\/wp-content\/uploads\/2018\/05\/d2-2.jpg?resize=350%2C200&ssl=1","width":350,"height":200,"srcset":"https:\/\/i0.wp.com\/www.grieta.org.mx\/wp-content\/uploads\/2018\/05\/d2-2.jpg?resize=350%2C200&ssl=1 1x, https:\/\/i0.wp.com\/www.grieta.org.mx\/wp-content\/uploads\/2018\/05\/d2-2.jpg?resize=525%2C300&ssl=1 1.5x"},"classes":[]},{"id":29238,"url":"https:\/\/www.grieta.org.mx\/index.php\/2019\/02\/15\/bloquean-la-seed-por-falta-de-pago-durango\/","url_meta":{"origin":32970,"position":5},"title":"Bloquean la SEED por falta de pago (Durango)","author":"grieta","date":"15 febrero, 2019","format":false,"excerpt":"Claudia Barrientos\/El Siglo de Durango Nuevamente maestros de la Coordinadora Nacional de Trabajadores de la Educaci\u00f3n (CNTE) con salario retenido bloquearon las instalaciones de la Secretar\u00eda de Educaci\u00f3n del Estado de Durango (SEED) para demandar que se les pague su sueldo. Este jueves 14 de Febrero se presentaron desde muy\u2026","rel":"","context":"En &quot;CINTILLO&quot;","block_context":{"text":"CINTILLO","link":"https:\/\/www.grieta.org.mx\/index.php\/category\/cintillo\/"},"img":{"alt_text":"","src":"https:\/\/i0.wp.com\/www.grieta.org.mx\/wp-content\/uploads\/2019\/02\/781450.jpeg?resize=350%2C200&ssl=1","width":350,"height":200,"srcset":"https:\/\/i0.wp.com\/www.grieta.org.mx\/wp-content\/uploads\/2019\/02\/781450.jpeg?resize=350%2C200&ssl=1 1x, https:\/\/i0.wp.com\/www.grieta.org.mx\/wp-content\/uploads\/2019\/02\/781450.jpeg?resize=525%2C300&ssl=1 1.5x, https:\/\/i0.wp.com\/www.grieta.org.mx\/wp-content\/uploads\/2019\/02\/781450.jpeg?resize=700%2C400&ssl=1 2x"},"classes":[]}],"_links":{"self":[{"href":"https:\/\/www.grieta.org.mx\/index.php\/wp-json\/wp\/v2\/posts\/32970","targetHints":{"allow":["GET"]}}],"collection":[{"href":"https:\/\/www.grieta.org.mx\/index.php\/wp-json\/wp\/v2\/posts"}],"about":[{"href":"https:\/\/www.grieta.org.mx\/index.php\/wp-json\/wp\/v2\/types\/post"}],"author":[{"embeddable":true,"href":"https:\/\/www.grieta.org.mx\/index.php\/wp-json\/wp\/v2\/users\/2"}],"replies":[{"embeddable":true,"href":"https:\/\/www.grieta.org.mx\/index.php\/wp-json\/wp\/v2\/comments?post=32970"}],"version-history":[{"count":1,"href":"https:\/\/www.grieta.org.mx\/index.php\/wp-json\/wp\/v2\/posts\/32970\/revisions"}],"predecessor-version":[{"id":32973,"href":"https:\/\/www.grieta.org.mx\/index.php\/wp-json\/wp\/v2\/posts\/32970\/revisions\/32973"}],"wp:featuredmedia":[{"embeddable":true,"href":"https:\/\/www.grieta.org.mx\/index.php\/wp-json\/wp\/v2\/media\/32971"}],"wp:attachment":[{"href":"https:\/\/www.grieta.org.mx\/index.php\/wp-json\/wp\/v2\/media?parent=32970"}],"wp:term":[{"taxonomy":"category","embeddable":true,"href":"https:\/\/www.grieta.org.mx\/index.php\/wp-json\/wp\/v2\/categories?post=32970"},{"taxonomy":"post_tag","embeddable":true,"href":"https:\/\/www.grieta.org.mx\/index.php\/wp-json\/wp\/v2\/tags?post=32970"}],"curies":[{"name":"wp","href":"https:\/\/api.w.org\/{rel}","templated":true}]}}