{"id":32963,"date":"2019-05-01T00:25:27","date_gmt":"2019-05-01T05:25:27","guid":{"rendered":"http:\/\/www.grieta.org.mx\/?p=32963"},"modified":"2019-05-05T00:35:19","modified_gmt":"2019-05-05T05:35:19","slug":"maestros-en-durango-sin-itp-quedan-en-pobreza","status":"publish","type":"post","link":"https:\/\/www.grieta.org.mx\/index.php\/2019\/05\/01\/maestros-en-durango-sin-itp-quedan-en-pobreza\/","title":{"rendered":"Maestros en Durango sin ITP quedan en pobreza"},"content":{"rendered":"<p><img loading=\"lazy\" decoding=\"async\" data-attachment-id=\"32967\" data-permalink=\"https:\/\/www.grieta.org.mx\/index.php\/2019\/05\/01\/maestros-en-durango-sin-itp-quedan-en-pobreza\/attachment\/802651\/\" data-orig-file=\"https:\/\/www.grieta.org.mx\/wp-content\/uploads\/2019\/05\/802651.jpeg\" data-orig-size=\"720,540\" data-comments-opened=\"0\" data-image-meta=\"{&quot;aperture&quot;:&quot;0&quot;,&quot;credit&quot;:&quot;&quot;,&quot;camera&quot;:&quot;&quot;,&quot;caption&quot;:&quot;&quot;,&quot;created_timestamp&quot;:&quot;0&quot;,&quot;copyright&quot;:&quot;&quot;,&quot;focal_length&quot;:&quot;0&quot;,&quot;iso&quot;:&quot;0&quot;,&quot;shutter_speed&quot;:&quot;0&quot;,&quot;title&quot;:&quot;&quot;,&quot;orientation&quot;:&quot;0&quot;}\" data-image-title=\"802651\" data-image-description=\"\" data-image-caption=\"\" data-medium-file=\"https:\/\/www.grieta.org.mx\/wp-content\/uploads\/2019\/05\/802651-300x225.jpeg\" data-large-file=\"https:\/\/www.grieta.org.mx\/wp-content\/uploads\/2019\/05\/802651.jpeg\" src=\"http:\/\/www.grieta.org.mx\/wp-content\/uploads\/2019\/05\/802651.jpeg\" alt=\"\" width=\"720\" height=\"540\" class=\"alignleft size-full wp-image-32967\" srcset=\"https:\/\/www.grieta.org.mx\/wp-content\/uploads\/2019\/05\/802651.jpeg 720w, https:\/\/www.grieta.org.mx\/wp-content\/uploads\/2019\/05\/802651-300x225.jpeg 300w, https:\/\/www.grieta.org.mx\/wp-content\/uploads\/2019\/05\/802651-667x500.jpeg 667w\" sizes=\"auto, (max-width: 720px) 100vw, 720px\" \/><\/p>\n<p>Nallely Urbina\/El Sol de Durango<\/p>\n<p>Maestros que enferman o sufren un accidente que les impide trabajar, no tienen acceso a la Incapacidad Total y Permanente (ITP), denunci\u00f3 Rafael Montes representante de la Secci\u00f3n 44 de la Coordinadora de trabajadores de la Educaci\u00f3n (CNTE).<\/p>\n<p>Refiri\u00f3 que el cambio se dio cuando al frente de la secci\u00f3n 44 del Sindicato de Trabajadores de la Educaci\u00f3n (SNTE), estaba Clara Eugenia Gurrola Zamora.<\/p>\n<p>\u201cDesde hace dos a\u00f1os y medio se perdi\u00f3 ese derecho adquirido a la secci\u00f3n 44 de la CNTE\u201d.<\/p>\n<p>Esto afecta a los maestros en condiciones de vulnerabilidad por lo que exigi\u00f3 el regreso de la ITP. Fue uno de los se\u00f1alamientos que hicieron los docentes en el desfile del D\u00eda del Trabajo que se realiz\u00f3 sobre la calle 5 de febrero en el centro de la ciudad.<\/p>\n<p>Todav\u00eda en el 2016 un maestro que ten\u00eda una enfermedad grave, como las cr\u00f3nico degenerativas, pod\u00eda retirarse de servicio, y acceder a una incapacidad en tanto que su plaza era ocupada por otro docente, record\u00f3.<\/p>\n<p>Sin embargo, en la medida de lo posible, ahora tienen que hacer frente a su enfermedad sin dejar de trabajar para no perder su sustento.<\/p>\n<p>Inform\u00f3 que por lo menos tres maestros murieron en espera de una ITP en los \u00faltimos a\u00f1os. Esto significa que adem\u00e1s de sufrir los s\u00edntomas de una enfermedad ten\u00edan que salir a \u201cpelear\u201d una incapacidad de 18 a 28 d\u00edas en el Instituto de Seguridad y Servicios Social de los Trabajadores del Estado (ISSSTE). As\u00ed, empeor\u00f3 su condici\u00f3n m\u00e9dica.<\/p>\n<p>Dentro de los reclamos expresados por los maestros en la protesta de este 1 de mayo, se encuentra tambi\u00e9n la negativa de los senadores del PAN al dictamen de reformas constitucionales en materia educativa. Advirti\u00f3 que los maestros no van a olvidar quienes la rechazaron y habr\u00e1 reacciones.<\/p>\n<p>\u201cLos senadores del PAN votan en contra, as\u00ed que como trabajadores tendremos que pensar en votar en su contra tambi\u00e9n\u201d, advirti\u00f3.<\/p>\n<p>Con playera roja y reclamos a los representantes del SNTE a quienes entre otros calificativos llamaron vendidos marcharon hasta la plaza IV Centenario.<\/p>\n<p><a href=\"https:\/\/www.elsiglodedurango.com.mx\/noticia\/1046117.maestros-en-durango-sin-itp-quedan-en-pobreza.html\" rel=\"noopener noreferrer\" target=\"_blank\">https:\/\/www.elsiglodedurango.com.mx\/noticia\/1046117.maestros-en-durango-sin-itp-quedan-en-pobreza.html<\/a><\/p>\n","protected":false},"excerpt":{"rendered":"<p>Nallely Urbina\/El Sol de Durango Maestros que enferman o sufren un accidente que les impide trabajar, no tienen acceso a la Incapacidad Total y Permanente (ITP), denunci\u00f3 Rafael Montes representante &hellip; <a href=\"https:\/\/www.grieta.org.mx\/index.php\/2019\/05\/01\/maestros-en-durango-sin-itp-quedan-en-pobreza\/\" class=\"more-link\">Leer m\u00e1s<\/a><\/p>\n","protected":false},"author":2,"featured_media":32967,"comment_status":"closed","ping_status":"closed","sticky":false,"template":"","format":"standard","meta":{"ngg_post_thumbnail":0,"_jetpack_newsletter_access":"","_jetpack_dont_email_post_to_subs":false,"_jetpack_newsletter_tier_id":0,"_jetpack_memberships_contains_paywalled_content":false,"_jetpack_memberships_contains_paid_content":false,"footnotes":""},"categories":[15,910,1101,1981,2,1980,83],"tags":[113,1291,133],"class_list":["post-32963","post","type-post","status-publish","format-standard","has-post-thumbnail","hentry","category-durango","category-explotacion-y-precariedad-laboral","category-conflictos-laborales-en-durango","category-movilizaciones-de-maestros-en-durango","category-noticias-nacionales","category-protestas-durante-el-1-de-mayo-en-durango","category-temas-nacionales","tag-conflictos-laborales","tag-explotacion-laboral","tag-maestros","entry"],"jetpack_featured_media_url":"https:\/\/www.grieta.org.mx\/wp-content\/uploads\/2019\/05\/802651.jpeg","jetpack_sharing_enabled":true,"jetpack_shortlink":"https:\/\/wp.me\/p7ZJR4-8zF","jetpack_likes_enabled":false,"jetpack-related-posts":[{"id":11753,"url":"https:\/\/www.grieta.org.mx\/index.php\/2016\/05\/04\/exigen-maestros-pagos-de-jubilaciones-y-medicamentos-en-la-laguna-de-durango\/","url_meta":{"origin":32963,"position":0},"title":"Exigen maestros pagos de jubilaciones y medicamentos en La Laguna de Durango","author":"grieta","date":"4 mayo, 2016","format":false,"excerpt":"Mayela Avila G\u00f3mez Palacio, Durango (04\/05\/2016).- Este mi\u00e9rcoles, maestros de la secci\u00f3n 44 del Sindicato Nacional de Trabajadores de la Educaci\u00f3n se manifestaron en las instalaciones de la subsecretar\u00eda de Educaci\u00f3n en la regi\u00f3n Laguna con sede en G\u00f3mez Palacio, en protesta por irregularidades para el pago de finiquitos y\u2026","rel":"","context":"En &quot;CINTILLO&quot;","block_context":{"text":"CINTILLO","link":"https:\/\/www.grieta.org.mx\/index.php\/category\/cintillo\/"},"img":{"alt_text":"","src":"https:\/\/i0.wp.com\/www.grieta.org.mx\/wp-content\/uploads\/2018\/03\/14524434_1106112876131411_958039263622046936_o.jpg?resize=350%2C200&ssl=1","width":350,"height":200,"srcset":"https:\/\/i0.wp.com\/www.grieta.org.mx\/wp-content\/uploads\/2018\/03\/14524434_1106112876131411_958039263622046936_o.jpg?resize=350%2C200&ssl=1 1x, https:\/\/i0.wp.com\/www.grieta.org.mx\/wp-content\/uploads\/2018\/03\/14524434_1106112876131411_958039263622046936_o.jpg?resize=525%2C300&ssl=1 1.5x, https:\/\/i0.wp.com\/www.grieta.org.mx\/wp-content\/uploads\/2018\/03\/14524434_1106112876131411_958039263622046936_o.jpg?resize=700%2C400&ssl=1 2x"},"classes":[]},{"id":28653,"url":"https:\/\/www.grieta.org.mx\/index.php\/2019\/01\/22\/demandan-maestros-de-ingles-regularizar-su-situacion-laboral-durango\/","url_meta":{"origin":32963,"position":1},"title":"Demandan maestros de Ingl\u00e9s regularizar su situaci\u00f3n laboral (Durango)","author":"grieta","date":"22 enero, 2019","format":false,"excerpt":"Claudia Landeros\/El Siglo de Durango Docentes del Programa Nacional de Ingl\u00e9s (Proni) se manifestaron en la Plaza de Armas de G\u00f3mez Palacio para pedir apoyo a las autoridades que corresponda, a fin de regularizar su situaci\u00f3n laboral ya que de momento est\u00e1n sin empleo. SIN TRABAJO \"Somos maestros que trabajamos\u2026","rel":"","context":"En &quot;CINTILLO&quot;","block_context":{"text":"CINTILLO","link":"https:\/\/www.grieta.org.mx\/index.php\/category\/cintillo\/"},"img":{"alt_text":"","src":"https:\/\/i0.wp.com\/www.grieta.org.mx\/wp-content\/uploads\/2019\/01\/773757.jpeg?resize=350%2C200&ssl=1","width":350,"height":200,"srcset":"https:\/\/i0.wp.com\/www.grieta.org.mx\/wp-content\/uploads\/2019\/01\/773757.jpeg?resize=350%2C200&ssl=1 1x, https:\/\/i0.wp.com\/www.grieta.org.mx\/wp-content\/uploads\/2019\/01\/773757.jpeg?resize=525%2C300&ssl=1 1.5x, https:\/\/i0.wp.com\/www.grieta.org.mx\/wp-content\/uploads\/2019\/01\/773757.jpeg?resize=700%2C400&ssl=1 2x"},"classes":[]},{"id":2174,"url":"https:\/\/www.grieta.org.mx\/index.php\/2016\/02\/12\/maestros-toman-escuela-de-educacion-fisica\/","url_meta":{"origin":32963,"position":2},"title":"Maestros toman escuela de Educaci\u00f3n F\u00edsica","author":"grieta","date":"12 febrero, 2016","format":false,"excerpt":"Maestros de la Escuela de Educaci\u00f3n F\u00edsica de la UJED, tomaron el plantel para exigir el respeto a sus plazas, pues la Administraci\u00f3n Central ha contratado hasta a 20 personas para atender materias que pueden ser cubiertas por el propio personal en funciones. As\u00ed lo se\u00f1al\u00f3 Jes\u00fas Abraham Soto Rivera,\u2026","rel":"","context":"En &quot;CINTILLO&quot;","block_context":{"text":"CINTILLO","link":"https:\/\/www.grieta.org.mx\/index.php\/category\/cintillo\/"},"img":{"alt_text":"","src":"https:\/\/i0.wp.com\/www.grieta.org.mx\/wp-content\/uploads\/2018\/03\/14524434_1106112876131411_958039263622046936_o.jpg?resize=350%2C200&ssl=1","width":350,"height":200,"srcset":"https:\/\/i0.wp.com\/www.grieta.org.mx\/wp-content\/uploads\/2018\/03\/14524434_1106112876131411_958039263622046936_o.jpg?resize=350%2C200&ssl=1 1x, https:\/\/i0.wp.com\/www.grieta.org.mx\/wp-content\/uploads\/2018\/03\/14524434_1106112876131411_958039263622046936_o.jpg?resize=525%2C300&ssl=1 1.5x, https:\/\/i0.wp.com\/www.grieta.org.mx\/wp-content\/uploads\/2018\/03\/14524434_1106112876131411_958039263622046936_o.jpg?resize=700%2C400&ssl=1 2x"},"classes":[]},{"id":32953,"url":"https:\/\/www.grieta.org.mx\/index.php\/2019\/05\/03\/exigen-cadis-pago-de-quincenas-durango\/","url_meta":{"origin":32963,"position":3},"title":"Exigen CADI\u00b4s pago de quincenas (Durango)","author":"grieta","date":"3 mayo, 2019","format":false,"excerpt":"Jos\u00e9lo Fuentes Delgado \/ La Voz de Durango Maestros, personal de apoyo, padres de familia y alumnos se manifestaron marchando de la Plaza de Armas hasta las instalaciones del Centro Cultural y de Convenciones Bicentenario (CCCB), para exigir el pago de ocho quincenas que les deben, situaci\u00f3n que ya es\u2026","rel":"","context":"En &quot;CINTILLO&quot;","block_context":{"text":"CINTILLO","link":"https:\/\/www.grieta.org.mx\/index.php\/category\/cintillo\/"},"img":{"alt_text":"","src":"https:\/\/i0.wp.com\/www.grieta.org.mx\/wp-content\/uploads\/2019\/05\/cadis.jpg?resize=350%2C200&ssl=1","width":350,"height":200,"srcset":"https:\/\/i0.wp.com\/www.grieta.org.mx\/wp-content\/uploads\/2019\/05\/cadis.jpg?resize=350%2C200&ssl=1 1x, https:\/\/i0.wp.com\/www.grieta.org.mx\/wp-content\/uploads\/2019\/05\/cadis.jpg?resize=525%2C300&ssl=1 1.5x"},"classes":[]},{"id":2172,"url":"https:\/\/www.grieta.org.mx\/index.php\/2016\/02\/21\/suspenden-clases-por-falta-de-pago\/","url_meta":{"origin":32963,"position":4},"title":"Suspenden clases por falta de pago","author":"grieta","date":"21 febrero, 2016","format":false,"excerpt":"El Siglo de Torre\u00f3n G\u00d3MEZ PALACIO Este d\u00eda, un total de 20 escuelas de La Laguna de Durango, integradas al programa de Escuelas de Tiempo Completo, cerrar\u00e1n sus puertas y suspender\u00e1 labores, debido a que actualmente el Gobierno del Estado, tiene adeudo con aproximadamente 400 maestros. Al respecto, L\u00e1zaro Becerra\u2026","rel":"","context":"En &quot;CINTILLO&quot;","block_context":{"text":"CINTILLO","link":"https:\/\/www.grieta.org.mx\/index.php\/category\/cintillo\/"},"img":{"alt_text":"","src":"https:\/\/i0.wp.com\/www.grieta.org.mx\/wp-content\/uploads\/2018\/03\/14524434_1106112876131411_958039263622046936_o.jpg?resize=350%2C200&ssl=1","width":350,"height":200,"srcset":"https:\/\/i0.wp.com\/www.grieta.org.mx\/wp-content\/uploads\/2018\/03\/14524434_1106112876131411_958039263622046936_o.jpg?resize=350%2C200&ssl=1 1x, https:\/\/i0.wp.com\/www.grieta.org.mx\/wp-content\/uploads\/2018\/03\/14524434_1106112876131411_958039263622046936_o.jpg?resize=525%2C300&ssl=1 1.5x, https:\/\/i0.wp.com\/www.grieta.org.mx\/wp-content\/uploads\/2018\/03\/14524434_1106112876131411_958039263622046936_o.jpg?resize=700%2C400&ssl=1 2x"},"classes":[]},{"id":29238,"url":"https:\/\/www.grieta.org.mx\/index.php\/2019\/02\/15\/bloquean-la-seed-por-falta-de-pago-durango\/","url_meta":{"origin":32963,"position":5},"title":"Bloquean la SEED por falta de pago (Durango)","author":"grieta","date":"15 febrero, 2019","format":false,"excerpt":"Claudia Barrientos\/El Siglo de Durango Nuevamente maestros de la Coordinadora Nacional de Trabajadores de la Educaci\u00f3n (CNTE) con salario retenido bloquearon las instalaciones de la Secretar\u00eda de Educaci\u00f3n del Estado de Durango (SEED) para demandar que se les pague su sueldo. Este jueves 14 de Febrero se presentaron desde muy\u2026","rel":"","context":"En &quot;CINTILLO&quot;","block_context":{"text":"CINTILLO","link":"https:\/\/www.grieta.org.mx\/index.php\/category\/cintillo\/"},"img":{"alt_text":"","src":"https:\/\/i0.wp.com\/www.grieta.org.mx\/wp-content\/uploads\/2019\/02\/781450.jpeg?resize=350%2C200&ssl=1","width":350,"height":200,"srcset":"https:\/\/i0.wp.com\/www.grieta.org.mx\/wp-content\/uploads\/2019\/02\/781450.jpeg?resize=350%2C200&ssl=1 1x, https:\/\/i0.wp.com\/www.grieta.org.mx\/wp-content\/uploads\/2019\/02\/781450.jpeg?resize=525%2C300&ssl=1 1.5x, https:\/\/i0.wp.com\/www.grieta.org.mx\/wp-content\/uploads\/2019\/02\/781450.jpeg?resize=700%2C400&ssl=1 2x"},"classes":[]}],"_links":{"self":[{"href":"https:\/\/www.grieta.org.mx\/index.php\/wp-json\/wp\/v2\/posts\/32963","targetHints":{"allow":["GET"]}}],"collection":[{"href":"https:\/\/www.grieta.org.mx\/index.php\/wp-json\/wp\/v2\/posts"}],"about":[{"href":"https:\/\/www.grieta.org.mx\/index.php\/wp-json\/wp\/v2\/types\/post"}],"author":[{"embeddable":true,"href":"https:\/\/www.grieta.org.mx\/index.php\/wp-json\/wp\/v2\/users\/2"}],"replies":[{"embeddable":true,"href":"https:\/\/www.grieta.org.mx\/index.php\/wp-json\/wp\/v2\/comments?post=32963"}],"version-history":[{"count":1,"href":"https:\/\/www.grieta.org.mx\/index.php\/wp-json\/wp\/v2\/posts\/32963\/revisions"}],"predecessor-version":[{"id":32968,"href":"https:\/\/www.grieta.org.mx\/index.php\/wp-json\/wp\/v2\/posts\/32963\/revisions\/32968"}],"wp:featuredmedia":[{"embeddable":true,"href":"https:\/\/www.grieta.org.mx\/index.php\/wp-json\/wp\/v2\/media\/32967"}],"wp:attachment":[{"href":"https:\/\/www.grieta.org.mx\/index.php\/wp-json\/wp\/v2\/media?parent=32963"}],"wp:term":[{"taxonomy":"category","embeddable":true,"href":"https:\/\/www.grieta.org.mx\/index.php\/wp-json\/wp\/v2\/categories?post=32963"},{"taxonomy":"post_tag","embeddable":true,"href":"https:\/\/www.grieta.org.mx\/index.php\/wp-json\/wp\/v2\/tags?post=32963"}],"curies":[{"name":"wp","href":"https:\/\/api.w.org\/{rel}","templated":true}]}}