{"id":32940,"date":"2019-04-21T23:59:45","date_gmt":"2019-04-22T04:59:45","guid":{"rendered":"http:\/\/www.grieta.org.mx\/?p=32940"},"modified":"2019-05-05T00:07:19","modified_gmt":"2019-05-05T05:07:19","slug":"acusan-que-militares-desvian-agua-en-acapulco-guerrero","status":"publish","type":"post","link":"https:\/\/www.grieta.org.mx\/index.php\/2019\/04\/21\/acusan-que-militares-desvian-agua-en-acapulco-guerrero\/","title":{"rendered":"Acusan que militares desv\u00edan agua en Acapulco (Guerrero)"},"content":{"rendered":"<p><img loading=\"lazy\" decoding=\"async\" data-attachment-id=\"32942\" data-permalink=\"https:\/\/www.grieta.org.mx\/index.php\/2019\/04\/21\/acusan-que-militares-desvian-agua-en-acapulco-guerrero\/acusan_que_militares_desvxan_agua_en_acapulco-jpg_219914347\/\" data-orig-file=\"https:\/\/www.grieta.org.mx\/wp-content\/uploads\/2019\/05\/acusan_que_militares_desvxan_agua_en_acapulco.jpg_219914347.jpg\" data-orig-size=\"960,540\" data-comments-opened=\"0\" data-image-meta=\"{&quot;aperture&quot;:&quot;0&quot;,&quot;credit&quot;:&quot;&quot;,&quot;camera&quot;:&quot;&quot;,&quot;caption&quot;:&quot;&quot;,&quot;created_timestamp&quot;:&quot;0&quot;,&quot;copyright&quot;:&quot;&quot;,&quot;focal_length&quot;:&quot;0&quot;,&quot;iso&quot;:&quot;0&quot;,&quot;shutter_speed&quot;:&quot;0&quot;,&quot;title&quot;:&quot;&quot;,&quot;orientation&quot;:&quot;0&quot;}\" data-image-title=\"acusan_que_militares_desvxan_agua_en_acapulco.jpg_219914347\" data-image-description=\"\" data-image-caption=\"\" data-medium-file=\"https:\/\/www.grieta.org.mx\/wp-content\/uploads\/2019\/05\/acusan_que_militares_desvxan_agua_en_acapulco.jpg_219914347-300x169.jpg\" data-large-file=\"https:\/\/www.grieta.org.mx\/wp-content\/uploads\/2019\/05\/acusan_que_militares_desvxan_agua_en_acapulco.jpg_219914347.jpg\" src=\"http:\/\/www.grieta.org.mx\/wp-content\/uploads\/2019\/05\/acusan_que_militares_desvxan_agua_en_acapulco.jpg_219914347.jpg\" alt=\"\" width=\"702\" height=\"468\" class=\"alignleft size-full wp-image-32942\" \/><\/p>\n<p>Habitantes de Cumbres de Llano Largo, de Acapulco acusan a militares de desviar agua del unido tanque de almacenamiento<\/p>\n<p>Chilpancingo.-Habitantes de Cumbres de Llano Largo, de Acapulco, Guerrero, llevan m\u00e1s de un mes sin agua debido a que el \u00fanico tanque de almacenamiento del l\u00edquido en la localidad es usado para las instalaciones de la IX Regi\u00f3n Militar, denunciaron autoridades.<\/p>\n<p>Los afectados acusaron a las autoridades de la Comisi\u00f3n de Agua Potable y Alcantarillado de Acapulco (Capama) de negarse a hablar con las fuerzas castrenses para que respeten el tanque de almacenamiento que pertenece a la comunidad.<\/p>\n<p> Los ejidatarios de esta zona regalaron el terreno a la Secretar\u00eda de Defensa Nacional (Sedena) para que se construyeran las instalaciones militares, recordaron autoridades de la delegaci\u00f3n de Cumbres de Llano Largo, quienes pidieron omitir sus nombres para evitar represalias.<\/p>\n<p> Afirmaron que uno de los dos tanques de almacenamiento de agua que ten\u00eda Cumbres de Llano Largo se quedar\u00eda a disposici\u00f3n de la IX Regi\u00f3n Militar.<\/p>\n<p>Sin embargo, desde hace m\u00e1s de un mes, los militares comenzaron a bombear agua del otro tanque que pertenece a la poblaci\u00f3n civil de esta demarcaci\u00f3n.<\/p>\n<p> Autoridades de la delegaci\u00f3n dijeron que hace m\u00e1s de un mes Capama coloc\u00f3 una nueva bomba en ese tanque debido al reporte de desabasto, sin embargo, el problema sigui\u00f3.<\/p>\n<p>M\u00e1s tarde se dieron cuenta que los soldados de la IX Regi\u00f3n Militar son quienes desv\u00edan el agua hacia sus instalaciones.<\/p>\n<p><a href=\"https:\/\/www.debate.com.mx\/policiacas\/Acusan-que-militares-desvian-agua-en-Acapulco-20190421-0203.html\">https:\/\/www.debate.com.mx\/policiacas\/Acusan-que-militares-desvian-agua-en-Acapulco-20190421-0203.html<\/a><\/p>\n","protected":false},"excerpt":{"rendered":"<p>Habitantes de Cumbres de Llano Largo, de Acapulco acusan a militares de desviar agua del unido tanque de almacenamiento Chilpancingo.-Habitantes de Cumbres de Llano Largo, de Acapulco, Guerrero, llevan m\u00e1s &hellip; <a href=\"https:\/\/www.grieta.org.mx\/index.php\/2019\/04\/21\/acusan-que-militares-desvian-agua-en-acapulco-guerrero\/\" class=\"more-link\">Leer m\u00e1s<\/a><\/p>\n","protected":false},"author":2,"featured_media":32942,"comment_status":"closed","ping_status":"closed","sticky":false,"template":"","format":"standard","meta":{"ngg_post_thumbnail":0,"_jetpack_newsletter_access":"","_jetpack_dont_email_post_to_subs":false,"_jetpack_newsletter_tier_id":0,"_jetpack_memberships_contains_paywalled_content":false,"_jetpack_memberships_contains_paid_content":false,"footnotes":""},"categories":[80,1371,18,912,2,83,2205],"tags":[2307,2403],"class_list":["post-32940","post","type-post","status-publish","format-standard","has-post-thumbnail","hentry","category-cintillo","category-desabasto-de-agua-en-guerrero","category-guerrero","category-militarizacion","category-noticias-nacionales","category-temas-nacionales","category-violencia-de-las-fuerzas-represivas-en-guerrero","tag-abusos-de-militares","tag-crisis-del-agua","entry"],"jetpack_featured_media_url":"https:\/\/www.grieta.org.mx\/wp-content\/uploads\/2019\/05\/acusan_que_militares_desvxan_agua_en_acapulco.jpg_219914347.jpg","jetpack_sharing_enabled":true,"jetpack_shortlink":"https:\/\/wp.me\/p7ZJR4-8zi","jetpack_likes_enabled":false,"jetpack-related-posts":[{"id":27880,"url":"https:\/\/www.grieta.org.mx\/index.php\/2018\/12\/17\/bloquean-vecinos-la-carretera-acapulco-pinotepa-por-falta-de-agua-guerrero\/","url_meta":{"origin":32940,"position":0},"title":"Bloquean vecinos la carretera Acapulco-Pinotepa por falta de agua (Guerrero)","author":"grieta","date":"17 diciembre, 2018","format":false,"excerpt":"ACAPULCO, Gro., 17 de diciembre de 2018.- Vecinos del poblado Lomas de Chapultepec bloquean de manera intermitente la carretera federal Acapulco-Pinotepa Nacional, para exigir ser conectados al acueducto Lomas de Chapultepec y para tener agua potable. Desde las nueve de la ma\u00f1ana, unos 20 inconformes cierran la circulaci\u00f3n en la\u2026","rel":"","context":"En &quot;CINTILLO&quot;","block_context":{"text":"CINTILLO","link":"https:\/\/www.grieta.org.mx\/index.php\/category\/cintillo\/"},"img":{"alt_text":"","src":"https:\/\/i0.wp.com\/www.grieta.org.mx\/wp-content\/uploads\/2018\/12\/direct-1.jpg?resize=350%2C200&ssl=1","width":350,"height":200,"srcset":"https:\/\/i0.wp.com\/www.grieta.org.mx\/wp-content\/uploads\/2018\/12\/direct-1.jpg?resize=350%2C200&ssl=1 1x, https:\/\/i0.wp.com\/www.grieta.org.mx\/wp-content\/uploads\/2018\/12\/direct-1.jpg?resize=525%2C300&ssl=1 1.5x, https:\/\/i0.wp.com\/www.grieta.org.mx\/wp-content\/uploads\/2018\/12\/direct-1.jpg?resize=700%2C400&ssl=1 2x"},"classes":[]},{"id":41399,"url":"https:\/\/www.grieta.org.mx\/index.php\/2019\/11\/08\/defensores-de-la-tierra-y-el-agua-paralizan-obra-guerrero\/","url_meta":{"origin":32940,"position":1},"title":"Defensores de la tierra y el agua paralizan obra (Guerrero)","author":"Admin","date":"8 noviembre, 2019","format":false,"excerpt":"Ismael Euroza \/ Todo Texcoco Acapulco, Gro.-La fuerza del gobierno Federal y Estatal, se deja sentir en una de las comunidades del municipio de Acapulco, donde la Comisi\u00f3n Federal de Electricidad dio inicio a la construcci\u00f3n de una presa hidroel\u00e9ctrica La Parota, donde los defensores de la tierra y el\u2026","rel":"","context":"En &quot;CINTILLO&quot;","block_context":{"text":"CINTILLO","link":"https:\/\/www.grieta.org.mx\/index.php\/category\/cintillo\/"},"img":{"alt_text":"","src":"https:\/\/i0.wp.com\/www.grieta.org.mx\/wp-content\/uploads\/2019\/11\/Captura-de-pantalla-2019-11-21-12.25.21.png?resize=350%2C200&ssl=1","width":350,"height":200,"srcset":"https:\/\/i0.wp.com\/www.grieta.org.mx\/wp-content\/uploads\/2019\/11\/Captura-de-pantalla-2019-11-21-12.25.21.png?resize=350%2C200&ssl=1 1x, https:\/\/i0.wp.com\/www.grieta.org.mx\/wp-content\/uploads\/2019\/11\/Captura-de-pantalla-2019-11-21-12.25.21.png?resize=525%2C300&ssl=1 1.5x, https:\/\/i0.wp.com\/www.grieta.org.mx\/wp-content\/uploads\/2019\/11\/Captura-de-pantalla-2019-11-21-12.25.21.png?resize=700%2C400&ssl=1 2x"},"classes":[]},{"id":47615,"url":"https:\/\/www.grieta.org.mx\/index.php\/2020\/04\/08\/marinos-desalojan-a-turistas-de-playas-de-acapulco-guerrero\/","url_meta":{"origin":32940,"position":2},"title":"Marinos desalojan a turistas de playas de Acapulco (Guerrero)","author":"Admin","date":"8 abril, 2020","format":false,"excerpt":"Ezequiel Flores Contreras \/ Proceso CHILPANCINGO, Gro., (apro).- Infantes de Marina, con equipo antimot\u00edn, expulsaron a decenas de turistas que arribaron a las playas de Acapulco, pese a las restricciones impuestas por el gobierno federal y estatal para evitar la propagaci\u00f3n del Coronavirus. Reportes oficiales indican que esta tarde, los\u2026","rel":"","context":"En &quot;CINTILLO&quot;","block_context":{"text":"CINTILLO","link":"https:\/\/www.grieta.org.mx\/index.php\/category\/cintillo\/"},"img":{"alt_text":"","src":"https:\/\/i0.wp.com\/www.grieta.org.mx\/wp-content\/uploads\/2020\/04\/WhatsApp-Image-2020-04-08-at-19.15.32-870x522.jpeg?resize=350%2C200&ssl=1","width":350,"height":200,"srcset":"https:\/\/i0.wp.com\/www.grieta.org.mx\/wp-content\/uploads\/2020\/04\/WhatsApp-Image-2020-04-08-at-19.15.32-870x522.jpeg?resize=350%2C200&ssl=1 1x, https:\/\/i0.wp.com\/www.grieta.org.mx\/wp-content\/uploads\/2020\/04\/WhatsApp-Image-2020-04-08-at-19.15.32-870x522.jpeg?resize=525%2C300&ssl=1 1.5x, https:\/\/i0.wp.com\/www.grieta.org.mx\/wp-content\/uploads\/2020\/04\/WhatsApp-Image-2020-04-08-at-19.15.32-870x522.jpeg?resize=700%2C400&ssl=1 2x"},"classes":[]},{"id":31350,"url":"https:\/\/www.grieta.org.mx\/index.php\/2019\/03\/26\/rios-bajan-en-el-nivel-de-agua-piden-frenar-el-saqueo-de-material-petreo-guerrero\/","url_meta":{"origin":32940,"position":3},"title":"R\u00edos bajan en el nivel de agua; piden frenar el saqueo de material p\u00e9treo (Guerrero)","author":"grieta","date":"26 marzo, 2019","format":false,"excerpt":"Iliana Hern\u00e1ndez Cruz \/ El Sol de Acapulco AYUTLA DE LOS LIBRES, GUERRERO., El saqueo de material como arena, piedra y graba de r\u00edos y arroyos en las diferentes comunidades y cabecera municipal de Ayutla, han provocado que el nivel del rio baje antes de que inicie la temporada de\u2026","rel":"","context":"En &quot;CINTILLO&quot;","block_context":{"text":"CINTILLO","link":"https:\/\/www.grieta.org.mx\/index.php\/category\/cintillo\/"},"img":{"alt_text":"","src":"https:\/\/i0.wp.com\/www.grieta.org.mx\/wp-content\/uploads\/2019\/03\/petreos-rios-de-costa-chica.jpg?resize=350%2C200&ssl=1","width":350,"height":200,"srcset":"https:\/\/i0.wp.com\/www.grieta.org.mx\/wp-content\/uploads\/2019\/03\/petreos-rios-de-costa-chica.jpg?resize=350%2C200&ssl=1 1x, https:\/\/i0.wp.com\/www.grieta.org.mx\/wp-content\/uploads\/2019\/03\/petreos-rios-de-costa-chica.jpg?resize=525%2C300&ssl=1 1.5x, https:\/\/i0.wp.com\/www.grieta.org.mx\/wp-content\/uploads\/2019\/03\/petreos-rios-de-costa-chica.jpg?resize=700%2C400&ssl=1 2x"},"classes":[]},{"id":24042,"url":"https:\/\/www.grieta.org.mx\/index.php\/2018\/06\/25\/mas-de-70-por-ciento-de-los-hogares-en-guerrero-no-tienen-agua-diariamente-inegi\/","url_meta":{"origin":32940,"position":4},"title":"M\u00e1s de 70 por ciento de los hogares en Guerrero no tienen agua diariamente: Inegi","author":"grieta","date":"25 junio, 2018","format":false,"excerpt":"Texto: Ram\u00f3n Gracida G\u00f3mez Acapulco, Guerrero, 25 de junio de 2018. Por cuarto a\u00f1o consecutivo, Guerrero es el estado con el menor porcentaje de hogares que disponen de agua diariamente, de acuerdo con la Encuesta Nacional de Hogares (ENH) 2017 del Instituto Nacional de Estad\u00edstica y Geograf\u00eda (Inegi). S\u00f3lo el\u2026","rel":"","context":"En &quot;CINTILLO&quot;","block_context":{"text":"CINTILLO","link":"https:\/\/www.grieta.org.mx\/index.php\/category\/cintillo\/"},"img":{"alt_text":"","src":"https:\/\/i0.wp.com\/www.grieta.org.mx\/wp-content\/uploads\/2018\/06\/elsur-180625002.jpg?resize=350%2C200&ssl=1","width":350,"height":200,"srcset":"https:\/\/i0.wp.com\/www.grieta.org.mx\/wp-content\/uploads\/2018\/06\/elsur-180625002.jpg?resize=350%2C200&ssl=1 1x, https:\/\/i0.wp.com\/www.grieta.org.mx\/wp-content\/uploads\/2018\/06\/elsur-180625002.jpg?resize=525%2C300&ssl=1 1.5x, https:\/\/i0.wp.com\/www.grieta.org.mx\/wp-content\/uploads\/2018\/06\/elsur-180625002.jpg?resize=700%2C400&ssl=1 2x"},"classes":[]},{"id":43444,"url":"https:\/\/www.grieta.org.mx\/index.php\/2020\/01\/18\/activistas-exigen-al-gobierno-buscar-cuerpos-en-el-mar-de-acapulco-guerrero\/","url_meta":{"origin":32940,"position":5},"title":"Activistas exigen al gobierno buscar cuerpos en el mar de Acapulco (Guerrero)","author":"Admin","date":"18 enero, 2020","format":false,"excerpt":"La Asociaci\u00f3n de Familias de Acapulco en Busca de sus Desaparecidos indic\u00f3 haber localizado cinco osamentas en tres fosas clandestinas en los acantilados de la Colonia La Mira del puerto de Acapulco. Por Redacci\u00f3n \/ Bajo Palabra Acapulco, Guerrero.- La presidenta de la Asociaci\u00f3n de Familias de Acapulco en Busca\u2026","rel":"","context":"En &quot;CINTILLO&quot;","block_context":{"text":"CINTILLO","link":"https:\/\/www.grieta.org.mx\/index.php\/category\/cintillo\/"},"img":{"alt_text":"","src":"https:\/\/i0.wp.com\/www.grieta.org.mx\/wp-content\/uploads\/2020\/01\/Acapulco-desaparecidos.jpg?resize=350%2C200&ssl=1","width":350,"height":200,"srcset":"https:\/\/i0.wp.com\/www.grieta.org.mx\/wp-content\/uploads\/2020\/01\/Acapulco-desaparecidos.jpg?resize=350%2C200&ssl=1 1x, https:\/\/i0.wp.com\/www.grieta.org.mx\/wp-content\/uploads\/2020\/01\/Acapulco-desaparecidos.jpg?resize=525%2C300&ssl=1 1.5x, https:\/\/i0.wp.com\/www.grieta.org.mx\/wp-content\/uploads\/2020\/01\/Acapulco-desaparecidos.jpg?resize=700%2C400&ssl=1 2x, https:\/\/i0.wp.com\/www.grieta.org.mx\/wp-content\/uploads\/2020\/01\/Acapulco-desaparecidos.jpg?resize=1050%2C600&ssl=1 3x"},"classes":[]}],"_links":{"self":[{"href":"https:\/\/www.grieta.org.mx\/index.php\/wp-json\/wp\/v2\/posts\/32940","targetHints":{"allow":["GET"]}}],"collection":[{"href":"https:\/\/www.grieta.org.mx\/index.php\/wp-json\/wp\/v2\/posts"}],"about":[{"href":"https:\/\/www.grieta.org.mx\/index.php\/wp-json\/wp\/v2\/types\/post"}],"author":[{"embeddable":true,"href":"https:\/\/www.grieta.org.mx\/index.php\/wp-json\/wp\/v2\/users\/2"}],"replies":[{"embeddable":true,"href":"https:\/\/www.grieta.org.mx\/index.php\/wp-json\/wp\/v2\/comments?post=32940"}],"version-history":[{"count":1,"href":"https:\/\/www.grieta.org.mx\/index.php\/wp-json\/wp\/v2\/posts\/32940\/revisions"}],"predecessor-version":[{"id":32945,"href":"https:\/\/www.grieta.org.mx\/index.php\/wp-json\/wp\/v2\/posts\/32940\/revisions\/32945"}],"wp:featuredmedia":[{"embeddable":true,"href":"https:\/\/www.grieta.org.mx\/index.php\/wp-json\/wp\/v2\/media\/32942"}],"wp:attachment":[{"href":"https:\/\/www.grieta.org.mx\/index.php\/wp-json\/wp\/v2\/media?parent=32940"}],"wp:term":[{"taxonomy":"category","embeddable":true,"href":"https:\/\/www.grieta.org.mx\/index.php\/wp-json\/wp\/v2\/categories?post=32940"},{"taxonomy":"post_tag","embeddable":true,"href":"https:\/\/www.grieta.org.mx\/index.php\/wp-json\/wp\/v2\/tags?post=32940"}],"curies":[{"name":"wp","href":"https:\/\/api.w.org\/{rel}","templated":true}]}}