{"id":32786,"date":"2019-04-28T12:01:56","date_gmt":"2019-04-28T17:01:56","guid":{"rendered":"http:\/\/www.grieta.org.mx\/?p=32786"},"modified":"2019-05-01T12:10:48","modified_gmt":"2019-05-01T17:10:48","slug":"ninos-indigenas-principales-victimas-de-trabajo-infantil-forzado-en-la-ciudad-de-mexico","status":"publish","type":"post","link":"https:\/\/www.grieta.org.mx\/index.php\/2019\/04\/28\/ninos-indigenas-principales-victimas-de-trabajo-infantil-forzado-en-la-ciudad-de-mexico\/","title":{"rendered":"Ni\u00f1os ind\u00edgenas, principales v\u00edctimas de trabajo infantil forzado en la Ciudad de M\u00e9xico"},"content":{"rendered":"<p><img loading=\"lazy\" decoding=\"async\" data-attachment-id=\"32787\" data-permalink=\"https:\/\/www.grieta.org.mx\/index.php\/2019\/04\/28\/ninos-indigenas-principales-victimas-de-trabajo-infantil-forzado-en-la-ciudad-de-mexico\/trabajo_infantil-2_3x2x-jpg_2118499843\/\" data-orig-file=\"https:\/\/www.grieta.org.mx\/wp-content\/uploads\/2019\/05\/trabajo_infantil-2_3x2x.jpg_2118499843.jpg\" data-orig-size=\"1120,747\" data-comments-opened=\"0\" data-image-meta=\"{&quot;aperture&quot;:&quot;0&quot;,&quot;credit&quot;:&quot;&quot;,&quot;camera&quot;:&quot;&quot;,&quot;caption&quot;:&quot;&quot;,&quot;created_timestamp&quot;:&quot;0&quot;,&quot;copyright&quot;:&quot;&quot;,&quot;focal_length&quot;:&quot;0&quot;,&quot;iso&quot;:&quot;0&quot;,&quot;shutter_speed&quot;:&quot;0&quot;,&quot;title&quot;:&quot;&quot;,&quot;orientation&quot;:&quot;0&quot;}\" data-image-title=\"trabajo_infantil-2_3x2x.jpg_2118499843\" data-image-description=\"\" data-image-caption=\"\" data-medium-file=\"https:\/\/www.grieta.org.mx\/wp-content\/uploads\/2019\/05\/trabajo_infantil-2_3x2x.jpg_2118499843-300x200.jpg\" data-large-file=\"https:\/\/www.grieta.org.mx\/wp-content\/uploads\/2019\/05\/trabajo_infantil-2_3x2x.jpg_2118499843-1024x683.jpg\" src=\"http:\/\/www.grieta.org.mx\/wp-content\/uploads\/2019\/05\/trabajo_infantil-2_3x2x.jpg_2118499843-300x200.jpg\" alt=\"\" width=\"700\" height=\"600\" class=\"alignleft size-medium wp-image-32787\" \/><\/p>\n<p>El Economista<\/p>\n<blockquote><p>El grupo Colectivo Callejero denunciaron que en la Glorieta de Camarones de la Ciudad de M\u00e9xico, ni\u00f1os ind\u00edgenas de Hidalgo y de Quer\u00e9taro son trasladados a la ciudad para hacer malabarismos, piruetas o simplemente mendigar entre los automovilistas.<\/p><\/blockquote>\n<p>En las familias m\u00e1s pobres del pa\u00eds, los ni\u00f1os terminan como pilar de la econom\u00eda, pues aunque la madre y el padre trabajen, los mejores ingresos se los llevan los hijos, quienes corren el riesgo de ser v\u00edctimas de trata de personas.<\/p>\n<p>As\u00ed lo expresaron a Notimex los integrantes del grupo Colectivo Callejero, Brenda Raya y Jorge Rojas, quienes denunciaron que en la Glorieta de Camarones de la Ciudad de M\u00e9xico, ni\u00f1os ind\u00edgenas de Hidalgo y de Quer\u00e9taro son trasladados a la ciudad para hacer malabarismos, piruetas o simplemente mendigar entre los automovilistas.<\/p>\n<p>Mientras que en el corredor de las v\u00edas que va de la colonia Tlatilco, donde antiguamente pasaba el ferrocarril, hasta a la antigua estaci\u00f3n de Buenavista, viven familias de pepenadores desde hace varias generaciones, donde los abuelos, los hijos y los nietos colaboran en el sustento.<\/p>\n<p>Desde que empiezan a caminar solos comienzan a saber lo que es trabajar, como Mar\u00eda, de apenas cinco a\u00f1os de edad, quien mientras sus padres van a trabajar se queda con su abuela a vender cigarros; al perder la vista dej\u00f3 el negocio a su nieta, quien sin tener un grado de educaci\u00f3n sabe hacer bien las cuentas y no deja que nadie le pague menos del costo establecido para la mercanc\u00eda.<\/p>\n<p>Los denunciantes son profesionales comprometidos con la protecci\u00f3n y reivindicaci\u00f3n de los derechos de toda persona en estado vulnerabilidad,  se\u00f1alaron que en el Metro Bellas Artes se re\u00fane un grupo de mujeres, al parecer mazahuas, que tambi\u00e9n ponen a sus hijos a pedir limosna en los vagones del Sistema de Transporte Colectivo.<\/p>\n<p>Agregaron en la Avenida de los Insurgentes tambi\u00e9n hay comunidades ind\u00edgenas muy grandes de mazahuas, h\u00f1ah\u00f1us y triquis, que al llegar de sus zonas de origen ocuparon los edificios abandonados despu\u00e9s del terremoto de 1985; desde entonces viv\u00edan ah\u00ed, pero luego de los sismos de septiembre de 2017 tuvieron que abandonarlos.<\/p>\n<p>En este momento, m\u00e1s de 100 ni\u00f1os ind\u00edgenas viven a la intemperie entre las calles de Mil\u00e1n, Liverpool y Roma, en la Ciudad de M\u00e9xico, sin recibir apoyo de las autoridades.<\/p>\n<p>Rayas y Rojas explicaron que quienes deber\u00edan intervenir e investigar esta situaci\u00f3n son la Agencia del Ministerio P\u00fablico 59, especializada en la atenci\u00f3n del menor, el Sistema para el Desarrollo Integral de la Familia (DIF), local y federal, as\u00ed como organizaciones civiles.<\/p>\n<p>Detallaron que los menores no s\u00f3lo son utilizados por la delincuencia organizada, tambi\u00e9n los usan autoridades policiales que antes de realizar un operativo les pagan para que vean c\u00f3mo se encuentra el lugar, cu\u00e1ntas personas hay y si est\u00e1n armadas, lo que pone en riesgo las vidas de los ni\u00f1os.<\/p>\n<p>Sostuvieron que en la Ciudad de M\u00e9xico hay trabajo infantil forzado, particularmente de ni\u00f1os ind\u00edgenas. Hay un grupo de ni\u00f1os mazahuas acordeonistas que trabajan tocando en el Metro o en las calles.<\/p>\n<p>En la calle Madero, del Centro Hist\u00f3rico, un grupo de tres ni\u00f1os guitarristas, de entre siete y 11 a\u00f1os de edad llama mucho la atenci\u00f3n y recibe bastantes  monedas en su canasto. Seg\u00fan Colectivo de la Calle, un m\u00fasico en Madero saca unos mil 200 pesos al d\u00eda, por lo que esos chiquillos deben ganar, cuando menos, el doble.<\/p>\n<p>En Marina Nacional, en varios puntos, se concentra otro grupo de ni\u00f1os con trajes t\u00edpicos chiapanecos, muy probablemente son tzeltales, que montan un espect\u00e1culo con m\u00e1scaras de pol\u00edticos, en el que el expresidente Carlos Salinas de Gortari es el actor principal.<\/p>\n<p>Con m\u00e1s de 10 a\u00f1os de experiencia en apoyo a menores de la calle, los denunciantes explicaron que hay ni\u00f1os que trabajan en los mercados, principalmente en comedores, donde ayudan en el negocio familiar sin sueldo, pero s\u00ed van a la escuela y son apoyados por sus madres, muchas de ellas solteras.<\/p>\n<p><a href=\"https:\/\/www.eleconomista.com.mx\/politica\/Ninos-indigenas-principales-victimas-de-trabajo-infantil-forzado-en-la-Ciudad-de-Mexico-20190428-0036.html\">https:\/\/www.eleconomista.com.mx\/politica\/Ninos-indigenas-principales-victimas-de-trabajo-infantil-forzado-en-la-Ciudad-de-Mexico-20190428-0036.html<\/a><\/p>\n","protected":false},"excerpt":{"rendered":"<p>El Economista El grupo Colectivo Callejero denunciaron que en la Glorieta de Camarones de la Ciudad de M\u00e9xico, ni\u00f1os ind\u00edgenas de Hidalgo y de Quer\u00e9taro son trasladados a la ciudad &hellip; <a href=\"https:\/\/www.grieta.org.mx\/index.php\/2019\/04\/28\/ninos-indigenas-principales-victimas-de-trabajo-infantil-forzado-en-la-ciudad-de-mexico\/\" class=\"more-link\">Leer m\u00e1s<\/a><\/p>\n","protected":false},"author":2,"featured_media":32787,"comment_status":"closed","ping_status":"closed","sticky":false,"template":"","format":"standard","meta":{"ngg_post_thumbnail":0,"_jetpack_newsletter_access":"","_jetpack_dont_email_post_to_subs":false,"_jetpack_newsletter_tier_id":0,"_jetpack_memberships_contains_paywalled_content":false,"_jetpack_memberships_contains_paid_content":false,"footnotes":""},"categories":[80,14,1819,2],"tags":[2516,2517],"class_list":["post-32786","post","type-post","status-publish","format-standard","has-post-thumbnail","hentry","category-cintillo","category-ciudad-de-mexico","category-la-ninez-bajo-la-tormenta-capitalista-en-la-ciudad-de-mexico","category-noticias-nacionales","tag-ninos-explotados","tag-trabajo-forzado","entry"],"jetpack_featured_media_url":"https:\/\/www.grieta.org.mx\/wp-content\/uploads\/2019\/05\/trabajo_infantil-2_3x2x.jpg_2118499843.jpg","jetpack_sharing_enabled":true,"jetpack_shortlink":"https:\/\/wp.me\/p7ZJR4-8wO","jetpack_likes_enabled":false,"jetpack-related-posts":[{"id":43690,"url":"https:\/\/www.grieta.org.mx\/index.php\/2020\/01\/23\/ninos-trabajadores-en-el-metro-y-central-de-abasto-enfrentan-rezago-educativo-discriminacion-y-violencia\/","url_meta":{"origin":32786,"position":0},"title":"Ni\u00f1os trabajadores en el Metro y Central de Abasto enfrentan rezago educativo, discriminaci\u00f3n y violencia","author":"grieta","date":"23 enero, 2020","format":false,"excerpt":"\u00a0 \u00a0 Animal Pol\u00edtico \u00a0 Un informe presentado por la Comisi\u00f3n de Derechos Humanos de la Ciudad de M\u00e9xico (CDHDF) detalla el panorama para la poblaci\u00f3n infantil trabajadora en la capital del pa\u00eds. Afectaciones en salud, educaci\u00f3n, desarrollo f\u00edsico y mental, as\u00ed como discriminaci\u00f3n y violencia son el panorama al\u2026","rel":"","context":"En &quot;Abuso policiaco y tortura en la Ciudad de M\u00e9xico&quot;","block_context":{"text":"Abuso policiaco y tortura en la Ciudad de M\u00e9xico","link":"https:\/\/www.grieta.org.mx\/index.php\/category\/noticias-nacionales\/ciudad-de-mexico\/abuso-policiaco-y-tortura-en-la-ciudad-de-mexico\/"},"img":{"alt_text":"","src":"https:\/\/i0.wp.com\/www.grieta.org.mx\/wp-content\/uploads\/2020\/01\/Ni%C3%B1os-trabajadores-en-el-Metro-y-Central-de-Abasto-enfrentan-rezago-educativo-discriminaci%C3%B3n-y-violencia-cdmx-ene.jpeg?resize=350%2C200&ssl=1","width":350,"height":200,"srcset":"https:\/\/i0.wp.com\/www.grieta.org.mx\/wp-content\/uploads\/2020\/01\/Ni%C3%B1os-trabajadores-en-el-Metro-y-Central-de-Abasto-enfrentan-rezago-educativo-discriminaci%C3%B3n-y-violencia-cdmx-ene.jpeg?resize=350%2C200&ssl=1 1x, https:\/\/i0.wp.com\/www.grieta.org.mx\/wp-content\/uploads\/2020\/01\/Ni%C3%B1os-trabajadores-en-el-Metro-y-Central-de-Abasto-enfrentan-rezago-educativo-discriminaci%C3%B3n-y-violencia-cdmx-ene.jpeg?resize=525%2C300&ssl=1 1.5x, https:\/\/i0.wp.com\/www.grieta.org.mx\/wp-content\/uploads\/2020\/01\/Ni%C3%B1os-trabajadores-en-el-Metro-y-Central-de-Abasto-enfrentan-rezago-educativo-discriminaci%C3%B3n-y-violencia-cdmx-ene.jpeg?resize=700%2C400&ssl=1 2x"},"classes":[]},{"id":42609,"url":"https:\/\/www.grieta.org.mx\/index.php\/2019\/12\/27\/arman-colecta-de-juguetes-para-hijos-de-victimas-de-feminicidio-ciudad-de-mexico\/","url_meta":{"origin":32786,"position":1},"title":"Arman colecta de juguetes para hijos de v\u00edctimas de feminicidio (Ciudad de M\u00e9xico)","author":"grieta","date":"27 diciembre, 2019","format":false,"excerpt":"Karla Almaraz \/ Chilango Todos pueden donar juguetes o frazadas El colectivo Ni una menos M\u00e9xico organiz\u00f3 una colecta de juguetes feminista, para regalarlos a los hijos de mujeres que han sido v\u00edctimas de feminicidios. Adem\u00e1s de juguetes , las personas podr\u00e1n donar frazadas. Todo ser\u00e1 entregado a los peque\u00f1os.\u2026","rel":"","context":"En &quot;CINTILLO&quot;","block_context":{"text":"CINTILLO","link":"https:\/\/www.grieta.org.mx\/index.php\/category\/cintillo\/"},"img":{"alt_text":"","src":"https:\/\/i0.wp.com\/www.grieta.org.mx\/wp-content\/uploads\/2019\/12\/Arman-colecta-de-juguetes-para-hijos-de-v%C3%ADctimas-de-feminicidio-cdmx-dic.jpg?resize=350%2C200","width":350,"height":200},"classes":[]},{"id":45218,"url":"https:\/\/www.grieta.org.mx\/index.php\/2020\/02\/25\/familiares-de-ninos-con-cancer-y-pacientes-con-vih-clausuran-palacio-nacional-ciudad-de-mexico\/","url_meta":{"origin":32786,"position":2},"title":"Familiares de ni\u00f1os con c\u00e1ncer y pacientes con VIH \u201cclausuran\u201d Palacio Nacional (Ciudad de M\u00e9xico)","author":"grieta","date":"25 febrero, 2020","format":false,"excerpt":"Los diversos contingentes formaron un grupo de 35 personas que se plantaron junto a la puerta. Foto: Daniel Ojeda Gerardo Su\u00e1rez \/ El Heraldo de M\u00e9xico Los inconformes pegaron varios sellos con la frase \"clausurado\" en la puerta central del inmueble donde despacha el Presidente Familiares de ni\u00f1os con c\u00e1ncer\u2026","rel":"","context":"En &quot;CINTILLO&quot;","block_context":{"text":"CINTILLO","link":"https:\/\/www.grieta.org.mx\/index.php\/category\/cintillo\/"},"img":{"alt_text":"","src":"https:\/\/i0.wp.com\/www.grieta.org.mx\/wp-content\/uploads\/2020\/02\/Familiares-de-ni%C3%B1os-con-c%C3%A1ncer-y-pacientes-con-VIH-clausuran-Palacio-Nacional-cdmx-feb.jpg?resize=350%2C200&ssl=1","width":350,"height":200,"srcset":"https:\/\/i0.wp.com\/www.grieta.org.mx\/wp-content\/uploads\/2020\/02\/Familiares-de-ni%C3%B1os-con-c%C3%A1ncer-y-pacientes-con-VIH-clausuran-Palacio-Nacional-cdmx-feb.jpg?resize=350%2C200&ssl=1 1x, https:\/\/i0.wp.com\/www.grieta.org.mx\/wp-content\/uploads\/2020\/02\/Familiares-de-ni%C3%B1os-con-c%C3%A1ncer-y-pacientes-con-VIH-clausuran-Palacio-Nacional-cdmx-feb.jpg?resize=525%2C300&ssl=1 1.5x, https:\/\/i0.wp.com\/www.grieta.org.mx\/wp-content\/uploads\/2020\/02\/Familiares-de-ni%C3%B1os-con-c%C3%A1ncer-y-pacientes-con-VIH-clausuran-Palacio-Nacional-cdmx-feb.jpg?resize=700%2C400&ssl=1 2x, https:\/\/i0.wp.com\/www.grieta.org.mx\/wp-content\/uploads\/2020\/02\/Familiares-de-ni%C3%B1os-con-c%C3%A1ncer-y-pacientes-con-VIH-clausuran-Palacio-Nacional-cdmx-feb.jpg?resize=1050%2C600&ssl=1 3x"},"classes":[]},{"id":70834,"url":"https:\/\/www.grieta.org.mx\/index.php\/2025\/01\/08\/reclutamiento-forzado-violencia-y-discriminacion-que-paso-con-la-ninez-en-mexico-en-2024\/","url_meta":{"origin":32786,"position":3},"title":"Reclutamiento forzado, violencia y discriminaci\u00f3n: \u00bfQu\u00e9 pas\u00f3 con la ni\u00f1ez en M\u00e9xico en 2024?","author":"Admin","date":"8 enero, 2025","format":false,"excerpt":"La Red por los Derechos de la Infancia en M\u00e9xico public\u00f3 un informe en el cual eval\u00faa la situaci\u00f3n de la ni\u00f1ez y adolescencia en el pa\u00eds durante 2024. Este informe muestra un incremento y persistencia en los desaf\u00edos a los que se enfrentan las personas de entre 0 y\u2026","rel":"","context":"En &quot;CINTILLO&quot;","block_context":{"text":"CINTILLO","link":"https:\/\/www.grieta.org.mx\/index.php\/category\/cintillo\/"},"img":{"alt_text":"","src":"https:\/\/i0.wp.com\/www.grieta.org.mx\/wp-content\/uploads\/2025\/01\/infancias3_triquis_IsabelBriseno.jpg?resize=350%2C200&ssl=1","width":350,"height":200,"srcset":"https:\/\/i0.wp.com\/www.grieta.org.mx\/wp-content\/uploads\/2025\/01\/infancias3_triquis_IsabelBriseno.jpg?resize=350%2C200&ssl=1 1x, https:\/\/i0.wp.com\/www.grieta.org.mx\/wp-content\/uploads\/2025\/01\/infancias3_triquis_IsabelBriseno.jpg?resize=525%2C300&ssl=1 1.5x, https:\/\/i0.wp.com\/www.grieta.org.mx\/wp-content\/uploads\/2025\/01\/infancias3_triquis_IsabelBriseno.jpg?resize=700%2C400&ssl=1 2x"},"classes":[]},{"id":27227,"url":"https:\/\/www.grieta.org.mx\/index.php\/2018\/10\/16\/padres-de-familia-denuncian-abuso-sexual-contra-37-ninos-en-un-kinder-de-la-gam-ciudad-de-mexico\/","url_meta":{"origin":32786,"position":4},"title":"Padres de familia denuncian abuso sexual contra 37 ni\u00f1os en un k\u00ednder de la GAM (Ciudad de M\u00e9xico)","author":"grieta","date":"16 octubre, 2018","format":false,"excerpt":"Redacci\u00f3n\/Animal Pol\u00edtico Los padres de familia exigieron la aparici\u00f3n del trabajador acusado de abusar sexualmente de al menos 37 menores, quien se desempe\u00f1a como auxiliar administrativo en el jard\u00edn de ni\u00f1os. Padres de familia se manifestaron frente al jard\u00edn de ni\u00f1os \u201cMarcelino de Ch\u00e1mpagnat\u201d, en la colonia San Juan de\u2026","rel":"","context":"En &quot;CINTILLO&quot;","block_context":{"text":"CINTILLO","link":"https:\/\/www.grieta.org.mx\/index.php\/category\/cintillo\/"},"img":{"alt_text":"","src":"https:\/\/i0.wp.com\/www.grieta.org.mx\/wp-content\/uploads\/2018\/10\/activity-art-art-class-730807-e1539716094171-960x500.jpg?resize=350%2C200&ssl=1","width":350,"height":200,"srcset":"https:\/\/i0.wp.com\/www.grieta.org.mx\/wp-content\/uploads\/2018\/10\/activity-art-art-class-730807-e1539716094171-960x500.jpg?resize=350%2C200&ssl=1 1x, https:\/\/i0.wp.com\/www.grieta.org.mx\/wp-content\/uploads\/2018\/10\/activity-art-art-class-730807-e1539716094171-960x500.jpg?resize=525%2C300&ssl=1 1.5x, https:\/\/i0.wp.com\/www.grieta.org.mx\/wp-content\/uploads\/2018\/10\/activity-art-art-class-730807-e1539716094171-960x500.jpg?resize=700%2C400&ssl=1 2x"},"classes":[]},{"id":59343,"url":"https:\/\/www.grieta.org.mx\/index.php\/2021\/05\/03\/madres-buscadoras-en-mexico-y-jalisco-volveran-a-salir-a-las-calles-este-10-de-mayo-por-el-regreso-de-sus-hijos-e-hijas-desaparecidas-jalisco\/","url_meta":{"origin":32786,"position":5},"title":"Madres buscadoras en M\u00e9xico y Jalisco volver\u00e1n a salir a las calles este 10 de mayo por el regreso de sus hijos e hijas desaparecidas (Jalisco)","author":"grieta","date":"3 mayo, 2021","format":false,"excerpt":"Foto: Zona Docs El 10 de mayo,\u00a0D\u00eda de las Madres\u00a0en M\u00e9xico, ha dejado de ser una fecha de celebraci\u00f3n para miles de madres y familias del pa\u00eds, quienes padecen la ausencia de sus amores desaparecidos, por ello, en lugar de conmemorar, salen a las calles de sus estados y ciudades\u2026","rel":"","context":"En &quot;CINTILLO&quot;","block_context":{"text":"CINTILLO","link":"https:\/\/www.grieta.org.mx\/index.php\/category\/cintillo\/"},"img":{"alt_text":"","src":"https:\/\/i0.wp.com\/www.grieta.org.mx\/wp-content\/uploads\/2021\/05\/result-5-e1620589064516.jpg?resize=350%2C200&ssl=1","width":350,"height":200,"srcset":"https:\/\/i0.wp.com\/www.grieta.org.mx\/wp-content\/uploads\/2021\/05\/result-5-e1620589064516.jpg?resize=350%2C200&ssl=1 1x, https:\/\/i0.wp.com\/www.grieta.org.mx\/wp-content\/uploads\/2021\/05\/result-5-e1620589064516.jpg?resize=525%2C300&ssl=1 1.5x, https:\/\/i0.wp.com\/www.grieta.org.mx\/wp-content\/uploads\/2021\/05\/result-5-e1620589064516.jpg?resize=700%2C400&ssl=1 2x"},"classes":[]}],"_links":{"self":[{"href":"https:\/\/www.grieta.org.mx\/index.php\/wp-json\/wp\/v2\/posts\/32786","targetHints":{"allow":["GET"]}}],"collection":[{"href":"https:\/\/www.grieta.org.mx\/index.php\/wp-json\/wp\/v2\/posts"}],"about":[{"href":"https:\/\/www.grieta.org.mx\/index.php\/wp-json\/wp\/v2\/types\/post"}],"author":[{"embeddable":true,"href":"https:\/\/www.grieta.org.mx\/index.php\/wp-json\/wp\/v2\/users\/2"}],"replies":[{"embeddable":true,"href":"https:\/\/www.grieta.org.mx\/index.php\/wp-json\/wp\/v2\/comments?post=32786"}],"version-history":[{"count":1,"href":"https:\/\/www.grieta.org.mx\/index.php\/wp-json\/wp\/v2\/posts\/32786\/revisions"}],"predecessor-version":[{"id":32788,"href":"https:\/\/www.grieta.org.mx\/index.php\/wp-json\/wp\/v2\/posts\/32786\/revisions\/32788"}],"wp:featuredmedia":[{"embeddable":true,"href":"https:\/\/www.grieta.org.mx\/index.php\/wp-json\/wp\/v2\/media\/32787"}],"wp:attachment":[{"href":"https:\/\/www.grieta.org.mx\/index.php\/wp-json\/wp\/v2\/media?parent=32786"}],"wp:term":[{"taxonomy":"category","embeddable":true,"href":"https:\/\/www.grieta.org.mx\/index.php\/wp-json\/wp\/v2\/categories?post=32786"},{"taxonomy":"post_tag","embeddable":true,"href":"https:\/\/www.grieta.org.mx\/index.php\/wp-json\/wp\/v2\/tags?post=32786"}],"curies":[{"name":"wp","href":"https:\/\/api.w.org\/{rel}","templated":true}]}}