{"id":32772,"date":"2019-05-01T11:11:48","date_gmt":"2019-05-01T16:11:48","guid":{"rendered":"http:\/\/www.grieta.org.mx\/?p=32772"},"modified":"2019-05-01T11:11:48","modified_gmt":"2019-05-01T16:11:48","slug":"ninos-jornaleros-20-pesos-diarios-y-apenas-van-a-clases-michoacan","status":"publish","type":"post","link":"https:\/\/www.grieta.org.mx\/index.php\/2019\/05\/01\/ninos-jornaleros-20-pesos-diarios-y-apenas-van-a-clases-michoacan\/","title":{"rendered":"Ni\u00f1os jornaleros: 20 pesos diarios y apenas van a clases (Michoac\u00e1n)"},"content":{"rendered":"<p><img loading=\"lazy\" decoding=\"async\" data-attachment-id=\"32773\" data-permalink=\"https:\/\/www.grieta.org.mx\/index.php\/2019\/05\/01\/ninos-jornaleros-20-pesos-diarios-y-apenas-van-a-clases-michoacan\/direct1-2\/\" data-orig-file=\"https:\/\/www.grieta.org.mx\/wp-content\/uploads\/2019\/05\/direct1.jpg\" data-orig-size=\"651,400\" data-comments-opened=\"0\" data-image-meta=\"{&quot;aperture&quot;:&quot;0&quot;,&quot;credit&quot;:&quot;&quot;,&quot;camera&quot;:&quot;&quot;,&quot;caption&quot;:&quot;&quot;,&quot;created_timestamp&quot;:&quot;0&quot;,&quot;copyright&quot;:&quot;&quot;,&quot;focal_length&quot;:&quot;0&quot;,&quot;iso&quot;:&quot;0&quot;,&quot;shutter_speed&quot;:&quot;0&quot;,&quot;title&quot;:&quot;&quot;,&quot;orientation&quot;:&quot;0&quot;}\" data-image-title=\"direct1\" data-image-description=\"\" data-image-caption=\"\" data-medium-file=\"https:\/\/www.grieta.org.mx\/wp-content\/uploads\/2019\/05\/direct1-300x184.jpg\" data-large-file=\"https:\/\/www.grieta.org.mx\/wp-content\/uploads\/2019\/05\/direct1.jpg\" class=\"aligncenter wp-image-32773 size-full\" src=\"http:\/\/www.grieta.org.mx\/wp-content\/uploads\/2019\/05\/direct1.jpg\" alt=\"\" width=\"651\" height=\"400\" srcset=\"https:\/\/www.grieta.org.mx\/wp-content\/uploads\/2019\/05\/direct1.jpg 651w, https:\/\/www.grieta.org.mx\/wp-content\/uploads\/2019\/05\/direct1-300x184.jpg 300w\" sizes=\"auto, (max-width: 651px) 100vw, 651px\" \/><\/p>\n<p>El Universal, 1\u00ba de mayo de 2019<br \/>\nCoahuayana, Michoac\u00e1n<\/p>\n<p>Por unas cuantas monedas, ni\u00f1os mixtecos de seis a\u00f1os en adelante trabajan de sol a sol en los campos del municipio de Coahuayana, Michoac\u00e1n. Salen de su casa a las cinco de la ma\u00f1ana y regresan a las siete de la noche a cambio de 20 pesos diarios.<\/p>\n<p>Estudian en sus ratos libres, s\u00f3lo as\u00ed es permitido por sus padres; enfrentan desnutrici\u00f3n y descuido. As\u00ed, en medio de esa esclavitud moderna, es como lleg\u00f3 el D\u00eda del Ni\u00f1o para estos hijos de jornaleros.<\/p>\n<p>Un peso con 60 centavos por hora cuesta la mano de obra de estos menores que se pierden entre los interminables surcos de chile o jitomate. Ello representa 5.7% de lo que gana un adulto, que recibe 350 pesos por jornada. Los ni\u00f1os son trabajadores que no comen mucho, no se quejan y no requieren prestaciones de ley.<\/p>\n<p>A la falta de atenci\u00f3n de las autoridades estatales y federales, se suma la de sus padres, que priorizan el trabajo al estudio en la vida de sus hijos. De los cerca de 400 ni\u00f1os jornaleros que se concentran en los campos de Coahuayana en temporada alta, s\u00f3lo la mitad acude a clases tres horas al d\u00eda, con maestros muy j\u00f3venes que no hablan su misma lengua.<\/p>\n<figure id=\"attachment_32774\" aria-describedby=\"caption-attachment-32774\" style=\"width: 567px\" class=\"wp-caption aligncenter\"><img loading=\"lazy\" decoding=\"async\" data-attachment-id=\"32774\" data-permalink=\"https:\/\/www.grieta.org.mx\/index.php\/2019\/05\/01\/ninos-jornaleros-20-pesos-diarios-y-apenas-van-a-clases-michoacan\/direct2\/\" data-orig-file=\"https:\/\/www.grieta.org.mx\/wp-content\/uploads\/2019\/05\/direct2.jpg\" data-orig-size=\"567,363\" data-comments-opened=\"0\" data-image-meta=\"{&quot;aperture&quot;:&quot;0&quot;,&quot;credit&quot;:&quot;&quot;,&quot;camera&quot;:&quot;&quot;,&quot;caption&quot;:&quot;&quot;,&quot;created_timestamp&quot;:&quot;0&quot;,&quot;copyright&quot;:&quot;&quot;,&quot;focal_length&quot;:&quot;0&quot;,&quot;iso&quot;:&quot;0&quot;,&quot;shutter_speed&quot;:&quot;0&quot;,&quot;title&quot;:&quot;&quot;,&quot;orientation&quot;:&quot;0&quot;}\" data-image-title=\"direct2\" data-image-description=\"\" data-image-caption=\"&lt;p&gt;Ni\u00f1os llegan cansados a la escuela porque primero trabajan en el campo.&lt;\/p&gt;\n\" data-medium-file=\"https:\/\/www.grieta.org.mx\/wp-content\/uploads\/2019\/05\/direct2-300x192.jpg\" data-large-file=\"https:\/\/www.grieta.org.mx\/wp-content\/uploads\/2019\/05\/direct2.jpg\" class=\"wp-image-32774 size-full\" src=\"http:\/\/www.grieta.org.mx\/wp-content\/uploads\/2019\/05\/direct2.jpg\" alt=\"\" width=\"567\" height=\"363\" srcset=\"https:\/\/www.grieta.org.mx\/wp-content\/uploads\/2019\/05\/direct2.jpg 567w, https:\/\/www.grieta.org.mx\/wp-content\/uploads\/2019\/05\/direct2-300x192.jpg 300w\" sizes=\"auto, (max-width: 567px) 100vw, 567px\" \/><figcaption id=\"caption-attachment-32774\" class=\"wp-caption-text\">Ni\u00f1os llegan cansados a la escuela porque primero trabajan en el campo.<\/figcaption><\/figure>\n<p><strong>\u201cA los padres s\u00f3lo les interesa el dinero\u201d<\/strong><\/p>\n<p>Sucios, descuidados, carentes de afecto, as\u00ed es como la maestra Mar\u00eda Teresa Mendoza Orosco, de apenas 18 a\u00f1os, recibe a sus alumnos de preescolar. Ella est\u00e1 al frente de un grupo de ni\u00f1os de tres a cinco a\u00f1os.<\/p>\n<p>La docente del Consejo Nacional de Fomento Educativo (Conafe) se\u00f1ala que a estos ni\u00f1os les hace falta el amor de sus pap\u00e1s y mucha atenci\u00f3n. Con firmeza, menciona que como mentores se esfuerzan en ser cari\u00f1osos con todos sus alumnos y para apoyarlos en todo lo que est\u00e9 en sus manos.<\/p>\n<p>Principalmente \u201cpara que vean que tienen un apoyo\u201d, afirma Teresa Mendoza, mientras arranca algunas sonrisas a los peque\u00f1os con unas improvisadas selfies.<\/p>\n<p>\u201c[Los pap\u00e1s] siempre se la pasan trabajando y no les hacen caso, falta, por ejemplo, que se encarguen de ellos, de su limpieza. No se ba\u00f1an, no se limpian\u201d, cuenta.<\/p>\n<p>Por su parte, la directora del Centro de Migrantes Jornaleros de Coahuayana, Baudelia Gabino Arceo, confirma que mientras los ni\u00f1os crezcan, tengan entre seis y siete a\u00f1os, y puedan cortar cualquier fruta, los pap\u00e1s se los llevan a las labores del campo.<\/p>\n<p>\u201cAqu\u00ed al jornalero lo que le interesa es el dinero. Ellos vienen aqu\u00ed a llevarse el dinero, a ellos no les interesa si el ni\u00f1o sabe, si comi\u00f3, si fue a la escuela. No, para ellos importa el dinero\u201d, asegura.<\/p>\n<p>Erick Emanuel Saavedra Maldonado est\u00e1 al frente de un grupo de primaria y se\u00f1ala que aunque la educaci\u00f3n es gratuita, los padres se niegan a que sus hijos acudan a clases.<\/p>\n<figure id=\"attachment_32775\" aria-describedby=\"caption-attachment-32775\" style=\"width: 567px\" class=\"wp-caption aligncenter\"><img loading=\"lazy\" decoding=\"async\" data-attachment-id=\"32775\" data-permalink=\"https:\/\/www.grieta.org.mx\/index.php\/2019\/05\/01\/ninos-jornaleros-20-pesos-diarios-y-apenas-van-a-clases-michoacan\/direct3-2\/\" data-orig-file=\"https:\/\/www.grieta.org.mx\/wp-content\/uploads\/2019\/05\/direct3.jpg\" data-orig-size=\"567,363\" data-comments-opened=\"0\" data-image-meta=\"{&quot;aperture&quot;:&quot;0&quot;,&quot;credit&quot;:&quot;&quot;,&quot;camera&quot;:&quot;&quot;,&quot;caption&quot;:&quot;&quot;,&quot;created_timestamp&quot;:&quot;0&quot;,&quot;copyright&quot;:&quot;&quot;,&quot;focal_length&quot;:&quot;0&quot;,&quot;iso&quot;:&quot;0&quot;,&quot;shutter_speed&quot;:&quot;0&quot;,&quot;title&quot;:&quot;&quot;,&quot;orientation&quot;:&quot;0&quot;}\" data-image-title=\"direct3\" data-image-description=\"\" data-image-caption=\"&lt;p&gt;Los ni\u00f1os jornaleros padecen desnutrici\u00f3n por el descuido no s\u00f3lo de sus padres, quienes los llevan a trabajar, sino tambi\u00e9n de las autoridades que permiten el trabajo infantil.&lt;\/p&gt;\n\" data-medium-file=\"https:\/\/www.grieta.org.mx\/wp-content\/uploads\/2019\/05\/direct3-300x192.jpg\" data-large-file=\"https:\/\/www.grieta.org.mx\/wp-content\/uploads\/2019\/05\/direct3.jpg\" class=\"wp-image-32775 size-full\" src=\"http:\/\/www.grieta.org.mx\/wp-content\/uploads\/2019\/05\/direct3.jpg\" alt=\"\" width=\"567\" height=\"363\" srcset=\"https:\/\/www.grieta.org.mx\/wp-content\/uploads\/2019\/05\/direct3.jpg 567w, https:\/\/www.grieta.org.mx\/wp-content\/uploads\/2019\/05\/direct3-300x192.jpg 300w\" sizes=\"auto, (max-width: 567px) 100vw, 567px\" \/><figcaption id=\"caption-attachment-32775\" class=\"wp-caption-text\">Los ni\u00f1os jornaleros padecen desnutrici\u00f3n por el descuido no s\u00f3lo de sus padres, quienes los llevan a trabajar, sino tambi\u00e9n de las autoridades que permiten el trabajo infantil.<\/figcaption><\/figure>\n<p>\u201cQuieren simplemente que est\u00e9n trabajando, pero llegu\u00e9 a un acuerdo con los pap\u00e1s y aunque sea darles tres horas de clases en la tarde para que ellos aprendan algo\u201d. Esas tres horas se reducen a la mitad del tiempo, debido a las largas jornadas a las que son sometidos los ni\u00f1os en las plantaciones de chile y tomate.<\/p>\n<p>\u201cLlegan cansados. La mayor\u00eda directo a ayudarles a sus mam\u00e1s. A veces quieren descansar y los tenemos que esperar porque los entendemos; vienen de trabajar todo el d\u00eda y quieren descansar y luego seguir estudiando y es un poco complicado\u201d, explica.<\/p>\n<p>El docente recuerda el d\u00eda en que uno de sus alumnos le dijo que no quer\u00eda estudiar porque estaba muy cansado y le platic\u00f3 lo que ganaba en una jornada: \u201cSi para uno es pesado el trabajo en el campo, m\u00e1s para un ni\u00f1o, el estar cargando cubetas pesadas y agarrando qu\u00edmicos, pues son muy da\u00f1inos para ellos ya que su piel es muy delicada. Eso fue lo que m\u00e1s me marc\u00f3\u201d, relata.<\/p>\n<p>\u201cEn vez de que el pap\u00e1 diga: \u2018Est\u00e1 bien, que trabaje un medio tiempo y que vaya a estudiar\u2019, pero no, ellos est\u00e1n con una mentalidad desde chiquitos de que nacieron para trabajar y tienen que hacerlo\u201d, lamenta Erick.<\/p>\n<p>El profesor Daniel Fajardo Pineda trabaja en el campamento de San Vicente, en donde viven 25 ni\u00f1os de entre seis y 13 a\u00f1os.<\/p>\n<p>Los menores reciben alimentos y toman clases en un nivel multigrado, debido a que la mayor\u00eda de ellos no sabe leer ni escribir. Provienen de Chiapas y Guerrero y s\u00f3lo pasan ah\u00ed una temporada al a\u00f1o.<\/p>\n<figure id=\"attachment_32776\" aria-describedby=\"caption-attachment-32776\" style=\"width: 567px\" class=\"wp-caption aligncenter\"><img loading=\"lazy\" decoding=\"async\" data-attachment-id=\"32776\" data-permalink=\"https:\/\/www.grieta.org.mx\/index.php\/2019\/05\/01\/ninos-jornaleros-20-pesos-diarios-y-apenas-van-a-clases-michoacan\/direct4\/\" data-orig-file=\"https:\/\/www.grieta.org.mx\/wp-content\/uploads\/2019\/05\/direct4.jpg\" data-orig-size=\"567,425\" data-comments-opened=\"0\" data-image-meta=\"{&quot;aperture&quot;:&quot;0&quot;,&quot;credit&quot;:&quot;&quot;,&quot;camera&quot;:&quot;&quot;,&quot;caption&quot;:&quot;&quot;,&quot;created_timestamp&quot;:&quot;0&quot;,&quot;copyright&quot;:&quot;&quot;,&quot;focal_length&quot;:&quot;0&quot;,&quot;iso&quot;:&quot;0&quot;,&quot;shutter_speed&quot;:&quot;0&quot;,&quot;title&quot;:&quot;&quot;,&quot;orientation&quot;:&quot;0&quot;}\" data-image-title=\"direct4\" data-image-description=\"\" data-image-caption=\"&lt;p&gt;El Centro de Migrantes Jornaleros Coahuayana atiende a 80 ni\u00f1os y les brida educaci\u00f3n.&lt;\/p&gt;\n\" data-medium-file=\"https:\/\/www.grieta.org.mx\/wp-content\/uploads\/2019\/05\/direct4-300x225.jpg\" data-large-file=\"https:\/\/www.grieta.org.mx\/wp-content\/uploads\/2019\/05\/direct4.jpg\" class=\"wp-image-32776 size-full\" src=\"http:\/\/www.grieta.org.mx\/wp-content\/uploads\/2019\/05\/direct4.jpg\" alt=\"\" width=\"567\" height=\"425\" srcset=\"https:\/\/www.grieta.org.mx\/wp-content\/uploads\/2019\/05\/direct4.jpg 567w, https:\/\/www.grieta.org.mx\/wp-content\/uploads\/2019\/05\/direct4-300x225.jpg 300w\" sizes=\"auto, (max-width: 567px) 100vw, 567px\" \/><figcaption id=\"caption-attachment-32776\" class=\"wp-caption-text\">El Centro de Migrantes Jornaleros Coahuayana atiende a 80 ni\u00f1os y les brida educaci\u00f3n.<\/figcaption><\/figure>\n<p>Para el maestro se trata de un asunto cultural, ya que est\u00e1n acostumbrados a trabajar desde los cuatro y tres a\u00f1os de edad. Con tal de que aprendan, platica, hay maestros que los siguen hasta el campo para ense\u00f1arles.<\/p>\n<p>El idioma es para los maestros una de las principales barreras para ense\u00f1ar a los peque\u00f1os jornaleros. Al no poder comunicarse con precisi\u00f3n con sus alumnos, limitan sus actividades para que las instrucciones sean f\u00e1ciles de comprender.<\/p>\n<p>\u201cTenemos que ense\u00f1arnos a hablar el mixteco porque si no c\u00f3mo vamos a estar trabajando con ellos\u201d, advierte la maestra Mar\u00eda Teresa Mendoza Orosco.<\/p>\n<p>El mixteco no es una lengua propia de Michoac\u00e1n, en donde algunas comunidades hablan el pur\u00e9pecha y unos cuantos n\u00e1huatl.<\/p>\n<p>Los ni\u00f1os m\u00e1s grandes son los que se encargan de traducir las indicaciones a los m\u00e1s peque\u00f1os cuando sus horarios coinciden.<\/p>\n<p><strong>El Centro de Migrantes Jornaleros<\/strong><\/p>\n<p>Ahora existe un espacio en donde los ni\u00f1os y sus familias pueden vivir y utilizar los servicios de enfermer\u00eda, tienda, aulas y cocina. Se trata del Centro de Migrantes Jornaleros, que hace un a\u00f1o todav\u00eda no estaba en funcionamiento, y en donde se alberga a 40 familias, dentro de las cuales hay 80 ni\u00f1os.<\/p>\n<p>Sin embargo, el alcalde de Coahuayana, Roberto Nevares Dom\u00ednguez, indica que los jornaleros optan por no acceder a este lugar y sus servicios, ya que gente con intereses pol\u00edticos los presiona para que no acudan.<\/p>\n<p>Sin dar detalles, el edil explica que se trata de personas del municipio que dicen provenir de otros sectores gubernamentales<\/p>\n<figure id=\"attachment_32777\" aria-describedby=\"caption-attachment-32777\" style=\"width: 567px\" class=\"wp-caption aligncenter\"><img loading=\"lazy\" decoding=\"async\" data-attachment-id=\"32777\" data-permalink=\"https:\/\/www.grieta.org.mx\/index.php\/2019\/05\/01\/ninos-jornaleros-20-pesos-diarios-y-apenas-van-a-clases-michoacan\/direct5\/\" data-orig-file=\"https:\/\/www.grieta.org.mx\/wp-content\/uploads\/2019\/05\/direct5.jpg\" data-orig-size=\"567,340\" data-comments-opened=\"0\" data-image-meta=\"{&quot;aperture&quot;:&quot;0&quot;,&quot;credit&quot;:&quot;&quot;,&quot;camera&quot;:&quot;&quot;,&quot;caption&quot;:&quot;&quot;,&quot;created_timestamp&quot;:&quot;0&quot;,&quot;copyright&quot;:&quot;&quot;,&quot;focal_length&quot;:&quot;0&quot;,&quot;iso&quot;:&quot;0&quot;,&quot;shutter_speed&quot;:&quot;0&quot;,&quot;title&quot;:&quot;&quot;,&quot;orientation&quot;:&quot;0&quot;}\" data-image-title=\"direct5\" data-image-description=\"\" data-image-caption=\"&lt;p&gt;Erick Saavedra, profesor de primaria, cuenta que lleg\u00f3 a un acuerdo con padres de familia para que le permitieran a sus hijos trabajar y luego estudiar por las tardes tres hora s.&lt;\/p&gt;\n\" data-medium-file=\"https:\/\/www.grieta.org.mx\/wp-content\/uploads\/2019\/05\/direct5-300x180.jpg\" data-large-file=\"https:\/\/www.grieta.org.mx\/wp-content\/uploads\/2019\/05\/direct5.jpg\" class=\"wp-image-32777 size-full\" src=\"http:\/\/www.grieta.org.mx\/wp-content\/uploads\/2019\/05\/direct5.jpg\" alt=\"\" width=\"567\" height=\"340\" srcset=\"https:\/\/www.grieta.org.mx\/wp-content\/uploads\/2019\/05\/direct5.jpg 567w, https:\/\/www.grieta.org.mx\/wp-content\/uploads\/2019\/05\/direct5-300x180.jpg 300w\" sizes=\"auto, (max-width: 567px) 100vw, 567px\" \/><figcaption id=\"caption-attachment-32777\" class=\"wp-caption-text\">Erick Saavedra, profesor de primaria, cuenta que lleg\u00f3 a un acuerdo con padres de familia para que le permitieran a sus hijos trabajar y luego estudiar por las tardes tres horas.<\/figcaption><\/figure>\n<p>Para la diputada Lucila Mart\u00ednez el combate a la pobreza debe ser la prioridad en el impulso de las pol\u00edticas p\u00fablicas en M\u00e9xico. En el marco del D\u00eda Internacional contra la Esclavitud Infantil, el 15 de abril, la integrante de la LXXIV Legislatura en el Congreso del estado, urgi\u00f3 a implementar acciones para fortalecer los derechos de los menores.<\/p>\n<p>Explica que en el mundo se estima que 400 millones de menores son esclavos, de los cuales 168 millones trabajan y 85 millones de ellos lo hacen en condiciones peligrosas. En M\u00e9xico, detalla, hay m\u00e1s de 2 millones 500 mil ni\u00f1os trabajadores, por lo que es necesario que se cierren filas para eliminar el trabajo infantil.<\/p>\n<p>La legisladora refiere que Michoac\u00e1n se encuentra entre los primeros lugares a nivel nacional con m\u00e1s casos de peque\u00f1os que trabajan en las zonas agr\u00edcolas, provenientes de otras entidades. Afirma que estos ni\u00f1os sobreviven en condiciones de miseria, aunado a que realizan jornadas de trabajo superiores a las 12 horas y en muchos casos no tienen la opci\u00f3n de acudir a la escuela.<\/p>\n<p>Asegura que a estos menores se les vulnera de manera constante sus garant\u00edas individuales, como el derecho a una vida digna, a la alimentaci\u00f3n, a la salud, a la educaci\u00f3n, al juego y a una identidad propia. \u201cEso debe cambiar y para eso se debe evitar que este grupo social se vea forzado a trabajar, ya sea por necesidad o porque es obligado\u201d, puntualiza.<\/p>\n<p>De acuerdo con las estad\u00edsticas, explica la legisladora, siete de cada 10 trabajadores, entre cinco y 17 a\u00f1os viven en las zonas rurales de M\u00e9xico; los restantes radican en las ciudades, ante lo que es necesario revisar su situaci\u00f3n y luchar por sus derechos.<\/p>\n<p>As\u00ed, quienes conviven d\u00eda a d\u00eda con estos peque\u00f1os coinciden: el 30 de abril es como cualquier otro d\u00eda, peque\u00f1os inmersos en pesadas jornadas y sin darse cuenta de que apenas son unos ni\u00f1os.<\/p>\n<p><a href=\"http:\/\/www.eluniversal.com.mx\/estados\/ninos-jornaleros-20-pesos-diarios-y-apenas-van-clases\">http:\/\/www.eluniversal.com.mx\/estados\/ninos-jornaleros-20-pesos-diarios-y-apenas-van-clases<\/a><\/p>\n","protected":false},"excerpt":{"rendered":"<p>El Universal, 1\u00ba de mayo de 2019 Coahuayana, Michoac\u00e1n Por unas cuantas monedas, ni\u00f1os mixtecos de seis a\u00f1os en adelante trabajan de sol a sol en los campos del municipio &hellip; <a href=\"https:\/\/www.grieta.org.mx\/index.php\/2019\/05\/01\/ninos-jornaleros-20-pesos-diarios-y-apenas-van-a-clases-michoacan\/\" class=\"more-link\">Leer m\u00e1s<\/a><\/p>\n","protected":false},"author":2,"featured_media":32773,"comment_status":"closed","ping_status":"closed","sticky":false,"template":"","format":"standard","meta":{"ngg_post_thumbnail":0,"_jetpack_newsletter_access":"","_jetpack_dont_email_post_to_subs":false,"_jetpack_newsletter_tier_id":0,"_jetpack_memberships_contains_paywalled_content":false,"_jetpack_memberships_contains_paid_content":false,"footnotes":""},"categories":[80,85,369,1604,1827,2468,21,82,86],"tags":[204,2362,1681,1290],"class_list":{"0":"post-32772","1":"post","2":"type-post","3":"status-publish","4":"format-standard","5":"has-post-thumbnail","6":"hentry","7":"category-cintillo","8":"category-jornaleros","9":"category-jornaleros-analisis","10":"category-jornaleros-en-michoacan-michoacan","11":"category-la-ninez-en-la-tormenta-capitalista","12":"category-la-ninez-en-la-tormenta-en-michoacan","13":"category-michoacan","15":"category-migrantes","16":"tag-jornaleros","17":"tag-la-ninez-en-la-tormenta","18":"tag-precariedad-de-planteles-educativos","19":"tag-precariedad-laboral","20":"entry"},"jetpack_featured_media_url":"https:\/\/www.grieta.org.mx\/wp-content\/uploads\/2019\/05\/direct1.jpg","jetpack_sharing_enabled":true,"jetpack_shortlink":"https:\/\/wp.me\/p7ZJR4-8wA","jetpack_likes_enabled":false,"jetpack-related-posts":[{"id":35431,"url":"https:\/\/www.grieta.org.mx\/index.php\/2019\/06\/12\/dia-mundial-contra-el-trabajo-infantil-en-michoacan-trabajan-100-mil\/","url_meta":{"origin":32772,"position":0},"title":"D\u00eda Mundial Contra el Trabajo Infantil: en Michoac\u00e1n trabajan 100 mil","author":"grieta","date":"12 junio, 2019","format":false,"excerpt":"Dalia Villegas Moreno\/Quadrat\u00edn, 12 de junio de 2019 MORELIA, Mich., 12 de junio de 2019.- De acuerdo con el Consejo Estatal de Poblaci\u00f3n (Coespo), en Michoac\u00e1n trabajan alrededor de 100 mil ni\u00f1os, principalmente en los campos agr\u00edcolas donde se desempe\u00f1an como jornaleros. En el Marco del D\u00eda Mundial Contra el\u2026","rel":"","context":"En &quot;CINTILLO&quot;","block_context":{"text":"CINTILLO","link":"https:\/\/www.grieta.org.mx\/index.php\/category\/cintillo\/"},"img":{"alt_text":"","src":"https:\/\/i0.wp.com\/www.grieta.org.mx\/wp-content\/uploads\/2019\/06\/trabajo-infantil-1160x700.jpg?resize=350%2C200&ssl=1","width":350,"height":200,"srcset":"https:\/\/i0.wp.com\/www.grieta.org.mx\/wp-content\/uploads\/2019\/06\/trabajo-infantil-1160x700.jpg?resize=350%2C200&ssl=1 1x, https:\/\/i0.wp.com\/www.grieta.org.mx\/wp-content\/uploads\/2019\/06\/trabajo-infantil-1160x700.jpg?resize=525%2C300&ssl=1 1.5x, https:\/\/i0.wp.com\/www.grieta.org.mx\/wp-content\/uploads\/2019\/06\/trabajo-infantil-1160x700.jpg?resize=700%2C400&ssl=1 2x, https:\/\/i0.wp.com\/www.grieta.org.mx\/wp-content\/uploads\/2019\/06\/trabajo-infantil-1160x700.jpg?resize=1050%2C600&ssl=1 3x"},"classes":[]},{"id":35949,"url":"https:\/\/www.grieta.org.mx\/index.php\/2019\/04\/15\/tanhuato-y-yurecuaro-rebasados-para-atender-a-jornaleros-agricolas-michoacan\/","url_meta":{"origin":32772,"position":1},"title":"Tanhuato y Yur\u00e9cuaro, rebasados para atender a jornaleros agr\u00edcolas (Michoac\u00e1n)","author":"grieta","date":"15 abril, 2019","format":false,"excerpt":"La CEDH acepta que en los municipios no existen las condiciones adecuadas en los albergues DANIELA OSORIO \/ El Sol de Michoac\u00e1n, 15 de abril de 2019 Los municipios receptores de jornaleros agr\u00edcolas se encuentran rebasados por la cantidad de personas que hay en este sector, y sin apoyo de\u2026","rel":"","context":"En &quot;CINTILLO&quot;","block_context":{"text":"CINTILLO","link":"https:\/\/www.grieta.org.mx\/index.php\/category\/cintillo\/"},"img":{"alt_text":"","src":"https:\/\/i0.wp.com\/www.grieta.org.mx\/wp-content\/uploads\/2019\/07\/JORNALEROS-YURECUARO.jpg?resize=350%2C200&ssl=1","width":350,"height":200,"srcset":"https:\/\/i0.wp.com\/www.grieta.org.mx\/wp-content\/uploads\/2019\/07\/JORNALEROS-YURECUARO.jpg?resize=350%2C200&ssl=1 1x, https:\/\/i0.wp.com\/www.grieta.org.mx\/wp-content\/uploads\/2019\/07\/JORNALEROS-YURECUARO.jpg?resize=525%2C300&ssl=1 1.5x, https:\/\/i0.wp.com\/www.grieta.org.mx\/wp-content\/uploads\/2019\/07\/JORNALEROS-YURECUARO.jpg?resize=700%2C400&ssl=1 2x"},"classes":[]},{"id":38227,"url":"https:\/\/www.grieta.org.mx\/index.php\/2019\/08\/24\/en-pobreza-riesgo-y-condiciones-deplorables-persiste-el-trabajo-jornalero-en-michoacan\/","url_meta":{"origin":32772,"position":2},"title":"En pobreza, riesgo y condiciones deplorables, persiste el trabajo jornalero en Michoac\u00e1n","author":"grieta","date":"24 agosto, 2019","format":false,"excerpt":"Redacci\u00f3n\/ La Voz de Michoac\u00e1n, 23 de agosto de 2019 Michoac\u00e1n. La esclavitud moderna tiene muchos rostros, uno de ellos es el trabajo jornalero. Son alrededor de 250 mil los que laboran en tierras michoacanas, de \u00e9stos una quinta parte son menores de edad, de acuerdo a cifras oficiales. En\u2026","rel":"","context":"En &quot;CINTILLO&quot;","block_context":{"text":"CINTILLO","link":"https:\/\/www.grieta.org.mx\/index.php\/category\/cintillo\/"},"img":{"alt_text":"","src":"https:\/\/i0.wp.com\/www.grieta.org.mx\/wp-content\/uploads\/2019\/08\/jornaleros-los-reyes.jpg?resize=350%2C200&ssl=1","width":350,"height":200,"srcset":"https:\/\/i0.wp.com\/www.grieta.org.mx\/wp-content\/uploads\/2019\/08\/jornaleros-los-reyes.jpg?resize=350%2C200&ssl=1 1x, https:\/\/i0.wp.com\/www.grieta.org.mx\/wp-content\/uploads\/2019\/08\/jornaleros-los-reyes.jpg?resize=525%2C300&ssl=1 1.5x, https:\/\/i0.wp.com\/www.grieta.org.mx\/wp-content\/uploads\/2019\/08\/jornaleros-los-reyes.jpg?resize=700%2C400&ssl=1 2x"},"classes":[]},{"id":32070,"url":"https:\/\/www.grieta.org.mx\/index.php\/2019\/04\/12\/jornaleros-entre-pobreza-y-explotacion-michoacan\/","url_meta":{"origin":32772,"position":3},"title":"Jornaleros, entre pobreza y explotaci\u00f3n (Michoac\u00e1n)","author":"grieta","date":"12 abril, 2019","format":false,"excerpt":"En Michoac\u00e1n hay m\u00e1s de 260 mil trabajadores del sector agr\u00edcola que no son atendidos por autoridades federales, estatales y municipales DANIELA OSORIO\/ El Sol de Zamora, 12 de abril de 2019 El a\u00f1o pasado, una familia humilde de cinco integrantes pernoct\u00f3 por tres d\u00edas bajo un \u00e1rbol afuera de\u2026","rel":"","context":"En &quot;CINTILLO&quot;","block_context":{"text":"CINTILLO","link":"https:\/\/www.grieta.org.mx\/index.php\/category\/cintillo\/"},"img":{"alt_text":"","src":"https:\/\/i0.wp.com\/www.grieta.org.mx\/wp-content\/uploads\/2019\/04\/JORNALEROS-TANHUATO.jpg?resize=350%2C200&ssl=1","width":350,"height":200,"srcset":"https:\/\/i0.wp.com\/www.grieta.org.mx\/wp-content\/uploads\/2019\/04\/JORNALEROS-TANHUATO.jpg?resize=350%2C200&ssl=1 1x, https:\/\/i0.wp.com\/www.grieta.org.mx\/wp-content\/uploads\/2019\/04\/JORNALEROS-TANHUATO.jpg?resize=525%2C300&ssl=1 1.5x, https:\/\/i0.wp.com\/www.grieta.org.mx\/wp-content\/uploads\/2019\/04\/JORNALEROS-TANHUATO.jpg?resize=700%2C400&ssl=1 2x"},"classes":[]},{"id":41059,"url":"https:\/\/www.grieta.org.mx\/index.php\/2019\/11\/05\/jornaleros-agricolas-de-michoacan-sufren-de-explotacion-en-el-campo\/","url_meta":{"origin":32772,"position":4},"title":"Jornaleros agr\u00edcolas de Michoac\u00e1n sufren de explotaci\u00f3n en el campo","author":"grieta","date":"5 noviembre, 2019","format":false,"excerpt":"\u00a0 En el estado de Michoac\u00e1n los trabajadores del campo no reciben las atenciones adecuadas y trabajan m\u00e1s de lo correspondido con el mismo salario Luis Flores \/ Tribuna, 05 de Noviembre de 2019 Morelia, Michoac\u00e1n.- La mayor\u00eda de los trabajadores del campo perciben 200 y 250 pesos por d\u00eda\u2026","rel":"","context":"En &quot;CINTILLO&quot;","block_context":{"text":"CINTILLO","link":"https:\/\/www.grieta.org.mx\/index.php\/category\/cintillo\/"},"img":{"alt_text":"","src":"https:\/\/i0.wp.com\/www.grieta.org.mx\/wp-content\/uploads\/2019\/11\/jornaleros2019.jpg?resize=350%2C200&ssl=1","width":350,"height":200,"srcset":"https:\/\/i0.wp.com\/www.grieta.org.mx\/wp-content\/uploads\/2019\/11\/jornaleros2019.jpg?resize=350%2C200&ssl=1 1x, https:\/\/i0.wp.com\/www.grieta.org.mx\/wp-content\/uploads\/2019\/11\/jornaleros2019.jpg?resize=525%2C300&ssl=1 1.5x, https:\/\/i0.wp.com\/www.grieta.org.mx\/wp-content\/uploads\/2019\/11\/jornaleros2019.jpg?resize=700%2C400&ssl=1 2x, https:\/\/i0.wp.com\/www.grieta.org.mx\/wp-content\/uploads\/2019\/11\/jornaleros2019.jpg?resize=1050%2C600&ssl=1 3x, https:\/\/i0.wp.com\/www.grieta.org.mx\/wp-content\/uploads\/2019\/11\/jornaleros2019.jpg?resize=1400%2C800&ssl=1 4x"},"classes":[]},{"id":32612,"url":"https:\/\/www.grieta.org.mx\/index.php\/2019\/04\/22\/ninos-jornaleros-las-victimas-silenciosas-michoacan\/","url_meta":{"origin":32772,"position":5},"title":"Ni\u00f1os jornaleros, las v\u00edctimas silenciosas (Michoac\u00e1n)","author":"grieta","date":"22 abril, 2019","format":false,"excerpt":"Los peque\u00f1os no tienen acceso a servicios elementales, y com\u00fanmente ni siquiera tienen identidad El sol de Zamora, lunes 22 de abril de 2019 DANIELA OSORIO Adelicia ten\u00eda tan solo seis a\u00f1os cuando muri\u00f3 ahogada en un aljibe que se encontraba al interior del albergue de jornaleros agr\u00edcolas de Yur\u00e9cuaro.\u2026","rel":"","context":"En &quot;CINTILLO&quot;","block_context":{"text":"CINTILLO","link":"https:\/\/www.grieta.org.mx\/index.php\/category\/cintillo\/"},"img":{"alt_text":"","src":"https:\/\/i0.wp.com\/www.grieta.org.mx\/wp-content\/uploads\/2019\/04\/Guerrero-cosecha.jpg?resize=350%2C200&ssl=1","width":350,"height":200,"srcset":"https:\/\/i0.wp.com\/www.grieta.org.mx\/wp-content\/uploads\/2019\/04\/Guerrero-cosecha.jpg?resize=350%2C200&ssl=1 1x, https:\/\/i0.wp.com\/www.grieta.org.mx\/wp-content\/uploads\/2019\/04\/Guerrero-cosecha.jpg?resize=525%2C300&ssl=1 1.5x, https:\/\/i0.wp.com\/www.grieta.org.mx\/wp-content\/uploads\/2019\/04\/Guerrero-cosecha.jpg?resize=700%2C400&ssl=1 2x"},"classes":[]}],"_links":{"self":[{"href":"https:\/\/www.grieta.org.mx\/index.php\/wp-json\/wp\/v2\/posts\/32772","targetHints":{"allow":["GET"]}}],"collection":[{"href":"https:\/\/www.grieta.org.mx\/index.php\/wp-json\/wp\/v2\/posts"}],"about":[{"href":"https:\/\/www.grieta.org.mx\/index.php\/wp-json\/wp\/v2\/types\/post"}],"author":[{"embeddable":true,"href":"https:\/\/www.grieta.org.mx\/index.php\/wp-json\/wp\/v2\/users\/2"}],"replies":[{"embeddable":true,"href":"https:\/\/www.grieta.org.mx\/index.php\/wp-json\/wp\/v2\/comments?post=32772"}],"version-history":[{"count":1,"href":"https:\/\/www.grieta.org.mx\/index.php\/wp-json\/wp\/v2\/posts\/32772\/revisions"}],"predecessor-version":[{"id":32778,"href":"https:\/\/www.grieta.org.mx\/index.php\/wp-json\/wp\/v2\/posts\/32772\/revisions\/32778"}],"wp:featuredmedia":[{"embeddable":true,"href":"https:\/\/www.grieta.org.mx\/index.php\/wp-json\/wp\/v2\/media\/32773"}],"wp:attachment":[{"href":"https:\/\/www.grieta.org.mx\/index.php\/wp-json\/wp\/v2\/media?parent=32772"}],"wp:term":[{"taxonomy":"category","embeddable":true,"href":"https:\/\/www.grieta.org.mx\/index.php\/wp-json\/wp\/v2\/categories?post=32772"},{"taxonomy":"post_tag","embeddable":true,"href":"https:\/\/www.grieta.org.mx\/index.php\/wp-json\/wp\/v2\/tags?post=32772"}],"curies":[{"name":"wp","href":"https:\/\/api.w.org\/{rel}","templated":true}]}}