{"id":32761,"date":"2019-04-30T20:50:08","date_gmt":"2019-05-01T01:50:08","guid":{"rendered":"http:\/\/www.grieta.org.mx\/?p=32761"},"modified":"2019-04-30T22:55:23","modified_gmt":"2019-05-01T03:55:23","slug":"estudiantes-del-ito-marchan-recogen-basura-y-regalan-juguetes-oaxaca","status":"publish","type":"post","link":"https:\/\/www.grieta.org.mx\/index.php\/2019\/04\/30\/estudiantes-del-ito-marchan-recogen-basura-y-regalan-juguetes-oaxaca\/","title":{"rendered":"Estudiantes del ITO marchan, recogen basura y regalan juguetes  (Oaxaca)"},"content":{"rendered":"<p>Noticias.<\/p>\n<p>Giovanna Mart\u00ednez,<\/p>\n<p><img loading=\"lazy\" decoding=\"async\" data-attachment-id=\"32762\" data-permalink=\"https:\/\/www.grieta.org.mx\/index.php\/2019\/04\/30\/estudiantes-del-ito-marchan-recogen-basura-y-regalan-juguetes-oaxaca\/interiores_-_emilio_morales_-_marcha_de_estudiantes_del_tecnologico_de_oaxaca_ito_1\/\" data-orig-file=\"https:\/\/www.grieta.org.mx\/wp-content\/uploads\/2019\/04\/interiores_-_emilio_morales_-_marcha_de_estudiantes_del_tecnologico_de_oaxaca_ito_1.jpg\" data-orig-size=\"1144,645\" data-comments-opened=\"0\" data-image-meta=\"{&quot;aperture&quot;:&quot;0&quot;,&quot;credit&quot;:&quot;&quot;,&quot;camera&quot;:&quot;&quot;,&quot;caption&quot;:&quot;&quot;,&quot;created_timestamp&quot;:&quot;0&quot;,&quot;copyright&quot;:&quot;&quot;,&quot;focal_length&quot;:&quot;0&quot;,&quot;iso&quot;:&quot;0&quot;,&quot;shutter_speed&quot;:&quot;0&quot;,&quot;title&quot;:&quot;&quot;,&quot;orientation&quot;:&quot;0&quot;}\" data-image-title=\"interiores_-_emilio_morales_-_marcha_de_estudiantes_del_tecnologico_de_oaxaca_ito_1\" data-image-description=\"\" data-image-caption=\"\" data-medium-file=\"https:\/\/www.grieta.org.mx\/wp-content\/uploads\/2019\/04\/interiores_-_emilio_morales_-_marcha_de_estudiantes_del_tecnologico_de_oaxaca_ito_1-300x169.jpg\" data-large-file=\"https:\/\/www.grieta.org.mx\/wp-content\/uploads\/2019\/04\/interiores_-_emilio_morales_-_marcha_de_estudiantes_del_tecnologico_de_oaxaca_ito_1-1024x577.jpg\" src=\"http:\/\/www.grieta.org.mx\/wp-content\/uploads\/2019\/04\/interiores_-_emilio_morales_-_marcha_de_estudiantes_del_tecnologico_de_oaxaca_ito_1-300x169.jpg\" alt=\"\" width=\"300\" height=\"169\" class=\"alignleft size-medium wp-image-32762\" srcset=\"https:\/\/www.grieta.org.mx\/wp-content\/uploads\/2019\/04\/interiores_-_emilio_morales_-_marcha_de_estudiantes_del_tecnologico_de_oaxaca_ito_1-300x169.jpg 300w, https:\/\/www.grieta.org.mx\/wp-content\/uploads\/2019\/04\/interiores_-_emilio_morales_-_marcha_de_estudiantes_del_tecnologico_de_oaxaca_ito_1-768x433.jpg 768w, https:\/\/www.grieta.org.mx\/wp-content\/uploads\/2019\/04\/interiores_-_emilio_morales_-_marcha_de_estudiantes_del_tecnologico_de_oaxaca_ito_1-1024x577.jpg 1024w, https:\/\/www.grieta.org.mx\/wp-content\/uploads\/2019\/04\/interiores_-_emilio_morales_-_marcha_de_estudiantes_del_tecnologico_de_oaxaca_ito_1-887x500.jpg 887w, https:\/\/www.grieta.org.mx\/wp-content\/uploads\/2019\/04\/interiores_-_emilio_morales_-_marcha_de_estudiantes_del_tecnologico_de_oaxaca_ito_1.jpg 1144w\" sizes=\"auto, (max-width: 300px) 100vw, 300px\" \/><\/p>\n<p>A 26 d\u00edas de iniciar una protesta pac\u00edfica para exigir equipamiento de los laboratorios, aulas dignas, licencias de software, la contrataci\u00f3n de docentes especializados y la remoci\u00f3n inmediata del director general, Juan Cruz Nieto; estudiantes del Instituto Tecnol\u00f3gico de Oaxaca (ITO) realizaron una caminata y juguet\u00f3n.<\/p>\n<p>Los alumnos de las carreras de ingenier\u00edas civil, el\u00e9ctrica, electr\u00f3nica, industrial, sistemas computacionales y qu\u00edmica, as\u00ed como de las licenciatura de administraci\u00f3n y gesti\u00f3n empresarial con playera blanca y costales para recolectar basura, salieron de la explanada del instituto hacia el z\u00f3calo.<\/p>\n<p>Durante su recorrido levantaron basura de las calles, misma que era depositada en costales; en esta movilizaci\u00f3n participaron estudiantes, residentes, egresados, padres y madres de familia, as\u00ed como docentes.<\/p>\n<p>Despu\u00e9s de la caminata, frente a la Catedral los estudiantes estuvieron regalando juguetes que lograron recolectar a trav\u00e9s de donaciones y cooperaciones de personas afines a su movimiento.<\/p>\n<p><img loading=\"lazy\" decoding=\"async\" data-attachment-id=\"32763\" data-permalink=\"https:\/\/www.grieta.org.mx\/index.php\/2019\/04\/30\/estudiantes-del-ito-marchan-recogen-basura-y-regalan-juguetes-oaxaca\/whatsapp_image_2019-04-30_at_12-30-30\/\" data-orig-file=\"https:\/\/www.grieta.org.mx\/wp-content\/uploads\/2019\/04\/whatsapp_image_2019-04-30_at_12.30.30.jpeg\" data-orig-size=\"640,1280\" data-comments-opened=\"0\" data-image-meta=\"{&quot;aperture&quot;:&quot;0&quot;,&quot;credit&quot;:&quot;&quot;,&quot;camera&quot;:&quot;&quot;,&quot;caption&quot;:&quot;&quot;,&quot;created_timestamp&quot;:&quot;0&quot;,&quot;copyright&quot;:&quot;&quot;,&quot;focal_length&quot;:&quot;0&quot;,&quot;iso&quot;:&quot;0&quot;,&quot;shutter_speed&quot;:&quot;0&quot;,&quot;title&quot;:&quot;&quot;,&quot;orientation&quot;:&quot;0&quot;}\" data-image-title=\"whatsapp_image_2019-04-30_at_12.30.30\" data-image-description=\"\" data-image-caption=\"\" data-medium-file=\"https:\/\/www.grieta.org.mx\/wp-content\/uploads\/2019\/04\/whatsapp_image_2019-04-30_at_12.30.30-150x300.jpeg\" data-large-file=\"https:\/\/www.grieta.org.mx\/wp-content\/uploads\/2019\/04\/whatsapp_image_2019-04-30_at_12.30.30-512x1024.jpeg\" src=\"http:\/\/www.grieta.org.mx\/wp-content\/uploads\/2019\/04\/whatsapp_image_2019-04-30_at_12.30.30-150x300.jpeg\" alt=\"\" width=\"150\" height=\"300\" class=\"alignleft size-medium wp-image-32763\" srcset=\"https:\/\/www.grieta.org.mx\/wp-content\/uploads\/2019\/04\/whatsapp_image_2019-04-30_at_12.30.30-150x300.jpeg 150w, https:\/\/www.grieta.org.mx\/wp-content\/uploads\/2019\/04\/whatsapp_image_2019-04-30_at_12.30.30-512x1024.jpeg 512w, https:\/\/www.grieta.org.mx\/wp-content\/uploads\/2019\/04\/whatsapp_image_2019-04-30_at_12.30.30-250x500.jpeg 250w, https:\/\/www.grieta.org.mx\/wp-content\/uploads\/2019\/04\/whatsapp_image_2019-04-30_at_12.30.30.jpeg 640w\" sizes=\"auto, (max-width: 150px) 100vw, 150px\" \/><\/p>\n<p>Mediante un documento con fecha 24 de abril, nuevamente la direcci\u00f3n general del Tecnol\u00f3gico Nacional de M\u00e9xico invit\u00f3 a los estudiantes a una mesa de di\u00e1logo encabezada por el director general Enrique Fern\u00e1ndez Fassnacht.<\/p>\n<p>Esta vez la base estudiantil asistir\u00e1 y  todos los gastos correr\u00e1n por su propia cuenta, mediante cooperaciones para apoyar a los representantes que asistir\u00e1n a la mesa de di\u00e1logo.<\/p>\n<p>Los estudiantes aseguran que el gobierno del estado contin\u00faa d\u00e1ndoles \u201clargas\u201d y hasta el momento no les han proporcionado una cita con el secretario general Enrique Anuar Mafud Mafud; esto luego de que debido a una protesta en Ciudad Administrativa les cancelaran una reuni\u00f3n.<\/p>\n<p><img loading=\"lazy\" decoding=\"async\" data-attachment-id=\"32764\" data-permalink=\"https:\/\/www.grieta.org.mx\/index.php\/2019\/04\/30\/estudiantes-del-ito-marchan-recogen-basura-y-regalan-juguetes-oaxaca\/whatsapp_image_2019-04-30_at_12-29-46\/\" data-orig-file=\"https:\/\/www.grieta.org.mx\/wp-content\/uploads\/2019\/04\/whatsapp_image_2019-04-30_at_12.29.46.jpeg\" data-orig-size=\"1280,640\" data-comments-opened=\"0\" data-image-meta=\"{&quot;aperture&quot;:&quot;0&quot;,&quot;credit&quot;:&quot;&quot;,&quot;camera&quot;:&quot;&quot;,&quot;caption&quot;:&quot;&quot;,&quot;created_timestamp&quot;:&quot;0&quot;,&quot;copyright&quot;:&quot;&quot;,&quot;focal_length&quot;:&quot;0&quot;,&quot;iso&quot;:&quot;0&quot;,&quot;shutter_speed&quot;:&quot;0&quot;,&quot;title&quot;:&quot;&quot;,&quot;orientation&quot;:&quot;0&quot;}\" data-image-title=\"whatsapp_image_2019-04-30_at_12.29.46\" data-image-description=\"\" data-image-caption=\"\" data-medium-file=\"https:\/\/www.grieta.org.mx\/wp-content\/uploads\/2019\/04\/whatsapp_image_2019-04-30_at_12.29.46-300x150.jpeg\" data-large-file=\"https:\/\/www.grieta.org.mx\/wp-content\/uploads\/2019\/04\/whatsapp_image_2019-04-30_at_12.29.46-1024x512.jpeg\" src=\"http:\/\/www.grieta.org.mx\/wp-content\/uploads\/2019\/04\/whatsapp_image_2019-04-30_at_12.29.46-300x150.jpeg\" alt=\"\" width=\"300\" height=\"150\" class=\"alignleft size-medium wp-image-32764\" srcset=\"https:\/\/www.grieta.org.mx\/wp-content\/uploads\/2019\/04\/whatsapp_image_2019-04-30_at_12.29.46-300x150.jpeg 300w, https:\/\/www.grieta.org.mx\/wp-content\/uploads\/2019\/04\/whatsapp_image_2019-04-30_at_12.29.46-768x384.jpeg 768w, https:\/\/www.grieta.org.mx\/wp-content\/uploads\/2019\/04\/whatsapp_image_2019-04-30_at_12.29.46-1024x512.jpeg 1024w, https:\/\/www.grieta.org.mx\/wp-content\/uploads\/2019\/04\/whatsapp_image_2019-04-30_at_12.29.46-1000x500.jpeg 1000w, https:\/\/www.grieta.org.mx\/wp-content\/uploads\/2019\/04\/whatsapp_image_2019-04-30_at_12.29.46.jpeg 1280w\" sizes=\"auto, (max-width: 300px) 100vw, 300px\" \/><\/p>\n<p><a href=\"https:\/\/www.nvinoticias.com\/nota\/115335\/estudiantes-del-ito-marchan-recogen-basura-y-regalan-juguetes\" rel=\"noopener noreferrer\" target=\"_blank\">https:\/\/www.nvinoticias.com\/nota\/115335\/estudiantes-del-ito-marchan-recogen-basura-y-regalan-juguetes<\/a><\/p>\n","protected":false},"excerpt":{"rendered":"<p>Noticias. Giovanna Mart\u00ednez, A 26 d\u00edas de iniciar una protesta pac\u00edfica para exigir equipamiento de los laboratorios, aulas dignas, licencias de software, la contrataci\u00f3n de docentes especializados y la remoci\u00f3n &hellip; <a href=\"https:\/\/www.grieta.org.mx\/index.php\/2019\/04\/30\/estudiantes-del-ito-marchan-recogen-basura-y-regalan-juguetes-oaxaca\/\" class=\"more-link\">Leer m\u00e1s<\/a><\/p>\n","protected":false},"author":2,"featured_media":32762,"comment_status":"closed","ping_status":"closed","sticky":false,"template":"","format":"standard","meta":{"ngg_post_thumbnail":0,"_jetpack_newsletter_access":"","_jetpack_dont_email_post_to_subs":false,"_jetpack_newsletter_tier_id":0,"_jetpack_memberships_contains_paywalled_content":false,"_jetpack_memberships_contains_paid_content":false,"footnotes":""},"categories":[80,2439,2,25],"tags":[],"class_list":["post-32761","post","type-post","status-publish","format-standard","has-post-thumbnail","hentry","category-cintillo","category-crisis-de-la-educacion-publica-en-oaxaca","category-noticias-nacionales","category-oaxaca","entry"],"jetpack_featured_media_url":"https:\/\/www.grieta.org.mx\/wp-content\/uploads\/2019\/04\/interiores_-_emilio_morales_-_marcha_de_estudiantes_del_tecnologico_de_oaxaca_ito_1.jpg","jetpack_sharing_enabled":true,"jetpack_shortlink":"https:\/\/wp.me\/p7ZJR4-8wp","jetpack_likes_enabled":false,"jetpack-related-posts":[{"id":32026,"url":"https:\/\/www.grieta.org.mx\/index.php\/2019\/04\/11\/estudiantes-del-ito-continuan-su-lucha-ahora-regalan-comida-en-el-imss-de-oaxaca\/","url_meta":{"origin":32761,"position":0},"title":"Estudiantes del ITO contin\u00faan su lucha; ahora regalan comida en el IMSS de Oaxaca","author":"grieta","date":"11 abril, 2019","format":false,"excerpt":"Noticias. Por Giovanna Mart\u00ednez, Otros ofrecieron una exhibici\u00f3n de canto en Santo Domingo Estudiantes del Instituto Tecnol\u00f3gico de Oaxaca cumplen 8 d\u00edas de haber iniciado la toma de las instalaciones administrativas en busca de respuesta a sus demandas de de equipamiento y mantenimiento de laboratorios, instalaciones, agua potable, entre otras\u2026","rel":"","context":"En &quot;CINTILLO&quot;","block_context":{"text":"CINTILLO","link":"https:\/\/www.grieta.org.mx\/index.php\/category\/cintillo\/"},"img":{"alt_text":"","src":"https:\/\/i0.wp.com\/www.grieta.org.mx\/wp-content\/uploads\/2019\/04\/8758b834-a522-4e32-90c1-43b173cdbfa8.jpg?resize=350%2C200&ssl=1","width":350,"height":200,"srcset":"https:\/\/i0.wp.com\/www.grieta.org.mx\/wp-content\/uploads\/2019\/04\/8758b834-a522-4e32-90c1-43b173cdbfa8.jpg?resize=350%2C200&ssl=1 1x, https:\/\/i0.wp.com\/www.grieta.org.mx\/wp-content\/uploads\/2019\/04\/8758b834-a522-4e32-90c1-43b173cdbfa8.jpg?resize=525%2C300&ssl=1 1.5x"},"classes":[]},{"id":31905,"url":"https:\/\/www.grieta.org.mx\/index.php\/2019\/04\/09\/marcha-ejemplar-de-alumnos-del-ito-en-oaxaca\/","url_meta":{"origin":32761,"position":1},"title":"Marcha ejemplar de alumnos del ITO en Oaxaca","author":"grieta","date":"9 abril, 2019","format":false,"excerpt":"Noticias. Durante su recorrido, los alumnos \u2013vestidos con playeras de color blanco o naranja\u2013, recogieron botellas y envases de las calles. Octavio V\u00e9lez, De manera pac\u00edfica, cientos de estudiantes del ITO caminaron desde las instalaciones de esa instituci\u00f3n educativa hacia el atrio del templo de Santo Domingo de Guzm\u00e1n, para\u2026","rel":"","context":"En &quot;CINTILLO&quot;","block_context":{"text":"CINTILLO","link":"https:\/\/www.grieta.org.mx\/index.php\/category\/cintillo\/"},"img":{"alt_text":"","src":"https:\/\/i0.wp.com\/www.grieta.org.mx\/wp-content\/uploads\/2019\/04\/image_36_339.jpg?resize=350%2C200&ssl=1","width":350,"height":200,"srcset":"https:\/\/i0.wp.com\/www.grieta.org.mx\/wp-content\/uploads\/2019\/04\/image_36_339.jpg?resize=350%2C200&ssl=1 1x, https:\/\/i0.wp.com\/www.grieta.org.mx\/wp-content\/uploads\/2019\/04\/image_36_339.jpg?resize=525%2C300&ssl=1 1.5x, https:\/\/i0.wp.com\/www.grieta.org.mx\/wp-content\/uploads\/2019\/04\/image_36_339.jpg?resize=700%2C400&ssl=1 2x, https:\/\/i0.wp.com\/www.grieta.org.mx\/wp-content\/uploads\/2019\/04\/image_36_339.jpg?resize=1050%2C600&ssl=1 3x"},"classes":[]},{"id":62963,"url":"https:\/\/www.grieta.org.mx\/index.php\/2021\/12\/27\/continua-acumulada-la-basura-y-las-calles-sucias-en-oaxaca-de-juarez\/","url_meta":{"origin":32761,"position":2},"title":"Contin\u00faa acumulada la basura y las calles sucias en Oaxaca de Ju\u00e1rez","author":"grieta","date":"27 diciembre, 2021","format":false,"excerpt":"Noticias \/ Alexei Garc\u00eda. Luego del paro de labores por parte de los cinco sindicatos que agrupan a las y los trabajadores del municipio de Oaxaca de Ju\u00e1rez, continu\u00f3 la basura en las calles. Ayer, domingo 26 de diciembre, los acumulados de desechos continuaban en las calles del centro, colonia\u2026","rel":"","context":"En &quot;CINTILLO&quot;","block_context":{"text":"CINTILLO","link":"https:\/\/www.grieta.org.mx\/index.php\/category\/cintillo\/"},"img":{"alt_text":"","src":"https:\/\/i0.wp.com\/www.grieta.org.mx\/wp-content\/uploads\/2021\/12\/4-2.jpg?resize=350%2C200&ssl=1","width":350,"height":200,"srcset":"https:\/\/i0.wp.com\/www.grieta.org.mx\/wp-content\/uploads\/2021\/12\/4-2.jpg?resize=350%2C200&ssl=1 1x, https:\/\/i0.wp.com\/www.grieta.org.mx\/wp-content\/uploads\/2021\/12\/4-2.jpg?resize=525%2C300&ssl=1 1.5x, https:\/\/i0.wp.com\/www.grieta.org.mx\/wp-content\/uploads\/2021\/12\/4-2.jpg?resize=700%2C400&ssl=1 2x, https:\/\/i0.wp.com\/www.grieta.org.mx\/wp-content\/uploads\/2021\/12\/4-2.jpg?resize=1050%2C600&ssl=1 3x"},"classes":[]},{"id":21073,"url":"https:\/\/www.grieta.org.mx\/index.php\/2016\/09\/05\/bloquean-docentes-accesos-a-las-oficinas-centrales-del-ieepo-oaxaca\/","url_meta":{"origin":32761,"position":3},"title":"Bloquean docentes accesos a las oficinas centrales del IEEPO (Oaxaca)","author":"grieta","date":"5 septiembre, 2016","format":false,"excerpt":"Quadrat\u00edn. Ernesto Rojas, Oaxaca.- Un grupo de maestros disidentes de la Secci\u00f3n 22 del SNTE bloquearon este lunes los accesos a las oficinas centrales del Instituto Estatal de Educaci\u00f3n P\u00fablica de Oaxaca (IEEPO). Seg\u00fan la convocatoria de la dirigencia magisterial, correspondi\u00f3 a profesores de los sectores Ca\u00f1ada, Tuxtepec, Istmo, Sierra\u2026","rel":"","context":"En &quot;CINTILLO&quot;","block_context":{"text":"CINTILLO","link":"https:\/\/www.grieta.org.mx\/index.php\/category\/cintillo\/"},"img":{"alt_text":"","src":"https:\/\/i0.wp.com\/www.grieta.org.mx\/wp-content\/uploads\/2018\/03\/14524434_1106112876131411_958039263622046936_o.jpg?resize=350%2C200&ssl=1","width":350,"height":200,"srcset":"https:\/\/i0.wp.com\/www.grieta.org.mx\/wp-content\/uploads\/2018\/03\/14524434_1106112876131411_958039263622046936_o.jpg?resize=350%2C200&ssl=1 1x, https:\/\/i0.wp.com\/www.grieta.org.mx\/wp-content\/uploads\/2018\/03\/14524434_1106112876131411_958039263622046936_o.jpg?resize=525%2C300&ssl=1 1.5x, https:\/\/i0.wp.com\/www.grieta.org.mx\/wp-content\/uploads\/2018\/03\/14524434_1106112876131411_958039263622046936_o.jpg?resize=700%2C400&ssl=1 2x"},"classes":[]},{"id":33376,"url":"https:\/\/www.grieta.org.mx\/index.php\/2019\/05\/13\/luchan-por-la-dignidad-del-ito-oaxaca\/","url_meta":{"origin":32761,"position":4},"title":"Luchan por la dignidad del ITO (Oaxaca)","author":"grieta","date":"13 mayo, 2019","format":false,"excerpt":"Noticias. Para donde se mire, la condici\u00f3n de las instalaciones y equipo que se ocupa en el ITO, es por dem\u00e1s obsoleta. Jaqueline Bertha, La apuesta por el desgaste f\u00edsico, emocional y econ\u00f3mico de los alumnos del Instituto Tecnol\u00f3gico de Oaxaca (ITO), que exigen mejoras a las condiciones de la\u2026","rel":"","context":"En &quot;CINTILLO&quot;","block_context":{"text":"CINTILLO","link":"https:\/\/www.grieta.org.mx\/index.php\/category\/cintillo\/"},"img":{"alt_text":"","src":"https:\/\/i0.wp.com\/www.grieta.org.mx\/wp-content\/uploads\/2019\/05\/image_34_339.jpg?resize=350%2C200&ssl=1","width":350,"height":200,"srcset":"https:\/\/i0.wp.com\/www.grieta.org.mx\/wp-content\/uploads\/2019\/05\/image_34_339.jpg?resize=350%2C200&ssl=1 1x, https:\/\/i0.wp.com\/www.grieta.org.mx\/wp-content\/uploads\/2019\/05\/image_34_339.jpg?resize=525%2C300&ssl=1 1.5x, https:\/\/i0.wp.com\/www.grieta.org.mx\/wp-content\/uploads\/2019\/05\/image_34_339.jpg?resize=700%2C400&ssl=1 2x, https:\/\/i0.wp.com\/www.grieta.org.mx\/wp-content\/uploads\/2019\/05\/image_34_339.jpg?resize=1050%2C600&ssl=1 3x"},"classes":[]},{"id":1949,"url":"https:\/\/www.grieta.org.mx\/index.php\/2015\/12\/14\/ignora-gobierno-bloqueos-normalistas-intensificaran-movilizaciones\/","url_meta":{"origin":32761,"position":5},"title":"\u201cIgnora gobierno bloqueos\u201d; normalistas intensificar\u00e1n movilizaciones","author":"grieta","date":"14 diciembre, 2015","format":false,"excerpt":"Noticias. Uriel L\u00f3pez Salazar, Oaxaca de Ju\u00e1rez.- Estudiantes de las 11 normales de Oaxaca que exigen la entrega de 950 plazas sin examen, denunciaron que tras varios d\u00edas de movilizaciones no han obtenido respuesta a su exigencia de di\u00e1logo con los Gobiernos Estatal y Federal. En conferencia realizada la tarde\u2026","rel":"","context":"En &quot;CINTILLO&quot;","block_context":{"text":"CINTILLO","link":"https:\/\/www.grieta.org.mx\/index.php\/category\/cintillo\/"},"img":{"alt_text":"","src":"https:\/\/i0.wp.com\/www.grieta.org.mx\/wp-content\/uploads\/2018\/03\/14524434_1106112876131411_958039263622046936_o.jpg?resize=350%2C200&ssl=1","width":350,"height":200,"srcset":"https:\/\/i0.wp.com\/www.grieta.org.mx\/wp-content\/uploads\/2018\/03\/14524434_1106112876131411_958039263622046936_o.jpg?resize=350%2C200&ssl=1 1x, https:\/\/i0.wp.com\/www.grieta.org.mx\/wp-content\/uploads\/2018\/03\/14524434_1106112876131411_958039263622046936_o.jpg?resize=525%2C300&ssl=1 1.5x, https:\/\/i0.wp.com\/www.grieta.org.mx\/wp-content\/uploads\/2018\/03\/14524434_1106112876131411_958039263622046936_o.jpg?resize=700%2C400&ssl=1 2x"},"classes":[]}],"_links":{"self":[{"href":"https:\/\/www.grieta.org.mx\/index.php\/wp-json\/wp\/v2\/posts\/32761","targetHints":{"allow":["GET"]}}],"collection":[{"href":"https:\/\/www.grieta.org.mx\/index.php\/wp-json\/wp\/v2\/posts"}],"about":[{"href":"https:\/\/www.grieta.org.mx\/index.php\/wp-json\/wp\/v2\/types\/post"}],"author":[{"embeddable":true,"href":"https:\/\/www.grieta.org.mx\/index.php\/wp-json\/wp\/v2\/users\/2"}],"replies":[{"embeddable":true,"href":"https:\/\/www.grieta.org.mx\/index.php\/wp-json\/wp\/v2\/comments?post=32761"}],"version-history":[{"count":1,"href":"https:\/\/www.grieta.org.mx\/index.php\/wp-json\/wp\/v2\/posts\/32761\/revisions"}],"predecessor-version":[{"id":32765,"href":"https:\/\/www.grieta.org.mx\/index.php\/wp-json\/wp\/v2\/posts\/32761\/revisions\/32765"}],"wp:featuredmedia":[{"embeddable":true,"href":"https:\/\/www.grieta.org.mx\/index.php\/wp-json\/wp\/v2\/media\/32762"}],"wp:attachment":[{"href":"https:\/\/www.grieta.org.mx\/index.php\/wp-json\/wp\/v2\/media?parent=32761"}],"wp:term":[{"taxonomy":"category","embeddable":true,"href":"https:\/\/www.grieta.org.mx\/index.php\/wp-json\/wp\/v2\/categories?post=32761"},{"taxonomy":"post_tag","embeddable":true,"href":"https:\/\/www.grieta.org.mx\/index.php\/wp-json\/wp\/v2\/tags?post=32761"}],"curies":[{"name":"wp","href":"https:\/\/api.w.org\/{rel}","templated":true}]}}