{"id":32757,"date":"2019-04-30T20:42:59","date_gmt":"2019-05-01T01:42:59","guid":{"rendered":"http:\/\/www.grieta.org.mx\/?p=32757"},"modified":"2019-04-30T22:48:23","modified_gmt":"2019-05-01T03:48:23","slug":"oaxaca-ninez-sin-derechos-ni-comida","status":"publish","type":"post","link":"https:\/\/www.grieta.org.mx\/index.php\/2019\/04\/30\/oaxaca-ninez-sin-derechos-ni-comida\/","title":{"rendered":"Oaxaca: ni\u00f1ez sin derechos&#8230; ni comida"},"content":{"rendered":"<p>Noticias,<\/p>\n<p>Citlalli Luciana,<\/p>\n<p><img loading=\"lazy\" decoding=\"async\" data-attachment-id=\"32758\" data-permalink=\"https:\/\/www.grieta.org.mx\/index.php\/2019\/04\/30\/oaxaca-ninez-sin-derechos-ni-comida\/image_42_302\/\" data-orig-file=\"https:\/\/www.grieta.org.mx\/wp-content\/uploads\/2019\/04\/image_42_302.jpg\" data-orig-size=\"1144,645\" data-comments-opened=\"0\" data-image-meta=\"{&quot;aperture&quot;:&quot;0&quot;,&quot;credit&quot;:&quot;&quot;,&quot;camera&quot;:&quot;&quot;,&quot;caption&quot;:&quot;&quot;,&quot;created_timestamp&quot;:&quot;0&quot;,&quot;copyright&quot;:&quot;&quot;,&quot;focal_length&quot;:&quot;0&quot;,&quot;iso&quot;:&quot;0&quot;,&quot;shutter_speed&quot;:&quot;0&quot;,&quot;title&quot;:&quot;&quot;,&quot;orientation&quot;:&quot;0&quot;}\" data-image-title=\"image_42_302\" data-image-description=\"\" data-image-caption=\"\" data-medium-file=\"https:\/\/www.grieta.org.mx\/wp-content\/uploads\/2019\/04\/image_42_302-300x169.jpg\" data-large-file=\"https:\/\/www.grieta.org.mx\/wp-content\/uploads\/2019\/04\/image_42_302-1024x577.jpg\" src=\"http:\/\/www.grieta.org.mx\/wp-content\/uploads\/2019\/04\/image_42_302-1024x577.jpg\" alt=\"\" width=\"1024\" height=\"577\" class=\"alignleft size-large wp-image-32758\" srcset=\"https:\/\/www.grieta.org.mx\/wp-content\/uploads\/2019\/04\/image_42_302-1024x577.jpg 1024w, https:\/\/www.grieta.org.mx\/wp-content\/uploads\/2019\/04\/image_42_302-300x169.jpg 300w, https:\/\/www.grieta.org.mx\/wp-content\/uploads\/2019\/04\/image_42_302-768x433.jpg 768w, https:\/\/www.grieta.org.mx\/wp-content\/uploads\/2019\/04\/image_42_302-887x500.jpg 887w, https:\/\/www.grieta.org.mx\/wp-content\/uploads\/2019\/04\/image_42_302.jpg 1144w\" sizes=\"auto, (max-width: 1024px) 100vw, 1024px\" \/><br \/>\nLa familia vive en una casa de madera en la zona m\u00e1s marginada de Pueblo Nuevo.<\/p>\n<p>Cuando el hambre se pos\u00f3 en la mesa, las ganas de ir a la escuela se escaparon por las rendijas de la casa armada con retazos de madera.<\/p>\n<p>Miguel, con la inocencia de sus 9 a\u00f1os, abandon\u00f3 los estudios; Nadia, de 11, acude a las aulas una vez cada quince d\u00edas para culminar la primaria en el sistema abierto; el dinero en la familia no alcanza para asistir regularmente. Cada uno de los siete habitantes sobreviven, en promedio, con 28 pesos al d\u00eda y pan con caf\u00e9 que cada viernes les proporciona la asociaci\u00f3n civil Reviviendo Oaxaca.<\/p>\n<p>Servicios inexistentes<\/p>\n<p>La familia, est\u00e1 asentada en una de las zonas de mayor marginaci\u00f3n de Pueblo Nuevo, sobre la calle Yagal\u00e1n, a\u00fan inexistente en el mapa y por tanto sin servicios p\u00fablicos: agua, luz, pavimentaci\u00f3n o transporte p\u00fablico. Al lugar s\u00f3lo se arriba caminando sobre un agreste camino que transpira polvaderas, el agua se obtiene a trav\u00e9s del acarreo de pozos y, en entre los m\u00e1s afortunados, mediante la compra en pipa.<\/p>\n<p>El padre y la madre de familia no ten\u00edan otra opci\u00f3n, \u201ces el \u00fanico lugar a donde pod\u00edamos ir con los ingresos que tenemos\u201d, se\u00f1ala Edith a quien la pobreza le arranc\u00f3 a\u00f1os de juventud. La casa en donde habitan fue construida por fuerza propia. Cada integrante llev\u00f3 a hombro los tablones de madera por casi un kil\u00f3metro cuesta arriba. El terreno lo siguen pagando a raz\u00f3n de mil 500 pesos al mes.<\/p>\n<p><img loading=\"lazy\" decoding=\"async\" data-attachment-id=\"32759\" data-permalink=\"https:\/\/www.grieta.org.mx\/index.php\/2019\/04\/30\/oaxaca-ninez-sin-derechos-ni-comida\/image_43_114\/\" data-orig-file=\"https:\/\/www.grieta.org.mx\/wp-content\/uploads\/2019\/04\/image_43_114.jpg\" data-orig-size=\"1920,1080\" data-comments-opened=\"0\" data-image-meta=\"{&quot;aperture&quot;:&quot;11&quot;,&quot;credit&quot;:&quot;Emilio Morales Pacheco&quot;,&quot;camera&quot;:&quot;Canon EOS 80D&quot;,&quot;caption&quot;:&quot;&quot;,&quot;created_timestamp&quot;:&quot;1556195719&quot;,&quot;copyright&quot;:&quot;Noticias&quot;,&quot;focal_length&quot;:&quot;19&quot;,&quot;iso&quot;:&quot;100&quot;,&quot;shutter_speed&quot;:&quot;0.01&quot;,&quot;title&quot;:&quot;&quot;,&quot;orientation&quot;:&quot;1&quot;}\" data-image-title=\"image_43_114\" data-image-description=\"\" data-image-caption=\"\" data-medium-file=\"https:\/\/www.grieta.org.mx\/wp-content\/uploads\/2019\/04\/image_43_114-300x169.jpg\" data-large-file=\"https:\/\/www.grieta.org.mx\/wp-content\/uploads\/2019\/04\/image_43_114-1024x576.jpg\" src=\"http:\/\/www.grieta.org.mx\/wp-content\/uploads\/2019\/04\/image_43_114-1024x576.jpg\" alt=\"\" width=\"1024\" height=\"576\" class=\"alignleft size-large wp-image-32759\" srcset=\"https:\/\/www.grieta.org.mx\/wp-content\/uploads\/2019\/04\/image_43_114-1024x576.jpg 1024w, https:\/\/www.grieta.org.mx\/wp-content\/uploads\/2019\/04\/image_43_114-300x169.jpg 300w, https:\/\/www.grieta.org.mx\/wp-content\/uploads\/2019\/04\/image_43_114-768x432.jpg 768w, https:\/\/www.grieta.org.mx\/wp-content\/uploads\/2019\/04\/image_43_114-889x500.jpg 889w, https:\/\/www.grieta.org.mx\/wp-content\/uploads\/2019\/04\/image_43_114.jpg 1920w\" sizes=\"auto, (max-width: 1024px) 100vw, 1024px\" \/><br \/>\nPara Nadia, la ilusi\u00f3n en el D\u00eda del Ni\u00f1o es una mu\u00f1eca<\/p>\n<p>Como pudieron armaron dos piezas de techo de l\u00e1mina; la primera, en donde quedaron establecidos los dormitorios y la segunda, una cocinita. Separado instalaron un ba\u00f1o seco que tiene carencias y requiere urgentemente de mejoras.<\/p>\n<p>De adulta, se\u00f1ala Nadia, le gustar\u00eda ser arquitecta y poder tener el dinero suficiente para mejorar su hogar. Hasta ahora su ni\u00f1ez ha estado privada de muchos derechos fundamentales.<\/p>\n<p>Talla baja, en uno de cada 4 infantes<\/p>\n<p>Las cifras anteriores del Sistema Local de Protecci\u00f3n Integral de los Derechos de Ni\u00f1as Ni\u00f1os y Adolescentes (SIPINNA) se\u00f1alan que 3 de cada 10 ni\u00f1as y ni\u00f1os de Oaxaca no tienen garantizado el acceso a la educaci\u00f3n y uno de cada 5 no tiene seguras sus tres comidas diarias; 23.7 por ciento de los menores de cinco a\u00f1os tienen talla baja y 3 de cada 10 padecen pobreza alimentaria. Estas cifras ubican a Oaxaca 10 puntos porcentuales debajo de la media nacional (13 por ciento) e imposibilitan hacer realidad los derechos de la ni\u00f1ez.<\/p>\n<p>Pobreza, doble golpe en la infancia<\/p>\n<p>La pobreza es una condici\u00f3n social que afecta sin distingos pero causa un doble efecto negativo en especial a la ni\u00f1ez y adolescencia debido a las limitantes tanto jur\u00eddicas como legislativas para tomar decisiones sobre su propio bienestar<\/p>\n<p>\u201cNo es que no pueda tomar decisiones sobre su propia persona para su bienestar, sino que no tiene capacidades para conseguir ese bienestar, capacidades econ\u00f3micas, legislativas o jur\u00eddicas, por ello la pobreza vulnera m\u00e1s los derechos de las ni\u00f1as, ni\u00f1os y adolescentes\u201d, explica Esperanza C\u00e1rdenas Salcido, Coordinadora de Programas de Sikanda asociaci\u00f3n civil enfocada al trabajo con este sector de la sociedad.<\/p>\n<p>Explotaci\u00f3n infantil<\/p>\n<p>Esta condici\u00f3n social, abund\u00f3 no s\u00f3lo da\u00f1a a nivel econ\u00f3mico sino otro tipo de derechos para el desarrollo como el derecho a la alimentaci\u00f3n, a la salud, seguridad social, educaci\u00f3n y vivienda. Todo lo anterior, agreg\u00f3, deriva en abusos como el trabajo y explotaci\u00f3n infantil.<\/p>\n<p>Una de las aristas m\u00e1s reveladoras del nivel de pobreza que vive la poblaci\u00f3n infantil en el estado son los \u00edndices en el derecho a la alimentaci\u00f3n.<\/p>\n<p>El informe Bajo Ataque Los Derechos Humanos de Oaxaca en el cap\u00edtulo 7, correspondiente a las ni\u00f1as, ni\u00f1os y adolescentes presentado en el marco del Examen Peri\u00f3dico Universal (EPU), mecanismo del Consejo de Derechos Humanos de la Organizaci\u00f3n de las Naciones Unidas (ONU), se\u00f1ala que el 36.1 por ciento de la poblaci\u00f3n menor a 18 a\u00f1os en Oaxaca sobrevive en pobreza alimentaria y 1 de cada 3 ni\u00f1as y ni\u00f1os son susceptibles de desnutrici\u00f3n.<\/p>\n<p>Morir por hambre<\/p>\n<p>Entre 2016 y 2017, 51 ni\u00f1os murieron por este flagelo social, colocando a Oaxaca en el cuarto puesto de muertes por desnutrici\u00f3n, afirma el informe.<\/p>\n<p>Los municipios m\u00e1s pobres con mayor poblaci\u00f3n infantil<\/p>\n<p>Cifras del Censo de Poblaci\u00f3n y Vivienda 2010 del Instituto Nacional de Estad\u00edstica y Geograf\u00eda (INEGI), indican que los municipios del estado con mayor proporci\u00f3n poblacional de ni\u00f1as, ni\u00f1os y adolescentes son: San Mart\u00edn Peras con 58.23 por ciento; Santiago Amoltepec, con 56.91 por ciento; San Sim\u00f3n Zahuatl\u00e1n con 56.54 por ciento; Coicoy\u00e1n de las Flores con 56.51 por ciento; Santa Mar\u00eda Zaniza con 56.15 por ciento; y Santos Reyes Yucun\u00e1, con 55.63 por ciento.<\/p>\n<p>Dichos municipios se encuentran entre los 15 con mayor situaci\u00f3n de pobreza extrema del pa\u00eds de acuerdo con la Encuesta Intercensal INEGI 2015.<\/p>\n<p>La Ley de los Derechos de Ni\u00f1as, Ni\u00f1os y Adolescentes del Estado de Oaxaca, publicada el 16 de diciembre de 2015, obliga a todas las autoridades estatales y municipales a garantizar los derechos de la ni\u00f1ez y adolescencia que viva o transite por nuestro territorio, sin embargo lo anterior sigue sin concretarse para todos.<\/p>\n<p><a href=\"https:\/\/www.nvinoticias.com\/nota\/115326\/oaxaca-ninez-sin-derechosni-comida\" rel=\"noopener noreferrer\" target=\"_blank\">https:\/\/www.nvinoticias.com\/nota\/115326\/oaxaca-ninez-sin-derechosni-comida<\/a><\/p>\n","protected":false},"excerpt":{"rendered":"<p>Noticias, Citlalli Luciana, La familia vive en una casa de madera en la zona m\u00e1s marginada de Pueblo Nuevo. Cuando el hambre se pos\u00f3 en la mesa, las ganas de &hellip; <a href=\"https:\/\/www.grieta.org.mx\/index.php\/2019\/04\/30\/oaxaca-ninez-sin-derechos-ni-comida\/\" class=\"more-link\">Leer m\u00e1s<\/a><\/p>\n","protected":false},"author":2,"featured_media":32758,"comment_status":"closed","ping_status":"closed","sticky":false,"template":"","format":"standard","meta":{"ngg_post_thumbnail":0,"_jetpack_newsletter_access":"","_jetpack_dont_email_post_to_subs":false,"_jetpack_newsletter_tier_id":0,"_jetpack_memberships_contains_paywalled_content":false,"_jetpack_memberships_contains_paid_content":false,"footnotes":""},"categories":[80,1827,1477,2,25,83],"tags":[],"class_list":["post-32757","post","type-post","status-publish","format-standard","has-post-thumbnail","hentry","category-cintillo","category-la-ninez-en-la-tormenta-capitalista","category-la-ninez-en-la-tormenta-en-oaxaca","category-noticias-nacionales","category-oaxaca","category-temas-nacionales","entry"],"jetpack_featured_media_url":"https:\/\/www.grieta.org.mx\/wp-content\/uploads\/2019\/04\/image_42_302.jpg","jetpack_sharing_enabled":true,"jetpack_shortlink":"https:\/\/wp.me\/p7ZJR4-8wl","jetpack_likes_enabled":false,"jetpack-related-posts":[{"id":71549,"url":"https:\/\/www.grieta.org.mx\/index.php\/2025\/04\/06\/nombrar-los-abusos-sexuales-y-la-orfandad-en-comunidades-indigenas-es-tambien-defensa-del-territorio-senala-activista-ayuuk-oaxaca\/","url_meta":{"origin":32757,"position":0},"title":"Nombrar los abusos sexuales y la orfandad en comunidades ind\u00edgenas es tambi\u00e9n defensa del territorio se\u00f1ala Activista Ayuuk (Oaxaca)","author":"grieta","date":"6 abril, 2025","format":false,"excerpt":"Imagen: Istmo Press Diana Mnaz \/ Istmo Press Oaxaca, Oax.- Para el activista Ayuuk, Filadelfo Desiderio Aldaz, nombrar y visibilizar los abusos sexuales y la orfandad en comunidades ind\u00edgenas es tambi\u00e9n defensa del territorio. Originario de la comunidad Ayuuk de Estancia de Morelos e del municipio de Santiago Atitl\u00e1n, Oaxaca\u2026","rel":"","context":"En &quot;CINTILLO&quot;","block_context":{"text":"CINTILLO","link":"https:\/\/www.grieta.org.mx\/index.php\/category\/cintillo\/"},"img":{"alt_text":"","src":"https:\/\/i0.wp.com\/www.grieta.org.mx\/wp-content\/uploads\/2025\/04\/254e8cb3-6bfe-40a9-9cee-3e0c3774db2e-800x445-1.jpeg?resize=350%2C200&ssl=1","width":350,"height":200,"srcset":"https:\/\/i0.wp.com\/www.grieta.org.mx\/wp-content\/uploads\/2025\/04\/254e8cb3-6bfe-40a9-9cee-3e0c3774db2e-800x445-1.jpeg?resize=350%2C200&ssl=1 1x, https:\/\/i0.wp.com\/www.grieta.org.mx\/wp-content\/uploads\/2025\/04\/254e8cb3-6bfe-40a9-9cee-3e0c3774db2e-800x445-1.jpeg?resize=525%2C300&ssl=1 1.5x, https:\/\/i0.wp.com\/www.grieta.org.mx\/wp-content\/uploads\/2025\/04\/254e8cb3-6bfe-40a9-9cee-3e0c3774db2e-800x445-1.jpeg?resize=700%2C400&ssl=1 2x"},"classes":[]},{"id":66848,"url":"https:\/\/www.grieta.org.mx\/index.php\/2023\/04\/17\/exigen-justicia-para-leonardo-alumno-del-iti-que-fue-asesinado-oaxaca\/","url_meta":{"origin":32757,"position":1},"title":"Exigen justicia para Leonardo; alumno del ITI que fue asesinado (Oaxaca)","author":"grieta","date":"17 abril, 2023","format":false,"excerpt":"Imagen Cortes\u00eda Amando Orozco \/ El Noticiero NVI JUCHIT\u00c1N, Oaxaca.- Amigos y compa\u00f1eros de Leonardo Santiago Jim\u00e9nez, joven estudiante asesinado la semana pasada en Santa Mar\u00eda Xadani, llevaron a cabo una protesta en el evento de inauguraci\u00f3n del hospital Materno Infantil del IMSS Bienestar, encabezado el s\u00e1bado en esta ciudad\u2026","rel":"","context":"En &quot;CINTILLO&quot;","block_context":{"text":"CINTILLO","link":"https:\/\/www.grieta.org.mx\/index.php\/category\/cintillo\/"},"img":{"alt_text":"","src":"https:\/\/i0.wp.com\/www.grieta.org.mx\/wp-content\/uploads\/2023\/04\/justicia-leo.webp?resize=350%2C200&ssl=1","width":350,"height":200,"srcset":"https:\/\/i0.wp.com\/www.grieta.org.mx\/wp-content\/uploads\/2023\/04\/justicia-leo.webp?resize=350%2C200&ssl=1 1x, https:\/\/i0.wp.com\/www.grieta.org.mx\/wp-content\/uploads\/2023\/04\/justicia-leo.webp?resize=525%2C300&ssl=1 1.5x, https:\/\/i0.wp.com\/www.grieta.org.mx\/wp-content\/uploads\/2023\/04\/justicia-leo.webp?resize=700%2C400&ssl=1 2x, https:\/\/i0.wp.com\/www.grieta.org.mx\/wp-content\/uploads\/2023\/04\/justicia-leo.webp?resize=1050%2C600&ssl=1 3x"},"classes":[]},{"id":68531,"url":"https:\/\/www.grieta.org.mx\/index.php\/2024\/02\/18\/colonos-denuncian-represion-de-edil-de-salina-cruz-por-oponerse-a-obra-que-afecta-agua-potable-oaxaca\/","url_meta":{"origin":32757,"position":2},"title":"Colonos denuncian represi\u00f3n de edil de Salina Cruz por oponerse a obra que afecta agua potable (Oaxaca)","author":"grieta","date":"18 febrero, 2024","format":false,"excerpt":"Imagen: Pagina 3 Diana Manzo \/ P\u00e1gina 3 Salina Cruz, Oaxaca.- Polic\u00edas municipales de este puerto oaxaque\u00f1o y elementos de la Marina reprimieron una protesta que encabezaban vecinos de la colonia \u201cBenito Ju\u00e1rez\u201d al exigir una mesa de di\u00e1logo con el presidente municipal, Daniel M\u00e9ndez. Los colonos denunciaron que la\u2026","rel":"","context":"En &quot;Brutalidad polic\u00edaca en Oaxaca&quot;","block_context":{"text":"Brutalidad polic\u00edaca en Oaxaca","link":"https:\/\/www.grieta.org.mx\/index.php\/category\/noticias-nacionales\/oaxaca\/brutalidad-policiaca-en-oaxaca\/"},"img":{"alt_text":"","src":"https:\/\/i0.wp.com\/www.grieta.org.mx\/wp-content\/uploads\/2024\/02\/3ff939b7-7749-4115-8603-5767a11dd32d.webp?resize=350%2C200&ssl=1","width":350,"height":200,"srcset":"https:\/\/i0.wp.com\/www.grieta.org.mx\/wp-content\/uploads\/2024\/02\/3ff939b7-7749-4115-8603-5767a11dd32d.webp?resize=350%2C200&ssl=1 1x, https:\/\/i0.wp.com\/www.grieta.org.mx\/wp-content\/uploads\/2024\/02\/3ff939b7-7749-4115-8603-5767a11dd32d.webp?resize=525%2C300&ssl=1 1.5x"},"classes":[]},{"id":34934,"url":"https:\/\/www.grieta.org.mx\/index.php\/2019\/06\/17\/esclavizan-a-oaxaquenos-en-baja-california\/","url_meta":{"origin":32757,"position":3},"title":"Esclavizan a oaxaque\u00f1os en Baja California","author":"grieta","date":"17 junio, 2019","format":false,"excerpt":"Noticias. Citlalli Luciana, Casuchas construidas con materiales endebles \"cobijan\" a los jornaleros oaxaque\u00f1os. Al menos 45 jornaleros migrantes originarios de Oaxaca viven en condiciones de esclavizaci\u00f3n en Rancho Constituci\u00f3n, ubicado en Baja California. Las personas se encuentran hacinadas en insalubres cuartos de l\u00e1mina, con una paga m\u00ednima y sin seguridad\u2026","rel":"","context":"En &quot;Baja California&quot;","block_context":{"text":"Baja California","link":"https:\/\/www.grieta.org.mx\/index.php\/category\/noticias-nacionales\/baja-california\/"},"img":{"alt_text":"","src":"https:\/\/i0.wp.com\/www.grieta.org.mx\/wp-content\/uploads\/2019\/06\/image_3_469.jpg?resize=350%2C200&ssl=1","width":350,"height":200,"srcset":"https:\/\/i0.wp.com\/www.grieta.org.mx\/wp-content\/uploads\/2019\/06\/image_3_469.jpg?resize=350%2C200&ssl=1 1x, https:\/\/i0.wp.com\/www.grieta.org.mx\/wp-content\/uploads\/2019\/06\/image_3_469.jpg?resize=525%2C300&ssl=1 1.5x, https:\/\/i0.wp.com\/www.grieta.org.mx\/wp-content\/uploads\/2019\/06\/image_3_469.jpg?resize=700%2C400&ssl=1 2x, https:\/\/i0.wp.com\/www.grieta.org.mx\/wp-content\/uploads\/2019\/06\/image_3_469.jpg?resize=1050%2C600&ssl=1 3x"},"classes":[]},{"id":71629,"url":"https:\/\/www.grieta.org.mx\/index.php\/2025\/04\/27\/fallece-uno-de-los-4-bebes-que-fueron-trasladados-por-falta-de-insumos-y-medicamentos-del-hospital-imss-de-matias-romero-oaxaca\/","url_meta":{"origin":32757,"position":4},"title":"Fallece uno de los 4 beb\u00e9s que fueron trasladados por falta de insumos y medicamentos del Hospital IMSS de Mat\u00edas Romero (Oaxaca)","author":"grieta","date":"27 abril, 2025","format":false,"excerpt":"Imagen: Istmo Press Diana Manzo \/ Istmo Press Oaxaca, Oax.- Nuevamente la crisis de salud en Oaxaca se evidencia con la muerte de uno de los cuatro reci\u00e9n nacidos, quienes fueron traslados por falta de insumos y medicinas del Hospital IMSS de Mat\u00edas Romero, a diversos hospitales en la capital\u2026","rel":"","context":"En &quot;CINTILLO&quot;","block_context":{"text":"CINTILLO","link":"https:\/\/www.grieta.org.mx\/index.php\/category\/cintillo\/"},"img":{"alt_text":"","src":"https:\/\/i0.wp.com\/www.grieta.org.mx\/wp-content\/uploads\/2025\/05\/028158ce-680e-4b75-9f41-277926c48296-1-800x445-1.jpeg?resize=350%2C200&ssl=1","width":350,"height":200,"srcset":"https:\/\/i0.wp.com\/www.grieta.org.mx\/wp-content\/uploads\/2025\/05\/028158ce-680e-4b75-9f41-277926c48296-1-800x445-1.jpeg?resize=350%2C200&ssl=1 1x, https:\/\/i0.wp.com\/www.grieta.org.mx\/wp-content\/uploads\/2025\/05\/028158ce-680e-4b75-9f41-277926c48296-1-800x445-1.jpeg?resize=525%2C300&ssl=1 1.5x, https:\/\/i0.wp.com\/www.grieta.org.mx\/wp-content\/uploads\/2025\/05\/028158ce-680e-4b75-9f41-277926c48296-1-800x445-1.jpeg?resize=700%2C400&ssl=1 2x"},"classes":[]},{"id":27569,"url":"https:\/\/www.grieta.org.mx\/index.php\/2018\/10\/15\/oaxaca-origen-transito-y-destino-de-la-explotacion-infantil\/","url_meta":{"origin":32757,"position":5},"title":"Oaxaca, origen, tr\u00e1nsito y destino de la explotaci\u00f3n infantil","author":"grieta","date":"15 octubre, 2018","format":false,"excerpt":"Noticias. Miguel Angel, La Fiscal\u00eda General del Estado (FGE) inform\u00f3 el rescate de m\u00e1s de 60 personas v\u00edctimas de trata de personas en su modalidad de explotaci\u00f3n laboral, en el municipio de Santa Mar\u00eda Atzompa, 56 de ellos eran menores de edad. Comercio ambulante, la principal ocupaci\u00f3n de ind\u00edgenas, adolescente\u2026","rel":"","context":"En &quot;CINTILLO&quot;","block_context":{"text":"CINTILLO","link":"https:\/\/www.grieta.org.mx\/index.php\/category\/cintillo\/"},"img":{"alt_text":"","src":"https:\/\/i0.wp.com\/www.grieta.org.mx\/wp-content\/uploads\/2018\/03\/14524434_1106112876131411_958039263622046936_o.jpg?resize=350%2C200&ssl=1","width":350,"height":200,"srcset":"https:\/\/i0.wp.com\/www.grieta.org.mx\/wp-content\/uploads\/2018\/03\/14524434_1106112876131411_958039263622046936_o.jpg?resize=350%2C200&ssl=1 1x, https:\/\/i0.wp.com\/www.grieta.org.mx\/wp-content\/uploads\/2018\/03\/14524434_1106112876131411_958039263622046936_o.jpg?resize=525%2C300&ssl=1 1.5x, https:\/\/i0.wp.com\/www.grieta.org.mx\/wp-content\/uploads\/2018\/03\/14524434_1106112876131411_958039263622046936_o.jpg?resize=700%2C400&ssl=1 2x"},"classes":[]}],"_links":{"self":[{"href":"https:\/\/www.grieta.org.mx\/index.php\/wp-json\/wp\/v2\/posts\/32757","targetHints":{"allow":["GET"]}}],"collection":[{"href":"https:\/\/www.grieta.org.mx\/index.php\/wp-json\/wp\/v2\/posts"}],"about":[{"href":"https:\/\/www.grieta.org.mx\/index.php\/wp-json\/wp\/v2\/types\/post"}],"author":[{"embeddable":true,"href":"https:\/\/www.grieta.org.mx\/index.php\/wp-json\/wp\/v2\/users\/2"}],"replies":[{"embeddable":true,"href":"https:\/\/www.grieta.org.mx\/index.php\/wp-json\/wp\/v2\/comments?post=32757"}],"version-history":[{"count":1,"href":"https:\/\/www.grieta.org.mx\/index.php\/wp-json\/wp\/v2\/posts\/32757\/revisions"}],"predecessor-version":[{"id":32760,"href":"https:\/\/www.grieta.org.mx\/index.php\/wp-json\/wp\/v2\/posts\/32757\/revisions\/32760"}],"wp:featuredmedia":[{"embeddable":true,"href":"https:\/\/www.grieta.org.mx\/index.php\/wp-json\/wp\/v2\/media\/32758"}],"wp:attachment":[{"href":"https:\/\/www.grieta.org.mx\/index.php\/wp-json\/wp\/v2\/media?parent=32757"}],"wp:term":[{"taxonomy":"category","embeddable":true,"href":"https:\/\/www.grieta.org.mx\/index.php\/wp-json\/wp\/v2\/categories?post=32757"},{"taxonomy":"post_tag","embeddable":true,"href":"https:\/\/www.grieta.org.mx\/index.php\/wp-json\/wp\/v2\/tags?post=32757"}],"curies":[{"name":"wp","href":"https:\/\/api.w.org\/{rel}","templated":true}]}}