{"id":32732,"date":"2019-04-28T17:35:05","date_gmt":"2019-04-28T22:35:05","guid":{"rendered":"http:\/\/www.grieta.org.mx\/?p=32732"},"modified":"2019-04-30T18:33:24","modified_gmt":"2019-04-30T23:33:24","slug":"mujeres-confrontan-a-gobernador-de-jalisco-por-el-feminicidio-de-vanesa-gaytan","status":"publish","type":"post","link":"https:\/\/www.grieta.org.mx\/index.php\/2019\/04\/28\/mujeres-confrontan-a-gobernador-de-jalisco-por-el-feminicidio-de-vanesa-gaytan\/","title":{"rendered":"Mujeres confrontan a gobernador de Jalisco por el feminicidio de Vanesa Gayt\u00e1n"},"content":{"rendered":"<p><img loading=\"lazy\" decoding=\"async\" data-attachment-id=\"32733\" data-permalink=\"https:\/\/www.grieta.org.mx\/index.php\/2019\/04\/28\/mujeres-confrontan-a-gobernador-de-jalisco-por-el-feminicidio-de-vanesa-gaytan\/jalisco-5-1200x800\/\" data-orig-file=\"https:\/\/www.grieta.org.mx\/wp-content\/uploads\/2019\/04\/Jalisco-5-1200x800.jpg\" data-orig-size=\"1200,800\" data-comments-opened=\"0\" data-image-meta=\"{&quot;aperture&quot;:&quot;3.2&quot;,&quot;credit&quot;:&quot;&quot;,&quot;camera&quot;:&quot;SLT-A77V&quot;,&quot;caption&quot;:&quot;Mujeres confronan a Gobernador de Jalisco por el feminicidio de Vanesa Gayt\\u00e1n. Foto: Mario Marlo&quot;,&quot;created_timestamp&quot;:&quot;1556391219&quot;,&quot;copyright&quot;:&quot;Mujeres confronan a Gobernador de Jalisco por el feminicidio de Vanesa Gayt\\u00e1n. Foto: Mario Marlo&quot;,&quot;focal_length&quot;:&quot;17&quot;,&quot;iso&quot;:&quot;1250&quot;,&quot;shutter_speed&quot;:&quot;0.0125&quot;,&quot;title&quot;:&quot;&quot;,&quot;orientation&quot;:&quot;1&quot;}\" data-image-title=\"Jalisco-5-1200&amp;#215;800\" data-image-description=\"\" data-image-caption=\"&lt;p&gt;Mujeres confronan a Gobernador de Jalisco por el feminicidio de Vanesa Gayt\u00e1n. Foto: Mario Marlo&lt;\/p&gt;\n\" data-medium-file=\"https:\/\/www.grieta.org.mx\/wp-content\/uploads\/2019\/04\/Jalisco-5-1200x800-300x200.jpg\" data-large-file=\"https:\/\/www.grieta.org.mx\/wp-content\/uploads\/2019\/04\/Jalisco-5-1200x800-1024x683.jpg\" class=\"wp-image-32733 aligncenter\" src=\"http:\/\/www.grieta.org.mx\/wp-content\/uploads\/2019\/04\/Jalisco-5-1200x800-1024x683.jpg\" alt=\"\" width=\"769\" height=\"513\" srcset=\"https:\/\/www.grieta.org.mx\/wp-content\/uploads\/2019\/04\/Jalisco-5-1200x800-1024x683.jpg 1024w, https:\/\/www.grieta.org.mx\/wp-content\/uploads\/2019\/04\/Jalisco-5-1200x800-300x200.jpg 300w, https:\/\/www.grieta.org.mx\/wp-content\/uploads\/2019\/04\/Jalisco-5-1200x800-768x512.jpg 768w, https:\/\/www.grieta.org.mx\/wp-content\/uploads\/2019\/04\/Jalisco-5-1200x800-750x500.jpg 750w, https:\/\/www.grieta.org.mx\/wp-content\/uploads\/2019\/04\/Jalisco-5-1200x800.jpg 1200w\" sizes=\"auto, (max-width: 769px) 100vw, 769px\" \/><\/p>\n<p>Mario Marlo \/ Pie de p\u00e1gina<\/p>\n<p>GUADALAJARA, JALISCO.- M\u00e1s de 100 mujeres, activistas y familiares de v\u00edctimas de feminicidio confrontaron al gobernador de Jalisco, Enrique Alfaro, durante \u00a0la vigilia por Vanesa Gayt\u00e1n Ochoa, asesinada por Irving Emanuel Ram\u00edrez Barajas a unos metros de la entrada de Casa Jalisco, residencia oficial del gobernador de Jalisco.<\/p>\n<p>\u201cNo queremos palabras, los papeles en el escritorio no sirven, t\u00fa est\u00e1s aqu\u00ed porque te estamos pagando un sueldo para que hagas tu trabajo, estamos pidiendo justicia no queremos palabras queremos justicia, justicia para todas\u201d. Exigieron a Alfaro cuando \u00e9ste se encontraba en la puerta de Casa Jalisco sin encontrar un lugar donde pararse.<\/p>\n<p>\u201cVamos hacer lo que tengamos que hacer, cuentan conmigo\u201d, dijo<br \/>\nel pol\u00edtico mientras ingresaba al inmueble.<\/p>\n<p>\u201cRenuncia, renuncia, ni una m\u00e1s, ni una m\u00e1s, ni una asesinada m\u00e1s\u201d, respondieron las mujeres.<\/p>\n<p>La vigilia convocada a trav\u00e9s de redes sociales fue realizada en protesta por el asesinato de Vanesa Gayt\u00e1n, quien a pesar de contar con una orden de protecci\u00f3n fue asesinada por su ex esposo frente a uno de los lugares m\u00e1s \u201cvigilados de Guadalajara\u201d.<\/p>\n<p>Al respecto, Guadalupe Ramos Ponce, investigadora y coordinadora del Comit\u00e9 de Am\u00e9rica Latina y El Caribe para la Defensa de los Derechos de la Mujer en M\u00e9xico (CLADEM),\u00a0 explic\u00f3 para ZonaDocs que el objetivo de esta manifestaci\u00f3n fue exigir la reestructuraci\u00f3n\u00a0 todo el sistema de justicia en el estado.<\/p>\n<p>Ramos Ponce detall\u00f3 que ellas siempre estar\u00e1n dispuestas a aportar y participar con el gobierno; sin embargo, destac\u00f3 que \u201cson las autoridades quienes tienen que dar un giro, un cambio en sus pol\u00edticas que hist\u00f3ricamente se han hecho y no han servido.\u201d<\/p>\n<p>\u201cLas mujeres han sido violentadas y asesinadas por d\u00e9cadas, esperamos aportar en esas reuniones lo que sea necesario, pero la responsabilidad est\u00e1 en ellos\u201d, resalt\u00f3 la coordinadora de CLADEM.<\/p>\n<p>Alejandra Cartagena, vicecoordinadora de CLADEM, explic\u00f3 que las \u00f3rdenes de protecci\u00f3n terminan siendo s\u00f3lo un papel, ya que las autoridades no hacen su trabajo, que es hacer un an\u00e1lisis de riesgo, un seguimiento de estas \u00f3rdenes.<\/p>\n<p>\u201cTenemos ministerios p\u00fablicos sin perspectiva de g\u00e9nero y autoridades que criminalizan a las mujeres. Vanesa fue asesinada en Casa Jalisco, si te matan en Casa Jalisco, imag\u00ednense lo que puede pasar cuando estamos en nuestras casas\u2026 cuando vamos en las calles solas, cuando no hay ni una sola medida real de protecci\u00f3n para las mujeres\u201d, apunt\u00f3 Alejandra Cartegena.<\/p>\n<p>Seg\u00fan informaci\u00f3n de CLADEM, en Jalisco han sido asesinadas m\u00e1s de 70 mujeres en lo que va del a\u00f1o; raz\u00f3n por lo cual Guadalupe Ramos resalt\u00f3 que no es posible que no exista una fiscal\u00eda especializada para el tema de violencia contra las mujeres: \u201cNo existe por que no es un tema que les interese al estado, ojal\u00e1 y ahora con esto, dimensionen la gravedad del problema en Jalisco\u201d.<\/p>\n<p>Finalmente, las mujeres presentes anunciaron que estar\u00e1n atentas y vigilantes para que el gobernador Enrique Alfaro; el fiscal general, Gerardo Octavio Sol\u00eds G\u00f3mez; el secretario general, Enrique Ibarra; y Fela Pelayo, Secretaria para la Igualdad Sustantiva en Jalisco, cumplan los compromisos que han tomado: \u201cLa obligaci\u00f3n de garantizar el derecho de las mujeres a vivir una vida libre de violencia\u201d.<\/p>\n<p>Vanesa Gayt\u00e1n Ochoa perdi\u00f3 la vida a manos de su marido, Irving Emanuel Ram\u00edrez Barajas el pasado jueves 25 de abril, quien la arroll\u00f3 con su veh\u00edculo para luego apu\u00f1alarla afuera de Casa Jalisco.<\/p>\n<p>Anteriormente, la mujer de 25 a\u00f1os ya hab\u00eda interpuesto dos denuncias contra su esposo; la primera, en diciembre de 2017; mientras que la segunda ocurri\u00f3 en febrero de este a\u00f1o.<\/p>\n<p>Al contar con dos denuncias en contra de su esposo, un juez emiti\u00f3 una orden de protecci\u00f3n en la que se le orden\u00f3 a la polic\u00eda del Estado y a la municipal de Guadalajara reforzar la vigilancia en torno a su hogar; sin embargo, esto no impidi\u00f3 su asesinato.<\/p>\n<p><a href=\"https:\/\/piedepagina.mx\/mujeres-confrontan-a-gobernador-de-jalisco-por-el-feminicidio-de-vanesa-gaytan\/\">https:\/\/piedepagina.mx\/mujeres-confrontan-a-gobernador-de-jalisco-por-el-feminicidio-de-vanesa-gaytan\/<\/a><\/p>\n","protected":false},"excerpt":{"rendered":"<p>Mario Marlo \/ Pie de p\u00e1gina GUADALAJARA, JALISCO.- M\u00e1s de 100 mujeres, activistas y familiares de v\u00edctimas de feminicidio confrontaron al gobernador de Jalisco, Enrique Alfaro, durante \u00a0la vigilia por &hellip; <a href=\"https:\/\/www.grieta.org.mx\/index.php\/2019\/04\/28\/mujeres-confrontan-a-gobernador-de-jalisco-por-el-feminicidio-de-vanesa-gaytan\/\" class=\"more-link\">Leer m\u00e1s<\/a><\/p>\n","protected":false},"author":2,"featured_media":32733,"comment_status":"closed","ping_status":"closed","sticky":false,"template":"","format":"standard","meta":{"ngg_post_thumbnail":0,"_jetpack_newsletter_access":"","_jetpack_dont_email_post_to_subs":false,"_jetpack_newsletter_tier_id":0,"_jetpack_memberships_contains_paywalled_content":false,"_jetpack_memberships_contains_paid_content":false,"footnotes":""},"categories":[80,84,2107,20,2,83],"tags":[753,81],"class_list":["post-32732","post","type-post","status-publish","format-standard","has-post-thumbnail","hentry","category-cintillo","category-feminicidios","category-feminicidios-en-jalisco","category-jalisco","category-noticias-nacionales","category-temas-nacionales","tag-feminicidio","tag-feminicidios","entry"],"jetpack_featured_media_url":"https:\/\/www.grieta.org.mx\/wp-content\/uploads\/2019\/04\/Jalisco-5-1200x800.jpg","jetpack_sharing_enabled":true,"jetpack_shortlink":"https:\/\/wp.me\/p7ZJR4-8vW","jetpack_likes_enabled":false,"jetpack-related-posts":[{"id":32738,"url":"https:\/\/www.grieta.org.mx\/index.php\/2019\/04\/27\/aumentan-lesiones-contra-mujeres-en-jalisco\/","url_meta":{"origin":32732,"position":0},"title":"Aumentan lesiones contra mujeres en Jalisco","author":"grieta","date":"27 abril, 2019","format":false,"excerpt":"Redacci\u00f3n \/ El informador Las lesiones contra mujeres son tambi\u00e9n un indicador de la incidencia de violencia de g\u00e9nero. En Jalisco, 12 son v\u00edctimas de este delito cada d\u00eda y la Entidad ocupa el tercer sitio en el pa\u00eds, debajo del Estado de M\u00e9xico y Guanajuato. De acuerdo con el\u2026","rel":"","context":"En &quot;CINTILLO&quot;","block_context":{"text":"CINTILLO","link":"https:\/\/www.grieta.org.mx\/index.php\/category\/cintillo\/"},"img":{"alt_text":"","src":"https:\/\/i0.wp.com\/www.grieta.org.mx\/wp-content\/uploads\/2019\/04\/imagen_veladora_buena_crop1556345300852.jpg_1970638775.jpg?resize=350%2C200&ssl=1","width":350,"height":200,"srcset":"https:\/\/i0.wp.com\/www.grieta.org.mx\/wp-content\/uploads\/2019\/04\/imagen_veladora_buena_crop1556345300852.jpg_1970638775.jpg?resize=350%2C200&ssl=1 1x, https:\/\/i0.wp.com\/www.grieta.org.mx\/wp-content\/uploads\/2019\/04\/imagen_veladora_buena_crop1556345300852.jpg_1970638775.jpg?resize=525%2C300&ssl=1 1.5x, https:\/\/i0.wp.com\/www.grieta.org.mx\/wp-content\/uploads\/2019\/04\/imagen_veladora_buena_crop1556345300852.jpg_1970638775.jpg?resize=700%2C400&ssl=1 2x"},"classes":[]},{"id":65298,"url":"https:\/\/www.grieta.org.mx\/index.php\/2022\/09\/20\/estudiantes-reclaman-por-feminicidios-de-jalisco\/","url_meta":{"origin":32732,"position":1},"title":"Estudiantes reclaman por feminicidios de Jalisco","author":"grieta","date":"20 septiembre, 2022","format":false,"excerpt":"Imagen: JAM Edgar Flores \/ El Diario NTR Alumnos, maestros y personal directivo de la Preparatoria 20 de la Universidad de Guadalajara (UdeG) protestaron ayer a las afueras de Casa Jalisco para exigir al gobernador del estado, Enrique Alfaro Ram\u00edrez, que atienda la ola de feminicidios que aqueja no s\u00f3lo\u2026","rel":"","context":"En &quot;CINTILLO&quot;","block_context":{"text":"CINTILLO","link":"https:\/\/www.grieta.org.mx\/index.php\/category\/cintillo\/"},"img":{"alt_text":"","src":"https:\/\/i0.wp.com\/www.grieta.org.mx\/wp-content\/uploads\/2022\/09\/2022-09-19_10-09-04___1410.jpg?resize=350%2C200&ssl=1","width":350,"height":200,"srcset":"https:\/\/i0.wp.com\/www.grieta.org.mx\/wp-content\/uploads\/2022\/09\/2022-09-19_10-09-04___1410.jpg?resize=350%2C200&ssl=1 1x, https:\/\/i0.wp.com\/www.grieta.org.mx\/wp-content\/uploads\/2022\/09\/2022-09-19_10-09-04___1410.jpg?resize=525%2C300&ssl=1 1.5x, https:\/\/i0.wp.com\/www.grieta.org.mx\/wp-content\/uploads\/2022\/09\/2022-09-19_10-09-04___1410.jpg?resize=700%2C400&ssl=1 2x"},"classes":[]},{"id":67126,"url":"https:\/\/www.grieta.org.mx\/index.php\/2023\/06\/26\/matan-a-mil-150-mujeres-durante-administracion-de-alfaro-jalisco\/","url_meta":{"origin":32732,"position":2},"title":"Matan a mil 150 mujeres durante administraci\u00f3n de Alfaro (Jalisco)","author":"grieta","date":"26 junio, 2023","format":false,"excerpt":"Imagen: El Diario NTR Lauro Rodr\u00edguez \/ El Diario NTR Entre diciembre de 2018 y abril de 2023 han sido asesinadas mil 150 mujeres en Jalisco, seg\u00fan la Plataforma de Datos Abiertos C\u00f3digo Violeta de la Secretar\u00eda de Igualdad Sustantiva entre Mujeres y Hombres (SISEMH). Es decir, en el estado\u2026","rel":"","context":"En &quot;CINTILLO&quot;","block_context":{"text":"CINTILLO","link":"https:\/\/www.grieta.org.mx\/index.php\/category\/cintillo\/"},"img":{"alt_text":"","src":"","width":0,"height":0},"classes":[]},{"id":62569,"url":"https:\/\/www.grieta.org.mx\/index.php\/2021\/10\/31\/nos-hacen-falta-cruces-altares-fotografias-para-nombrar-a-todas-las-mujeres-victimas-de-feminicidio-jalisco\/","url_meta":{"origin":32732,"position":3},"title":"\u201cNos hacen falta cruces, altares, fotograf\u00edas, para nombrar a todas las mujeres v\u00edctimas de feminicidio\u201d (Jalisco)","author":"grieta","date":"31 octubre, 2021","format":false,"excerpt":"Foto: Leslie Zepeda Para conmemorar a las mujeres v\u00edctimas de feminicidio en el estado, la colectiva\u00a0Arp\u00edas Gdl\u00a0llev\u00f3 a cabo por segundo a\u00f1o consecutivo el\u00a0D\u00eda de las muertas,\u00a0un acto de memoria que resignifica su ausencia y clama justicia en el marco del tradicional 2 de noviembre \u201cD\u00eda de Muertos\u201d. En compa\u00f1\u00eda\u2026","rel":"","context":"En &quot;CINTILLO&quot;","block_context":{"text":"CINTILLO","link":"https:\/\/www.grieta.org.mx\/index.php\/category\/cintillo\/"},"img":{"alt_text":"","src":"https:\/\/i0.wp.com\/www.grieta.org.mx\/wp-content\/uploads\/2021\/11\/photo1635715428-1068x712-1.jpeg?resize=350%2C200&ssl=1","width":350,"height":200,"srcset":"https:\/\/i0.wp.com\/www.grieta.org.mx\/wp-content\/uploads\/2021\/11\/photo1635715428-1068x712-1.jpeg?resize=350%2C200&ssl=1 1x, https:\/\/i0.wp.com\/www.grieta.org.mx\/wp-content\/uploads\/2021\/11\/photo1635715428-1068x712-1.jpeg?resize=525%2C300&ssl=1 1.5x, https:\/\/i0.wp.com\/www.grieta.org.mx\/wp-content\/uploads\/2021\/11\/photo1635715428-1068x712-1.jpeg?resize=700%2C400&ssl=1 2x, https:\/\/i0.wp.com\/www.grieta.org.mx\/wp-content\/uploads\/2021\/11\/photo1635715428-1068x712-1.jpeg?resize=1050%2C600&ssl=1 3x"},"classes":[]},{"id":40346,"url":"https:\/\/www.grieta.org.mx\/index.php\/2019\/10\/19\/exigen-justicia-por-el-feminicidio-y-desaparicion-de-estudiantes-jalisco\/","url_meta":{"origin":32732,"position":4},"title":"Exigen justicia por el feminicidio y desaparici\u00f3n de estudiantes (Jalisco)","author":"grieta","date":"19 octubre, 2019","format":false,"excerpt":"Foto: Elizabeth Ibal Redacci\u00f3n \/ El Occidental La Federaci\u00f3n de Estudiantes Universitarios (FEU) convoc\u00f3 a una concentraci\u00f3n afuera de las instalaciones de la Fiscal\u00eda General del Estado para exigir justicia por el asesinato de Atzhiri Paulina S\u00e1nchez S\u00e1nchez, estudiante del tercer semestre de la licenciatura en Derecho Semiescolarizado, del Centro\u2026","rel":"","context":"En &quot;CINTILLO&quot;","block_context":{"text":"CINTILLO","link":"https:\/\/www.grieta.org.mx\/index.php\/category\/cintillo\/"},"img":{"alt_text":"","src":"https:\/\/i0.wp.com\/www.grieta.org.mx\/wp-content\/uploads\/2019\/10\/FEU_exige.jpg?resize=350%2C200&ssl=1","width":350,"height":200,"srcset":"https:\/\/i0.wp.com\/www.grieta.org.mx\/wp-content\/uploads\/2019\/10\/FEU_exige.jpg?resize=350%2C200&ssl=1 1x, https:\/\/i0.wp.com\/www.grieta.org.mx\/wp-content\/uploads\/2019\/10\/FEU_exige.jpg?resize=525%2C300&ssl=1 1.5x, https:\/\/i0.wp.com\/www.grieta.org.mx\/wp-content\/uploads\/2019\/10\/FEU_exige.jpg?resize=700%2C400&ssl=1 2x"},"classes":[]},{"id":53613,"url":"https:\/\/www.grieta.org.mx\/index.php\/2020\/09\/16\/colectivas-feministas-realizan-antigrita-en-guadalajara-jalisco\/","url_meta":{"origin":32732,"position":5},"title":"Colectivas feministas realizan Antigrita en Guadalajara (Jalisco)","author":"grieta","date":"16 septiembre, 2020","format":false,"excerpt":"Fotograf\u00edas: Mario Marlo Mario Marlo \/ Somos el Medio Guadalajara, 16 de septiembre. Esta tarde en la Glorieta de los y las Jaliscienses Ilustres, en Guadalajara, mujeres realizaron \u00abLa Antigrita\u00bb donde exigieron justicia por los feminicidios y las desapariciones en este estado. Las colectivas feministas que se reunieron en este\u2026","rel":"","context":"En &quot;CINTILLO&quot;","block_context":{"text":"CINTILLO","link":"https:\/\/www.grieta.org.mx\/index.php\/category\/cintillo\/"},"img":{"alt_text":"","src":"https:\/\/i0.wp.com\/www.grieta.org.mx\/wp-content\/uploads\/2020\/09\/Antigrita-5-1068x704-1.jpg?resize=350%2C200&ssl=1","width":350,"height":200,"srcset":"https:\/\/i0.wp.com\/www.grieta.org.mx\/wp-content\/uploads\/2020\/09\/Antigrita-5-1068x704-1.jpg?resize=350%2C200&ssl=1 1x, https:\/\/i0.wp.com\/www.grieta.org.mx\/wp-content\/uploads\/2020\/09\/Antigrita-5-1068x704-1.jpg?resize=525%2C300&ssl=1 1.5x, https:\/\/i0.wp.com\/www.grieta.org.mx\/wp-content\/uploads\/2020\/09\/Antigrita-5-1068x704-1.jpg?resize=700%2C400&ssl=1 2x, https:\/\/i0.wp.com\/www.grieta.org.mx\/wp-content\/uploads\/2020\/09\/Antigrita-5-1068x704-1.jpg?resize=1050%2C600&ssl=1 3x"},"classes":[]}],"_links":{"self":[{"href":"https:\/\/www.grieta.org.mx\/index.php\/wp-json\/wp\/v2\/posts\/32732","targetHints":{"allow":["GET"]}}],"collection":[{"href":"https:\/\/www.grieta.org.mx\/index.php\/wp-json\/wp\/v2\/posts"}],"about":[{"href":"https:\/\/www.grieta.org.mx\/index.php\/wp-json\/wp\/v2\/types\/post"}],"author":[{"embeddable":true,"href":"https:\/\/www.grieta.org.mx\/index.php\/wp-json\/wp\/v2\/users\/2"}],"replies":[{"embeddable":true,"href":"https:\/\/www.grieta.org.mx\/index.php\/wp-json\/wp\/v2\/comments?post=32732"}],"version-history":[{"count":1,"href":"https:\/\/www.grieta.org.mx\/index.php\/wp-json\/wp\/v2\/posts\/32732\/revisions"}],"predecessor-version":[{"id":32734,"href":"https:\/\/www.grieta.org.mx\/index.php\/wp-json\/wp\/v2\/posts\/32732\/revisions\/32734"}],"wp:featuredmedia":[{"embeddable":true,"href":"https:\/\/www.grieta.org.mx\/index.php\/wp-json\/wp\/v2\/media\/32733"}],"wp:attachment":[{"href":"https:\/\/www.grieta.org.mx\/index.php\/wp-json\/wp\/v2\/media?parent=32732"}],"wp:term":[{"taxonomy":"category","embeddable":true,"href":"https:\/\/www.grieta.org.mx\/index.php\/wp-json\/wp\/v2\/categories?post=32732"},{"taxonomy":"post_tag","embeddable":true,"href":"https:\/\/www.grieta.org.mx\/index.php\/wp-json\/wp\/v2\/tags?post=32732"}],"curies":[{"name":"wp","href":"https:\/\/api.w.org\/{rel}","templated":true}]}}